{"id":13021,"date":"2021-01-15T15:09:17","date_gmt":"2021-01-15T15:09:17","guid":{"rendered":"http:\/\/iai.pt\/web\/?p=13021"},"modified":"2021-03-19T11:29:06","modified_gmt":"2021-03-19T11:29:06","slug":"3-o-iniciativa-de-voluntariado-projeto-gaiativa-te","status":"publish","type":"post","link":"http:\/\/iai.pt\/web\/arquivos\/13021","title":{"rendered":"3.\u00ba Iniciativa de Voluntariado: Projeto GaiAtiva-te"},"content":{"rendered":"\n[et_pb_section fb_built=&#8221;1&#8243; custom_padding_last_edited=&#8221;on|desktop&#8221; admin_label=&#8221;Se\u00e7\u00e3o&#8221; _builder_version=&#8221;3.22&#8243; custom_padding_tablet=&#8221;50px|0|50px|0&#8243; custom_padding_phone=&#8221;&#8221; transparent_background=&#8221;off&#8221; padding_mobile=&#8221;off&#8221; make_fullwidth=&#8221;off&#8221; use_custom_width=&#8221;off&#8221; width_unit=&#8221;off&#8221; custom_width_px=&#8221;1080px&#8221; custom_width_percent=&#8221;80%&#8221;][et_pb_row column_structure=&#8221;2_3,1_3&#8243; padding_mobile=&#8221;off&#8221; column_padding_mobile=&#8221;on&#8221; admin_label=&#8221;Linha&#8221; _builder_version=&#8221;3.25&#8243; background_size=&#8221;initial&#8221; background_position=&#8221;top_left&#8221; background_repeat=&#8221;repeat&#8221; make_fullwidth=&#8221;off&#8221; use_custom_width=&#8221;off&#8221; width_unit=&#8221;off&#8221; custom_width_px=&#8221;1080px&#8221; custom_width_percent=&#8221;80%&#8221;][et_pb_column type=&#8221;2_3&#8243; _builder_version=&#8221;3.25&#8243; custom_padding=&#8221;|||&#8221; custom_padding__hover=&#8221;|||&#8221;][et_pb_text admin_label=&#8221;Texto&#8221; _builder_version=&#8221;4.5.3&#8243; background_size=&#8221;initial&#8221; background_position=&#8221;top_left&#8221; background_repeat=&#8221;repeat&#8221; custom_padding=&#8221;||0px|||&#8221; hover_enabled=&#8221;0&#8243; use_border_color=&#8221;off&#8221;]<p><span style=\"font-weight: 400;\">Nas duas primeiras semanas do 2.\u00aa per\u00edodo, o grupo de alunos volunt\u00e1rios abra\u00e7ou a terceira iniciativa solid\u00e1ria e juntou-se \u00e0 angaria\u00e7\u00e3o de brinquedos em parceria com projeto GaiAtiva-te, o qual promove a inclus\u00e3o social e o combate \u00e0 pobreza e \u00e0 discrimina\u00e7\u00e3o dos grupos mais vulner\u00e1veis.<\/span><\/p>\n<p><span style=\"font-weight: 400;\">Assim sendo, os alunos, durantes estes dias, juntamente com o apoio das suas fam\u00edlias mobilizaram-se e conseguiram recolher o que se pretendia, nomeadamente, brinquedos, jogos, peluches que ser\u00e3o distribu\u00eddos pelas institui\u00e7\u00f5es e fam\u00edlias do territ\u00f3rio de Pedroso, Seixezelo, Sandim, Olival, Lever e Crestuma.<\/span><\/p>\n[\/et_pb_text][\/et_pb_column][et_pb_column type=&#8221;1_3&#8243; _builder_version=&#8221;3.25&#8243; custom_padding=&#8221;|||&#8221; custom_padding__hover=&#8221;|||&#8221;][et_pb_image src=&#8221;http:\/\/iai.pt\/web\/wp-content\/uploads\/2021\/03\/3_voluntariado.png&#8221; alt=&#8221;Halloween&#8221; title_text=&#8221;3_voluntariado&#8221; align_tablet=&#8221;center&#8221; align_phone=&#8221;&#8221; align_last_edited=&#8221;on|desktop&#8221; admin_label=&#8221;Imagem&#8221; _builder_version=&#8221;4.5.3&#8243; animation_style=&#8221;slide&#8221; animation_direction=&#8221;left&#8221; animation_duration=&#8221;500ms&#8221; animation_intensity_slide=&#8221;10%&#8221; hover_enabled=&#8221;0&#8243; use_border_color=&#8221;off&#8221;][\/et_pb_image][\/et_pb_column][\/et_pb_row][\/et_pb_section]\n","protected":false},"excerpt":{"rendered":"<p>Nas duas primeiras semanas do 2.\u00aa per\u00edodo, o grupo de alunos volunt\u00e1rios abra\u00e7ou a terceira iniciativa solid\u00e1ria e juntou-se \u00e0 angaria\u00e7\u00e3o de brinquedos em parceria com projeto GaiAtiva-te, o qual promove a inclus\u00e3o social e o combate \u00e0 pobreza e \u00e0 discrimina\u00e7\u00e3o dos grupos mais vulner\u00e1veis. Assim sendo, os alunos, durantes estes dias, juntamente com [&hellip;]<\/p>\n","protected":false},"author":1,"featured_media":13022,"comment_status":"open","ping_status":"open","sticky":false,"template":"","format":"standard","meta":{"_et_pb_use_builder":"on","_et_pb_old_content":"","_et_gb_content_width":"","footnotes":"","_members_access_role":[],"_members_access_error":""},"categories":[60],"tags":[],"class_list":["post-13021","post","type-post","status-publish","format-standard","has-post-thumbnail","hentry","category-noticias"],"aioseo_notices":[],"aioseo_head":"\n\t\t<!-- All in One SEO 4.9.10 - aioseo.com -->\n\t<meta name=\"description\" content=\"Nas duas primeiras semanas do 2.\u00aa per\u00edodo, o grupo de alunos volunt\u00e1rios abra\u00e7ou a terceira iniciativa solid\u00e1ria e juntou-se \u00e0 angaria\u00e7\u00e3o de brinquedos em parceria com projeto GaiAtiva-te, o qual promove a inclus\u00e3o social e o combate \u00e0 pobreza e \u00e0 discrimina\u00e7\u00e3o dos grupos mais vulner\u00e1veis. Assim sendo, os alunos, durantes estes dias, juntamente com\" \/>\n\t<meta name=\"robots\" content=\"max-image-preview:large\" \/>\n\t<meta name=\"author\" content=\"admin\"\/>\n\t<link rel=\"canonical\" href=\"http:\/\/iai.pt\/web\/arquivos\/13021\" \/>\n\t<meta name=\"generator\" content=\"All in One SEO (AIOSEO) 4.9.10\" \/>\n\t\t<meta property=\"og:locale\" content=\"pt_PT\" \/>\n\t\t<meta property=\"og:site_name\" content=\"IAI - Escola Art\u00edstica\" \/>\n\t\t<meta property=\"og:type\" content=\"article\" \/>\n\t\t<meta property=\"og:title\" content=\"3.\u00ba Iniciativa de Voluntariado: Projeto GaiAtiva-te - IAI\" \/>\n\t\t<meta property=\"og:description\" content=\"Nas duas primeiras semanas do 2.\u00aa per\u00edodo, o grupo de alunos volunt\u00e1rios abra\u00e7ou a terceira iniciativa solid\u00e1ria e juntou-se \u00e0 angaria\u00e7\u00e3o de brinquedos em parceria com projeto GaiAtiva-te, o qual promove a inclus\u00e3o social e o combate \u00e0 pobreza e \u00e0 discrimina\u00e7\u00e3o dos grupos mais vulner\u00e1veis. Assim sendo, os alunos, durantes estes dias, juntamente com\" \/>\n\t\t<meta property=\"og:url\" content=\"http:\/\/iai.pt\/web\/arquivos\/13021\" \/>\n\t\t<meta property=\"og:image\" content=\"http:\/\/iai.pt\/web\/wp-content\/uploads\/2023\/05\/seo-logo.png\" \/>\n\t\t<meta property=\"og:image:width\" content=\"105\" \/>\n\t\t<meta property=\"og:image:height\" content=\"112\" \/>\n\t\t<meta property=\"article:published_time\" content=\"2021-01-15T15:09:17+00:00\" \/>\n\t\t<meta property=\"article:modified_time\" content=\"2021-03-19T11:29:06+00:00\" \/>\n\t\t<meta property=\"article:publisher\" content=\"https:\/\/www.facebook.com\/instituto.das.artes.imagem\" \/>\n\t\t<meta name=\"twitter:card\" content=\"summary_large_image\" \/>\n\t\t<meta name=\"twitter:title\" content=\"3.\u00ba Iniciativa de Voluntariado: Projeto GaiAtiva-te - IAI\" \/>\n\t\t<meta name=\"twitter:description\" content=\"Nas duas primeiras semanas do 2.\u00aa per\u00edodo, o grupo de alunos volunt\u00e1rios abra\u00e7ou a terceira iniciativa solid\u00e1ria e juntou-se \u00e0 angaria\u00e7\u00e3o de brinquedos em parceria com projeto GaiAtiva-te, o qual promove a inclus\u00e3o social e o combate \u00e0 pobreza e \u00e0 discrimina\u00e7\u00e3o dos grupos mais vulner\u00e1veis. Assim sendo, os alunos, durantes estes dias, juntamente com\" \/>\n\t\t<meta name=\"twitter:image\" content=\"http:\/\/iai.pt\/web\/wp-content\/uploads\/2023\/05\/seo-logo.png\" \/>\n\t\t<script type=\"application\/ld+json\" class=\"aioseo-schema\">\n\t\t\t{\"@context\":\"https:\\\/\\\/schema.org\",\"@graph\":[{\"@type\":\"BlogPosting\",\"@id\":\"http:\\\/\\\/iai.pt\\\/web\\\/arquivos\\\/13021#blogposting\",\"name\":\"3.\\u00ba Iniciativa de Voluntariado: Projeto GaiAtiva-te - IAI\",\"headline\":\"3.\\u00ba Iniciativa de Voluntariado: Projeto GaiAtiva-te\",\"author\":{\"@id\":\"http:\\\/\\\/iai.pt\\\/web\\\/arquivos\\\/author\\\/admin#author\"},\"publisher\":{\"@id\":\"http:\\\/\\\/iai.pt\\\/web\\\/#organization\"},\"image\":{\"@type\":\"ImageObject\",\"url\":\"http:\\\/\\\/iai.pt\\\/web\\\/wp-content\\\/uploads\\\/2021\\\/03\\\/3_voluntariado.png\",\"width\":1080,\"height\":600},\"datePublished\":\"2021-01-15T15:09:17+00:00\",\"dateModified\":\"2021-03-19T11:29:06+00:00\",\"inLanguage\":\"pt-PT\",\"mainEntityOfPage\":{\"@id\":\"http:\\\/\\\/iai.pt\\\/web\\\/arquivos\\\/13021#webpage\"},\"isPartOf\":{\"@id\":\"http:\\\/\\\/iai.pt\\\/web\\\/arquivos\\\/13021#webpage\"},\"articleSection\":\"Noticias\"},{\"@type\":\"BreadcrumbList\",\"@id\":\"http:\\\/\\\/iai.pt\\\/web\\\/arquivos\\\/13021#breadcrumblist\",\"itemListElement\":[{\"@type\":\"ListItem\",\"@id\":\"http:\\\/\\\/iai.pt\\\/web#listItem\",\"position\":1,\"name\":\"In\\u00edcio\",\"item\":\"http:\\\/\\\/iai.pt\\\/web\",\"nextItem\":{\"@type\":\"ListItem\",\"@id\":\"http:\\\/\\\/iai.pt\\\/web\\\/arquivos\\\/category\\\/noticias#listItem\",\"name\":\"Noticias\"}},{\"@type\":\"ListItem\",\"@id\":\"http:\\\/\\\/iai.pt\\\/web\\\/arquivos\\\/category\\\/noticias#listItem\",\"position\":2,\"name\":\"Noticias\",\"item\":\"http:\\\/\\\/iai.pt\\\/web\\\/arquivos\\\/category\\\/noticias\",\"nextItem\":{\"@type\":\"ListItem\",\"@id\":\"http:\\\/\\\/iai.pt\\\/web\\\/arquivos\\\/13021#listItem\",\"name\":\"3.\\u00ba Iniciativa de Voluntariado: Projeto GaiAtiva-te\"},\"previousItem\":{\"@type\":\"ListItem\",\"@id\":\"http:\\\/\\\/iai.pt\\\/web#listItem\",\"name\":\"In\\u00edcio\"}},{\"@type\":\"ListItem\",\"@id\":\"http:\\\/\\\/iai.pt\\\/web\\\/arquivos\\\/13021#listItem\",\"position\":3,\"name\":\"3.\\u00ba Iniciativa de Voluntariado: Projeto GaiAtiva-te\",\"previousItem\":{\"@type\":\"ListItem\",\"@id\":\"http:\\\/\\\/iai.pt\\\/web\\\/arquivos\\\/category\\\/noticias#listItem\",\"name\":\"Noticias\"}}]},{\"@type\":\"Organization\",\"@id\":\"http:\\\/\\\/iai.pt\\\/web\\\/#organization\",\"name\":\"Instituto das Artes e da Imagem\",\"description\":\"Escola Art\\u00edstica\",\"url\":\"http:\\\/\\\/iai.pt\\\/web\\\/\",\"telephone\":\"+351222000757\",\"logo\":{\"@type\":\"ImageObject\",\"url\":\"http:\\\/\\\/iai.pt\\\/web\\\/wp-content\\\/uploads\\\/2023\\\/05\\\/seo-logo.png\",\"@id\":\"http:\\\/\\\/iai.pt\\\/web\\\/arquivos\\\/13021\\\/#organizationLogo\",\"width\":105,\"height\":112},\"image\":{\"@id\":\"http:\\\/\\\/iai.pt\\\/web\\\/arquivos\\\/13021\\\/#organizationLogo\"},\"sameAs\":[\"https:\\\/\\\/www.facebook.com\\\/instituto.das.artes.imagem\",\"https:\\\/\\\/www.instagram.com\\\/iai_escola_de_artes\\\/\",\"https:\\\/\\\/www.youtube.com\\\/iaiwebmaster\"]},{\"@type\":\"Person\",\"@id\":\"http:\\\/\\\/iai.pt\\\/web\\\/arquivos\\\/author\\\/admin#author\",\"url\":\"http:\\\/\\\/iai.pt\\\/web\\\/arquivos\\\/author\\\/admin\",\"name\":\"admin\",\"image\":{\"@type\":\"ImageObject\",\"@id\":\"http:\\\/\\\/iai.pt\\\/web\\\/arquivos\\\/13021#authorImage\",\"url\":\"https:\\\/\\\/secure.gravatar.com\\\/avatar\\\/bad9c1ed8261989cbd54cb5e8fc92988405a8dc9925b0838cc9c034113770b1e?s=96&d=mm&r=g\",\"width\":96,\"height\":96,\"caption\":\"admin\"}},{\"@type\":\"WebPage\",\"@id\":\"http:\\\/\\\/iai.pt\\\/web\\\/arquivos\\\/13021#webpage\",\"url\":\"http:\\\/\\\/iai.pt\\\/web\\\/arquivos\\\/13021\",\"name\":\"3.\\u00ba Iniciativa de Voluntariado: Projeto GaiAtiva-te - IAI\",\"description\":\"Nas duas primeiras semanas do 2.\\u00aa per\\u00edodo, o grupo de alunos volunt\\u00e1rios abra\\u00e7ou a terceira iniciativa solid\\u00e1ria e juntou-se \\u00e0 angaria\\u00e7\\u00e3o de brinquedos em parceria com projeto GaiAtiva-te, o qual promove a inclus\\u00e3o social e o combate \\u00e0 pobreza e \\u00e0 discrimina\\u00e7\\u00e3o dos grupos mais vulner\\u00e1veis. Assim sendo, os alunos, durantes estes dias, juntamente com\",\"inLanguage\":\"pt-PT\",\"isPartOf\":{\"@id\":\"http:\\\/\\\/iai.pt\\\/web\\\/#website\"},\"breadcrumb\":{\"@id\":\"http:\\\/\\\/iai.pt\\\/web\\\/arquivos\\\/13021#breadcrumblist\"},\"author\":{\"@id\":\"http:\\\/\\\/iai.pt\\\/web\\\/arquivos\\\/author\\\/admin#author\"},\"creator\":{\"@id\":\"http:\\\/\\\/iai.pt\\\/web\\\/arquivos\\\/author\\\/admin#author\"},\"image\":{\"@type\":\"ImageObject\",\"url\":\"http:\\\/\\\/iai.pt\\\/web\\\/wp-content\\\/uploads\\\/2021\\\/03\\\/3_voluntariado.png\",\"@id\":\"http:\\\/\\\/iai.pt\\\/web\\\/arquivos\\\/13021\\\/#mainImage\",\"width\":1080,\"height\":600},\"primaryImageOfPage\":{\"@id\":\"http:\\\/\\\/iai.pt\\\/web\\\/arquivos\\\/13021#mainImage\"},\"datePublished\":\"2021-01-15T15:09:17+00:00\",\"dateModified\":\"2021-03-19T11:29:06+00:00\"},{\"@type\":\"WebSite\",\"@id\":\"http:\\\/\\\/iai.pt\\\/web\\\/#website\",\"url\":\"http:\\\/\\\/iai.pt\\\/web\\\/\",\"name\":\"IAI\",\"alternateName\":\"iai\",\"description\":\"Escola Art\\u00edstica\",\"inLanguage\":\"pt-PT\",\"publisher\":{\"@id\":\"http:\\\/\\\/iai.pt\\\/web\\\/#organization\"}}]}\n\t\t<\/script>\n\t\t<!-- All in One SEO -->\n\n","aioseo_head_json":{"title":"3.\u00ba Iniciativa de Voluntariado: Projeto GaiAtiva-te - IAI","description":"Nas duas primeiras semanas do 2.\u00aa per\u00edodo, o grupo de alunos volunt\u00e1rios abra\u00e7ou a terceira iniciativa solid\u00e1ria e juntou-se \u00e0 angaria\u00e7\u00e3o de brinquedos em parceria com projeto GaiAtiva-te, o qual promove a inclus\u00e3o social e o combate \u00e0 pobreza e \u00e0 discrimina\u00e7\u00e3o dos grupos mais vulner\u00e1veis. Assim sendo, os alunos, durantes estes dias, juntamente com","canonical_url":"http:\/\/iai.pt\/web\/arquivos\/13021","robots":"max-image-preview:large","keywords":"","webmasterTools":{"miscellaneous":""},"schema":{"@context":"https:\/\/schema.org","@graph":[{"@type":"BlogPosting","@id":"http:\/\/iai.pt\/web\/arquivos\/13021#blogposting","name":"3.\u00ba Iniciativa de Voluntariado: Projeto GaiAtiva-te - IAI","headline":"3.\u00ba Iniciativa de Voluntariado: Projeto GaiAtiva-te","author":{"@id":"http:\/\/iai.pt\/web\/arquivos\/author\/admin#author"},"publisher":{"@id":"http:\/\/iai.pt\/web\/#organization"},"image":{"@type":"ImageObject","url":"http:\/\/iai.pt\/web\/wp-content\/uploads\/2021\/03\/3_voluntariado.png","width":1080,"height":600},"datePublished":"2021-01-15T15:09:17+00:00","dateModified":"2021-03-19T11:29:06+00:00","inLanguage":"pt-PT","mainEntityOfPage":{"@id":"http:\/\/iai.pt\/web\/arquivos\/13021#webpage"},"isPartOf":{"@id":"http:\/\/iai.pt\/web\/arquivos\/13021#webpage"},"articleSection":"Noticias"},{"@type":"BreadcrumbList","@id":"http:\/\/iai.pt\/web\/arquivos\/13021#breadcrumblist","itemListElement":[{"@type":"ListItem","@id":"http:\/\/iai.pt\/web#listItem","position":1,"name":"In\u00edcio","item":"http:\/\/iai.pt\/web","nextItem":{"@type":"ListItem","@id":"http:\/\/iai.pt\/web\/arquivos\/category\/noticias#listItem","name":"Noticias"}},{"@type":"ListItem","@id":"http:\/\/iai.pt\/web\/arquivos\/category\/noticias#listItem","position":2,"name":"Noticias","item":"http:\/\/iai.pt\/web\/arquivos\/category\/noticias","nextItem":{"@type":"ListItem","@id":"http:\/\/iai.pt\/web\/arquivos\/13021#listItem","name":"3.\u00ba Iniciativa de Voluntariado: Projeto GaiAtiva-te"},"previousItem":{"@type":"ListItem","@id":"http:\/\/iai.pt\/web#listItem","name":"In\u00edcio"}},{"@type":"ListItem","@id":"http:\/\/iai.pt\/web\/arquivos\/13021#listItem","position":3,"name":"3.\u00ba Iniciativa de Voluntariado: Projeto GaiAtiva-te","previousItem":{"@type":"ListItem","@id":"http:\/\/iai.pt\/web\/arquivos\/category\/noticias#listItem","name":"Noticias"}}]},{"@type":"Organization","@id":"http:\/\/iai.pt\/web\/#organization","name":"Instituto das Artes e da Imagem","description":"Escola Art\u00edstica","url":"http:\/\/iai.pt\/web\/","telephone":"+351222000757","logo":{"@type":"ImageObject","url":"http:\/\/iai.pt\/web\/wp-content\/uploads\/2023\/05\/seo-logo.png","@id":"http:\/\/iai.pt\/web\/arquivos\/13021\/#organizationLogo","width":105,"height":112},"image":{"@id":"http:\/\/iai.pt\/web\/arquivos\/13021\/#organizationLogo"},"sameAs":["https:\/\/www.facebook.com\/instituto.das.artes.imagem","https:\/\/www.instagram.com\/iai_escola_de_artes\/","https:\/\/www.youtube.com\/iaiwebmaster"]},{"@type":"Person","@id":"http:\/\/iai.pt\/web\/arquivos\/author\/admin#author","url":"http:\/\/iai.pt\/web\/arquivos\/author\/admin","name":"admin","image":{"@type":"ImageObject","@id":"http:\/\/iai.pt\/web\/arquivos\/13021#authorImage","url":"https:\/\/secure.gravatar.com\/avatar\/bad9c1ed8261989cbd54cb5e8fc92988405a8dc9925b0838cc9c034113770b1e?s=96&d=mm&r=g","width":96,"height":96,"caption":"admin"}},{"@type":"WebPage","@id":"http:\/\/iai.pt\/web\/arquivos\/13021#webpage","url":"http:\/\/iai.pt\/web\/arquivos\/13021","name":"3.\u00ba Iniciativa de Voluntariado: Projeto GaiAtiva-te - IAI","description":"Nas duas primeiras semanas do 2.\u00aa per\u00edodo, o grupo de alunos volunt\u00e1rios abra\u00e7ou a terceira iniciativa solid\u00e1ria e juntou-se \u00e0 angaria\u00e7\u00e3o de brinquedos em parceria com projeto GaiAtiva-te, o qual promove a inclus\u00e3o social e o combate \u00e0 pobreza e \u00e0 discrimina\u00e7\u00e3o dos grupos mais vulner\u00e1veis. Assim sendo, os alunos, durantes estes dias, juntamente com","inLanguage":"pt-PT","isPartOf":{"@id":"http:\/\/iai.pt\/web\/#website"},"breadcrumb":{"@id":"http:\/\/iai.pt\/web\/arquivos\/13021#breadcrumblist"},"author":{"@id":"http:\/\/iai.pt\/web\/arquivos\/author\/admin#author"},"creator":{"@id":"http:\/\/iai.pt\/web\/arquivos\/author\/admin#author"},"image":{"@type":"ImageObject","url":"http:\/\/iai.pt\/web\/wp-content\/uploads\/2021\/03\/3_voluntariado.png","@id":"http:\/\/iai.pt\/web\/arquivos\/13021\/#mainImage","width":1080,"height":600},"primaryImageOfPage":{"@id":"http:\/\/iai.pt\/web\/arquivos\/13021#mainImage"},"datePublished":"2021-01-15T15:09:17+00:00","dateModified":"2021-03-19T11:29:06+00:00"},{"@type":"WebSite","@id":"http:\/\/iai.pt\/web\/#website","url":"http:\/\/iai.pt\/web\/","name":"IAI","alternateName":"iai","description":"Escola Art\u00edstica","inLanguage":"pt-PT","publisher":{"@id":"http:\/\/iai.pt\/web\/#organization"}}]},"og:locale":"pt_PT","og:site_name":"IAI - Escola Art\u00edstica","og:type":"article","og:title":"3.\u00ba Iniciativa de Voluntariado: Projeto GaiAtiva-te - IAI","og:description":"Nas duas primeiras semanas do 2.\u00aa per\u00edodo, o grupo de alunos volunt\u00e1rios abra\u00e7ou a terceira iniciativa solid\u00e1ria e juntou-se \u00e0 angaria\u00e7\u00e3o de brinquedos em parceria com projeto GaiAtiva-te, o qual promove a inclus\u00e3o social e o combate \u00e0 pobreza e \u00e0 discrimina\u00e7\u00e3o dos grupos mais vulner\u00e1veis. Assim sendo, os alunos, durantes estes dias, juntamente com","og:url":"http:\/\/iai.pt\/web\/arquivos\/13021","og:image":"http:\/\/iai.pt\/web\/wp-content\/uploads\/2023\/05\/seo-logo.png","og:image:width":105,"og:image:height":112,"article:published_time":"2021-01-15T15:09:17+00:00","article:modified_time":"2021-03-19T11:29:06+00:00","article:publisher":"https:\/\/www.facebook.com\/instituto.das.artes.imagem","twitter:card":"summary_large_image","twitter:title":"3.\u00ba Iniciativa de Voluntariado: Projeto GaiAtiva-te - IAI","twitter:description":"Nas duas primeiras semanas do 2.\u00aa per\u00edodo, o grupo de alunos volunt\u00e1rios abra\u00e7ou a terceira iniciativa solid\u00e1ria e juntou-se \u00e0 angaria\u00e7\u00e3o de brinquedos em parceria com projeto GaiAtiva-te, o qual promove a inclus\u00e3o social e o combate \u00e0 pobreza e \u00e0 discrimina\u00e7\u00e3o dos grupos mais vulner\u00e1veis. Assim sendo, os alunos, durantes estes dias, juntamente com","twitter:image":"http:\/\/iai.pt\/web\/wp-content\/uploads\/2023\/05\/seo-logo.png"},"aioseo_meta_data":{"post_id":"13021","title":null,"description":null,"keywords":null,"keyphrases":null,"primary_term":null,"canonical_url":null,"og_title":null,"og_description":null,"og_object_type":"default","og_image_type":"default","og_image_url":null,"og_image_width":null,"og_image_height":null,"og_image_custom_url":null,"og_image_custom_fields":null,"og_video":null,"og_custom_url":null,"og_article_section":null,"og_article_tags":null,"twitter_use_og":false,"twitter_card":"default","twitter_image_type":"default","twitter_image_url":null,"twitter_image_custom_url":null,"twitter_image_custom_fields":null,"twitter_title":null,"twitter_description":null,"schema":{"blockGraphs":[],"customGraphs":[],"default":{"data":{"Article":[],"Course":[],"Dataset":[],"FAQPage":[],"Movie":[],"Person":[],"Product":[],"ProductReview":[],"Car":[],"Recipe":[],"Service":[],"SoftwareApplication":[],"WebPage":[]},"graphName":"","isEnabled":true},"graphs":[]},"schema_type":"default","schema_type_options":null,"pillar_content":false,"robots_default":true,"robots_noindex":false,"robots_noarchive":false,"robots_nosnippet":false,"robots_nofollow":false,"robots_noimageindex":false,"robots_noodp":false,"robots_notranslate":false,"robots_max_snippet":null,"robots_max_videopreview":null,"robots_max_imagepreview":"large","priority":null,"frequency":null,"local_seo":null,"breadcrumb_settings":null,"limit_modified_date":false,"ai":null,"created":"2023-05-29 12:25:39","updated":"2025-06-09 19:22:13","seo_analyzer_scan_date":null},"aioseo_breadcrumb":"<div class=\"aioseo-breadcrumbs\"><span class=\"aioseo-breadcrumb\">\n\t\t\t<a href=\"http:\/\/iai.pt\/web\" title=\"In\u00edcio\">In\u00edcio<\/a>\n\t\t<\/span><span class=\"aioseo-breadcrumb-separator\">\u00bb<\/span><span class=\"aioseo-breadcrumb\">\n\t\t\t<a href=\"http:\/\/iai.pt\/web\/arquivos\/category\/noticias\" title=\"Noticias\">Noticias<\/a>\n\t\t<\/span><span class=\"aioseo-breadcrumb-separator\">\u00bb<\/span><span class=\"aioseo-breadcrumb\">\n\t\t\t3.\u00ba Iniciativa de Voluntariado: Projeto GaiAtiva-te\n\t\t<\/span><\/div>","aioseo_breadcrumb_json":[{"label":"In\u00edcio","link":"http:\/\/iai.pt\/web"},{"label":"Noticias","link":"http:\/\/iai.pt\/web\/arquivos\/category\/noticias"},{"label":"3.\u00ba Iniciativa de Voluntariado: Projeto GaiAtiva-te","link":"http:\/\/iai.pt\/web\/arquivos\/13021"}],"_links":{"self":[{"href":"http:\/\/iai.pt\/web\/wp-json\/wp\/v2\/posts\/13021","targetHints":{"allow":["GET"]}}],"collection":[{"href":"http:\/\/iai.pt\/web\/wp-json\/wp\/v2\/posts"}],"about":[{"href":"http:\/\/iai.pt\/web\/wp-json\/wp\/v2\/types\/post"}],"author":[{"embeddable":true,"href":"http:\/\/iai.pt\/web\/wp-json\/wp\/v2\/users\/1"}],"replies":[{"embeddable":true,"href":"http:\/\/iai.pt\/web\/wp-json\/wp\/v2\/comments?post=13021"}],"version-history":[{"count":2,"href":"http:\/\/iai.pt\/web\/wp-json\/wp\/v2\/posts\/13021\/revisions"}],"predecessor-version":[{"id":13057,"href":"http:\/\/iai.pt\/web\/wp-json\/wp\/v2\/posts\/13021\/revisions\/13057"}],"wp:featuredmedia":[{"embeddable":true,"href":"http:\/\/iai.pt\/web\/wp-json\/wp\/v2\/media\/13022"}],"wp:attachment":[{"href":"http:\/\/iai.pt\/web\/wp-json\/wp\/v2\/media?parent=13021"}],"wp:term":[{"taxonomy":"category","embeddable":true,"href":"http:\/\/iai.pt\/web\/wp-json\/wp\/v2\/categories?post=13021"},{"taxonomy":"post_tag","embeddable":true,"href":"http:\/\/iai.pt\/web\/wp-json\/wp\/v2\/tags?post=13021"}],"curies":[{"name":"wp","href":"https:\/\/api.w.org\/{rel}","templated":true}]}}