{"id":13596,"date":"2022-01-27T12:03:26","date_gmt":"2022-01-27T12:03:26","guid":{"rendered":"http:\/\/iai.pt\/web\/?p=13596"},"modified":"2022-04-27T12:08:44","modified_gmt":"2022-04-27T11:08:44","slug":"visita-de-estudo-ao-museu-da-imprensa","status":"publish","type":"post","link":"http:\/\/iai.pt\/web\/arquivos\/13596","title":{"rendered":"Visita de estudo ao Museu da Imprensa"},"content":{"rendered":"<p>[et_pb_section fb_built=&#8221;1&#8243; custom_padding_last_edited=&#8221;on|desktop&#8221; admin_label=&#8221;Se\u00e7\u00e3o&#8221; _builder_version=&#8221;3.22&#8243; custom_padding_tablet=&#8221;50px|0|50px|0&#8243; custom_padding_phone=&#8221;&#8221; transparent_background=&#8221;off&#8221; padding_mobile=&#8221;off&#8221; make_fullwidth=&#8221;off&#8221; use_custom_width=&#8221;off&#8221; width_unit=&#8221;off&#8221; custom_width_px=&#8221;1080px&#8221; custom_width_percent=&#8221;80%&#8221;][et_pb_row column_structure=&#8221;2_3,1_3&#8243; padding_mobile=&#8221;off&#8221; column_padding_mobile=&#8221;on&#8221; admin_label=&#8221;Linha&#8221; _builder_version=&#8221;3.25&#8243; background_size=&#8221;initial&#8221; background_position=&#8221;top_left&#8221; background_repeat=&#8221;repeat&#8221; make_fullwidth=&#8221;off&#8221; use_custom_width=&#8221;off&#8221; width_unit=&#8221;off&#8221; custom_width_px=&#8221;1080px&#8221; custom_width_percent=&#8221;80%&#8221;][et_pb_column type=&#8221;2_3&#8243; _builder_version=&#8221;3.25&#8243; custom_padding=&#8221;|||&#8221; custom_padding__hover=&#8221;|||&#8221;][et_pb_text admin_label=&#8221;Texto&#8221; _builder_version=&#8221;4.5.3&#8243; background_size=&#8221;initial&#8221; background_position=&#8221;top_left&#8221; background_repeat=&#8221;repeat&#8221; custom_padding=&#8221;||0px|||&#8221; use_border_color=&#8221;off&#8221;]<\/p>\n<p><span style=\"font-weight: 400;\">No dia 27 de janeiro, os alunos do 2\u00ba ano do curso CEF de Operador de Fotografia realizaram uma vista de estudo ao Museu da Imprensa, no \u00e2mbito das disciplinas de Portugu\u00eas e de Cidadania e Mundo Atual. <\/span><\/p>\n<p><span style=\"font-weight: 400;\">Para al\u00e9m de compreenderem os processos de evolu\u00e7\u00e3o da imprensa escrita, os alunos puderam experimentar algumas das m\u00e1quinas expostas e, assim, melhor compreender como se produziam os livros e jornais nos seus prim\u00f3rdios.<\/span><\/p>\n<p><span style=\"font-weight: 400;\">Os alunos tiveram tamb\u00e9m oportunidade de visitar a exposi\u00e7\u00e3o de trabalhos da PortoCartoon Festival e a exposi\u00e7\u00e3o fotogr\u00e1fica do jornalista David Ara\u00fajo.<\/span><\/p>\n<p><span style=\"font-weight: 400;\">Foi, sem d\u00favida, uma manh\u00e3 diferente, de partilha e aprendizagens.<\/span><\/p>\n<p>[\/et_pb_text][et_pb_image src=&#8221;http:\/\/iai.pt\/web\/wp-content\/uploads\/2022\/04\/museu_imprensaB.png&#8221; alt=&#8221;Halloween Gallery&#8221; title_text=&#8221;museu_imprensaB&#8221; _builder_version=&#8221;4.5.3&#8243; _module_preset=&#8221;default&#8221; hover_enabled=&#8221;0&#8243;][\/et_pb_image][\/et_pb_column][et_pb_column type=&#8221;1_3&#8243; _builder_version=&#8221;3.25&#8243; custom_padding=&#8221;|||&#8221; custom_padding__hover=&#8221;|||&#8221;][et_pb_image src=&#8221;http:\/\/iai.pt\/web\/wp-content\/uploads\/2022\/04\/museu_imprensa.png&#8221; alt=&#8221;Halloween&#8221; title_text=&#8221;museu_imprensa&#8221; align_tablet=&#8221;center&#8221; align_phone=&#8221;&#8221; align_last_edited=&#8221;on|desktop&#8221; admin_label=&#8221;Imagem&#8221; _builder_version=&#8221;4.5.3&#8243; animation_style=&#8221;slide&#8221; animation_direction=&#8221;left&#8221; animation_duration=&#8221;500ms&#8221; animation_intensity_slide=&#8221;10%&#8221; hover_enabled=&#8221;0&#8243; use_border_color=&#8221;off&#8221;][\/et_pb_image][\/et_pb_column][\/et_pb_row][\/et_pb_section]<\/p>\n","protected":false},"excerpt":{"rendered":"<p>No dia 27 de janeiro, os alunos do 2\u00ba ano do curso CEF de Operador de Fotografia realizaram uma vista de estudo ao Museu da Imprensa, no \u00e2mbito das disciplinas de Portugu\u00eas e de Cidadania e Mundo Atual. Para al\u00e9m de compreenderem os processos de evolu\u00e7\u00e3o da imprensa escrita, os alunos puderam experimentar algumas das [&hellip;]<\/p>\n","protected":false},"author":1,"featured_media":13597,"comment_status":"open","ping_status":"open","sticky":false,"template":"","format":"standard","meta":{"_et_pb_use_builder":"on","_et_pb_old_content":"","_et_gb_content_width":"","footnotes":""},"categories":[60],"tags":[],"class_list":["post-13596","post","type-post","status-publish","format-standard","has-post-thumbnail","hentry","category-noticias"],"aioseo_notices":[],"_links":{"self":[{"href":"http:\/\/iai.pt\/web\/wp-json\/wp\/v2\/posts\/13596","targetHints":{"allow":["GET"]}}],"collection":[{"href":"http:\/\/iai.pt\/web\/wp-json\/wp\/v2\/posts"}],"about":[{"href":"http:\/\/iai.pt\/web\/wp-json\/wp\/v2\/types\/post"}],"author":[{"embeddable":true,"href":"http:\/\/iai.pt\/web\/wp-json\/wp\/v2\/users\/1"}],"replies":[{"embeddable":true,"href":"http:\/\/iai.pt\/web\/wp-json\/wp\/v2\/comments?post=13596"}],"version-history":[{"count":1,"href":"http:\/\/iai.pt\/web\/wp-json\/wp\/v2\/posts\/13596\/revisions"}],"predecessor-version":[{"id":13598,"href":"http:\/\/iai.pt\/web\/wp-json\/wp\/v2\/posts\/13596\/revisions\/13598"}],"wp:featuredmedia":[{"embeddable":true,"href":"http:\/\/iai.pt\/web\/wp-json\/wp\/v2\/media\/13597"}],"wp:attachment":[{"href":"http:\/\/iai.pt\/web\/wp-json\/wp\/v2\/media?parent=13596"}],"wp:term":[{"taxonomy":"category","embeddable":true,"href":"http:\/\/iai.pt\/web\/wp-json\/wp\/v2\/categories?post=13596"},{"taxonomy":"post_tag","embeddable":true,"href":"http:\/\/iai.pt\/web\/wp-json\/wp\/v2\/tags?post=13596"}],"curies":[{"name":"wp","href":"https:\/\/api.w.org\/{rel}","templated":true}]}}