{"id":13707,"date":"2022-05-15T11:57:46","date_gmt":"2022-05-15T10:57:46","guid":{"rendered":"http:\/\/iai.pt\/web\/?p=13707"},"modified":"2022-05-23T11:59:28","modified_gmt":"2022-05-23T10:59:28","slug":"exposicao-de-fotografia-pinhole","status":"publish","type":"post","link":"http:\/\/iai.pt\/web\/arquivos\/13707","title":{"rendered":"Exposi\u00e7\u00e3o de Fotografia Pinhole"},"content":{"rendered":"<p>[et_pb_section fb_built=&#8221;1&#8243; custom_padding_last_edited=&#8221;on|desktop&#8221; admin_label=&#8221;Se\u00e7\u00e3o&#8221; _builder_version=&#8221;3.22&#8243; custom_padding_tablet=&#8221;50px|0|50px|0&#8243; custom_padding_phone=&#8221;&#8221; transparent_background=&#8221;off&#8221; padding_mobile=&#8221;off&#8221; make_fullwidth=&#8221;off&#8221; use_custom_width=&#8221;off&#8221; width_unit=&#8221;off&#8221; custom_width_px=&#8221;1080px&#8221; custom_width_percent=&#8221;80%&#8221;][et_pb_row column_structure=&#8221;2_3,1_3&#8243; padding_mobile=&#8221;off&#8221; column_padding_mobile=&#8221;on&#8221; admin_label=&#8221;Linha&#8221; _builder_version=&#8221;3.25&#8243; background_size=&#8221;initial&#8221; background_position=&#8221;top_left&#8221; background_repeat=&#8221;repeat&#8221; make_fullwidth=&#8221;off&#8221; use_custom_width=&#8221;off&#8221; width_unit=&#8221;off&#8221; custom_width_px=&#8221;1080px&#8221; custom_width_percent=&#8221;80%&#8221;][et_pb_column type=&#8221;2_3&#8243; _builder_version=&#8221;3.25&#8243; custom_padding=&#8221;|||&#8221; custom_padding__hover=&#8221;|||&#8221;][et_pb_text admin_label=&#8221;Texto&#8221; _builder_version=&#8221;4.5.3&#8243; background_size=&#8221;initial&#8221; background_position=&#8221;top_left&#8221; background_repeat=&#8221;repeat&#8221; custom_padding=&#8221;||0px|||&#8221; use_border_color=&#8221;off&#8221;]<\/p>\n<p><span style=\"font-weight: 400;\">Entre os dias 23 de abril e 15 de maio o IAI dinamizou, em parceira com o Arr\u00e1bidaShopping, uma Exposi\u00e7\u00e3o de Fotografia Pinhole no \u00e2mbito da Comemora\u00e7\u00e3o do Dia Mundial da Fotografia Pinhole que, est ano letivo, se celebrou a 24 de abril.<\/span><\/p>\n<p><span style=\"font-weight: 400;\">A Exposi\u00e7\u00e3o de Fotografia apresentou uma mostra representativa de trabalhos de fotografia pinhole, efetuados pelos alunos do ensino art\u00edstico especializado, e que retratam espa\u00e7os de Vila Nova de Gaia.<\/span><\/p>\n<p><span style=\"font-weight: 400;\">Para al\u00e9m da Exposi\u00e7\u00e3o que esteve patente de 23 de abril a 15 de maio, o programa integrou tamb\u00e9m workshops\u00a0 em que mais de 60 participantes (abrangendo p\u00fablico infantil, juvenil e s\u00e9nior) puderam realizar m\u00e1quinas pinhole, capturar imagens com as m\u00e1quinas criadas e proceder ao processo de revela\u00e7\u00e3o.<\/span><\/p>\n<p>[\/et_pb_text][et_pb_image src=&#8221;http:\/\/iai.pt\/web\/wp-content\/uploads\/2022\/05\/pinholeB.png&#8221; alt=&#8221;Halloween Gallery&#8221; title_text=&#8221;pinholeB&#8221; _builder_version=&#8221;4.5.3&#8243; _module_preset=&#8221;default&#8221; hover_enabled=&#8221;0&#8243;][\/et_pb_image][\/et_pb_column][et_pb_column type=&#8221;1_3&#8243; _builder_version=&#8221;3.25&#8243; custom_padding=&#8221;|||&#8221; custom_padding__hover=&#8221;|||&#8221;][et_pb_image src=&#8221;http:\/\/iai.pt\/web\/wp-content\/uploads\/2022\/05\/pinhole.png&#8221; alt=&#8221;Halloween&#8221; title_text=&#8221;pinhole&#8221; align_tablet=&#8221;center&#8221; align_phone=&#8221;&#8221; align_last_edited=&#8221;on|desktop&#8221; admin_label=&#8221;Imagem&#8221; _builder_version=&#8221;4.5.3&#8243; animation_style=&#8221;slide&#8221; animation_direction=&#8221;left&#8221; animation_duration=&#8221;500ms&#8221; animation_intensity_slide=&#8221;10%&#8221; hover_enabled=&#8221;0&#8243; use_border_color=&#8221;off&#8221;][\/et_pb_image][\/et_pb_column][\/et_pb_row][\/et_pb_section]<\/p>\n","protected":false},"excerpt":{"rendered":"<p>Entre os dias 23 de abril e 15 de maio o IAI dinamizou, em parceira com o Arr\u00e1bidaShopping, uma Exposi\u00e7\u00e3o de Fotografia Pinhole no \u00e2mbito da Comemora\u00e7\u00e3o do Dia Mundial da Fotografia Pinhole que, est ano letivo, se celebrou a 24 de abril. A Exposi\u00e7\u00e3o de Fotografia apresentou uma mostra representativa de trabalhos de fotografia [&hellip;]<\/p>\n","protected":false},"author":1,"featured_media":13689,"comment_status":"open","ping_status":"open","sticky":false,"template":"","format":"standard","meta":{"_et_pb_use_builder":"on","_et_pb_old_content":"","_et_gb_content_width":"","footnotes":""},"categories":[60],"tags":[],"class_list":["post-13707","post","type-post","status-publish","format-standard","has-post-thumbnail","hentry","category-noticias"],"aioseo_notices":[],"_links":{"self":[{"href":"http:\/\/iai.pt\/web\/wp-json\/wp\/v2\/posts\/13707","targetHints":{"allow":["GET"]}}],"collection":[{"href":"http:\/\/iai.pt\/web\/wp-json\/wp\/v2\/posts"}],"about":[{"href":"http:\/\/iai.pt\/web\/wp-json\/wp\/v2\/types\/post"}],"author":[{"embeddable":true,"href":"http:\/\/iai.pt\/web\/wp-json\/wp\/v2\/users\/1"}],"replies":[{"embeddable":true,"href":"http:\/\/iai.pt\/web\/wp-json\/wp\/v2\/comments?post=13707"}],"version-history":[{"count":1,"href":"http:\/\/iai.pt\/web\/wp-json\/wp\/v2\/posts\/13707\/revisions"}],"predecessor-version":[{"id":13708,"href":"http:\/\/iai.pt\/web\/wp-json\/wp\/v2\/posts\/13707\/revisions\/13708"}],"wp:featuredmedia":[{"embeddable":true,"href":"http:\/\/iai.pt\/web\/wp-json\/wp\/v2\/media\/13689"}],"wp:attachment":[{"href":"http:\/\/iai.pt\/web\/wp-json\/wp\/v2\/media?parent=13707"}],"wp:term":[{"taxonomy":"category","embeddable":true,"href":"http:\/\/iai.pt\/web\/wp-json\/wp\/v2\/categories?post=13707"},{"taxonomy":"post_tag","embeddable":true,"href":"http:\/\/iai.pt\/web\/wp-json\/wp\/v2\/tags?post=13707"}],"curies":[{"name":"wp","href":"https:\/\/api.w.org\/{rel}","templated":true}]}}