{"id":14252,"date":"2022-11-02T00:00:07","date_gmt":"2022-11-02T00:00:07","guid":{"rendered":"http:\/\/iai.pt\/web\/?p=14252"},"modified":"2023-06-14T10:12:09","modified_gmt":"2023-06-14T09:12:09","slug":"uma-hora-de-conversa-com-ex-aluno-diogo-sousa","status":"publish","type":"post","link":"http:\/\/iai.pt\/web\/arquivos\/14252","title":{"rendered":"Uma Hora de Conversa com&#8230; Ex-aluno Diogo Sousa"},"content":{"rendered":"<p>[et_pb_section fb_built=&#8221;1&#8243; custom_padding_last_edited=&#8221;on|desktop&#8221; admin_label=&#8221;Se\u00e7\u00e3o&#8221; _builder_version=&#8221;3.22&#8243; custom_padding_tablet=&#8221;50px|0|50px|0&#8243; custom_padding_phone=&#8221;&#8221; transparent_background=&#8221;off&#8221; padding_mobile=&#8221;off&#8221; make_fullwidth=&#8221;off&#8221; use_custom_width=&#8221;off&#8221; width_unit=&#8221;off&#8221; custom_width_px=&#8221;1080px&#8221; custom_width_percent=&#8221;80%&#8221;][et_pb_row column_structure=&#8221;2_3,1_3&#8243; padding_mobile=&#8221;off&#8221; column_padding_mobile=&#8221;on&#8221; admin_label=&#8221;Linha&#8221; _builder_version=&#8221;3.25&#8243; background_size=&#8221;initial&#8221; background_position=&#8221;top_left&#8221; background_repeat=&#8221;repeat&#8221; make_fullwidth=&#8221;off&#8221; use_custom_width=&#8221;off&#8221; width_unit=&#8221;off&#8221; custom_width_px=&#8221;1080px&#8221; custom_width_percent=&#8221;80%&#8221;][et_pb_column type=&#8221;2_3&#8243; _builder_version=&#8221;3.25&#8243; custom_padding=&#8221;|||&#8221; custom_padding__hover=&#8221;|||&#8221;][et_pb_text admin_label=&#8221;Texto&#8221; _builder_version=&#8221;4.5.3&#8243; background_size=&#8221;initial&#8221; background_position=&#8221;top_left&#8221; background_repeat=&#8221;repeat&#8221; custom_padding=&#8221;||0px|||&#8221; use_border_color=&#8221;off&#8221;]<\/p>\n<p><span style=\"font-weight: 400;\">No dia 2 de novembro, pelas 14h30,\u00a0 deu-se in\u00edcio \u00e0 atividade &#8220;Uma hora de conversa com&#8230;&#8221; o ex-aluno Diogo Sousa que partilhou com os alunos do 12. ano todas as etapas que estiveram na base da\u00a0 conce\u00e7\u00e3o e elabora\u00e7\u00e3o do Projeto da Prova de Aptid\u00e3o Art\u00edstica (PAA). \u00c9 sempre motivo de orgulho poder contar com a presen\u00e7a dos ex-alunos, assim como com a experi\u00eancia j\u00e1 vivenciada de uma fase t\u00e3o determinante para todos os finalistas.<\/span><\/p>\n<p>[\/et_pb_text][et_pb_image src=&#8221;http:\/\/iai.pt\/web\/wp-content\/uploads\/2023\/06\/WhatsApp-Image-2022-11-03-at-18.35.24-2.jpeg&#8221; alt=&#8221;Halloween Gallery&#8221; title_text=&#8221;WhatsApp Image 2022-11-03 at 18.35.24 (2)&#8221; _builder_version=&#8221;4.5.3&#8243; _module_preset=&#8221;default&#8221; custom_padding=&#8221;|||0px||&#8221; hover_enabled=&#8221;0&#8243;][\/et_pb_image][\/et_pb_column][et_pb_column type=&#8221;1_3&#8243; _builder_version=&#8221;3.25&#8243; custom_padding=&#8221;|||&#8221; custom_padding__hover=&#8221;|||&#8221;][et_pb_image src=&#8221;http:\/\/iai.pt\/web\/wp-content\/uploads\/2023\/06\/15_uma-hora-conversa-diogo-sousa.png&#8221; alt=&#8221;Halloween&#8221; title_text=&#8221;15_uma-hora-conversa-diogo-sousa&#8221; align_tablet=&#8221;center&#8221; align_phone=&#8221;&#8221; align_last_edited=&#8221;on|desktop&#8221; admin_label=&#8221;Imagem&#8221; _builder_version=&#8221;4.5.3&#8243; animation_style=&#8221;slide&#8221; animation_direction=&#8221;left&#8221; animation_duration=&#8221;500ms&#8221; animation_intensity_slide=&#8221;10%&#8221; hover_enabled=&#8221;0&#8243; use_border_color=&#8221;off&#8221;][\/et_pb_image][et_pb_image src=&#8221;http:\/\/iai.pt\/web\/wp-content\/uploads\/2023\/06\/WhatsApp-Image-2022-11-03-at-18.35.24-4.jpeg&#8221; alt=&#8221;Halloween Gallery&#8221; title_text=&#8221;WhatsApp Image 2022-11-03 at 18.35.24 (4)&#8221; _builder_version=&#8221;4.5.3&#8243; _module_preset=&#8221;default&#8221; width=&#8221;100%&#8221; custom_padding=&#8221;|0px||||&#8221; hover_enabled=&#8221;0&#8243;][\/et_pb_image][et_pb_image src=&#8221;http:\/\/iai.pt\/web\/wp-content\/uploads\/2023\/06\/WhatsApp-Image-2022-11-03-at-18.35.24-1.jpeg&#8221; alt=&#8221;Halloween Gallery&#8221; title_text=&#8221;WhatsApp Image 2022-11-03 at 18.35.24 (1)&#8221; _builder_version=&#8221;4.5.3&#8243; _module_preset=&#8221;default&#8221; custom_margin=&#8221;|3px||||&#8221; custom_padding=&#8221;|0px||0px||&#8221; hover_enabled=&#8221;0&#8243;][\/et_pb_image][\/et_pb_column][\/et_pb_row][\/et_pb_section]<\/p>\n","protected":false},"excerpt":{"rendered":"<p>No dia 2 de novembro, pelas 14h30,\u00a0 deu-se in\u00edcio \u00e0 atividade &#8220;Uma hora de conversa com&#8230;&#8221; o ex-aluno Diogo Sousa que partilhou com os alunos do 12. ano todas as etapas que estiveram na base da\u00a0 conce\u00e7\u00e3o e elabora\u00e7\u00e3o do Projeto da Prova de Aptid\u00e3o Art\u00edstica (PAA). \u00c9 sempre motivo de orgulho poder contar com [&hellip;]<\/p>\n","protected":false},"author":1,"featured_media":14251,"comment_status":"open","ping_status":"open","sticky":false,"template":"","format":"standard","meta":{"_et_pb_use_builder":"on","_et_pb_old_content":"","_et_gb_content_width":"","footnotes":""},"categories":[60],"tags":[],"class_list":["post-14252","post","type-post","status-publish","format-standard","has-post-thumbnail","hentry","category-noticias"],"aioseo_notices":[],"_links":{"self":[{"href":"http:\/\/iai.pt\/web\/wp-json\/wp\/v2\/posts\/14252","targetHints":{"allow":["GET"]}}],"collection":[{"href":"http:\/\/iai.pt\/web\/wp-json\/wp\/v2\/posts"}],"about":[{"href":"http:\/\/iai.pt\/web\/wp-json\/wp\/v2\/types\/post"}],"author":[{"embeddable":true,"href":"http:\/\/iai.pt\/web\/wp-json\/wp\/v2\/users\/1"}],"replies":[{"embeddable":true,"href":"http:\/\/iai.pt\/web\/wp-json\/wp\/v2\/comments?post=14252"}],"version-history":[{"count":1,"href":"http:\/\/iai.pt\/web\/wp-json\/wp\/v2\/posts\/14252\/revisions"}],"predecessor-version":[{"id":14256,"href":"http:\/\/iai.pt\/web\/wp-json\/wp\/v2\/posts\/14252\/revisions\/14256"}],"wp:featuredmedia":[{"embeddable":true,"href":"http:\/\/iai.pt\/web\/wp-json\/wp\/v2\/media\/14251"}],"wp:attachment":[{"href":"http:\/\/iai.pt\/web\/wp-json\/wp\/v2\/media?parent=14252"}],"wp:term":[{"taxonomy":"category","embeddable":true,"href":"http:\/\/iai.pt\/web\/wp-json\/wp\/v2\/categories?post=14252"},{"taxonomy":"post_tag","embeddable":true,"href":"http:\/\/iai.pt\/web\/wp-json\/wp\/v2\/tags?post=14252"}],"curies":[{"name":"wp","href":"https:\/\/api.w.org\/{rel}","templated":true}]}}