{"id":14279,"date":"2022-11-14T00:00:16","date_gmt":"2022-11-14T00:00:16","guid":{"rendered":"http:\/\/iai.pt\/web\/?p=14279"},"modified":"2023-06-14T13:01:13","modified_gmt":"2023-06-14T12:01:13","slug":"uma-hora-de-conversa-com-ex-aluna-ivania-gomes","status":"publish","type":"post","link":"http:\/\/iai.pt\/web\/arquivos\/14279","title":{"rendered":"Uma Hora de Conversa com\u2026 Ex-aluna Iv\u00e2nia Gomes"},"content":{"rendered":"<p>[et_pb_section fb_built=&#8221;1&#8243; custom_padding_last_edited=&#8221;on|desktop&#8221; admin_label=&#8221;Se\u00e7\u00e3o&#8221; _builder_version=&#8221;3.22&#8243; custom_padding_tablet=&#8221;50px|0|50px|0&#8243; custom_padding_phone=&#8221;&#8221; transparent_background=&#8221;off&#8221; padding_mobile=&#8221;off&#8221; make_fullwidth=&#8221;off&#8221; use_custom_width=&#8221;off&#8221; width_unit=&#8221;off&#8221; custom_width_px=&#8221;1080px&#8221; custom_width_percent=&#8221;80%&#8221;][et_pb_row column_structure=&#8221;2_3,1_3&#8243; padding_mobile=&#8221;off&#8221; column_padding_mobile=&#8221;on&#8221; admin_label=&#8221;Linha&#8221; _builder_version=&#8221;3.25&#8243; background_size=&#8221;initial&#8221; background_position=&#8221;top_left&#8221; background_repeat=&#8221;repeat&#8221; make_fullwidth=&#8221;off&#8221; use_custom_width=&#8221;off&#8221; width_unit=&#8221;off&#8221; custom_width_px=&#8221;1080px&#8221; custom_width_percent=&#8221;80%&#8221;][et_pb_column type=&#8221;2_3&#8243; _builder_version=&#8221;3.25&#8243; custom_padding=&#8221;|||&#8221; custom_padding__hover=&#8221;|||&#8221;][et_pb_text admin_label=&#8221;Texto&#8221; _builder_version=&#8221;4.5.3&#8243; background_size=&#8221;initial&#8221; background_position=&#8221;top_left&#8221; background_repeat=&#8221;repeat&#8221; custom_padding=&#8221;||0px|||&#8221; use_border_color=&#8221;off&#8221;]<\/p>\n<p><span style=\"font-weight: 400;\">No dia 14 de novembro, pelas 10h10, os alunos do 12.\u00ba I participaram novamente na atividade \u201cUma hora de Conversa com\u2026 a ex-aluna Iv\u00e2nia Gomes que terminou no ano letivo anterior o Curso de Imagem Interativa e que se encontra atualmente a frequentar o Curso de Rela\u00e7\u00f5es Internacionais. Duarte uma hora, a Goi\u00e2nia partilhou com os alunos a sua experi\u00eancia de conce\u00e7\u00e3o e elabora\u00e7\u00e3o da Prova de Aptid\u00e3o Art\u00edstica (PAA), contando, na\u00a0 primeira pessoa, as ang\u00fastias,\u00a0 as ansiedades, as dificuldades, mas tamb\u00e9m mostrando que tudo se consegue com trabalho, m\u00e9todo e paix\u00e3o pelo projeto que se vai desenvolvendo e que culminar\u00e1 num produto que refletir\u00e1 os tr\u00eas anos de aprendizagem no IAI.<\/span><\/p>\n<p>[\/et_pb_text][et_pb_image src=&#8221;http:\/\/iai.pt\/web\/wp-content\/uploads\/2023\/06\/image2.jpeg&#8221; alt=&#8221;Halloween Gallery&#8221; title_text=&#8221;image2&#8243; _builder_version=&#8221;4.5.3&#8243; _module_preset=&#8221;default&#8221; custom_padding=&#8221;|||0px||&#8221; hover_enabled=&#8221;0&#8243;][\/et_pb_image][\/et_pb_column][et_pb_column type=&#8221;1_3&#8243; _builder_version=&#8221;3.25&#8243; custom_padding=&#8221;|||&#8221; custom_padding__hover=&#8221;|||&#8221;][et_pb_image src=&#8221;http:\/\/iai.pt\/web\/wp-content\/uploads\/2023\/06\/22_uma-hora-conversa-ivania-gomes.png&#8221; alt=&#8221;Halloween&#8221; title_text=&#8221;22_uma-hora-conversa-ivania-gomes&#8221; align_tablet=&#8221;center&#8221; align_phone=&#8221;&#8221; align_last_edited=&#8221;on|desktop&#8221; admin_label=&#8221;Imagem&#8221; _builder_version=&#8221;4.5.3&#8243; animation_style=&#8221;slide&#8221; animation_direction=&#8221;left&#8221; animation_duration=&#8221;500ms&#8221; animation_intensity_slide=&#8221;10%&#8221; hover_enabled=&#8221;0&#8243; use_border_color=&#8221;off&#8221;][\/et_pb_image][et_pb_image src=&#8221;http:\/\/iai.pt\/web\/wp-content\/uploads\/2023\/06\/image0.jpeg&#8221; alt=&#8221;Halloween Gallery&#8221; title_text=&#8221;image0&#8243; _builder_version=&#8221;4.5.3&#8243; _module_preset=&#8221;default&#8221; width=&#8221;100%&#8221; custom_padding=&#8221;|0px||||&#8221; hover_enabled=&#8221;0&#8243;][\/et_pb_image][et_pb_image src=&#8221;http:\/\/iai.pt\/web\/wp-content\/uploads\/2023\/06\/image1.jpeg&#8221; alt=&#8221;Halloween Gallery&#8221; title_text=&#8221;image1&#8243; _builder_version=&#8221;4.5.3&#8243; _module_preset=&#8221;default&#8221; custom_margin=&#8221;|3px||||&#8221; custom_padding=&#8221;|0px||0px||&#8221; hover_enabled=&#8221;0&#8243;][\/et_pb_image][\/et_pb_column][\/et_pb_row][\/et_pb_section]<\/p>\n","protected":false},"excerpt":{"rendered":"<p>No dia 14 de novembro, pelas 10h10, os alunos do 12.\u00ba I participaram novamente na atividade \u201cUma hora de Conversa com\u2026 a ex-aluna Iv\u00e2nia Gomes que terminou no ano letivo anterior o Curso de Imagem Interativa e que se encontra atualmente a frequentar o Curso de Rela\u00e7\u00f5es Internacionais. Duarte uma hora, a Goi\u00e2nia partilhou com [&hellip;]<\/p>\n","protected":false},"author":1,"featured_media":14280,"comment_status":"open","ping_status":"open","sticky":false,"template":"","format":"standard","meta":{"_et_pb_use_builder":"on","_et_pb_old_content":"","_et_gb_content_width":"","footnotes":""},"categories":[60],"tags":[],"class_list":["post-14279","post","type-post","status-publish","format-standard","has-post-thumbnail","hentry","category-noticias"],"aioseo_notices":[],"_links":{"self":[{"href":"http:\/\/iai.pt\/web\/wp-json\/wp\/v2\/posts\/14279","targetHints":{"allow":["GET"]}}],"collection":[{"href":"http:\/\/iai.pt\/web\/wp-json\/wp\/v2\/posts"}],"about":[{"href":"http:\/\/iai.pt\/web\/wp-json\/wp\/v2\/types\/post"}],"author":[{"embeddable":true,"href":"http:\/\/iai.pt\/web\/wp-json\/wp\/v2\/users\/1"}],"replies":[{"embeddable":true,"href":"http:\/\/iai.pt\/web\/wp-json\/wp\/v2\/comments?post=14279"}],"version-history":[{"count":1,"href":"http:\/\/iai.pt\/web\/wp-json\/wp\/v2\/posts\/14279\/revisions"}],"predecessor-version":[{"id":14284,"href":"http:\/\/iai.pt\/web\/wp-json\/wp\/v2\/posts\/14279\/revisions\/14284"}],"wp:featuredmedia":[{"embeddable":true,"href":"http:\/\/iai.pt\/web\/wp-json\/wp\/v2\/media\/14280"}],"wp:attachment":[{"href":"http:\/\/iai.pt\/web\/wp-json\/wp\/v2\/media?parent=14279"}],"wp:term":[{"taxonomy":"category","embeddable":true,"href":"http:\/\/iai.pt\/web\/wp-json\/wp\/v2\/categories?post=14279"},{"taxonomy":"post_tag","embeddable":true,"href":"http:\/\/iai.pt\/web\/wp-json\/wp\/v2\/tags?post=14279"}],"curies":[{"name":"wp","href":"https:\/\/api.w.org\/{rel}","templated":true}]}}