{"id":14656,"date":"2023-09-27T16:16:06","date_gmt":"2023-09-27T15:16:06","guid":{"rendered":"http:\/\/iai.pt\/web\/?p=14656"},"modified":"2023-10-02T16:17:35","modified_gmt":"2023-10-02T15:17:35","slug":"paa-ex-alunos-as-de-2022-2023","status":"publish","type":"post","link":"http:\/\/iai.pt\/web\/arquivos\/14656","title":{"rendered":"PAA, ex-alunos\/as de 2022.2023"},"content":{"rendered":"<p>[et_pb_section fb_built=&#8221;1&#8243; _builder_version=&#8221;4.5.3&#8243; _module_preset=&#8221;default&#8221; custom_padding=&#8221;0px|||||&#8221;][et_pb_row _builder_version=&#8221;4.5.3&#8243; _module_preset=&#8221;default&#8221;][et_pb_column type=&#8221;4_4&#8243; _builder_version=&#8221;4.5.3&#8243; _module_preset=&#8221;default&#8221;][et_pb_text _builder_version=&#8221;4.5.3&#8243; _module_preset=&#8221;default&#8221; custom_padding=&#8221;|0px||||&#8221;]<\/p>\n<div class=\"xdj266r x11i5rnm xat24cr x1mh8g0r x1vvkbs x126k92a\">\n<div dir=\"auto\"><span style=\"font-size: 14px;\"><span style=\"font-weight: 400;\">No dia 27 de setembro deu-se in\u00edcio \u00e0 rubrica &#8220;Uma Hora de Conversa com&#8230;&#8221; os nossos ex-aluno\/as: Sandro Santos, M\u00aa Clara Santana. Diogo Sousa e Sofia Silva, que partilharam com os alunos do 12\u00baI e 12\u00baIA ano todas as etapas que estiveram na base da\u00a0 conce\u00e7\u00e3o e elabora\u00e7\u00e3o do Projeto da Prova de Aptid\u00e3o Art\u00edstica (PAA). \u00c9 sempre motivo de orgulho poder contar com a presen\u00e7a dos ex-alunos, assim como com a experi\u00eancia j\u00e1 vivenciada de uma fase t\u00e3o determinante para todos os finalistas.<\/span><\/span><\/div>\n<\/div>\n<p>[\/et_pb_text][\/et_pb_column][\/et_pb_row][et_pb_row _builder_version=&#8221;4.5.3&#8243; _module_preset=&#8221;default&#8221; column_structure=&#8221;1_2,1_2&#8243;][et_pb_column type=&#8221;1_2&#8243; _builder_version=&#8221;4.5.3&#8243; _module_preset=&#8221;default&#8221;][et_pb_image src=&#8221;http:\/\/iai.pt\/web\/wp-content\/uploads\/2023\/10\/1.png&#8221; title_text=&#8221;1&#8243; _builder_version=&#8221;4.5.3&#8243; _module_preset=&#8221;default&#8221; hover_enabled=&#8221;0&#8243;][\/et_pb_image][et_pb_image src=&#8221;http:\/\/iai.pt\/web\/wp-content\/uploads\/2023\/10\/4.png&#8221; title_text=&#8221;4&#8243; _builder_version=&#8221;4.5.3&#8243; _module_preset=&#8221;default&#8221; hover_enabled=&#8221;0&#8243;][\/et_pb_image][\/et_pb_column][et_pb_column _builder_version=&#8221;4.5.3&#8243; _module_preset=&#8221;default&#8221; type=&#8221;1_2&#8243;][et_pb_image src=&#8221;http:\/\/iai.pt\/web\/wp-content\/uploads\/2023\/10\/3.png&#8221; _builder_version=&#8221;4.5.3&#8243; _module_preset=&#8221;default&#8221; title_text=&#8221;3&#8243; hover_enabled=&#8221;0&#8243;][\/et_pb_image][et_pb_image src=&#8221;http:\/\/iai.pt\/web\/wp-content\/uploads\/2023\/10\/2.png&#8221; _builder_version=&#8221;4.5.3&#8243; _module_preset=&#8221;default&#8221; title_text=&#8221;2&#8243; hover_enabled=&#8221;0&#8243;][\/et_pb_image][\/et_pb_column][\/et_pb_row][\/et_pb_section]<\/p>\n","protected":false},"excerpt":{"rendered":"<p>No dia 27 de setembro deu-se in\u00edcio \u00e0 rubrica &#8220;Uma Hora de Conversa com&#8230;&#8221; os nossos ex-aluno\/as: Sandro Santos, M\u00aa Clara Santana. Diogo Sousa e Sofia Silva, que partilharam com os alunos do 12\u00baI e 12\u00baIA ano todas as etapas que estiveram na base da\u00a0 conce\u00e7\u00e3o e elabora\u00e7\u00e3o do Projeto da Prova de Aptid\u00e3o Art\u00edstica [&hellip;]<\/p>\n","protected":false},"author":1,"featured_media":14657,"comment_status":"open","ping_status":"open","sticky":false,"template":"","format":"standard","meta":{"_et_pb_use_builder":"on","_et_pb_old_content":"","_et_gb_content_width":"","footnotes":"","_members_access_role":[],"_members_access_error":""},"categories":[123],"tags":[],"class_list":["post-14656","post","type-post","status-publish","format-standard","has-post-thumbnail","hentry","category-uma-hora-de-conversa-com"],"aioseo_notices":[],"aioseo_head":"\n\t\t<!-- All in One SEO 4.9.10 - aioseo.com -->\n\t<meta name=\"description\" content=\"No dia 27 de setembro deu-se in\u00edcio \u00e0 rubrica \u201cUma Hora de Conversa com\u2026\u201d os nossos ex-aluno\/as: Sandro Santos, M\u00aa Clara Santana. Diogo Sousa e Sofia Silva, que partilharam com os alunos do 12\u00baI e 12\u00baIA ano todas as etapas que estiveram na base da conce\u00e7\u00e3o e elabora\u00e7\u00e3o do Projeto da Prova de Aptid\u00e3o Art\u00edstica\" \/>\n\t<meta name=\"robots\" content=\"max-image-preview:large\" \/>\n\t<meta name=\"author\" content=\"admin\"\/>\n\t<link rel=\"canonical\" href=\"http:\/\/iai.pt\/web\/arquivos\/14656\" \/>\n\t<meta name=\"generator\" content=\"All in One SEO (AIOSEO) 4.9.10\" \/>\n\t\t<meta property=\"og:locale\" content=\"pt_PT\" \/>\n\t\t<meta property=\"og:site_name\" content=\"IAI - Escola Art\u00edstica\" \/>\n\t\t<meta property=\"og:type\" content=\"article\" \/>\n\t\t<meta property=\"og:title\" content=\"PAA, ex-alunos\/as de 2022.2023 - IAI\" \/>\n\t\t<meta property=\"og:description\" content=\"No dia 27 de setembro deu-se in\u00edcio \u00e0 rubrica \u201cUma Hora de Conversa com\u2026\u201d os nossos ex-aluno\/as: Sandro Santos, M\u00aa Clara Santana. Diogo Sousa e Sofia Silva, que partilharam com os alunos do 12\u00baI e 12\u00baIA ano todas as etapas que estiveram na base da conce\u00e7\u00e3o e elabora\u00e7\u00e3o do Projeto da Prova de Aptid\u00e3o Art\u00edstica\" \/>\n\t\t<meta property=\"og:url\" content=\"http:\/\/iai.pt\/web\/arquivos\/14656\" \/>\n\t\t<meta property=\"og:image\" content=\"http:\/\/iai.pt\/web\/wp-content\/uploads\/2023\/05\/seo-logo.png\" \/>\n\t\t<meta property=\"og:image:width\" content=\"105\" \/>\n\t\t<meta property=\"og:image:height\" content=\"112\" \/>\n\t\t<meta property=\"article:published_time\" content=\"2023-09-27T15:16:06+00:00\" \/>\n\t\t<meta property=\"article:modified_time\" content=\"2023-10-02T15:17:35+00:00\" \/>\n\t\t<meta property=\"article:publisher\" content=\"https:\/\/www.facebook.com\/instituto.das.artes.imagem\" \/>\n\t\t<meta name=\"twitter:card\" content=\"summary_large_image\" \/>\n\t\t<meta name=\"twitter:title\" content=\"PAA, ex-alunos\/as de 2022.2023 - IAI\" \/>\n\t\t<meta name=\"twitter:description\" content=\"No dia 27 de setembro deu-se in\u00edcio \u00e0 rubrica \u201cUma Hora de Conversa com\u2026\u201d os nossos ex-aluno\/as: Sandro Santos, M\u00aa Clara Santana. Diogo Sousa e Sofia Silva, que partilharam com os alunos do 12\u00baI e 12\u00baIA ano todas as etapas que estiveram na base da conce\u00e7\u00e3o e elabora\u00e7\u00e3o do Projeto da Prova de Aptid\u00e3o Art\u00edstica\" \/>\n\t\t<meta name=\"twitter:image\" content=\"http:\/\/iai.pt\/web\/wp-content\/uploads\/2023\/05\/seo-logo.png\" \/>\n\t\t<script type=\"application\/ld+json\" class=\"aioseo-schema\">\n\t\t\t{\"@context\":\"https:\\\/\\\/schema.org\",\"@graph\":[{\"@type\":\"BlogPosting\",\"@id\":\"http:\\\/\\\/iai.pt\\\/web\\\/arquivos\\\/14656#blogposting\",\"name\":\"PAA, ex-alunos\\\/as de 2022.2023 - IAI\",\"headline\":\"PAA, ex-alunos\\\/as de 2022.2023\",\"author\":{\"@id\":\"http:\\\/\\\/iai.pt\\\/web\\\/arquivos\\\/author\\\/admin#author\"},\"publisher\":{\"@id\":\"http:\\\/\\\/iai.pt\\\/web\\\/#organization\"},\"image\":{\"@type\":\"ImageObject\",\"url\":\"http:\\\/\\\/iai.pt\\\/web\\\/wp-content\\\/uploads\\\/2023\\\/10\\\/capa_Uma-Hora-de-Conversa-Com.png\",\"width\":1920,\"height\":1080},\"datePublished\":\"2023-09-27T16:16:06+01:00\",\"dateModified\":\"2023-10-02T16:17:35+01:00\",\"inLanguage\":\"pt-PT\",\"mainEntityOfPage\":{\"@id\":\"http:\\\/\\\/iai.pt\\\/web\\\/arquivos\\\/14656#webpage\"},\"isPartOf\":{\"@id\":\"http:\\\/\\\/iai.pt\\\/web\\\/arquivos\\\/14656#webpage\"},\"articleSection\":\"Uma Hora de Conversa com...\"},{\"@type\":\"BreadcrumbList\",\"@id\":\"http:\\\/\\\/iai.pt\\\/web\\\/arquivos\\\/14656#breadcrumblist\",\"itemListElement\":[{\"@type\":\"ListItem\",\"@id\":\"http:\\\/\\\/iai.pt\\\/web#listItem\",\"position\":1,\"name\":\"In\\u00edcio\",\"item\":\"http:\\\/\\\/iai.pt\\\/web\",\"nextItem\":{\"@type\":\"ListItem\",\"@id\":\"http:\\\/\\\/iai.pt\\\/web\\\/arquivos\\\/category\\\/uma-hora-de-conversa-com#listItem\",\"name\":\"Uma Hora de Conversa com...\"}},{\"@type\":\"ListItem\",\"@id\":\"http:\\\/\\\/iai.pt\\\/web\\\/arquivos\\\/category\\\/uma-hora-de-conversa-com#listItem\",\"position\":2,\"name\":\"Uma Hora de Conversa com...\",\"item\":\"http:\\\/\\\/iai.pt\\\/web\\\/arquivos\\\/category\\\/uma-hora-de-conversa-com\",\"nextItem\":{\"@type\":\"ListItem\",\"@id\":\"http:\\\/\\\/iai.pt\\\/web\\\/arquivos\\\/14656#listItem\",\"name\":\"PAA, ex-alunos\\\/as de 2022.2023\"},\"previousItem\":{\"@type\":\"ListItem\",\"@id\":\"http:\\\/\\\/iai.pt\\\/web#listItem\",\"name\":\"In\\u00edcio\"}},{\"@type\":\"ListItem\",\"@id\":\"http:\\\/\\\/iai.pt\\\/web\\\/arquivos\\\/14656#listItem\",\"position\":3,\"name\":\"PAA, ex-alunos\\\/as de 2022.2023\",\"previousItem\":{\"@type\":\"ListItem\",\"@id\":\"http:\\\/\\\/iai.pt\\\/web\\\/arquivos\\\/category\\\/uma-hora-de-conversa-com#listItem\",\"name\":\"Uma Hora de Conversa com...\"}}]},{\"@type\":\"Organization\",\"@id\":\"http:\\\/\\\/iai.pt\\\/web\\\/#organization\",\"name\":\"Instituto das Artes e da Imagem\",\"description\":\"Escola Art\\u00edstica\",\"url\":\"http:\\\/\\\/iai.pt\\\/web\\\/\",\"telephone\":\"+351222000757\",\"logo\":{\"@type\":\"ImageObject\",\"url\":\"http:\\\/\\\/iai.pt\\\/web\\\/wp-content\\\/uploads\\\/2023\\\/05\\\/seo-logo.png\",\"@id\":\"http:\\\/\\\/iai.pt\\\/web\\\/arquivos\\\/14656\\\/#organizationLogo\",\"width\":105,\"height\":112},\"image\":{\"@id\":\"http:\\\/\\\/iai.pt\\\/web\\\/arquivos\\\/14656\\\/#organizationLogo\"},\"sameAs\":[\"https:\\\/\\\/www.facebook.com\\\/instituto.das.artes.imagem\",\"https:\\\/\\\/www.instagram.com\\\/iai_escola_de_artes\\\/\",\"https:\\\/\\\/www.youtube.com\\\/iaiwebmaster\"]},{\"@type\":\"Person\",\"@id\":\"http:\\\/\\\/iai.pt\\\/web\\\/arquivos\\\/author\\\/admin#author\",\"url\":\"http:\\\/\\\/iai.pt\\\/web\\\/arquivos\\\/author\\\/admin\",\"name\":\"admin\",\"image\":{\"@type\":\"ImageObject\",\"@id\":\"http:\\\/\\\/iai.pt\\\/web\\\/arquivos\\\/14656#authorImage\",\"url\":\"https:\\\/\\\/secure.gravatar.com\\\/avatar\\\/bad9c1ed8261989cbd54cb5e8fc92988405a8dc9925b0838cc9c034113770b1e?s=96&d=mm&r=g\",\"width\":96,\"height\":96,\"caption\":\"admin\"}},{\"@type\":\"WebPage\",\"@id\":\"http:\\\/\\\/iai.pt\\\/web\\\/arquivos\\\/14656#webpage\",\"url\":\"http:\\\/\\\/iai.pt\\\/web\\\/arquivos\\\/14656\",\"name\":\"PAA, ex-alunos\\\/as de 2022.2023 - IAI\",\"description\":\"No dia 27 de setembro deu-se in\\u00edcio \\u00e0 rubrica \\u201cUma Hora de Conversa com\\u2026\\u201d os nossos ex-aluno\\\/as: Sandro Santos, M\\u00aa Clara Santana. Diogo Sousa e Sofia Silva, que partilharam com os alunos do 12\\u00baI e 12\\u00baIA ano todas as etapas que estiveram na base da conce\\u00e7\\u00e3o e elabora\\u00e7\\u00e3o do Projeto da Prova de Aptid\\u00e3o Art\\u00edstica\",\"inLanguage\":\"pt-PT\",\"isPartOf\":{\"@id\":\"http:\\\/\\\/iai.pt\\\/web\\\/#website\"},\"breadcrumb\":{\"@id\":\"http:\\\/\\\/iai.pt\\\/web\\\/arquivos\\\/14656#breadcrumblist\"},\"author\":{\"@id\":\"http:\\\/\\\/iai.pt\\\/web\\\/arquivos\\\/author\\\/admin#author\"},\"creator\":{\"@id\":\"http:\\\/\\\/iai.pt\\\/web\\\/arquivos\\\/author\\\/admin#author\"},\"image\":{\"@type\":\"ImageObject\",\"url\":\"http:\\\/\\\/iai.pt\\\/web\\\/wp-content\\\/uploads\\\/2023\\\/10\\\/capa_Uma-Hora-de-Conversa-Com.png\",\"@id\":\"http:\\\/\\\/iai.pt\\\/web\\\/arquivos\\\/14656\\\/#mainImage\",\"width\":1920,\"height\":1080},\"primaryImageOfPage\":{\"@id\":\"http:\\\/\\\/iai.pt\\\/web\\\/arquivos\\\/14656#mainImage\"},\"datePublished\":\"2023-09-27T16:16:06+01:00\",\"dateModified\":\"2023-10-02T16:17:35+01:00\"},{\"@type\":\"WebSite\",\"@id\":\"http:\\\/\\\/iai.pt\\\/web\\\/#website\",\"url\":\"http:\\\/\\\/iai.pt\\\/web\\\/\",\"name\":\"IAI\",\"alternateName\":\"iai\",\"description\":\"Escola Art\\u00edstica\",\"inLanguage\":\"pt-PT\",\"publisher\":{\"@id\":\"http:\\\/\\\/iai.pt\\\/web\\\/#organization\"}}]}\n\t\t<\/script>\n\t\t<!-- All in One SEO -->\n\n","aioseo_head_json":{"title":"PAA, ex-alunos\/as de 2022.2023 - IAI","description":"No dia 27 de setembro deu-se in\u00edcio \u00e0 rubrica \u201cUma Hora de Conversa com\u2026\u201d os nossos ex-aluno\/as: Sandro Santos, M\u00aa Clara Santana. Diogo Sousa e Sofia Silva, que partilharam com os alunos do 12\u00baI e 12\u00baIA ano todas as etapas que estiveram na base da conce\u00e7\u00e3o e elabora\u00e7\u00e3o do Projeto da Prova de Aptid\u00e3o Art\u00edstica","canonical_url":"http:\/\/iai.pt\/web\/arquivos\/14656","robots":"max-image-preview:large","keywords":"","webmasterTools":{"miscellaneous":""},"schema":{"@context":"https:\/\/schema.org","@graph":[{"@type":"BlogPosting","@id":"http:\/\/iai.pt\/web\/arquivos\/14656#blogposting","name":"PAA, ex-alunos\/as de 2022.2023 - IAI","headline":"PAA, ex-alunos\/as de 2022.2023","author":{"@id":"http:\/\/iai.pt\/web\/arquivos\/author\/admin#author"},"publisher":{"@id":"http:\/\/iai.pt\/web\/#organization"},"image":{"@type":"ImageObject","url":"http:\/\/iai.pt\/web\/wp-content\/uploads\/2023\/10\/capa_Uma-Hora-de-Conversa-Com.png","width":1920,"height":1080},"datePublished":"2023-09-27T16:16:06+01:00","dateModified":"2023-10-02T16:17:35+01:00","inLanguage":"pt-PT","mainEntityOfPage":{"@id":"http:\/\/iai.pt\/web\/arquivos\/14656#webpage"},"isPartOf":{"@id":"http:\/\/iai.pt\/web\/arquivos\/14656#webpage"},"articleSection":"Uma Hora de Conversa com..."},{"@type":"BreadcrumbList","@id":"http:\/\/iai.pt\/web\/arquivos\/14656#breadcrumblist","itemListElement":[{"@type":"ListItem","@id":"http:\/\/iai.pt\/web#listItem","position":1,"name":"In\u00edcio","item":"http:\/\/iai.pt\/web","nextItem":{"@type":"ListItem","@id":"http:\/\/iai.pt\/web\/arquivos\/category\/uma-hora-de-conversa-com#listItem","name":"Uma Hora de Conversa com..."}},{"@type":"ListItem","@id":"http:\/\/iai.pt\/web\/arquivos\/category\/uma-hora-de-conversa-com#listItem","position":2,"name":"Uma Hora de Conversa com...","item":"http:\/\/iai.pt\/web\/arquivos\/category\/uma-hora-de-conversa-com","nextItem":{"@type":"ListItem","@id":"http:\/\/iai.pt\/web\/arquivos\/14656#listItem","name":"PAA, ex-alunos\/as de 2022.2023"},"previousItem":{"@type":"ListItem","@id":"http:\/\/iai.pt\/web#listItem","name":"In\u00edcio"}},{"@type":"ListItem","@id":"http:\/\/iai.pt\/web\/arquivos\/14656#listItem","position":3,"name":"PAA, ex-alunos\/as de 2022.2023","previousItem":{"@type":"ListItem","@id":"http:\/\/iai.pt\/web\/arquivos\/category\/uma-hora-de-conversa-com#listItem","name":"Uma Hora de Conversa com..."}}]},{"@type":"Organization","@id":"http:\/\/iai.pt\/web\/#organization","name":"Instituto das Artes e da Imagem","description":"Escola Art\u00edstica","url":"http:\/\/iai.pt\/web\/","telephone":"+351222000757","logo":{"@type":"ImageObject","url":"http:\/\/iai.pt\/web\/wp-content\/uploads\/2023\/05\/seo-logo.png","@id":"http:\/\/iai.pt\/web\/arquivos\/14656\/#organizationLogo","width":105,"height":112},"image":{"@id":"http:\/\/iai.pt\/web\/arquivos\/14656\/#organizationLogo"},"sameAs":["https:\/\/www.facebook.com\/instituto.das.artes.imagem","https:\/\/www.instagram.com\/iai_escola_de_artes\/","https:\/\/www.youtube.com\/iaiwebmaster"]},{"@type":"Person","@id":"http:\/\/iai.pt\/web\/arquivos\/author\/admin#author","url":"http:\/\/iai.pt\/web\/arquivos\/author\/admin","name":"admin","image":{"@type":"ImageObject","@id":"http:\/\/iai.pt\/web\/arquivos\/14656#authorImage","url":"https:\/\/secure.gravatar.com\/avatar\/bad9c1ed8261989cbd54cb5e8fc92988405a8dc9925b0838cc9c034113770b1e?s=96&d=mm&r=g","width":96,"height":96,"caption":"admin"}},{"@type":"WebPage","@id":"http:\/\/iai.pt\/web\/arquivos\/14656#webpage","url":"http:\/\/iai.pt\/web\/arquivos\/14656","name":"PAA, ex-alunos\/as de 2022.2023 - IAI","description":"No dia 27 de setembro deu-se in\u00edcio \u00e0 rubrica \u201cUma Hora de Conversa com\u2026\u201d os nossos ex-aluno\/as: Sandro Santos, M\u00aa Clara Santana. Diogo Sousa e Sofia Silva, que partilharam com os alunos do 12\u00baI e 12\u00baIA ano todas as etapas que estiveram na base da conce\u00e7\u00e3o e elabora\u00e7\u00e3o do Projeto da Prova de Aptid\u00e3o Art\u00edstica","inLanguage":"pt-PT","isPartOf":{"@id":"http:\/\/iai.pt\/web\/#website"},"breadcrumb":{"@id":"http:\/\/iai.pt\/web\/arquivos\/14656#breadcrumblist"},"author":{"@id":"http:\/\/iai.pt\/web\/arquivos\/author\/admin#author"},"creator":{"@id":"http:\/\/iai.pt\/web\/arquivos\/author\/admin#author"},"image":{"@type":"ImageObject","url":"http:\/\/iai.pt\/web\/wp-content\/uploads\/2023\/10\/capa_Uma-Hora-de-Conversa-Com.png","@id":"http:\/\/iai.pt\/web\/arquivos\/14656\/#mainImage","width":1920,"height":1080},"primaryImageOfPage":{"@id":"http:\/\/iai.pt\/web\/arquivos\/14656#mainImage"},"datePublished":"2023-09-27T16:16:06+01:00","dateModified":"2023-10-02T16:17:35+01:00"},{"@type":"WebSite","@id":"http:\/\/iai.pt\/web\/#website","url":"http:\/\/iai.pt\/web\/","name":"IAI","alternateName":"iai","description":"Escola Art\u00edstica","inLanguage":"pt-PT","publisher":{"@id":"http:\/\/iai.pt\/web\/#organization"}}]},"og:locale":"pt_PT","og:site_name":"IAI - Escola Art\u00edstica","og:type":"article","og:title":"PAA, ex-alunos\/as de 2022.2023 - IAI","og:description":"No dia 27 de setembro deu-se in\u00edcio \u00e0 rubrica \u201cUma Hora de Conversa com\u2026\u201d os nossos ex-aluno\/as: Sandro Santos, M\u00aa Clara Santana. Diogo Sousa e Sofia Silva, que partilharam com os alunos do 12\u00baI e 12\u00baIA ano todas as etapas que estiveram na base da conce\u00e7\u00e3o e elabora\u00e7\u00e3o do Projeto da Prova de Aptid\u00e3o Art\u00edstica","og:url":"http:\/\/iai.pt\/web\/arquivos\/14656","og:image":"http:\/\/iai.pt\/web\/wp-content\/uploads\/2023\/05\/seo-logo.png","og:image:width":105,"og:image:height":112,"article:published_time":"2023-09-27T15:16:06+00:00","article:modified_time":"2023-10-02T15:17:35+00:00","article:publisher":"https:\/\/www.facebook.com\/instituto.das.artes.imagem","twitter:card":"summary_large_image","twitter:title":"PAA, ex-alunos\/as de 2022.2023 - IAI","twitter:description":"No dia 27 de setembro deu-se in\u00edcio \u00e0 rubrica \u201cUma Hora de Conversa com\u2026\u201d os nossos ex-aluno\/as: Sandro Santos, M\u00aa Clara Santana. Diogo Sousa e Sofia Silva, que partilharam com os alunos do 12\u00baI e 12\u00baIA ano todas as etapas que estiveram na base da conce\u00e7\u00e3o e elabora\u00e7\u00e3o do Projeto da Prova de Aptid\u00e3o Art\u00edstica","twitter:image":"http:\/\/iai.pt\/web\/wp-content\/uploads\/2023\/05\/seo-logo.png"},"aioseo_meta_data":{"post_id":"14656","title":null,"description":null,"keywords":[],"keyphrases":{"focus":{"keyphrase":"","score":0,"analysis":{"keyphraseInTitle":{"score":0,"maxScore":9,"error":1}}},"additional":[]},"primary_term":null,"canonical_url":null,"og_title":null,"og_description":null,"og_object_type":"default","og_image_type":"default","og_image_url":null,"og_image_width":null,"og_image_height":null,"og_image_custom_url":null,"og_image_custom_fields":null,"og_video":"","og_custom_url":null,"og_article_section":null,"og_article_tags":[],"twitter_use_og":false,"twitter_card":"default","twitter_image_type":"default","twitter_image_url":null,"twitter_image_custom_url":null,"twitter_image_custom_fields":null,"twitter_title":null,"twitter_description":null,"schema":{"blockGraphs":[],"customGraphs":[],"default":{"data":{"Article":[],"Course":[],"Dataset":[],"FAQPage":[],"Movie":[],"Person":[],"Product":[],"ProductReview":[],"Car":[],"Recipe":[],"Service":[],"SoftwareApplication":[],"WebPage":[]},"graphName":"","isEnabled":true},"graphs":[]},"schema_type":"default","schema_type_options":null,"pillar_content":false,"robots_default":true,"robots_noindex":false,"robots_noarchive":false,"robots_nosnippet":false,"robots_nofollow":false,"robots_noimageindex":false,"robots_noodp":false,"robots_notranslate":false,"robots_max_snippet":"-1","robots_max_videopreview":"-1","robots_max_imagepreview":"large","priority":null,"frequency":"default","local_seo":null,"breadcrumb_settings":null,"limit_modified_date":false,"ai":null,"created":"2023-10-02 15:10:32","updated":"2025-06-09 20:36:06","seo_analyzer_scan_date":null},"aioseo_breadcrumb":"<div class=\"aioseo-breadcrumbs\"><span class=\"aioseo-breadcrumb\">\n\t\t\t<a href=\"http:\/\/iai.pt\/web\" title=\"In\u00edcio\">In\u00edcio<\/a>\n\t\t<\/span><span class=\"aioseo-breadcrumb-separator\">\u00bb<\/span><span class=\"aioseo-breadcrumb\">\n\t\t\t<a href=\"http:\/\/iai.pt\/web\/arquivos\/category\/uma-hora-de-conversa-com\" title=\"Uma Hora de Conversa com...\">Uma Hora de Conversa com...<\/a>\n\t\t<\/span><span class=\"aioseo-breadcrumb-separator\">\u00bb<\/span><span class=\"aioseo-breadcrumb\">\n\t\t\tPAA, ex-alunos\/as de 2022.2023\n\t\t<\/span><\/div>","aioseo_breadcrumb_json":[{"label":"In\u00edcio","link":"http:\/\/iai.pt\/web"},{"label":"Uma Hora de Conversa com...","link":"http:\/\/iai.pt\/web\/arquivos\/category\/uma-hora-de-conversa-com"},{"label":"PAA, ex-alunos\/as de 2022.2023","link":"http:\/\/iai.pt\/web\/arquivos\/14656"}],"_links":{"self":[{"href":"http:\/\/iai.pt\/web\/wp-json\/wp\/v2\/posts\/14656","targetHints":{"allow":["GET"]}}],"collection":[{"href":"http:\/\/iai.pt\/web\/wp-json\/wp\/v2\/posts"}],"about":[{"href":"http:\/\/iai.pt\/web\/wp-json\/wp\/v2\/types\/post"}],"author":[{"embeddable":true,"href":"http:\/\/iai.pt\/web\/wp-json\/wp\/v2\/users\/1"}],"replies":[{"embeddable":true,"href":"http:\/\/iai.pt\/web\/wp-json\/wp\/v2\/comments?post=14656"}],"version-history":[{"count":1,"href":"http:\/\/iai.pt\/web\/wp-json\/wp\/v2\/posts\/14656\/revisions"}],"predecessor-version":[{"id":14658,"href":"http:\/\/iai.pt\/web\/wp-json\/wp\/v2\/posts\/14656\/revisions\/14658"}],"wp:featuredmedia":[{"embeddable":true,"href":"http:\/\/iai.pt\/web\/wp-json\/wp\/v2\/media\/14657"}],"wp:attachment":[{"href":"http:\/\/iai.pt\/web\/wp-json\/wp\/v2\/media?parent=14656"}],"wp:term":[{"taxonomy":"category","embeddable":true,"href":"http:\/\/iai.pt\/web\/wp-json\/wp\/v2\/categories?post=14656"},{"taxonomy":"post_tag","embeddable":true,"href":"http:\/\/iai.pt\/web\/wp-json\/wp\/v2\/tags?post=14656"}],"curies":[{"name":"wp","href":"https:\/\/api.w.org\/{rel}","templated":true}]}}