{"id":14674,"date":"2023-10-10T15:13:44","date_gmt":"2023-10-10T14:13:44","guid":{"rendered":"http:\/\/iai.pt\/web\/?p=14674"},"modified":"2023-10-11T16:01:32","modified_gmt":"2023-10-11T15:01:32","slug":"espaco-de-disseminacao-das-oportunidades-europeias-no-jardim-soares-dos-reis","status":"publish","type":"post","link":"http:\/\/iai.pt\/web\/arquivos\/14674","title":{"rendered":"Espa\u00e7o de Dissemina\u00e7\u00e3o das Oportunidades Europeias no Jardim Soares dos Reis"},"content":{"rendered":"<p>[et_pb_section fb_built=&#8221;1&#8243; custom_padding_last_edited=&#8221;on|desktop&#8221; admin_label=&#8221;Se\u00e7\u00e3o&#8221; _builder_version=&#8221;3.22&#8243; custom_padding_tablet=&#8221;50px|0|50px|0&#8243; custom_padding_phone=&#8221;&#8221; transparent_background=&#8221;off&#8221; padding_mobile=&#8221;off&#8221; make_fullwidth=&#8221;off&#8221; use_custom_width=&#8221;off&#8221; width_unit=&#8221;off&#8221; custom_width_px=&#8221;1080px&#8221; custom_width_percent=&#8221;80%&#8221;][et_pb_row padding_mobile=&#8221;off&#8221; column_padding_mobile=&#8221;on&#8221; admin_label=&#8221;Linha&#8221; _builder_version=&#8221;3.25&#8243; background_size=&#8221;initial&#8221; background_position=&#8221;top_left&#8221; background_repeat=&#8221;repeat&#8221; make_fullwidth=&#8221;off&#8221; use_custom_width=&#8221;off&#8221; width_unit=&#8221;off&#8221; custom_width_px=&#8221;1080px&#8221; custom_width_percent=&#8221;80%&#8221;][et_pb_column type=&#8221;4_4&#8243; _builder_version=&#8221;3.25&#8243; custom_padding=&#8221;|||&#8221; custom_padding__hover=&#8221;|||&#8221;][et_pb_text admin_label=&#8221;Texto&#8221; _builder_version=&#8221;4.5.3&#8243; background_size=&#8221;initial&#8221; background_position=&#8221;top_left&#8221; background_repeat=&#8221;repeat&#8221; custom_margin=&#8221;|0px||||&#8221; custom_padding=&#8221;|0px|0px|||&#8221; use_border_color=&#8221;off&#8221;]<\/p>\n<p><span style=\"font-weight: 400;\">No dia 10 de outubro, as turmas do 11\u00ba ano dos cursos de Imagem Interativa, Desenho de Arquitetura, Design de Equipamento e Comunica\u00e7\u00e3o e Servi\u00e7o Digital tiveram o privil\u00e9gio de participar no <em>Roadshow <\/em>2023, dinamizado pela ag\u00eancia nacional Erasmus +, no Jardim Soares dos Reis. Atrav\u00e9s de din\u00e2micas de educa\u00e7\u00e3o n\u00e3o formal, os alunos foram informados sobre os programas Erasmus+ e o Corpo Europeu de Solidariedade. Ainda tiveram oportunidade de participar em v\u00e1rios jogos l\u00fadicos sobre a Uni\u00e3o Europeia. Foi um momento\u00a0 enriquecedor que semeou em v\u00e1rios alunos o desejo de se candidatarem \u00e0s oportunidades europeias apresentadas.<\/span><\/p>\n<p>[\/et_pb_text][et_pb_image src=&#8221;http:\/\/iai.pt\/web\/wp-content\/uploads\/2023\/10\/site_complemento.png&#8221; alt=&#8221;Halloween Gallery&#8221; title_text=&#8221;site_complemento&#8221; _builder_version=&#8221;4.5.3&#8243; _module_preset=&#8221;default&#8221; custom_padding=&#8221;|0px||0px||&#8221; hover_enabled=&#8221;0&#8243;][\/et_pb_image][\/et_pb_column][\/et_pb_row][\/et_pb_section]<\/p>\n","protected":false},"excerpt":{"rendered":"<p>No dia 10 de outubro, as turmas do 11\u00ba ano dos cursos de Imagem Interativa, Desenho de Arquitetura, Design de Equipamento e Comunica\u00e7\u00e3o e Servi\u00e7o Digital tiveram o privil\u00e9gio de participar no Roadshow 2023, dinamizado pela ag\u00eancia nacional Erasmus +, no Jardim Soares dos Reis. Atrav\u00e9s de din\u00e2micas de educa\u00e7\u00e3o n\u00e3o formal, os alunos foram [&hellip;]<\/p>\n","protected":false},"author":1,"featured_media":14675,"comment_status":"open","ping_status":"open","sticky":false,"template":"","format":"standard","meta":{"_et_pb_use_builder":"on","_et_pb_old_content":"","_et_gb_content_width":"","footnotes":""},"categories":[60],"tags":[],"class_list":["post-14674","post","type-post","status-publish","format-standard","has-post-thumbnail","hentry","category-noticias"],"aioseo_notices":[],"_links":{"self":[{"href":"http:\/\/iai.pt\/web\/wp-json\/wp\/v2\/posts\/14674","targetHints":{"allow":["GET"]}}],"collection":[{"href":"http:\/\/iai.pt\/web\/wp-json\/wp\/v2\/posts"}],"about":[{"href":"http:\/\/iai.pt\/web\/wp-json\/wp\/v2\/types\/post"}],"author":[{"embeddable":true,"href":"http:\/\/iai.pt\/web\/wp-json\/wp\/v2\/users\/1"}],"replies":[{"embeddable":true,"href":"http:\/\/iai.pt\/web\/wp-json\/wp\/v2\/comments?post=14674"}],"version-history":[{"count":1,"href":"http:\/\/iai.pt\/web\/wp-json\/wp\/v2\/posts\/14674\/revisions"}],"predecessor-version":[{"id":14676,"href":"http:\/\/iai.pt\/web\/wp-json\/wp\/v2\/posts\/14674\/revisions\/14676"}],"wp:featuredmedia":[{"embeddable":true,"href":"http:\/\/iai.pt\/web\/wp-json\/wp\/v2\/media\/14675"}],"wp:attachment":[{"href":"http:\/\/iai.pt\/web\/wp-json\/wp\/v2\/media?parent=14674"}],"wp:term":[{"taxonomy":"category","embeddable":true,"href":"http:\/\/iai.pt\/web\/wp-json\/wp\/v2\/categories?post=14674"},{"taxonomy":"post_tag","embeddable":true,"href":"http:\/\/iai.pt\/web\/wp-json\/wp\/v2\/tags?post=14674"}],"curies":[{"name":"wp","href":"https:\/\/api.w.org\/{rel}","templated":true}]}}