{"id":14773,"date":"2023-11-17T15:42:04","date_gmt":"2023-11-17T15:42:04","guid":{"rendered":"http:\/\/iai.pt\/web\/?p=14773"},"modified":"2023-11-22T16:01:50","modified_gmt":"2023-11-22T16:01:50","slug":"diogo-sousa-projeto-e-livro-tracos-dalma","status":"publish","type":"post","link":"http:\/\/iai.pt\/web\/arquivos\/14773","title":{"rendered":"Diogo Sousa: Projeto e Livro &#8220;Tra\u00e7os d&#8217;Alma&#8221;"},"content":{"rendered":"<p>[et_pb_section fb_built=&#8221;1&#8243; custom_padding_last_edited=&#8221;on|desktop&#8221; admin_label=&#8221;Se\u00e7\u00e3o&#8221; _builder_version=&#8221;3.22&#8243; custom_padding_tablet=&#8221;50px|0|50px|0&#8243; custom_padding_phone=&#8221;&#8221; transparent_background=&#8221;off&#8221; padding_mobile=&#8221;off&#8221; make_fullwidth=&#8221;off&#8221; use_custom_width=&#8221;off&#8221; width_unit=&#8221;off&#8221; custom_width_px=&#8221;1080px&#8221; custom_width_percent=&#8221;80%&#8221;][et_pb_row padding_mobile=&#8221;off&#8221; column_padding_mobile=&#8221;on&#8221; admin_label=&#8221;Linha&#8221; _builder_version=&#8221;3.25&#8243; background_size=&#8221;initial&#8221; background_position=&#8221;top_left&#8221; background_repeat=&#8221;repeat&#8221; make_fullwidth=&#8221;off&#8221; use_custom_width=&#8221;off&#8221; width_unit=&#8221;off&#8221; custom_width_px=&#8221;1080px&#8221; custom_width_percent=&#8221;80%&#8221;][et_pb_column type=&#8221;4_4&#8243; _builder_version=&#8221;3.25&#8243; custom_padding=&#8221;|||&#8221; custom_padding__hover=&#8221;|||&#8221;][et_pb_text admin_label=&#8221;Texto&#8221; _builder_version=&#8221;4.5.3&#8243; background_size=&#8221;initial&#8221; background_position=&#8221;top_left&#8221; background_repeat=&#8221;repeat&#8221; custom_margin=&#8221;|0px||||&#8221; custom_padding=&#8221;|0px|0px|||&#8221; use_border_color=&#8221;off&#8221;]<\/p>\n<p><span style=\"font-weight: 400;\">Mais uma iniciativa de &#8220;Uma Hora de Conversa com\u2026\u201d o ex-aluno Diogo Sousa. Na turma do 10.\u00ba do Curso de Imagem Interativa, no \u00e2mbito da disciplina de Portugu\u00eas. Um momento de partilha da &#8220;Pausa do Diogo&#8221; &#8211; um projeto digital criado a partir das Pausas do Sil\u00eancio desenvolvidas em contexto sala de aula, atualmente,\u00a0 materializado num livro &#8220;Tra\u00e7os D&#8217;Alma&#8221;. Um exemplo de sonho, de trabalho e de concretiza\u00e7\u00e3o. Obrigada, Diogo, por mostrares a verdade do verso de Ricardo Reis &#8220;P\u00f5e quanto \u00e9s no m\u00ednimo que fazes&#8221;.<\/span><\/p>\n<p>[\/et_pb_text][et_pb_image src=&#8221;http:\/\/iai.pt\/web\/wp-content\/uploads\/2023\/11\/Imagem-WhatsApp-2023-11-17-\u00e0s-15.22.30_07e1cb09.jpg&#8221; alt=&#8221;Halloween Gallery&#8221; title_text=&#8221;Imagem WhatsApp 2023-11-17 \u00e0s 15.22.30_07e1cb09&#8243; _builder_version=&#8221;4.5.3&#8243; _module_preset=&#8221;default&#8221; custom_padding=&#8221;|0px||0px||&#8221; hover_enabled=&#8221;0&#8243;][\/et_pb_image][\/et_pb_column][\/et_pb_row][\/et_pb_section]<\/p>\n","protected":false},"excerpt":{"rendered":"<p>Mais uma iniciativa de &#8220;Uma Hora de Conversa com\u2026\u201d o ex-aluno Diogo Sousa. Na turma do 10.\u00ba do Curso de Imagem Interativa, no \u00e2mbito da disciplina de Portugu\u00eas. Um momento de partilha da &#8220;Pausa do Diogo&#8221; &#8211; um projeto digital criado a partir das Pausas do Sil\u00eancio desenvolvidas em contexto sala de aula, atualmente,\u00a0 materializado [&hellip;]<\/p>\n","protected":false},"author":1,"featured_media":14780,"comment_status":"open","ping_status":"open","sticky":false,"template":"","format":"standard","meta":{"_et_pb_use_builder":"on","_et_pb_old_content":"","_et_gb_content_width":"","footnotes":"","_members_access_role":[],"_members_access_error":""},"categories":[123],"tags":[],"class_list":["post-14773","post","type-post","status-publish","format-standard","has-post-thumbnail","hentry","category-uma-hora-de-conversa-com"],"aioseo_notices":[],"aioseo_head":"\n\t\t<!-- All in One SEO 4.9.10 - aioseo.com -->\n\t<meta name=\"description\" content=\"Mais uma iniciativa de \u201cUma Hora de Conversa com\u2026\u201d o ex-aluno Diogo Sousa. Na turma do 10.\u00ba do Curso de Imagem Interativa, no \u00e2mbito da disciplina de Portugu\u00eas. Um momento de partilha da \u201cPausa do Diogo\u201d \u2013 um projeto digital criado a partir das Pausas do Sil\u00eancio desenvolvidas em contexto sala de aula, atualmente, materializado\" \/>\n\t<meta name=\"robots\" content=\"max-image-preview:large\" \/>\n\t<meta name=\"author\" content=\"admin\"\/>\n\t<link rel=\"canonical\" href=\"http:\/\/iai.pt\/web\/arquivos\/14773\" \/>\n\t<meta name=\"generator\" content=\"All in One SEO (AIOSEO) 4.9.10\" \/>\n\t\t<meta property=\"og:locale\" content=\"pt_PT\" \/>\n\t\t<meta property=\"og:site_name\" content=\"IAI - Escola Art\u00edstica\" \/>\n\t\t<meta property=\"og:type\" content=\"article\" \/>\n\t\t<meta property=\"og:title\" content=\"Diogo Sousa: Projeto e Livro \u201cTra\u00e7os d\u2019Alma\u201d - IAI\" \/>\n\t\t<meta property=\"og:description\" content=\"Mais uma iniciativa de \u201cUma Hora de Conversa com\u2026\u201d o ex-aluno Diogo Sousa. Na turma do 10.\u00ba do Curso de Imagem Interativa, no \u00e2mbito da disciplina de Portugu\u00eas. Um momento de partilha da \u201cPausa do Diogo\u201d \u2013 um projeto digital criado a partir das Pausas do Sil\u00eancio desenvolvidas em contexto sala de aula, atualmente, materializado\" \/>\n\t\t<meta property=\"og:url\" content=\"http:\/\/iai.pt\/web\/arquivos\/14773\" \/>\n\t\t<meta property=\"og:image\" content=\"http:\/\/iai.pt\/web\/wp-content\/uploads\/2023\/05\/seo-logo.png\" \/>\n\t\t<meta property=\"og:image:width\" content=\"105\" \/>\n\t\t<meta property=\"og:image:height\" content=\"112\" \/>\n\t\t<meta property=\"article:published_time\" content=\"2023-11-17T15:42:04+00:00\" \/>\n\t\t<meta property=\"article:modified_time\" content=\"2023-11-22T16:01:50+00:00\" \/>\n\t\t<meta property=\"article:publisher\" content=\"https:\/\/www.facebook.com\/instituto.das.artes.imagem\" \/>\n\t\t<meta name=\"twitter:card\" content=\"summary_large_image\" \/>\n\t\t<meta name=\"twitter:title\" content=\"Diogo Sousa: Projeto e Livro \u201cTra\u00e7os d\u2019Alma\u201d - IAI\" \/>\n\t\t<meta name=\"twitter:description\" content=\"Mais uma iniciativa de \u201cUma Hora de Conversa com\u2026\u201d o ex-aluno Diogo Sousa. Na turma do 10.\u00ba do Curso de Imagem Interativa, no \u00e2mbito da disciplina de Portugu\u00eas. Um momento de partilha da \u201cPausa do Diogo\u201d \u2013 um projeto digital criado a partir das Pausas do Sil\u00eancio desenvolvidas em contexto sala de aula, atualmente, materializado\" \/>\n\t\t<meta name=\"twitter:image\" content=\"http:\/\/iai.pt\/web\/wp-content\/uploads\/2023\/05\/seo-logo.png\" \/>\n\t\t<script type=\"application\/ld+json\" class=\"aioseo-schema\">\n\t\t\t{\"@context\":\"https:\\\/\\\/schema.org\",\"@graph\":[{\"@type\":\"BlogPosting\",\"@id\":\"http:\\\/\\\/iai.pt\\\/web\\\/arquivos\\\/14773#blogposting\",\"name\":\"Diogo Sousa: Projeto e Livro \\u201cTra\\u00e7os d\\u2019Alma\\u201d - IAI\",\"headline\":\"Diogo Sousa: Projeto e Livro &#8220;Tra\\u00e7os d&#8217;Alma&#8221;\",\"author\":{\"@id\":\"http:\\\/\\\/iai.pt\\\/web\\\/arquivos\\\/author\\\/admin#author\"},\"publisher\":{\"@id\":\"http:\\\/\\\/iai.pt\\\/web\\\/#organization\"},\"image\":{\"@type\":\"ImageObject\",\"url\":\"http:\\\/\\\/iai.pt\\\/web\\\/wp-content\\\/uploads\\\/2023\\\/11\\\/Uma-Hora-de-Conversa-Com_.png\",\"width\":1920,\"height\":1080},\"datePublished\":\"2023-11-17T15:42:04+00:00\",\"dateModified\":\"2023-11-22T16:01:50+00:00\",\"inLanguage\":\"pt-PT\",\"mainEntityOfPage\":{\"@id\":\"http:\\\/\\\/iai.pt\\\/web\\\/arquivos\\\/14773#webpage\"},\"isPartOf\":{\"@id\":\"http:\\\/\\\/iai.pt\\\/web\\\/arquivos\\\/14773#webpage\"},\"articleSection\":\"Uma Hora de Conversa com...\"},{\"@type\":\"BreadcrumbList\",\"@id\":\"http:\\\/\\\/iai.pt\\\/web\\\/arquivos\\\/14773#breadcrumblist\",\"itemListElement\":[{\"@type\":\"ListItem\",\"@id\":\"http:\\\/\\\/iai.pt\\\/web#listItem\",\"position\":1,\"name\":\"In\\u00edcio\",\"item\":\"http:\\\/\\\/iai.pt\\\/web\",\"nextItem\":{\"@type\":\"ListItem\",\"@id\":\"http:\\\/\\\/iai.pt\\\/web\\\/arquivos\\\/category\\\/uma-hora-de-conversa-com#listItem\",\"name\":\"Uma Hora de Conversa com...\"}},{\"@type\":\"ListItem\",\"@id\":\"http:\\\/\\\/iai.pt\\\/web\\\/arquivos\\\/category\\\/uma-hora-de-conversa-com#listItem\",\"position\":2,\"name\":\"Uma Hora de Conversa com...\",\"item\":\"http:\\\/\\\/iai.pt\\\/web\\\/arquivos\\\/category\\\/uma-hora-de-conversa-com\",\"nextItem\":{\"@type\":\"ListItem\",\"@id\":\"http:\\\/\\\/iai.pt\\\/web\\\/arquivos\\\/14773#listItem\",\"name\":\"Diogo Sousa: Projeto e Livro &#8220;Tra\\u00e7os d&#8217;Alma&#8221;\"},\"previousItem\":{\"@type\":\"ListItem\",\"@id\":\"http:\\\/\\\/iai.pt\\\/web#listItem\",\"name\":\"In\\u00edcio\"}},{\"@type\":\"ListItem\",\"@id\":\"http:\\\/\\\/iai.pt\\\/web\\\/arquivos\\\/14773#listItem\",\"position\":3,\"name\":\"Diogo Sousa: Projeto e Livro &#8220;Tra\\u00e7os d&#8217;Alma&#8221;\",\"previousItem\":{\"@type\":\"ListItem\",\"@id\":\"http:\\\/\\\/iai.pt\\\/web\\\/arquivos\\\/category\\\/uma-hora-de-conversa-com#listItem\",\"name\":\"Uma Hora de Conversa com...\"}}]},{\"@type\":\"Organization\",\"@id\":\"http:\\\/\\\/iai.pt\\\/web\\\/#organization\",\"name\":\"Instituto das Artes e da Imagem\",\"description\":\"Escola Art\\u00edstica\",\"url\":\"http:\\\/\\\/iai.pt\\\/web\\\/\",\"telephone\":\"+351222000757\",\"logo\":{\"@type\":\"ImageObject\",\"url\":\"http:\\\/\\\/iai.pt\\\/web\\\/wp-content\\\/uploads\\\/2023\\\/05\\\/seo-logo.png\",\"@id\":\"http:\\\/\\\/iai.pt\\\/web\\\/arquivos\\\/14773\\\/#organizationLogo\",\"width\":105,\"height\":112},\"image\":{\"@id\":\"http:\\\/\\\/iai.pt\\\/web\\\/arquivos\\\/14773\\\/#organizationLogo\"},\"sameAs\":[\"https:\\\/\\\/www.facebook.com\\\/instituto.das.artes.imagem\",\"https:\\\/\\\/www.instagram.com\\\/iai_escola_de_artes\\\/\",\"https:\\\/\\\/www.youtube.com\\\/iaiwebmaster\"]},{\"@type\":\"Person\",\"@id\":\"http:\\\/\\\/iai.pt\\\/web\\\/arquivos\\\/author\\\/admin#author\",\"url\":\"http:\\\/\\\/iai.pt\\\/web\\\/arquivos\\\/author\\\/admin\",\"name\":\"admin\",\"image\":{\"@type\":\"ImageObject\",\"@id\":\"http:\\\/\\\/iai.pt\\\/web\\\/arquivos\\\/14773#authorImage\",\"url\":\"https:\\\/\\\/secure.gravatar.com\\\/avatar\\\/bad9c1ed8261989cbd54cb5e8fc92988405a8dc9925b0838cc9c034113770b1e?s=96&d=mm&r=g\",\"width\":96,\"height\":96,\"caption\":\"admin\"}},{\"@type\":\"WebPage\",\"@id\":\"http:\\\/\\\/iai.pt\\\/web\\\/arquivos\\\/14773#webpage\",\"url\":\"http:\\\/\\\/iai.pt\\\/web\\\/arquivos\\\/14773\",\"name\":\"Diogo Sousa: Projeto e Livro \\u201cTra\\u00e7os d\\u2019Alma\\u201d - IAI\",\"description\":\"Mais uma iniciativa de \\u201cUma Hora de Conversa com\\u2026\\u201d o ex-aluno Diogo Sousa. Na turma do 10.\\u00ba do Curso de Imagem Interativa, no \\u00e2mbito da disciplina de Portugu\\u00eas. Um momento de partilha da \\u201cPausa do Diogo\\u201d \\u2013 um projeto digital criado a partir das Pausas do Sil\\u00eancio desenvolvidas em contexto sala de aula, atualmente, materializado\",\"inLanguage\":\"pt-PT\",\"isPartOf\":{\"@id\":\"http:\\\/\\\/iai.pt\\\/web\\\/#website\"},\"breadcrumb\":{\"@id\":\"http:\\\/\\\/iai.pt\\\/web\\\/arquivos\\\/14773#breadcrumblist\"},\"author\":{\"@id\":\"http:\\\/\\\/iai.pt\\\/web\\\/arquivos\\\/author\\\/admin#author\"},\"creator\":{\"@id\":\"http:\\\/\\\/iai.pt\\\/web\\\/arquivos\\\/author\\\/admin#author\"},\"image\":{\"@type\":\"ImageObject\",\"url\":\"http:\\\/\\\/iai.pt\\\/web\\\/wp-content\\\/uploads\\\/2023\\\/11\\\/Uma-Hora-de-Conversa-Com_.png\",\"@id\":\"http:\\\/\\\/iai.pt\\\/web\\\/arquivos\\\/14773\\\/#mainImage\",\"width\":1920,\"height\":1080},\"primaryImageOfPage\":{\"@id\":\"http:\\\/\\\/iai.pt\\\/web\\\/arquivos\\\/14773#mainImage\"},\"datePublished\":\"2023-11-17T15:42:04+00:00\",\"dateModified\":\"2023-11-22T16:01:50+00:00\"},{\"@type\":\"WebSite\",\"@id\":\"http:\\\/\\\/iai.pt\\\/web\\\/#website\",\"url\":\"http:\\\/\\\/iai.pt\\\/web\\\/\",\"name\":\"IAI\",\"alternateName\":\"iai\",\"description\":\"Escola Art\\u00edstica\",\"inLanguage\":\"pt-PT\",\"publisher\":{\"@id\":\"http:\\\/\\\/iai.pt\\\/web\\\/#organization\"}}]}\n\t\t<\/script>\n\t\t<!-- All in One SEO -->\n\n","aioseo_head_json":{"title":"Diogo Sousa: Projeto e Livro \u201cTra\u00e7os d\u2019Alma\u201d - IAI","description":"Mais uma iniciativa de \u201cUma Hora de Conversa com\u2026\u201d o ex-aluno Diogo Sousa. Na turma do 10.\u00ba do Curso de Imagem Interativa, no \u00e2mbito da disciplina de Portugu\u00eas. Um momento de partilha da \u201cPausa do Diogo\u201d \u2013 um projeto digital criado a partir das Pausas do Sil\u00eancio desenvolvidas em contexto sala de aula, atualmente, materializado","canonical_url":"http:\/\/iai.pt\/web\/arquivos\/14773","robots":"max-image-preview:large","keywords":"","webmasterTools":{"miscellaneous":""},"schema":{"@context":"https:\/\/schema.org","@graph":[{"@type":"BlogPosting","@id":"http:\/\/iai.pt\/web\/arquivos\/14773#blogposting","name":"Diogo Sousa: Projeto e Livro \u201cTra\u00e7os d\u2019Alma\u201d - IAI","headline":"Diogo Sousa: Projeto e Livro &#8220;Tra\u00e7os d&#8217;Alma&#8221;","author":{"@id":"http:\/\/iai.pt\/web\/arquivos\/author\/admin#author"},"publisher":{"@id":"http:\/\/iai.pt\/web\/#organization"},"image":{"@type":"ImageObject","url":"http:\/\/iai.pt\/web\/wp-content\/uploads\/2023\/11\/Uma-Hora-de-Conversa-Com_.png","width":1920,"height":1080},"datePublished":"2023-11-17T15:42:04+00:00","dateModified":"2023-11-22T16:01:50+00:00","inLanguage":"pt-PT","mainEntityOfPage":{"@id":"http:\/\/iai.pt\/web\/arquivos\/14773#webpage"},"isPartOf":{"@id":"http:\/\/iai.pt\/web\/arquivos\/14773#webpage"},"articleSection":"Uma Hora de Conversa com..."},{"@type":"BreadcrumbList","@id":"http:\/\/iai.pt\/web\/arquivos\/14773#breadcrumblist","itemListElement":[{"@type":"ListItem","@id":"http:\/\/iai.pt\/web#listItem","position":1,"name":"In\u00edcio","item":"http:\/\/iai.pt\/web","nextItem":{"@type":"ListItem","@id":"http:\/\/iai.pt\/web\/arquivos\/category\/uma-hora-de-conversa-com#listItem","name":"Uma Hora de Conversa com..."}},{"@type":"ListItem","@id":"http:\/\/iai.pt\/web\/arquivos\/category\/uma-hora-de-conversa-com#listItem","position":2,"name":"Uma Hora de Conversa com...","item":"http:\/\/iai.pt\/web\/arquivos\/category\/uma-hora-de-conversa-com","nextItem":{"@type":"ListItem","@id":"http:\/\/iai.pt\/web\/arquivos\/14773#listItem","name":"Diogo Sousa: Projeto e Livro &#8220;Tra\u00e7os d&#8217;Alma&#8221;"},"previousItem":{"@type":"ListItem","@id":"http:\/\/iai.pt\/web#listItem","name":"In\u00edcio"}},{"@type":"ListItem","@id":"http:\/\/iai.pt\/web\/arquivos\/14773#listItem","position":3,"name":"Diogo Sousa: Projeto e Livro &#8220;Tra\u00e7os d&#8217;Alma&#8221;","previousItem":{"@type":"ListItem","@id":"http:\/\/iai.pt\/web\/arquivos\/category\/uma-hora-de-conversa-com#listItem","name":"Uma Hora de Conversa com..."}}]},{"@type":"Organization","@id":"http:\/\/iai.pt\/web\/#organization","name":"Instituto das Artes e da Imagem","description":"Escola Art\u00edstica","url":"http:\/\/iai.pt\/web\/","telephone":"+351222000757","logo":{"@type":"ImageObject","url":"http:\/\/iai.pt\/web\/wp-content\/uploads\/2023\/05\/seo-logo.png","@id":"http:\/\/iai.pt\/web\/arquivos\/14773\/#organizationLogo","width":105,"height":112},"image":{"@id":"http:\/\/iai.pt\/web\/arquivos\/14773\/#organizationLogo"},"sameAs":["https:\/\/www.facebook.com\/instituto.das.artes.imagem","https:\/\/www.instagram.com\/iai_escola_de_artes\/","https:\/\/www.youtube.com\/iaiwebmaster"]},{"@type":"Person","@id":"http:\/\/iai.pt\/web\/arquivos\/author\/admin#author","url":"http:\/\/iai.pt\/web\/arquivos\/author\/admin","name":"admin","image":{"@type":"ImageObject","@id":"http:\/\/iai.pt\/web\/arquivos\/14773#authorImage","url":"https:\/\/secure.gravatar.com\/avatar\/bad9c1ed8261989cbd54cb5e8fc92988405a8dc9925b0838cc9c034113770b1e?s=96&d=mm&r=g","width":96,"height":96,"caption":"admin"}},{"@type":"WebPage","@id":"http:\/\/iai.pt\/web\/arquivos\/14773#webpage","url":"http:\/\/iai.pt\/web\/arquivos\/14773","name":"Diogo Sousa: Projeto e Livro \u201cTra\u00e7os d\u2019Alma\u201d - IAI","description":"Mais uma iniciativa de \u201cUma Hora de Conversa com\u2026\u201d o ex-aluno Diogo Sousa. Na turma do 10.\u00ba do Curso de Imagem Interativa, no \u00e2mbito da disciplina de Portugu\u00eas. Um momento de partilha da \u201cPausa do Diogo\u201d \u2013 um projeto digital criado a partir das Pausas do Sil\u00eancio desenvolvidas em contexto sala de aula, atualmente, materializado","inLanguage":"pt-PT","isPartOf":{"@id":"http:\/\/iai.pt\/web\/#website"},"breadcrumb":{"@id":"http:\/\/iai.pt\/web\/arquivos\/14773#breadcrumblist"},"author":{"@id":"http:\/\/iai.pt\/web\/arquivos\/author\/admin#author"},"creator":{"@id":"http:\/\/iai.pt\/web\/arquivos\/author\/admin#author"},"image":{"@type":"ImageObject","url":"http:\/\/iai.pt\/web\/wp-content\/uploads\/2023\/11\/Uma-Hora-de-Conversa-Com_.png","@id":"http:\/\/iai.pt\/web\/arquivos\/14773\/#mainImage","width":1920,"height":1080},"primaryImageOfPage":{"@id":"http:\/\/iai.pt\/web\/arquivos\/14773#mainImage"},"datePublished":"2023-11-17T15:42:04+00:00","dateModified":"2023-11-22T16:01:50+00:00"},{"@type":"WebSite","@id":"http:\/\/iai.pt\/web\/#website","url":"http:\/\/iai.pt\/web\/","name":"IAI","alternateName":"iai","description":"Escola Art\u00edstica","inLanguage":"pt-PT","publisher":{"@id":"http:\/\/iai.pt\/web\/#organization"}}]},"og:locale":"pt_PT","og:site_name":"IAI - Escola Art\u00edstica","og:type":"article","og:title":"Diogo Sousa: Projeto e Livro \u201cTra\u00e7os d\u2019Alma\u201d - IAI","og:description":"Mais uma iniciativa de \u201cUma Hora de Conversa com\u2026\u201d o ex-aluno Diogo Sousa. Na turma do 10.\u00ba do Curso de Imagem Interativa, no \u00e2mbito da disciplina de Portugu\u00eas. Um momento de partilha da \u201cPausa do Diogo\u201d \u2013 um projeto digital criado a partir das Pausas do Sil\u00eancio desenvolvidas em contexto sala de aula, atualmente, materializado","og:url":"http:\/\/iai.pt\/web\/arquivos\/14773","og:image":"http:\/\/iai.pt\/web\/wp-content\/uploads\/2023\/05\/seo-logo.png","og:image:width":105,"og:image:height":112,"article:published_time":"2023-11-17T15:42:04+00:00","article:modified_time":"2023-11-22T16:01:50+00:00","article:publisher":"https:\/\/www.facebook.com\/instituto.das.artes.imagem","twitter:card":"summary_large_image","twitter:title":"Diogo Sousa: Projeto e Livro \u201cTra\u00e7os d\u2019Alma\u201d - IAI","twitter:description":"Mais uma iniciativa de \u201cUma Hora de Conversa com\u2026\u201d o ex-aluno Diogo Sousa. Na turma do 10.\u00ba do Curso de Imagem Interativa, no \u00e2mbito da disciplina de Portugu\u00eas. Um momento de partilha da \u201cPausa do Diogo\u201d \u2013 um projeto digital criado a partir das Pausas do Sil\u00eancio desenvolvidas em contexto sala de aula, atualmente, materializado","twitter:image":"http:\/\/iai.pt\/web\/wp-content\/uploads\/2023\/05\/seo-logo.png"},"aioseo_meta_data":{"post_id":"14773","title":null,"description":null,"keywords":[],"keyphrases":{"focus":{"keyphrase":"","score":0,"analysis":{"keyphraseInTitle":{"score":0,"maxScore":9,"error":1}}},"additional":[]},"primary_term":null,"canonical_url":null,"og_title":null,"og_description":null,"og_object_type":"default","og_image_type":"default","og_image_url":null,"og_image_width":null,"og_image_height":null,"og_image_custom_url":null,"og_image_custom_fields":null,"og_video":"","og_custom_url":null,"og_article_section":null,"og_article_tags":[],"twitter_use_og":false,"twitter_card":"default","twitter_image_type":"default","twitter_image_url":null,"twitter_image_custom_url":null,"twitter_image_custom_fields":null,"twitter_title":null,"twitter_description":null,"schema":{"blockGraphs":[],"customGraphs":[],"default":{"data":{"Article":[],"Course":[],"Dataset":[],"FAQPage":[],"Movie":[],"Person":[],"Product":[],"ProductReview":[],"Car":[],"Recipe":[],"Service":[],"SoftwareApplication":[],"WebPage":[]},"graphName":"","isEnabled":true},"graphs":[]},"schema_type":"default","schema_type_options":null,"pillar_content":false,"robots_default":true,"robots_noindex":false,"robots_noarchive":false,"robots_nosnippet":false,"robots_nofollow":false,"robots_noimageindex":false,"robots_noodp":false,"robots_notranslate":false,"robots_max_snippet":"-1","robots_max_videopreview":"-1","robots_max_imagepreview":"large","priority":null,"frequency":"default","local_seo":null,"breadcrumb_settings":null,"limit_modified_date":false,"ai":null,"created":"2023-11-22 15:58:44","updated":"2025-06-09 20:42:58","seo_analyzer_scan_date":null},"aioseo_breadcrumb":"<div class=\"aioseo-breadcrumbs\"><span class=\"aioseo-breadcrumb\">\n\t\t\t<a href=\"http:\/\/iai.pt\/web\" title=\"In\u00edcio\">In\u00edcio<\/a>\n\t\t<\/span><span class=\"aioseo-breadcrumb-separator\">\u00bb<\/span><span class=\"aioseo-breadcrumb\">\n\t\t\t<a href=\"http:\/\/iai.pt\/web\/arquivos\/category\/uma-hora-de-conversa-com\" title=\"Uma Hora de Conversa com...\">Uma Hora de Conversa com...<\/a>\n\t\t<\/span><span class=\"aioseo-breadcrumb-separator\">\u00bb<\/span><span class=\"aioseo-breadcrumb\">\n\t\t\tDiogo Sousa: Projeto e Livro \u201cTra\u00e7os d\u2019Alma\u201d\n\t\t<\/span><\/div>","aioseo_breadcrumb_json":[{"label":"In\u00edcio","link":"http:\/\/iai.pt\/web"},{"label":"Uma Hora de Conversa com...","link":"http:\/\/iai.pt\/web\/arquivos\/category\/uma-hora-de-conversa-com"},{"label":"Diogo Sousa: Projeto e Livro &#8220;Tra\u00e7os d&#8217;Alma&#8221;","link":"http:\/\/iai.pt\/web\/arquivos\/14773"}],"_links":{"self":[{"href":"http:\/\/iai.pt\/web\/wp-json\/wp\/v2\/posts\/14773","targetHints":{"allow":["GET"]}}],"collection":[{"href":"http:\/\/iai.pt\/web\/wp-json\/wp\/v2\/posts"}],"about":[{"href":"http:\/\/iai.pt\/web\/wp-json\/wp\/v2\/types\/post"}],"author":[{"embeddable":true,"href":"http:\/\/iai.pt\/web\/wp-json\/wp\/v2\/users\/1"}],"replies":[{"embeddable":true,"href":"http:\/\/iai.pt\/web\/wp-json\/wp\/v2\/comments?post=14773"}],"version-history":[{"count":1,"href":"http:\/\/iai.pt\/web\/wp-json\/wp\/v2\/posts\/14773\/revisions"}],"predecessor-version":[{"id":14787,"href":"http:\/\/iai.pt\/web\/wp-json\/wp\/v2\/posts\/14773\/revisions\/14787"}],"wp:featuredmedia":[{"embeddable":true,"href":"http:\/\/iai.pt\/web\/wp-json\/wp\/v2\/media\/14780"}],"wp:attachment":[{"href":"http:\/\/iai.pt\/web\/wp-json\/wp\/v2\/media?parent=14773"}],"wp:term":[{"taxonomy":"category","embeddable":true,"href":"http:\/\/iai.pt\/web\/wp-json\/wp\/v2\/categories?post=14773"},{"taxonomy":"post_tag","embeddable":true,"href":"http:\/\/iai.pt\/web\/wp-json\/wp\/v2\/tags?post=14773"}],"curies":[{"name":"wp","href":"https:\/\/api.w.org\/{rel}","templated":true}]}}