{"id":15457,"date":"2024-05-03T20:15:36","date_gmt":"2024-05-03T19:15:36","guid":{"rendered":"https:\/\/iai.pt\/web\/?p=15457"},"modified":"2024-05-06T20:19:01","modified_gmt":"2024-05-06T19:19:01","slug":"visita-a-exposicao-de-yayoi-kusama-em-serralves","status":"publish","type":"post","link":"http:\/\/iai.pt\/web\/arquivos\/15457","title":{"rendered":"Visita \u00e0 exposi\u00e7\u00e3o de Yayoi Kusama em Serralves"},"content":{"rendered":"<p>[et_pb_section fb_built=&#8221;1&#8243; _builder_version=&#8221;4.23.4&#8243; _module_preset=&#8221;default&#8221; global_colors_info=&#8221;{}&#8221; theme_builder_area=&#8221;post_content&#8221;][et_pb_row _builder_version=&#8221;4.23.4&#8243; _module_preset=&#8221;default&#8221; global_colors_info=&#8221;{}&#8221; theme_builder_area=&#8221;post_content&#8221;][et_pb_column type=&#8221;4_4&#8243; _builder_version=&#8221;4.23.4&#8243; _module_preset=&#8221;default&#8221; global_colors_info=&#8221;{}&#8221; theme_builder_area=&#8221;post_content&#8221;][et_pb_text _builder_version=&#8221;4.23.4&#8243; _module_preset=&#8221;default&#8221; global_colors_info=&#8221;{}&#8221; theme_builder_area=&#8221;post_content&#8221;]<\/p>\n<p><span>Nos dias 2 e 3 de maio, as turmas dos Cursos Profissionais e do Ensino Art\u00edstico Especializados dos 10.\u00ba e 11.\u00ba anos visitaram o Museu de Serralves para ver a exposi\u00e7\u00e3o de Yayoi Kusama, uma artista japonesa, cuja obra narra a sua hist\u00f3ria desde a adolesc\u00eancia at\u00e9 \u00e0 atualidade, uma cronologia art\u00edstica que inspira os jovens a explorar a criatividade e a perceber que as diferentes fases da vida podem ser concretizadas em pinturas, desenhos, esculturas, instala\u00e7\u00f5es e materiais de arquivo.<\/span><\/p>\n<p>[\/et_pb_text][et_pb_image src=&#8221;http:\/\/iai.pt\/web\/wp-content\/uploads\/2024\/05\/WhatsApp-Image-2024-05-06-at-16.22.46.jpeg&#8221; title_text=&#8221;WhatsApp Image 2024-05-06 at 16.22.46&#8243; _builder_version=&#8221;4.23.4&#8243; _module_preset=&#8221;default&#8221; hover_enabled=&#8221;0&#8243; global_colors_info=&#8221;{}&#8221; src__hover_enabled=&#8221;on|hover&#8221; src__hover=&#8221;http:\/\/iai.pt\/web\/wp-content\/uploads\/2024\/05\/WhatsApp-Image-2024-05-06-at-16.22.46.jpeg&#8221; theme_builder_area=&#8221;post_content&#8221; sticky_enabled=&#8221;0&#8243;][\/et_pb_image][\/et_pb_column][\/et_pb_row][\/et_pb_section]<\/p>\n","protected":false},"excerpt":{"rendered":"<p>Nos dias 2 e 3 de maio, as turmas dos Cursos Profissionais e do Ensino Art\u00edstico Especializados dos 10.\u00ba e 11.\u00ba anos visitaram o Museu de Serralves para ver a exposi\u00e7\u00e3o de Yayoi Kusama, uma artista japonesa, cuja obra narra a sua hist\u00f3ria desde a adolesc\u00eancia at\u00e9 \u00e0 atualidade, uma cronologia art\u00edstica que inspira os [&hellip;]<\/p>\n","protected":false},"author":1,"featured_media":15459,"comment_status":"open","ping_status":"open","sticky":false,"template":"","format":"standard","meta":{"_et_pb_use_builder":"on","_et_pb_old_content":"","_et_gb_content_width":"","footnotes":"","_members_access_role":[],"_members_access_error":""},"categories":[60],"tags":[],"class_list":["post-15457","post","type-post","status-publish","format-standard","has-post-thumbnail","hentry","category-noticias"],"aioseo_notices":[],"aioseo_head":"\n\t\t<!-- All in One SEO 4.9.10 - aioseo.com -->\n\t<meta name=\"description\" content=\"Nos dias 2 e 3 de maio, as turmas dos Cursos Profissionais e do Ensino Art\u00edstico Especializados dos 10.\u00ba e 11.\u00ba anos visitaram o Museu de Serralves para ver a exposi\u00e7\u00e3o de Yayoi Kusama, uma artista japonesa, cuja obra narra a sua hist\u00f3ria desde a adolesc\u00eancia at\u00e9 \u00e0 atualidade, uma cronologia art\u00edstica que inspira os\" \/>\n\t<meta name=\"robots\" content=\"max-image-preview:large\" \/>\n\t<meta name=\"author\" content=\"admin\"\/>\n\t<link rel=\"canonical\" href=\"http:\/\/iai.pt\/web\/arquivos\/15457\" \/>\n\t<meta name=\"generator\" content=\"All in One SEO (AIOSEO) 4.9.10\" \/>\n\t\t<meta property=\"og:locale\" content=\"pt_PT\" \/>\n\t\t<meta property=\"og:site_name\" content=\"IAI - Escola Art\u00edstica\" \/>\n\t\t<meta property=\"og:type\" content=\"article\" \/>\n\t\t<meta property=\"og:title\" content=\"Visita \u00e0 exposi\u00e7\u00e3o de Yayoi Kusama em Serralves - IAI\" \/>\n\t\t<meta property=\"og:description\" content=\"Nos dias 2 e 3 de maio, as turmas dos Cursos Profissionais e do Ensino Art\u00edstico Especializados dos 10.\u00ba e 11.\u00ba anos visitaram o Museu de Serralves para ver a exposi\u00e7\u00e3o de Yayoi Kusama, uma artista japonesa, cuja obra narra a sua hist\u00f3ria desde a adolesc\u00eancia at\u00e9 \u00e0 atualidade, uma cronologia art\u00edstica que inspira os\" \/>\n\t\t<meta property=\"og:url\" content=\"http:\/\/iai.pt\/web\/arquivos\/15457\" \/>\n\t\t<meta property=\"og:image\" content=\"http:\/\/iai.pt\/web\/wp-content\/uploads\/2023\/05\/seo-logo.png\" \/>\n\t\t<meta property=\"og:image:width\" content=\"105\" \/>\n\t\t<meta property=\"og:image:height\" content=\"112\" \/>\n\t\t<meta property=\"article:published_time\" content=\"2024-05-03T19:15:36+00:00\" \/>\n\t\t<meta property=\"article:modified_time\" content=\"2024-05-06T19:19:01+00:00\" \/>\n\t\t<meta property=\"article:publisher\" content=\"https:\/\/www.facebook.com\/instituto.das.artes.imagem\" \/>\n\t\t<meta name=\"twitter:card\" content=\"summary_large_image\" \/>\n\t\t<meta name=\"twitter:title\" content=\"Visita \u00e0 exposi\u00e7\u00e3o de Yayoi Kusama em Serralves - IAI\" \/>\n\t\t<meta name=\"twitter:description\" content=\"Nos dias 2 e 3 de maio, as turmas dos Cursos Profissionais e do Ensino Art\u00edstico Especializados dos 10.\u00ba e 11.\u00ba anos visitaram o Museu de Serralves para ver a exposi\u00e7\u00e3o de Yayoi Kusama, uma artista japonesa, cuja obra narra a sua hist\u00f3ria desde a adolesc\u00eancia at\u00e9 \u00e0 atualidade, uma cronologia art\u00edstica que inspira os\" \/>\n\t\t<meta name=\"twitter:image\" content=\"http:\/\/iai.pt\/web\/wp-content\/uploads\/2023\/05\/seo-logo.png\" \/>\n\t\t<script type=\"application\/ld+json\" class=\"aioseo-schema\">\n\t\t\t{\"@context\":\"https:\\\/\\\/schema.org\",\"@graph\":[{\"@type\":\"BlogPosting\",\"@id\":\"http:\\\/\\\/iai.pt\\\/web\\\/arquivos\\\/15457#blogposting\",\"name\":\"Visita \\u00e0 exposi\\u00e7\\u00e3o de Yayoi Kusama em Serralves - IAI\",\"headline\":\"Visita \\u00e0 exposi\\u00e7\\u00e3o de Yayoi Kusama em Serralves\",\"author\":{\"@id\":\"http:\\\/\\\/iai.pt\\\/web\\\/arquivos\\\/author\\\/admin#author\"},\"publisher\":{\"@id\":\"http:\\\/\\\/iai.pt\\\/web\\\/#organization\"},\"image\":{\"@type\":\"ImageObject\",\"url\":\"http:\\\/\\\/iai.pt\\\/web\\\/wp-content\\\/uploads\\\/2024\\\/05\\\/WhatsApp-Image-2024-05-06-at-16.22.46.jpeg\",\"width\":719,\"height\":1600},\"datePublished\":\"2024-05-03T20:15:36+01:00\",\"dateModified\":\"2024-05-06T20:19:01+01:00\",\"inLanguage\":\"pt-PT\",\"mainEntityOfPage\":{\"@id\":\"http:\\\/\\\/iai.pt\\\/web\\\/arquivos\\\/15457#webpage\"},\"isPartOf\":{\"@id\":\"http:\\\/\\\/iai.pt\\\/web\\\/arquivos\\\/15457#webpage\"},\"articleSection\":\"Noticias\"},{\"@type\":\"BreadcrumbList\",\"@id\":\"http:\\\/\\\/iai.pt\\\/web\\\/arquivos\\\/15457#breadcrumblist\",\"itemListElement\":[{\"@type\":\"ListItem\",\"@id\":\"http:\\\/\\\/iai.pt\\\/web#listItem\",\"position\":1,\"name\":\"In\\u00edcio\",\"item\":\"http:\\\/\\\/iai.pt\\\/web\",\"nextItem\":{\"@type\":\"ListItem\",\"@id\":\"http:\\\/\\\/iai.pt\\\/web\\\/arquivos\\\/category\\\/noticias#listItem\",\"name\":\"Noticias\"}},{\"@type\":\"ListItem\",\"@id\":\"http:\\\/\\\/iai.pt\\\/web\\\/arquivos\\\/category\\\/noticias#listItem\",\"position\":2,\"name\":\"Noticias\",\"item\":\"http:\\\/\\\/iai.pt\\\/web\\\/arquivos\\\/category\\\/noticias\",\"nextItem\":{\"@type\":\"ListItem\",\"@id\":\"http:\\\/\\\/iai.pt\\\/web\\\/arquivos\\\/15457#listItem\",\"name\":\"Visita \\u00e0 exposi\\u00e7\\u00e3o de Yayoi Kusama em Serralves\"},\"previousItem\":{\"@type\":\"ListItem\",\"@id\":\"http:\\\/\\\/iai.pt\\\/web#listItem\",\"name\":\"In\\u00edcio\"}},{\"@type\":\"ListItem\",\"@id\":\"http:\\\/\\\/iai.pt\\\/web\\\/arquivos\\\/15457#listItem\",\"position\":3,\"name\":\"Visita \\u00e0 exposi\\u00e7\\u00e3o de Yayoi Kusama em Serralves\",\"previousItem\":{\"@type\":\"ListItem\",\"@id\":\"http:\\\/\\\/iai.pt\\\/web\\\/arquivos\\\/category\\\/noticias#listItem\",\"name\":\"Noticias\"}}]},{\"@type\":\"Organization\",\"@id\":\"http:\\\/\\\/iai.pt\\\/web\\\/#organization\",\"name\":\"Instituto das Artes e da Imagem\",\"description\":\"Escola Art\\u00edstica\",\"url\":\"http:\\\/\\\/iai.pt\\\/web\\\/\",\"telephone\":\"+351222000757\",\"logo\":{\"@type\":\"ImageObject\",\"url\":\"http:\\\/\\\/iai.pt\\\/web\\\/wp-content\\\/uploads\\\/2023\\\/05\\\/seo-logo.png\",\"@id\":\"http:\\\/\\\/iai.pt\\\/web\\\/arquivos\\\/15457\\\/#organizationLogo\",\"width\":105,\"height\":112},\"image\":{\"@id\":\"http:\\\/\\\/iai.pt\\\/web\\\/arquivos\\\/15457\\\/#organizationLogo\"},\"sameAs\":[\"https:\\\/\\\/www.facebook.com\\\/instituto.das.artes.imagem\",\"https:\\\/\\\/www.instagram.com\\\/iai_escola_de_artes\\\/\",\"https:\\\/\\\/www.youtube.com\\\/iaiwebmaster\"]},{\"@type\":\"Person\",\"@id\":\"http:\\\/\\\/iai.pt\\\/web\\\/arquivos\\\/author\\\/admin#author\",\"url\":\"http:\\\/\\\/iai.pt\\\/web\\\/arquivos\\\/author\\\/admin\",\"name\":\"admin\",\"image\":{\"@type\":\"ImageObject\",\"@id\":\"http:\\\/\\\/iai.pt\\\/web\\\/arquivos\\\/15457#authorImage\",\"url\":\"https:\\\/\\\/secure.gravatar.com\\\/avatar\\\/bad9c1ed8261989cbd54cb5e8fc92988405a8dc9925b0838cc9c034113770b1e?s=96&d=mm&r=g\",\"width\":96,\"height\":96,\"caption\":\"admin\"}},{\"@type\":\"WebPage\",\"@id\":\"http:\\\/\\\/iai.pt\\\/web\\\/arquivos\\\/15457#webpage\",\"url\":\"http:\\\/\\\/iai.pt\\\/web\\\/arquivos\\\/15457\",\"name\":\"Visita \\u00e0 exposi\\u00e7\\u00e3o de Yayoi Kusama em Serralves - IAI\",\"description\":\"Nos dias 2 e 3 de maio, as turmas dos Cursos Profissionais e do Ensino Art\\u00edstico Especializados dos 10.\\u00ba e 11.\\u00ba anos visitaram o Museu de Serralves para ver a exposi\\u00e7\\u00e3o de Yayoi Kusama, uma artista japonesa, cuja obra narra a sua hist\\u00f3ria desde a adolesc\\u00eancia at\\u00e9 \\u00e0 atualidade, uma cronologia art\\u00edstica que inspira os\",\"inLanguage\":\"pt-PT\",\"isPartOf\":{\"@id\":\"http:\\\/\\\/iai.pt\\\/web\\\/#website\"},\"breadcrumb\":{\"@id\":\"http:\\\/\\\/iai.pt\\\/web\\\/arquivos\\\/15457#breadcrumblist\"},\"author\":{\"@id\":\"http:\\\/\\\/iai.pt\\\/web\\\/arquivos\\\/author\\\/admin#author\"},\"creator\":{\"@id\":\"http:\\\/\\\/iai.pt\\\/web\\\/arquivos\\\/author\\\/admin#author\"},\"image\":{\"@type\":\"ImageObject\",\"url\":\"http:\\\/\\\/iai.pt\\\/web\\\/wp-content\\\/uploads\\\/2024\\\/05\\\/WhatsApp-Image-2024-05-06-at-16.22.46.jpeg\",\"@id\":\"http:\\\/\\\/iai.pt\\\/web\\\/arquivos\\\/15457\\\/#mainImage\",\"width\":719,\"height\":1600},\"primaryImageOfPage\":{\"@id\":\"http:\\\/\\\/iai.pt\\\/web\\\/arquivos\\\/15457#mainImage\"},\"datePublished\":\"2024-05-03T20:15:36+01:00\",\"dateModified\":\"2024-05-06T20:19:01+01:00\"},{\"@type\":\"WebSite\",\"@id\":\"http:\\\/\\\/iai.pt\\\/web\\\/#website\",\"url\":\"http:\\\/\\\/iai.pt\\\/web\\\/\",\"name\":\"IAI\",\"alternateName\":\"iai\",\"description\":\"Escola Art\\u00edstica\",\"inLanguage\":\"pt-PT\",\"publisher\":{\"@id\":\"http:\\\/\\\/iai.pt\\\/web\\\/#organization\"}}]}\n\t\t<\/script>\n\t\t<!-- All in One SEO -->\n\n","aioseo_head_json":{"title":"Visita \u00e0 exposi\u00e7\u00e3o de Yayoi Kusama em Serralves - IAI","description":"Nos dias 2 e 3 de maio, as turmas dos Cursos Profissionais e do Ensino Art\u00edstico Especializados dos 10.\u00ba e 11.\u00ba anos visitaram o Museu de Serralves para ver a exposi\u00e7\u00e3o de Yayoi Kusama, uma artista japonesa, cuja obra narra a sua hist\u00f3ria desde a adolesc\u00eancia at\u00e9 \u00e0 atualidade, uma cronologia art\u00edstica que inspira os","canonical_url":"http:\/\/iai.pt\/web\/arquivos\/15457","robots":"max-image-preview:large","keywords":"","webmasterTools":{"miscellaneous":""},"schema":{"@context":"https:\/\/schema.org","@graph":[{"@type":"BlogPosting","@id":"http:\/\/iai.pt\/web\/arquivos\/15457#blogposting","name":"Visita \u00e0 exposi\u00e7\u00e3o de Yayoi Kusama em Serralves - IAI","headline":"Visita \u00e0 exposi\u00e7\u00e3o de Yayoi Kusama em Serralves","author":{"@id":"http:\/\/iai.pt\/web\/arquivos\/author\/admin#author"},"publisher":{"@id":"http:\/\/iai.pt\/web\/#organization"},"image":{"@type":"ImageObject","url":"http:\/\/iai.pt\/web\/wp-content\/uploads\/2024\/05\/WhatsApp-Image-2024-05-06-at-16.22.46.jpeg","width":719,"height":1600},"datePublished":"2024-05-03T20:15:36+01:00","dateModified":"2024-05-06T20:19:01+01:00","inLanguage":"pt-PT","mainEntityOfPage":{"@id":"http:\/\/iai.pt\/web\/arquivos\/15457#webpage"},"isPartOf":{"@id":"http:\/\/iai.pt\/web\/arquivos\/15457#webpage"},"articleSection":"Noticias"},{"@type":"BreadcrumbList","@id":"http:\/\/iai.pt\/web\/arquivos\/15457#breadcrumblist","itemListElement":[{"@type":"ListItem","@id":"http:\/\/iai.pt\/web#listItem","position":1,"name":"In\u00edcio","item":"http:\/\/iai.pt\/web","nextItem":{"@type":"ListItem","@id":"http:\/\/iai.pt\/web\/arquivos\/category\/noticias#listItem","name":"Noticias"}},{"@type":"ListItem","@id":"http:\/\/iai.pt\/web\/arquivos\/category\/noticias#listItem","position":2,"name":"Noticias","item":"http:\/\/iai.pt\/web\/arquivos\/category\/noticias","nextItem":{"@type":"ListItem","@id":"http:\/\/iai.pt\/web\/arquivos\/15457#listItem","name":"Visita \u00e0 exposi\u00e7\u00e3o de Yayoi Kusama em Serralves"},"previousItem":{"@type":"ListItem","@id":"http:\/\/iai.pt\/web#listItem","name":"In\u00edcio"}},{"@type":"ListItem","@id":"http:\/\/iai.pt\/web\/arquivos\/15457#listItem","position":3,"name":"Visita \u00e0 exposi\u00e7\u00e3o de Yayoi Kusama em Serralves","previousItem":{"@type":"ListItem","@id":"http:\/\/iai.pt\/web\/arquivos\/category\/noticias#listItem","name":"Noticias"}}]},{"@type":"Organization","@id":"http:\/\/iai.pt\/web\/#organization","name":"Instituto das Artes e da Imagem","description":"Escola Art\u00edstica","url":"http:\/\/iai.pt\/web\/","telephone":"+351222000757","logo":{"@type":"ImageObject","url":"http:\/\/iai.pt\/web\/wp-content\/uploads\/2023\/05\/seo-logo.png","@id":"http:\/\/iai.pt\/web\/arquivos\/15457\/#organizationLogo","width":105,"height":112},"image":{"@id":"http:\/\/iai.pt\/web\/arquivos\/15457\/#organizationLogo"},"sameAs":["https:\/\/www.facebook.com\/instituto.das.artes.imagem","https:\/\/www.instagram.com\/iai_escola_de_artes\/","https:\/\/www.youtube.com\/iaiwebmaster"]},{"@type":"Person","@id":"http:\/\/iai.pt\/web\/arquivos\/author\/admin#author","url":"http:\/\/iai.pt\/web\/arquivos\/author\/admin","name":"admin","image":{"@type":"ImageObject","@id":"http:\/\/iai.pt\/web\/arquivos\/15457#authorImage","url":"https:\/\/secure.gravatar.com\/avatar\/bad9c1ed8261989cbd54cb5e8fc92988405a8dc9925b0838cc9c034113770b1e?s=96&d=mm&r=g","width":96,"height":96,"caption":"admin"}},{"@type":"WebPage","@id":"http:\/\/iai.pt\/web\/arquivos\/15457#webpage","url":"http:\/\/iai.pt\/web\/arquivos\/15457","name":"Visita \u00e0 exposi\u00e7\u00e3o de Yayoi Kusama em Serralves - IAI","description":"Nos dias 2 e 3 de maio, as turmas dos Cursos Profissionais e do Ensino Art\u00edstico Especializados dos 10.\u00ba e 11.\u00ba anos visitaram o Museu de Serralves para ver a exposi\u00e7\u00e3o de Yayoi Kusama, uma artista japonesa, cuja obra narra a sua hist\u00f3ria desde a adolesc\u00eancia at\u00e9 \u00e0 atualidade, uma cronologia art\u00edstica que inspira os","inLanguage":"pt-PT","isPartOf":{"@id":"http:\/\/iai.pt\/web\/#website"},"breadcrumb":{"@id":"http:\/\/iai.pt\/web\/arquivos\/15457#breadcrumblist"},"author":{"@id":"http:\/\/iai.pt\/web\/arquivos\/author\/admin#author"},"creator":{"@id":"http:\/\/iai.pt\/web\/arquivos\/author\/admin#author"},"image":{"@type":"ImageObject","url":"http:\/\/iai.pt\/web\/wp-content\/uploads\/2024\/05\/WhatsApp-Image-2024-05-06-at-16.22.46.jpeg","@id":"http:\/\/iai.pt\/web\/arquivos\/15457\/#mainImage","width":719,"height":1600},"primaryImageOfPage":{"@id":"http:\/\/iai.pt\/web\/arquivos\/15457#mainImage"},"datePublished":"2024-05-03T20:15:36+01:00","dateModified":"2024-05-06T20:19:01+01:00"},{"@type":"WebSite","@id":"http:\/\/iai.pt\/web\/#website","url":"http:\/\/iai.pt\/web\/","name":"IAI","alternateName":"iai","description":"Escola Art\u00edstica","inLanguage":"pt-PT","publisher":{"@id":"http:\/\/iai.pt\/web\/#organization"}}]},"og:locale":"pt_PT","og:site_name":"IAI - Escola Art\u00edstica","og:type":"article","og:title":"Visita \u00e0 exposi\u00e7\u00e3o de Yayoi Kusama em Serralves - IAI","og:description":"Nos dias 2 e 3 de maio, as turmas dos Cursos Profissionais e do Ensino Art\u00edstico Especializados dos 10.\u00ba e 11.\u00ba anos visitaram o Museu de Serralves para ver a exposi\u00e7\u00e3o de Yayoi Kusama, uma artista japonesa, cuja obra narra a sua hist\u00f3ria desde a adolesc\u00eancia at\u00e9 \u00e0 atualidade, uma cronologia art\u00edstica que inspira os","og:url":"http:\/\/iai.pt\/web\/arquivos\/15457","og:image":"http:\/\/iai.pt\/web\/wp-content\/uploads\/2023\/05\/seo-logo.png","og:image:width":105,"og:image:height":112,"article:published_time":"2024-05-03T19:15:36+00:00","article:modified_time":"2024-05-06T19:19:01+00:00","article:publisher":"https:\/\/www.facebook.com\/instituto.das.artes.imagem","twitter:card":"summary_large_image","twitter:title":"Visita \u00e0 exposi\u00e7\u00e3o de Yayoi Kusama em Serralves - IAI","twitter:description":"Nos dias 2 e 3 de maio, as turmas dos Cursos Profissionais e do Ensino Art\u00edstico Especializados dos 10.\u00ba e 11.\u00ba anos visitaram o Museu de Serralves para ver a exposi\u00e7\u00e3o de Yayoi Kusama, uma artista japonesa, cuja obra narra a sua hist\u00f3ria desde a adolesc\u00eancia at\u00e9 \u00e0 atualidade, uma cronologia art\u00edstica que inspira os","twitter:image":"http:\/\/iai.pt\/web\/wp-content\/uploads\/2023\/05\/seo-logo.png"},"aioseo_meta_data":{"post_id":"15457","title":null,"description":null,"keywords":[],"keyphrases":{"focus":{"keyphrase":"","score":0,"analysis":{"keyphraseInTitle":{"score":0,"maxScore":9,"error":1}}},"additional":[]},"primary_term":null,"canonical_url":null,"og_title":null,"og_description":null,"og_object_type":"default","og_image_type":"default","og_image_url":null,"og_image_width":null,"og_image_height":null,"og_image_custom_url":null,"og_image_custom_fields":null,"og_video":"","og_custom_url":null,"og_article_section":null,"og_article_tags":[],"twitter_use_og":false,"twitter_card":"default","twitter_image_type":"default","twitter_image_url":null,"twitter_image_custom_url":null,"twitter_image_custom_fields":null,"twitter_title":null,"twitter_description":null,"schema":{"blockGraphs":[],"customGraphs":[],"default":{"data":{"Article":[],"Course":[],"Dataset":[],"FAQPage":[],"Movie":[],"Person":[],"Product":[],"ProductReview":[],"Car":[],"Recipe":[],"Service":[],"SoftwareApplication":[],"WebPage":[]},"graphName":"BlogPosting","isEnabled":true},"graphs":[]},"schema_type":"default","schema_type_options":null,"pillar_content":false,"robots_default":true,"robots_noindex":false,"robots_noarchive":false,"robots_nosnippet":false,"robots_nofollow":false,"robots_noimageindex":false,"robots_noodp":false,"robots_notranslate":false,"robots_max_snippet":"-1","robots_max_videopreview":"-1","robots_max_imagepreview":"large","priority":null,"frequency":"default","local_seo":null,"breadcrumb_settings":null,"limit_modified_date":false,"ai":null,"created":"2024-05-06 19:15:40","updated":"2025-06-09 21:11:04","seo_analyzer_scan_date":null},"aioseo_breadcrumb":"<div class=\"aioseo-breadcrumbs\"><span class=\"aioseo-breadcrumb\">\n\t\t\t<a href=\"http:\/\/iai.pt\/web\" title=\"In\u00edcio\">In\u00edcio<\/a>\n\t\t<\/span><span class=\"aioseo-breadcrumb-separator\">\u00bb<\/span><span class=\"aioseo-breadcrumb\">\n\t\t\t<a href=\"http:\/\/iai.pt\/web\/arquivos\/category\/noticias\" title=\"Noticias\">Noticias<\/a>\n\t\t<\/span><span class=\"aioseo-breadcrumb-separator\">\u00bb<\/span><span class=\"aioseo-breadcrumb\">\n\t\t\tVisita \u00e0 exposi\u00e7\u00e3o de Yayoi Kusama em Serralves\n\t\t<\/span><\/div>","aioseo_breadcrumb_json":[{"label":"In\u00edcio","link":"http:\/\/iai.pt\/web"},{"label":"Noticias","link":"http:\/\/iai.pt\/web\/arquivos\/category\/noticias"},{"label":"Visita \u00e0 exposi\u00e7\u00e3o de Yayoi Kusama em Serralves","link":"http:\/\/iai.pt\/web\/arquivos\/15457"}],"_links":{"self":[{"href":"http:\/\/iai.pt\/web\/wp-json\/wp\/v2\/posts\/15457","targetHints":{"allow":["GET"]}}],"collection":[{"href":"http:\/\/iai.pt\/web\/wp-json\/wp\/v2\/posts"}],"about":[{"href":"http:\/\/iai.pt\/web\/wp-json\/wp\/v2\/types\/post"}],"author":[{"embeddable":true,"href":"http:\/\/iai.pt\/web\/wp-json\/wp\/v2\/users\/1"}],"replies":[{"embeddable":true,"href":"http:\/\/iai.pt\/web\/wp-json\/wp\/v2\/comments?post=15457"}],"version-history":[{"count":2,"href":"http:\/\/iai.pt\/web\/wp-json\/wp\/v2\/posts\/15457\/revisions"}],"predecessor-version":[{"id":15460,"href":"http:\/\/iai.pt\/web\/wp-json\/wp\/v2\/posts\/15457\/revisions\/15460"}],"wp:featuredmedia":[{"embeddable":true,"href":"http:\/\/iai.pt\/web\/wp-json\/wp\/v2\/media\/15459"}],"wp:attachment":[{"href":"http:\/\/iai.pt\/web\/wp-json\/wp\/v2\/media?parent=15457"}],"wp:term":[{"taxonomy":"category","embeddable":true,"href":"http:\/\/iai.pt\/web\/wp-json\/wp\/v2\/categories?post=15457"},{"taxonomy":"post_tag","embeddable":true,"href":"http:\/\/iai.pt\/web\/wp-json\/wp\/v2\/tags?post=15457"}],"curies":[{"name":"wp","href":"https:\/\/api.w.org\/{rel}","templated":true}]}}