{"id":15538,"date":"2024-06-03T10:46:15","date_gmt":"2024-06-03T09:46:15","guid":{"rendered":"https:\/\/iai.pt\/web\/?p=15538"},"modified":"2024-06-03T10:57:31","modified_gmt":"2024-06-03T09:57:31","slug":"grande-premio-do-juri-the-whole-no-concurso-cineastas-digitais","status":"publish","type":"post","link":"http:\/\/iai.pt\/web\/arquivos\/15538","title":{"rendered":"Grande Pr\u00e9mio do J\u00fari &#8220;The (W)hole&#8221; no Concurso Cineastas Digitais"},"content":{"rendered":"\n[et_pb_section fb_built=&#8221;1&#8243; _builder_version=&#8221;4.23.4&#8243; _module_preset=&#8221;default&#8221; global_colors_info=&#8221;{}&#8221; theme_builder_area=&#8221;post_content&#8221;][et_pb_row _builder_version=&#8221;4.23.4&#8243; _module_preset=&#8221;default&#8221; global_colors_info=&#8221;{}&#8221; theme_builder_area=&#8221;post_content&#8221;][et_pb_column type=&#8221;4_4&#8243; _builder_version=&#8221;4.23.4&#8243; _module_preset=&#8221;default&#8221; global_colors_info=&#8221;{}&#8221; theme_builder_area=&#8221;post_content&#8221;][et_pb_text _builder_version=&#8221;4.23.4&#8243; _module_preset=&#8221;default&#8221; global_colors_info=&#8221;{}&#8221; theme_builder_area=&#8221;post_content&#8221;]<p><span style=\"font-weight: 400;\"><span>\u00c9 com imenso orgulho que partilhamos com a comunidade educativa que a curta-metragem \u201cThe (W)hole\u201d da autoria da aluna Sofia Silva venceu (e mereceu) o Grande Pr\u00e9mio do J\u00fari no XVI Concurso Cineastas Digitais 2022-23. Parab\u00e9ns!<\/span><\/span><\/p>[\/et_pb_text][et_pb_image src=&#8221;http:\/\/iai.pt\/web\/wp-content\/uploads\/2024\/06\/thewhole_grandepremiojuri.png&#8221; title_text=&#8221;thewhole_grandepremiojuri&#8221; _builder_version=&#8221;4.23.4&#8243; _module_preset=&#8221;default&#8221; hover_enabled=&#8221;0&#8243; global_colors_info=&#8221;{}&#8221; src__hover_enabled=&#8221;on|hover&#8221; src__hover=&#8221;http:\/\/iai.pt\/web\/wp-content\/uploads\/2024\/06\/thewhole_grandepremiojuri.png&#8221; theme_builder_area=&#8221;post_content&#8221; sticky_enabled=&#8221;0&#8243;][\/et_pb_image][\/et_pb_column][\/et_pb_row][\/et_pb_section]\n","protected":false},"excerpt":{"rendered":"<p>\u00c9 com imenso orgulho que partilhamos com a comunidade educativa que a curta-metragem \u201cThe (W)hole\u201d da autoria da aluna Sofia Silva venceu (e mereceu) o Grande Pr\u00e9mio do J\u00fari no XVI Concurso Cineastas Digitais 2022-23. Parab\u00e9ns!<\/p>\n","protected":false},"author":1,"featured_media":15528,"comment_status":"open","ping_status":"open","sticky":false,"template":"","format":"standard","meta":{"_et_pb_use_builder":"on","_et_pb_old_content":"","_et_gb_content_width":"","footnotes":""},"categories":[99],"tags":[],"class_list":["post-15538","post","type-post","status-publish","format-standard","has-post-thumbnail","hentry","category-premios"],"aioseo_notices":[],"_links":{"self":[{"href":"http:\/\/iai.pt\/web\/wp-json\/wp\/v2\/posts\/15538","targetHints":{"allow":["GET"]}}],"collection":[{"href":"http:\/\/iai.pt\/web\/wp-json\/wp\/v2\/posts"}],"about":[{"href":"http:\/\/iai.pt\/web\/wp-json\/wp\/v2\/types\/post"}],"author":[{"embeddable":true,"href":"http:\/\/iai.pt\/web\/wp-json\/wp\/v2\/users\/1"}],"replies":[{"embeddable":true,"href":"http:\/\/iai.pt\/web\/wp-json\/wp\/v2\/comments?post=15538"}],"version-history":[{"count":3,"href":"http:\/\/iai.pt\/web\/wp-json\/wp\/v2\/posts\/15538\/revisions"}],"predecessor-version":[{"id":15543,"href":"http:\/\/iai.pt\/web\/wp-json\/wp\/v2\/posts\/15538\/revisions\/15543"}],"wp:featuredmedia":[{"embeddable":true,"href":"http:\/\/iai.pt\/web\/wp-json\/wp\/v2\/media\/15528"}],"wp:attachment":[{"href":"http:\/\/iai.pt\/web\/wp-json\/wp\/v2\/media?parent=15538"}],"wp:term":[{"taxonomy":"category","embeddable":true,"href":"http:\/\/iai.pt\/web\/wp-json\/wp\/v2\/categories?post=15538"},{"taxonomy":"post_tag","embeddable":true,"href":"http:\/\/iai.pt\/web\/wp-json\/wp\/v2\/tags?post=15538"}],"curies":[{"name":"wp","href":"https:\/\/api.w.org\/{rel}","templated":true}]}}