{"id":15607,"date":"2024-06-19T10:36:15","date_gmt":"2024-06-19T09:36:15","guid":{"rendered":"https:\/\/iai.pt\/web\/?p=15607"},"modified":"2024-06-19T10:37:50","modified_gmt":"2024-06-19T09:37:50","slug":"selecao-para-concurso-no-smart-film-festival-na-italia","status":"publish","type":"post","link":"http:\/\/iai.pt\/web\/arquivos\/15607","title":{"rendered":"Sele\u00e7\u00e3o para Concurso no Smart Film Festival, na It\u00e1lia"},"content":{"rendered":"<p>[et_pb_section fb_built=&#8221;1&#8243; _builder_version=&#8221;4.23.4&#8243; _module_preset=&#8221;default&#8221; global_colors_info=&#8221;{}&#8221; theme_builder_area=&#8221;post_content&#8221;][et_pb_row _builder_version=&#8221;4.23.4&#8243; _module_preset=&#8221;default&#8221; global_colors_info=&#8221;{}&#8221; theme_builder_area=&#8221;post_content&#8221;][et_pb_column type=&#8221;4_4&#8243; _builder_version=&#8221;4.23.4&#8243; _module_preset=&#8221;default&#8221; global_colors_info=&#8221;{}&#8221; theme_builder_area=&#8221;post_content&#8221;][et_pb_text _builder_version=&#8221;4.23.4&#8243; _module_preset=&#8221;default&#8221; hover_enabled=&#8221;0&#8243; global_colors_info=&#8221;{}&#8221; theme_builder_area=&#8221;post_content&#8221; sticky_enabled=&#8221;0&#8243;]<\/p>\n<p><span style=\"font-weight: 400;\">\u00c9 com imenso orgulho que partilhamos o trailer da curta-metragem \u201cAdeus\u201d da autoria da nossa aluna Beatriz Silva. A curta est\u00e1, atualmente, em concurso na It\u00e1lia, mais precisamente no <\/span><span style=\"font-weight: 400;\">Smart Film Festival<\/span><span style=\"font-weight: 400;\">.<\/span><span style=\"font-weight: 400;\"> For\u00e7a Beatriz! O Instituto das Artes e da Imagem est\u00e1 c\u00e1 a torcer por ti! Parab\u00e9ns!<\/span><\/p>\n<p>[\/et_pb_text][et_pb_image src=&#8221;http:\/\/iai.pt\/web\/wp-content\/uploads\/2024\/06\/22-min.png&#8221; title_text=&#8221;22-min&#8221; _builder_version=&#8221;4.23.4&#8243; _module_preset=&#8221;default&#8221; hover_enabled=&#8221;0&#8243; global_colors_info=&#8221;{}&#8221; src__hover_enabled=&#8221;on|hover&#8221; src__hover=&#8221;http:\/\/iai.pt\/web\/wp-content\/uploads\/2024\/06\/22-min.png&#8221; theme_builder_area=&#8221;post_content&#8221; sticky_enabled=&#8221;0&#8243;][\/et_pb_image][\/et_pb_column][\/et_pb_row][\/et_pb_section]<\/p>\n","protected":false},"excerpt":{"rendered":"<p>\u00c9 com imenso orgulho que partilhamos o trailer da curta-metragem \u201cAdeus\u201d da autoria da nossa aluna Beatriz Silva. A curta est\u00e1, atualmente, em concurso na It\u00e1lia, mais precisamente no Smart Film Festival. For\u00e7a Beatriz! O Instituto das Artes e da Imagem est\u00e1 c\u00e1 a torcer por ti! Parab\u00e9ns!<\/p>\n","protected":false},"author":1,"featured_media":15608,"comment_status":"open","ping_status":"open","sticky":false,"template":"","format":"standard","meta":{"_et_pb_use_builder":"on","_et_pb_old_content":"","_et_gb_content_width":"","footnotes":""},"categories":[99],"tags":[],"class_list":["post-15607","post","type-post","status-publish","format-standard","has-post-thumbnail","hentry","category-premios"],"aioseo_notices":[],"_links":{"self":[{"href":"http:\/\/iai.pt\/web\/wp-json\/wp\/v2\/posts\/15607","targetHints":{"allow":["GET"]}}],"collection":[{"href":"http:\/\/iai.pt\/web\/wp-json\/wp\/v2\/posts"}],"about":[{"href":"http:\/\/iai.pt\/web\/wp-json\/wp\/v2\/types\/post"}],"author":[{"embeddable":true,"href":"http:\/\/iai.pt\/web\/wp-json\/wp\/v2\/users\/1"}],"replies":[{"embeddable":true,"href":"http:\/\/iai.pt\/web\/wp-json\/wp\/v2\/comments?post=15607"}],"version-history":[{"count":2,"href":"http:\/\/iai.pt\/web\/wp-json\/wp\/v2\/posts\/15607\/revisions"}],"predecessor-version":[{"id":15610,"href":"http:\/\/iai.pt\/web\/wp-json\/wp\/v2\/posts\/15607\/revisions\/15610"}],"wp:featuredmedia":[{"embeddable":true,"href":"http:\/\/iai.pt\/web\/wp-json\/wp\/v2\/media\/15608"}],"wp:attachment":[{"href":"http:\/\/iai.pt\/web\/wp-json\/wp\/v2\/media?parent=15607"}],"wp:term":[{"taxonomy":"category","embeddable":true,"href":"http:\/\/iai.pt\/web\/wp-json\/wp\/v2\/categories?post=15607"},{"taxonomy":"post_tag","embeddable":true,"href":"http:\/\/iai.pt\/web\/wp-json\/wp\/v2\/tags?post=15607"}],"curies":[{"name":"wp","href":"https:\/\/api.w.org\/{rel}","templated":true}]}}