{"id":15799,"date":"2024-09-26T18:32:09","date_gmt":"2024-09-26T17:32:09","guid":{"rendered":"https:\/\/iai.pt\/web\/?p=15799"},"modified":"2024-09-26T18:34:37","modified_gmt":"2024-09-26T17:34:37","slug":"30-anos-do-instituto-apresentacao-da-serigrafia-da-artista-joana-seixas","status":"publish","type":"post","link":"http:\/\/iai.pt\/web\/arquivos\/15799","title":{"rendered":"30 Anos do Instituto + Apresenta\u00e7\u00e3o da Serigrafia da Artista Joana Seixas"},"content":{"rendered":"<p>[et_pb_section fb_built=&#8221;1&#8243; _builder_version=&#8221;4.23.4&#8243; _module_preset=&#8221;default&#8221; global_colors_info=&#8221;{}&#8221; theme_builder_area=&#8221;post_content&#8221;][et_pb_row _builder_version=&#8221;4.23.4&#8243; _module_preset=&#8221;default&#8221; global_colors_info=&#8221;{}&#8221; theme_builder_area=&#8221;post_content&#8221;][et_pb_column type=&#8221;4_4&#8243; _builder_version=&#8221;4.23.4&#8243; _module_preset=&#8221;default&#8221; global_colors_info=&#8221;{}&#8221; theme_builder_area=&#8221;post_content&#8221;][et_pb_text _builder_version=&#8221;4.23.4&#8243; _module_preset=&#8221;default&#8221; global_colors_info=&#8221;{}&#8221; theme_builder_area=&#8221;post_content&#8221;]<\/p>\n<p><span>No dia 19 de setembro, o IAI celebrou o seu 30\u00ba anivers\u00e1rio com uma s\u00e9rie de atividades especiais voltadas para a comunidade escolar. Assinalou neste dia n\u00e3o s\u00f3 uma importante data de um projeto vocacionado para o ensino da arte e pela arte, como tamb\u00e9m inaugurou um programa que se estender\u00e1 ao longo do ano letivo.<\/span><\/p>\n<p><span>A comemora\u00e7\u00e3o integrou a tradicional entrega de pr\u00e9mios e diplomas de m\u00e9rito, assim como a entrega dos diplomas aos alunos finalistas 2023.2024; a exibi\u00e7\u00e3o de um v\u00eddeo retrospectivo dos 30 anos de exist\u00eancia e uma performance intitulada Ponto em Fuga Menor, trabalho realizado no \u00e2mbito da disciplina de Express\u00e3o Corporal e Movimento e subordinado ao tema definido para as comemora\u00e7\u00f5es dos 30 anos &#8211; a Bauhaus.<\/span><\/p>\n<p><span>A cerim\u00f3nia contou com a presen\u00e7a de alunos, professores, membros do conselho consultivo e, destaca-se, da Artista Joana Seixas, ex-aluna do IAI, que partilhou um pouco da sua experi\u00eancia e percurso acad\u00e9mico (desde o IAI) e profissional, tendo sido por isso, um importante testemunho do compromisso e projeto educativo do IAI.<\/span><\/p>\n<p><span>A Artista Joana Seixas acedeu ao convite que lhe lan\u00e7amos de realizar uma Serigrafia que assinalasse o 30\u00ba anivers\u00e1rio do IAI, tendo-nos congratulado com uma obra que foi apresentada neste dia, que se encontra exposta nas instala\u00e7\u00f5es do IAI e que ser\u00e1 divulgada e disseminada junto dos nossos parceiros. Constitui por isso, para al\u00e9m do valor de uma obra de arte, um valor simb\u00f3lico, afetivo e emocional. Obrigada,\u00a0<\/span><a class=\"x1i10hfl xjbqb8w x1ejq31n xd10rxx x1sy0etr x17r0tee x972fbf xcfux6l x1qhh985 xm0m39n x9f619 x1ypdohk xt0psk2 xe8uvvx xdj266r x11i5rnm xat24cr x1mh8g0r xexx8yu x4uap5 x18d9i69 xkhd6sd x16tdsg8 x1hl2dhg xggy1nq x1a2a7pz notranslate _a6hd\" href=\"https:\/\/www.instagram.com\/byjoseixas\/\" role=\"link\" tabindex=\"0\">@byjoseixas<\/a><span>\u00a0.<\/span><\/p>\n<p><span>Com os olhos postos no futuro, o IAI \u00e9 uma escola sempre em constru\u00e7\u00e3o! Obrigada a todos os que ajudaram e ajudam a construir este projeto e, a todos os que nos escolhem para fazer uma viagem de aprendizagens e experi\u00eancias do ensino da arte e pela arte. Estamos todos de Parab\u00e9ns por estes 30 anos.<\/span><\/p>\n<p>[\/et_pb_text][\/et_pb_column][\/et_pb_row][et_pb_row _builder_version=&#8221;4.23.4&#8243; _module_preset=&#8221;default&#8221; global_colors_info=&#8221;{}&#8221; theme_builder_area=&#8221;post_content&#8221;][et_pb_column type=&#8221;4_4&#8243; _builder_version=&#8221;4.23.4&#8243; _module_preset=&#8221;default&#8221; global_colors_info=&#8221;{}&#8221; theme_builder_area=&#8221;post_content&#8221;][et_pb_image src=&#8221;http:\/\/iai.pt\/web\/wp-content\/uploads\/2024\/09\/30-Anos-IAI-Televisao.png&#8221; title_text=&#8221;30 Anos IAI &#8211; Televisa\u0303o&#8221; _builder_version=&#8221;4.23.4&#8243; _module_preset=&#8221;default&#8221; hover_enabled=&#8221;0&#8243; global_colors_info=&#8221;{}&#8221; theme_builder_area=&#8221;post_content&#8221; sticky_enabled=&#8221;0&#8243;][\/et_pb_image][et_pb_image src=&#8221;http:\/\/iai.pt\/web\/wp-content\/uploads\/2024\/09\/DSC_0304-min-scaled.jpg&#8221; title_text=&#8221;DSC_0304-min&#8221; _builder_version=&#8221;4.23.4&#8243; _module_preset=&#8221;default&#8221; hover_enabled=&#8221;0&#8243; global_colors_info=&#8221;{}&#8221; theme_builder_area=&#8221;post_content&#8221; sticky_enabled=&#8221;0&#8243;][\/et_pb_image][\/et_pb_column][\/et_pb_row][\/et_pb_section]<\/p>\n","protected":false},"excerpt":{"rendered":"<p>No dia 19 de setembro, o IAI celebrou o seu 30\u00ba anivers\u00e1rio com uma s\u00e9rie de atividades especiais voltadas para a comunidade escolar. Assinalou neste dia n\u00e3o s\u00f3 uma importante data de um projeto vocacionado para o ensino da arte e pela arte, como tamb\u00e9m inaugurou um programa que se estender\u00e1 ao longo do ano [&hellip;]<\/p>\n","protected":false},"author":1,"featured_media":15798,"comment_status":"open","ping_status":"open","sticky":false,"template":"","format":"standard","meta":{"_et_pb_use_builder":"on","_et_pb_old_content":"","_et_gb_content_width":"","footnotes":"","_members_access_role":[],"_members_access_error":""},"categories":[60],"tags":[],"class_list":["post-15799","post","type-post","status-publish","format-standard","has-post-thumbnail","hentry","category-noticias"],"aioseo_notices":[],"aioseo_head":"\n\t\t<!-- All in One SEO 4.9.10 - aioseo.com -->\n\t<meta name=\"description\" content=\"No dia 19 de setembro, o IAI celebrou o seu 30\u00ba anivers\u00e1rio com uma s\u00e9rie de atividades especiais voltadas para a comunidade escolar. Assinalou neste dia n\u00e3o s\u00f3 uma importante data de um projeto vocacionado para o ensino da arte e pela arte, como tamb\u00e9m inaugurou um programa que se estender\u00e1 ao longo do ano\" \/>\n\t<meta name=\"robots\" content=\"max-image-preview:large\" \/>\n\t<meta name=\"author\" content=\"admin\"\/>\n\t<link rel=\"canonical\" href=\"http:\/\/iai.pt\/web\/arquivos\/15799\" \/>\n\t<meta name=\"generator\" content=\"All in One SEO (AIOSEO) 4.9.10\" \/>\n\t\t<meta property=\"og:locale\" content=\"pt_PT\" \/>\n\t\t<meta property=\"og:site_name\" content=\"IAI - Escola Art\u00edstica\" \/>\n\t\t<meta property=\"og:type\" content=\"article\" \/>\n\t\t<meta property=\"og:title\" content=\"30 Anos do Instituto + Apresenta\u00e7\u00e3o da Serigrafia da Artista Joana Seixas - IAI\" \/>\n\t\t<meta property=\"og:description\" content=\"No dia 19 de setembro, o IAI celebrou o seu 30\u00ba anivers\u00e1rio com uma s\u00e9rie de atividades especiais voltadas para a comunidade escolar. Assinalou neste dia n\u00e3o s\u00f3 uma importante data de um projeto vocacionado para o ensino da arte e pela arte, como tamb\u00e9m inaugurou um programa que se estender\u00e1 ao longo do ano\" \/>\n\t\t<meta property=\"og:url\" content=\"http:\/\/iai.pt\/web\/arquivos\/15799\" \/>\n\t\t<meta property=\"og:image\" content=\"http:\/\/iai.pt\/web\/wp-content\/uploads\/2023\/05\/seo-logo.png\" \/>\n\t\t<meta property=\"og:image:width\" content=\"105\" \/>\n\t\t<meta property=\"og:image:height\" content=\"112\" \/>\n\t\t<meta property=\"article:published_time\" content=\"2024-09-26T17:32:09+00:00\" \/>\n\t\t<meta property=\"article:modified_time\" content=\"2024-09-26T17:34:37+00:00\" \/>\n\t\t<meta property=\"article:publisher\" content=\"https:\/\/www.facebook.com\/instituto.das.artes.imagem\" \/>\n\t\t<meta name=\"twitter:card\" content=\"summary_large_image\" \/>\n\t\t<meta name=\"twitter:title\" content=\"30 Anos do Instituto + Apresenta\u00e7\u00e3o da Serigrafia da Artista Joana Seixas - IAI\" \/>\n\t\t<meta name=\"twitter:description\" content=\"No dia 19 de setembro, o IAI celebrou o seu 30\u00ba anivers\u00e1rio com uma s\u00e9rie de atividades especiais voltadas para a comunidade escolar. Assinalou neste dia n\u00e3o s\u00f3 uma importante data de um projeto vocacionado para o ensino da arte e pela arte, como tamb\u00e9m inaugurou um programa que se estender\u00e1 ao longo do ano\" \/>\n\t\t<meta name=\"twitter:image\" content=\"http:\/\/iai.pt\/web\/wp-content\/uploads\/2023\/05\/seo-logo.png\" \/>\n\t\t<script type=\"application\/ld+json\" class=\"aioseo-schema\">\n\t\t\t{\"@context\":\"https:\\\/\\\/schema.org\",\"@graph\":[{\"@type\":\"BlogPosting\",\"@id\":\"http:\\\/\\\/iai.pt\\\/web\\\/arquivos\\\/15799#blogposting\",\"name\":\"30 Anos do Instituto + Apresenta\\u00e7\\u00e3o da Serigrafia da Artista Joana Seixas - IAI\",\"headline\":\"30 Anos do Instituto + Apresenta\\u00e7\\u00e3o da Serigrafia da Artista Joana Seixas\",\"author\":{\"@id\":\"http:\\\/\\\/iai.pt\\\/web\\\/arquivos\\\/author\\\/admin#author\"},\"publisher\":{\"@id\":\"http:\\\/\\\/iai.pt\\\/web\\\/#organization\"},\"image\":{\"@type\":\"ImageObject\",\"url\":\"http:\\\/\\\/iai.pt\\\/web\\\/wp-content\\\/uploads\\\/2024\\\/09\\\/DSC_0304-min-scaled.jpg\",\"width\":2560,\"height\":1707},\"datePublished\":\"2024-09-26T18:32:09+01:00\",\"dateModified\":\"2024-09-26T18:34:37+01:00\",\"inLanguage\":\"pt-PT\",\"mainEntityOfPage\":{\"@id\":\"http:\\\/\\\/iai.pt\\\/web\\\/arquivos\\\/15799#webpage\"},\"isPartOf\":{\"@id\":\"http:\\\/\\\/iai.pt\\\/web\\\/arquivos\\\/15799#webpage\"},\"articleSection\":\"Noticias\"},{\"@type\":\"BreadcrumbList\",\"@id\":\"http:\\\/\\\/iai.pt\\\/web\\\/arquivos\\\/15799#breadcrumblist\",\"itemListElement\":[{\"@type\":\"ListItem\",\"@id\":\"http:\\\/\\\/iai.pt\\\/web#listItem\",\"position\":1,\"name\":\"In\\u00edcio\",\"item\":\"http:\\\/\\\/iai.pt\\\/web\",\"nextItem\":{\"@type\":\"ListItem\",\"@id\":\"http:\\\/\\\/iai.pt\\\/web\\\/arquivos\\\/category\\\/noticias#listItem\",\"name\":\"Noticias\"}},{\"@type\":\"ListItem\",\"@id\":\"http:\\\/\\\/iai.pt\\\/web\\\/arquivos\\\/category\\\/noticias#listItem\",\"position\":2,\"name\":\"Noticias\",\"item\":\"http:\\\/\\\/iai.pt\\\/web\\\/arquivos\\\/category\\\/noticias\",\"nextItem\":{\"@type\":\"ListItem\",\"@id\":\"http:\\\/\\\/iai.pt\\\/web\\\/arquivos\\\/15799#listItem\",\"name\":\"30 Anos do Instituto + Apresenta\\u00e7\\u00e3o da Serigrafia da Artista Joana Seixas\"},\"previousItem\":{\"@type\":\"ListItem\",\"@id\":\"http:\\\/\\\/iai.pt\\\/web#listItem\",\"name\":\"In\\u00edcio\"}},{\"@type\":\"ListItem\",\"@id\":\"http:\\\/\\\/iai.pt\\\/web\\\/arquivos\\\/15799#listItem\",\"position\":3,\"name\":\"30 Anos do Instituto + Apresenta\\u00e7\\u00e3o da Serigrafia da Artista Joana Seixas\",\"previousItem\":{\"@type\":\"ListItem\",\"@id\":\"http:\\\/\\\/iai.pt\\\/web\\\/arquivos\\\/category\\\/noticias#listItem\",\"name\":\"Noticias\"}}]},{\"@type\":\"Organization\",\"@id\":\"http:\\\/\\\/iai.pt\\\/web\\\/#organization\",\"name\":\"Instituto das Artes e da Imagem\",\"description\":\"Escola Art\\u00edstica\",\"url\":\"http:\\\/\\\/iai.pt\\\/web\\\/\",\"telephone\":\"+351222000757\",\"logo\":{\"@type\":\"ImageObject\",\"url\":\"http:\\\/\\\/iai.pt\\\/web\\\/wp-content\\\/uploads\\\/2023\\\/05\\\/seo-logo.png\",\"@id\":\"http:\\\/\\\/iai.pt\\\/web\\\/arquivos\\\/15799\\\/#organizationLogo\",\"width\":105,\"height\":112},\"image\":{\"@id\":\"http:\\\/\\\/iai.pt\\\/web\\\/arquivos\\\/15799\\\/#organizationLogo\"},\"sameAs\":[\"https:\\\/\\\/www.facebook.com\\\/instituto.das.artes.imagem\",\"https:\\\/\\\/www.instagram.com\\\/iai_escola_de_artes\\\/\",\"https:\\\/\\\/www.youtube.com\\\/iaiwebmaster\"]},{\"@type\":\"Person\",\"@id\":\"http:\\\/\\\/iai.pt\\\/web\\\/arquivos\\\/author\\\/admin#author\",\"url\":\"http:\\\/\\\/iai.pt\\\/web\\\/arquivos\\\/author\\\/admin\",\"name\":\"admin\",\"image\":{\"@type\":\"ImageObject\",\"@id\":\"http:\\\/\\\/iai.pt\\\/web\\\/arquivos\\\/15799#authorImage\",\"url\":\"https:\\\/\\\/secure.gravatar.com\\\/avatar\\\/bad9c1ed8261989cbd54cb5e8fc92988405a8dc9925b0838cc9c034113770b1e?s=96&d=mm&r=g\",\"width\":96,\"height\":96,\"caption\":\"admin\"}},{\"@type\":\"WebPage\",\"@id\":\"http:\\\/\\\/iai.pt\\\/web\\\/arquivos\\\/15799#webpage\",\"url\":\"http:\\\/\\\/iai.pt\\\/web\\\/arquivos\\\/15799\",\"name\":\"30 Anos do Instituto + Apresenta\\u00e7\\u00e3o da Serigrafia da Artista Joana Seixas - IAI\",\"description\":\"No dia 19 de setembro, o IAI celebrou o seu 30\\u00ba anivers\\u00e1rio com uma s\\u00e9rie de atividades especiais voltadas para a comunidade escolar. Assinalou neste dia n\\u00e3o s\\u00f3 uma importante data de um projeto vocacionado para o ensino da arte e pela arte, como tamb\\u00e9m inaugurou um programa que se estender\\u00e1 ao longo do ano\",\"inLanguage\":\"pt-PT\",\"isPartOf\":{\"@id\":\"http:\\\/\\\/iai.pt\\\/web\\\/#website\"},\"breadcrumb\":{\"@id\":\"http:\\\/\\\/iai.pt\\\/web\\\/arquivos\\\/15799#breadcrumblist\"},\"author\":{\"@id\":\"http:\\\/\\\/iai.pt\\\/web\\\/arquivos\\\/author\\\/admin#author\"},\"creator\":{\"@id\":\"http:\\\/\\\/iai.pt\\\/web\\\/arquivos\\\/author\\\/admin#author\"},\"image\":{\"@type\":\"ImageObject\",\"url\":\"http:\\\/\\\/iai.pt\\\/web\\\/wp-content\\\/uploads\\\/2024\\\/09\\\/DSC_0304-min-scaled.jpg\",\"@id\":\"http:\\\/\\\/iai.pt\\\/web\\\/arquivos\\\/15799\\\/#mainImage\",\"width\":2560,\"height\":1707},\"primaryImageOfPage\":{\"@id\":\"http:\\\/\\\/iai.pt\\\/web\\\/arquivos\\\/15799#mainImage\"},\"datePublished\":\"2024-09-26T18:32:09+01:00\",\"dateModified\":\"2024-09-26T18:34:37+01:00\"},{\"@type\":\"WebSite\",\"@id\":\"http:\\\/\\\/iai.pt\\\/web\\\/#website\",\"url\":\"http:\\\/\\\/iai.pt\\\/web\\\/\",\"name\":\"IAI\",\"alternateName\":\"iai\",\"description\":\"Escola Art\\u00edstica\",\"inLanguage\":\"pt-PT\",\"publisher\":{\"@id\":\"http:\\\/\\\/iai.pt\\\/web\\\/#organization\"}}]}\n\t\t<\/script>\n\t\t<!-- All in One SEO -->\n\n","aioseo_head_json":{"title":"30 Anos do Instituto + Apresenta\u00e7\u00e3o da Serigrafia da Artista Joana Seixas - IAI","description":"No dia 19 de setembro, o IAI celebrou o seu 30\u00ba anivers\u00e1rio com uma s\u00e9rie de atividades especiais voltadas para a comunidade escolar. Assinalou neste dia n\u00e3o s\u00f3 uma importante data de um projeto vocacionado para o ensino da arte e pela arte, como tamb\u00e9m inaugurou um programa que se estender\u00e1 ao longo do ano","canonical_url":"http:\/\/iai.pt\/web\/arquivos\/15799","robots":"max-image-preview:large","keywords":"","webmasterTools":{"miscellaneous":""},"schema":{"@context":"https:\/\/schema.org","@graph":[{"@type":"BlogPosting","@id":"http:\/\/iai.pt\/web\/arquivos\/15799#blogposting","name":"30 Anos do Instituto + Apresenta\u00e7\u00e3o da Serigrafia da Artista Joana Seixas - IAI","headline":"30 Anos do Instituto + Apresenta\u00e7\u00e3o da Serigrafia da Artista Joana Seixas","author":{"@id":"http:\/\/iai.pt\/web\/arquivos\/author\/admin#author"},"publisher":{"@id":"http:\/\/iai.pt\/web\/#organization"},"image":{"@type":"ImageObject","url":"http:\/\/iai.pt\/web\/wp-content\/uploads\/2024\/09\/DSC_0304-min-scaled.jpg","width":2560,"height":1707},"datePublished":"2024-09-26T18:32:09+01:00","dateModified":"2024-09-26T18:34:37+01:00","inLanguage":"pt-PT","mainEntityOfPage":{"@id":"http:\/\/iai.pt\/web\/arquivos\/15799#webpage"},"isPartOf":{"@id":"http:\/\/iai.pt\/web\/arquivos\/15799#webpage"},"articleSection":"Noticias"},{"@type":"BreadcrumbList","@id":"http:\/\/iai.pt\/web\/arquivos\/15799#breadcrumblist","itemListElement":[{"@type":"ListItem","@id":"http:\/\/iai.pt\/web#listItem","position":1,"name":"In\u00edcio","item":"http:\/\/iai.pt\/web","nextItem":{"@type":"ListItem","@id":"http:\/\/iai.pt\/web\/arquivos\/category\/noticias#listItem","name":"Noticias"}},{"@type":"ListItem","@id":"http:\/\/iai.pt\/web\/arquivos\/category\/noticias#listItem","position":2,"name":"Noticias","item":"http:\/\/iai.pt\/web\/arquivos\/category\/noticias","nextItem":{"@type":"ListItem","@id":"http:\/\/iai.pt\/web\/arquivos\/15799#listItem","name":"30 Anos do Instituto + Apresenta\u00e7\u00e3o da Serigrafia da Artista Joana Seixas"},"previousItem":{"@type":"ListItem","@id":"http:\/\/iai.pt\/web#listItem","name":"In\u00edcio"}},{"@type":"ListItem","@id":"http:\/\/iai.pt\/web\/arquivos\/15799#listItem","position":3,"name":"30 Anos do Instituto + Apresenta\u00e7\u00e3o da Serigrafia da Artista Joana Seixas","previousItem":{"@type":"ListItem","@id":"http:\/\/iai.pt\/web\/arquivos\/category\/noticias#listItem","name":"Noticias"}}]},{"@type":"Organization","@id":"http:\/\/iai.pt\/web\/#organization","name":"Instituto das Artes e da Imagem","description":"Escola Art\u00edstica","url":"http:\/\/iai.pt\/web\/","telephone":"+351222000757","logo":{"@type":"ImageObject","url":"http:\/\/iai.pt\/web\/wp-content\/uploads\/2023\/05\/seo-logo.png","@id":"http:\/\/iai.pt\/web\/arquivos\/15799\/#organizationLogo","width":105,"height":112},"image":{"@id":"http:\/\/iai.pt\/web\/arquivos\/15799\/#organizationLogo"},"sameAs":["https:\/\/www.facebook.com\/instituto.das.artes.imagem","https:\/\/www.instagram.com\/iai_escola_de_artes\/","https:\/\/www.youtube.com\/iaiwebmaster"]},{"@type":"Person","@id":"http:\/\/iai.pt\/web\/arquivos\/author\/admin#author","url":"http:\/\/iai.pt\/web\/arquivos\/author\/admin","name":"admin","image":{"@type":"ImageObject","@id":"http:\/\/iai.pt\/web\/arquivos\/15799#authorImage","url":"https:\/\/secure.gravatar.com\/avatar\/bad9c1ed8261989cbd54cb5e8fc92988405a8dc9925b0838cc9c034113770b1e?s=96&d=mm&r=g","width":96,"height":96,"caption":"admin"}},{"@type":"WebPage","@id":"http:\/\/iai.pt\/web\/arquivos\/15799#webpage","url":"http:\/\/iai.pt\/web\/arquivos\/15799","name":"30 Anos do Instituto + Apresenta\u00e7\u00e3o da Serigrafia da Artista Joana Seixas - IAI","description":"No dia 19 de setembro, o IAI celebrou o seu 30\u00ba anivers\u00e1rio com uma s\u00e9rie de atividades especiais voltadas para a comunidade escolar. Assinalou neste dia n\u00e3o s\u00f3 uma importante data de um projeto vocacionado para o ensino da arte e pela arte, como tamb\u00e9m inaugurou um programa que se estender\u00e1 ao longo do ano","inLanguage":"pt-PT","isPartOf":{"@id":"http:\/\/iai.pt\/web\/#website"},"breadcrumb":{"@id":"http:\/\/iai.pt\/web\/arquivos\/15799#breadcrumblist"},"author":{"@id":"http:\/\/iai.pt\/web\/arquivos\/author\/admin#author"},"creator":{"@id":"http:\/\/iai.pt\/web\/arquivos\/author\/admin#author"},"image":{"@type":"ImageObject","url":"http:\/\/iai.pt\/web\/wp-content\/uploads\/2024\/09\/DSC_0304-min-scaled.jpg","@id":"http:\/\/iai.pt\/web\/arquivos\/15799\/#mainImage","width":2560,"height":1707},"primaryImageOfPage":{"@id":"http:\/\/iai.pt\/web\/arquivos\/15799#mainImage"},"datePublished":"2024-09-26T18:32:09+01:00","dateModified":"2024-09-26T18:34:37+01:00"},{"@type":"WebSite","@id":"http:\/\/iai.pt\/web\/#website","url":"http:\/\/iai.pt\/web\/","name":"IAI","alternateName":"iai","description":"Escola Art\u00edstica","inLanguage":"pt-PT","publisher":{"@id":"http:\/\/iai.pt\/web\/#organization"}}]},"og:locale":"pt_PT","og:site_name":"IAI - Escola Art\u00edstica","og:type":"article","og:title":"30 Anos do Instituto + Apresenta\u00e7\u00e3o da Serigrafia da Artista Joana Seixas - IAI","og:description":"No dia 19 de setembro, o IAI celebrou o seu 30\u00ba anivers\u00e1rio com uma s\u00e9rie de atividades especiais voltadas para a comunidade escolar. Assinalou neste dia n\u00e3o s\u00f3 uma importante data de um projeto vocacionado para o ensino da arte e pela arte, como tamb\u00e9m inaugurou um programa que se estender\u00e1 ao longo do ano","og:url":"http:\/\/iai.pt\/web\/arquivos\/15799","og:image":"http:\/\/iai.pt\/web\/wp-content\/uploads\/2023\/05\/seo-logo.png","og:image:width":105,"og:image:height":112,"article:published_time":"2024-09-26T17:32:09+00:00","article:modified_time":"2024-09-26T17:34:37+00:00","article:publisher":"https:\/\/www.facebook.com\/instituto.das.artes.imagem","twitter:card":"summary_large_image","twitter:title":"30 Anos do Instituto + Apresenta\u00e7\u00e3o da Serigrafia da Artista Joana Seixas - IAI","twitter:description":"No dia 19 de setembro, o IAI celebrou o seu 30\u00ba anivers\u00e1rio com uma s\u00e9rie de atividades especiais voltadas para a comunidade escolar. Assinalou neste dia n\u00e3o s\u00f3 uma importante data de um projeto vocacionado para o ensino da arte e pela arte, como tamb\u00e9m inaugurou um programa que se estender\u00e1 ao longo do ano","twitter:image":"http:\/\/iai.pt\/web\/wp-content\/uploads\/2023\/05\/seo-logo.png"},"aioseo_meta_data":{"post_id":"15799","title":null,"description":null,"keywords":[],"keyphrases":{"focus":{"keyphrase":"","score":0,"analysis":{"keyphraseInTitle":{"score":0,"maxScore":9,"error":1}}},"additional":[]},"primary_term":null,"canonical_url":null,"og_title":null,"og_description":null,"og_object_type":"default","og_image_type":"default","og_image_url":null,"og_image_width":null,"og_image_height":null,"og_image_custom_url":null,"og_image_custom_fields":null,"og_video":"","og_custom_url":null,"og_article_section":null,"og_article_tags":[],"twitter_use_og":false,"twitter_card":"default","twitter_image_type":"default","twitter_image_url":null,"twitter_image_custom_url":null,"twitter_image_custom_fields":null,"twitter_title":null,"twitter_description":null,"schema":{"blockGraphs":[],"customGraphs":[],"default":{"data":{"Article":[],"Course":[],"Dataset":[],"FAQPage":[],"Movie":[],"Person":[],"Product":[],"ProductReview":[],"Car":[],"Recipe":[],"Service":[],"SoftwareApplication":[],"WebPage":[]},"graphName":"BlogPosting","isEnabled":true},"graphs":[]},"schema_type":"default","schema_type_options":null,"pillar_content":false,"robots_default":true,"robots_noindex":false,"robots_noarchive":false,"robots_nosnippet":false,"robots_nofollow":false,"robots_noimageindex":false,"robots_noodp":false,"robots_notranslate":false,"robots_max_snippet":"-1","robots_max_videopreview":"-1","robots_max_imagepreview":"large","priority":null,"frequency":"default","local_seo":null,"breadcrumb_settings":null,"limit_modified_date":false,"ai":null,"created":"2024-09-26 14:54:48","updated":"2025-06-09 21:23:25","seo_analyzer_scan_date":null},"aioseo_breadcrumb":"<div class=\"aioseo-breadcrumbs\"><span class=\"aioseo-breadcrumb\">\n\t\t\t<a href=\"http:\/\/iai.pt\/web\" title=\"In\u00edcio\">In\u00edcio<\/a>\n\t\t<\/span><span class=\"aioseo-breadcrumb-separator\">\u00bb<\/span><span class=\"aioseo-breadcrumb\">\n\t\t\t<a href=\"http:\/\/iai.pt\/web\/arquivos\/category\/noticias\" title=\"Noticias\">Noticias<\/a>\n\t\t<\/span><span class=\"aioseo-breadcrumb-separator\">\u00bb<\/span><span class=\"aioseo-breadcrumb\">\n\t\t\t30 Anos do Instituto + Apresenta\u00e7\u00e3o da Serigrafia da Artista Joana Seixas\n\t\t<\/span><\/div>","aioseo_breadcrumb_json":[{"label":"In\u00edcio","link":"http:\/\/iai.pt\/web"},{"label":"Noticias","link":"http:\/\/iai.pt\/web\/arquivos\/category\/noticias"},{"label":"30 Anos do Instituto + Apresenta\u00e7\u00e3o da Serigrafia da Artista Joana Seixas","link":"http:\/\/iai.pt\/web\/arquivos\/15799"}],"_links":{"self":[{"href":"http:\/\/iai.pt\/web\/wp-json\/wp\/v2\/posts\/15799","targetHints":{"allow":["GET"]}}],"collection":[{"href":"http:\/\/iai.pt\/web\/wp-json\/wp\/v2\/posts"}],"about":[{"href":"http:\/\/iai.pt\/web\/wp-json\/wp\/v2\/types\/post"}],"author":[{"embeddable":true,"href":"http:\/\/iai.pt\/web\/wp-json\/wp\/v2\/users\/1"}],"replies":[{"embeddable":true,"href":"http:\/\/iai.pt\/web\/wp-json\/wp\/v2\/comments?post=15799"}],"version-history":[{"count":2,"href":"http:\/\/iai.pt\/web\/wp-json\/wp\/v2\/posts\/15799\/revisions"}],"predecessor-version":[{"id":15801,"href":"http:\/\/iai.pt\/web\/wp-json\/wp\/v2\/posts\/15799\/revisions\/15801"}],"wp:featuredmedia":[{"embeddable":true,"href":"http:\/\/iai.pt\/web\/wp-json\/wp\/v2\/media\/15798"}],"wp:attachment":[{"href":"http:\/\/iai.pt\/web\/wp-json\/wp\/v2\/media?parent=15799"}],"wp:term":[{"taxonomy":"category","embeddable":true,"href":"http:\/\/iai.pt\/web\/wp-json\/wp\/v2\/categories?post=15799"},{"taxonomy":"post_tag","embeddable":true,"href":"http:\/\/iai.pt\/web\/wp-json\/wp\/v2\/tags?post=15799"}],"curies":[{"name":"wp","href":"https:\/\/api.w.org\/{rel}","templated":true}]}}