{"id":15829,"date":"2024-10-10T09:27:42","date_gmt":"2024-10-10T08:27:42","guid":{"rendered":"https:\/\/iai.pt\/web\/?p=15829"},"modified":"2024-10-15T09:32:40","modified_gmt":"2024-10-15T08:32:40","slug":"visita-ao-centro-de-investigacao-esad-e-a-casa-do-design-de-matosinhos-celebracao-do-dia-mundial-da-arquitetura-2024","status":"publish","type":"post","link":"http:\/\/iai.pt\/web\/arquivos\/15829","title":{"rendered":"Visita ao Centro de Investiga\u00e7\u00e3o ESAD e \u00e0 Casa do Design de Matosinhos &#8211; Celebra\u00e7\u00e3o do Dia Mundial da Arquitetura 2024"},"content":{"rendered":"<p>[et_pb_section fb_built=&#8221;1&#8243; _builder_version=&#8221;4.23.4&#8243; _module_preset=&#8221;default&#8221; global_colors_info=&#8221;{}&#8221; theme_builder_area=&#8221;post_content&#8221;][et_pb_row _builder_version=&#8221;4.23.4&#8243; _module_preset=&#8221;default&#8221; global_colors_info=&#8221;{}&#8221; theme_builder_area=&#8221;post_content&#8221;][et_pb_column type=&#8221;4_4&#8243; _builder_version=&#8221;4.23.4&#8243; _module_preset=&#8221;default&#8221; global_colors_info=&#8221;{}&#8221; theme_builder_area=&#8221;post_content&#8221;][et_pb_text _builder_version=&#8221;4.23.4&#8243; _module_preset=&#8221;default&#8221; global_colors_info=&#8221;{}&#8221; theme_builder_area=&#8221;post_content&#8221;]<\/p>\n<p><span style=\"font-weight: 400;\">No dia 10 de Outubro, os alunos das turmas de Desenho de Arquitetura, no \u00e2mbito das comemora\u00e7\u00f5es do Dia Mundial da Arquitetura e integrado nos 30 anos do IAI foi realizada uma visita ao Centro de Investiga\u00e7\u00e3o da ESAD, com incid\u00eancia na \u2018arquitetura do espa\u00e7o\u2019.<\/span><\/p>\n<p><span style=\"font-weight: 400;\">Os alunos realizaram, tamb\u00e9m, uma visita guiada \u00e0 Casa do Design de Matosinhos, nomeadamente \u00e0\u00a0 exposi\u00e7\u00e3o: \u201cPara ser Eterno Basta ser um Livro\u201d, com curadoria de Jos\u00e9 B\u00e1rtolo e Jorge Silva.<\/span><\/p>\n<p>[\/et_pb_text][\/et_pb_column][\/et_pb_row][et_pb_row _builder_version=&#8221;4.23.4&#8243; _module_preset=&#8221;default&#8221; global_colors_info=&#8221;{}&#8221; theme_builder_area=&#8221;post_content&#8221;][et_pb_column type=&#8221;4_4&#8243; _builder_version=&#8221;4.23.4&#8243; _module_preset=&#8221;default&#8221; global_colors_info=&#8221;{}&#8221; theme_builder_area=&#8221;post_content&#8221;][et_pb_image src=&#8221;http:\/\/iai.pt\/web\/wp-content\/uploads\/2024\/10\/IMG-20241010-WA0033.jpg&#8221; title_text=&#8221;IMG-20241010-WA0033&#8243; _builder_version=&#8221;4.23.4&#8243; _module_preset=&#8221;default&#8221; hover_enabled=&#8221;0&#8243; global_colors_info=&#8221;{}&#8221; theme_builder_area=&#8221;post_content&#8221; sticky_enabled=&#8221;0&#8243;][\/et_pb_image][\/et_pb_column][\/et_pb_row][\/et_pb_section]<\/p>\n","protected":false},"excerpt":{"rendered":"<p>No dia 10 de Outubro, os alunos das turmas de Desenho de Arquitetura, no \u00e2mbito das comemora\u00e7\u00f5es do Dia Mundial da Arquitetura e integrado nos 30 anos do IAI foi realizada uma visita ao Centro de Investiga\u00e7\u00e3o da ESAD, com incid\u00eancia na \u2018arquitetura do espa\u00e7o\u2019. Os alunos realizaram, tamb\u00e9m, uma visita guiada \u00e0 Casa do [&hellip;]<\/p>\n","protected":false},"author":1,"featured_media":15823,"comment_status":"open","ping_status":"open","sticky":false,"template":"","format":"standard","meta":{"_et_pb_use_builder":"on","_et_pb_old_content":"","_et_gb_content_width":"","footnotes":"","_members_access_role":[],"_members_access_error":""},"categories":[60],"tags":[],"class_list":["post-15829","post","type-post","status-publish","format-standard","has-post-thumbnail","hentry","category-noticias"],"aioseo_notices":[],"aioseo_head":"\n\t\t<!-- All in One SEO 4.9.10 - aioseo.com -->\n\t<meta name=\"description\" content=\"No dia 10 de Outubro, os alunos das turmas de Desenho de Arquitetura, no \u00e2mbito das comemora\u00e7\u00f5es do Dia Mundial da Arquitetura e integrado nos 30 anos do IAI foi realizada uma visita ao Centro de Investiga\u00e7\u00e3o da ESAD, com incid\u00eancia na \u2018arquitetura do espa\u00e7o\u2019. Os alunos realizaram, tamb\u00e9m, uma visita guiada \u00e0 Casa do\" \/>\n\t<meta name=\"robots\" content=\"max-image-preview:large\" \/>\n\t<meta name=\"author\" content=\"admin\"\/>\n\t<link rel=\"canonical\" href=\"http:\/\/iai.pt\/web\/arquivos\/15829\" \/>\n\t<meta name=\"generator\" content=\"All in One SEO (AIOSEO) 4.9.10\" \/>\n\t\t<meta property=\"og:locale\" content=\"pt_PT\" \/>\n\t\t<meta property=\"og:site_name\" content=\"IAI - Escola Art\u00edstica\" \/>\n\t\t<meta property=\"og:type\" content=\"article\" \/>\n\t\t<meta property=\"og:title\" content=\"Visita ao Centro de Investiga\u00e7\u00e3o ESAD e \u00e0 Casa do Design de Matosinhos \u2013 Celebra\u00e7\u00e3o do Dia Mundial da Arquitetura 2024 - IAI\" \/>\n\t\t<meta property=\"og:description\" content=\"No dia 10 de Outubro, os alunos das turmas de Desenho de Arquitetura, no \u00e2mbito das comemora\u00e7\u00f5es do Dia Mundial da Arquitetura e integrado nos 30 anos do IAI foi realizada uma visita ao Centro de Investiga\u00e7\u00e3o da ESAD, com incid\u00eancia na \u2018arquitetura do espa\u00e7o\u2019. Os alunos realizaram, tamb\u00e9m, uma visita guiada \u00e0 Casa do\" \/>\n\t\t<meta property=\"og:url\" content=\"http:\/\/iai.pt\/web\/arquivos\/15829\" \/>\n\t\t<meta property=\"og:image\" content=\"http:\/\/iai.pt\/web\/wp-content\/uploads\/2023\/05\/seo-logo.png\" \/>\n\t\t<meta property=\"og:image:width\" content=\"105\" \/>\n\t\t<meta property=\"og:image:height\" content=\"112\" \/>\n\t\t<meta property=\"article:published_time\" content=\"2024-10-10T08:27:42+00:00\" \/>\n\t\t<meta property=\"article:modified_time\" content=\"2024-10-15T08:32:40+00:00\" \/>\n\t\t<meta property=\"article:publisher\" content=\"https:\/\/www.facebook.com\/instituto.das.artes.imagem\" \/>\n\t\t<meta name=\"twitter:card\" content=\"summary_large_image\" \/>\n\t\t<meta name=\"twitter:title\" content=\"Visita ao Centro de Investiga\u00e7\u00e3o ESAD e \u00e0 Casa do Design de Matosinhos \u2013 Celebra\u00e7\u00e3o do Dia Mundial da Arquitetura 2024 - IAI\" \/>\n\t\t<meta name=\"twitter:description\" content=\"No dia 10 de Outubro, os alunos das turmas de Desenho de Arquitetura, no \u00e2mbito das comemora\u00e7\u00f5es do Dia Mundial da Arquitetura e integrado nos 30 anos do IAI foi realizada uma visita ao Centro de Investiga\u00e7\u00e3o da ESAD, com incid\u00eancia na \u2018arquitetura do espa\u00e7o\u2019. Os alunos realizaram, tamb\u00e9m, uma visita guiada \u00e0 Casa do\" \/>\n\t\t<meta name=\"twitter:image\" content=\"http:\/\/iai.pt\/web\/wp-content\/uploads\/2023\/05\/seo-logo.png\" \/>\n\t\t<script type=\"application\/ld+json\" class=\"aioseo-schema\">\n\t\t\t{\"@context\":\"https:\\\/\\\/schema.org\",\"@graph\":[{\"@type\":\"BlogPosting\",\"@id\":\"http:\\\/\\\/iai.pt\\\/web\\\/arquivos\\\/15829#blogposting\",\"name\":\"Visita ao Centro de Investiga\\u00e7\\u00e3o ESAD e \\u00e0 Casa do Design de Matosinhos \\u2013 Celebra\\u00e7\\u00e3o do Dia Mundial da Arquitetura 2024 - IAI\",\"headline\":\"Visita ao Centro de Investiga\\u00e7\\u00e3o ESAD e \\u00e0 Casa do Design de Matosinhos &#8211; Celebra\\u00e7\\u00e3o do Dia Mundial da Arquitetura 2024\",\"author\":{\"@id\":\"http:\\\/\\\/iai.pt\\\/web\\\/arquivos\\\/author\\\/admin#author\"},\"publisher\":{\"@id\":\"http:\\\/\\\/iai.pt\\\/web\\\/#organization\"},\"image\":{\"@type\":\"ImageObject\",\"url\":\"http:\\\/\\\/iai.pt\\\/web\\\/wp-content\\\/uploads\\\/2024\\\/10\\\/IMG-20241010-WA0033.jpg\",\"width\":1600,\"height\":1200},\"datePublished\":\"2024-10-10T09:27:42+01:00\",\"dateModified\":\"2024-10-15T09:32:40+01:00\",\"inLanguage\":\"pt-PT\",\"mainEntityOfPage\":{\"@id\":\"http:\\\/\\\/iai.pt\\\/web\\\/arquivos\\\/15829#webpage\"},\"isPartOf\":{\"@id\":\"http:\\\/\\\/iai.pt\\\/web\\\/arquivos\\\/15829#webpage\"},\"articleSection\":\"Noticias\"},{\"@type\":\"BreadcrumbList\",\"@id\":\"http:\\\/\\\/iai.pt\\\/web\\\/arquivos\\\/15829#breadcrumblist\",\"itemListElement\":[{\"@type\":\"ListItem\",\"@id\":\"http:\\\/\\\/iai.pt\\\/web#listItem\",\"position\":1,\"name\":\"In\\u00edcio\",\"item\":\"http:\\\/\\\/iai.pt\\\/web\",\"nextItem\":{\"@type\":\"ListItem\",\"@id\":\"http:\\\/\\\/iai.pt\\\/web\\\/arquivos\\\/category\\\/noticias#listItem\",\"name\":\"Noticias\"}},{\"@type\":\"ListItem\",\"@id\":\"http:\\\/\\\/iai.pt\\\/web\\\/arquivos\\\/category\\\/noticias#listItem\",\"position\":2,\"name\":\"Noticias\",\"item\":\"http:\\\/\\\/iai.pt\\\/web\\\/arquivos\\\/category\\\/noticias\",\"nextItem\":{\"@type\":\"ListItem\",\"@id\":\"http:\\\/\\\/iai.pt\\\/web\\\/arquivos\\\/15829#listItem\",\"name\":\"Visita ao Centro de Investiga\\u00e7\\u00e3o ESAD e \\u00e0 Casa do Design de Matosinhos &#8211; Celebra\\u00e7\\u00e3o do Dia Mundial da Arquitetura 2024\"},\"previousItem\":{\"@type\":\"ListItem\",\"@id\":\"http:\\\/\\\/iai.pt\\\/web#listItem\",\"name\":\"In\\u00edcio\"}},{\"@type\":\"ListItem\",\"@id\":\"http:\\\/\\\/iai.pt\\\/web\\\/arquivos\\\/15829#listItem\",\"position\":3,\"name\":\"Visita ao Centro de Investiga\\u00e7\\u00e3o ESAD e \\u00e0 Casa do Design de Matosinhos &#8211; Celebra\\u00e7\\u00e3o do Dia Mundial da Arquitetura 2024\",\"previousItem\":{\"@type\":\"ListItem\",\"@id\":\"http:\\\/\\\/iai.pt\\\/web\\\/arquivos\\\/category\\\/noticias#listItem\",\"name\":\"Noticias\"}}]},{\"@type\":\"Organization\",\"@id\":\"http:\\\/\\\/iai.pt\\\/web\\\/#organization\",\"name\":\"Instituto das Artes e da Imagem\",\"description\":\"Escola Art\\u00edstica\",\"url\":\"http:\\\/\\\/iai.pt\\\/web\\\/\",\"telephone\":\"+351222000757\",\"logo\":{\"@type\":\"ImageObject\",\"url\":\"http:\\\/\\\/iai.pt\\\/web\\\/wp-content\\\/uploads\\\/2023\\\/05\\\/seo-logo.png\",\"@id\":\"http:\\\/\\\/iai.pt\\\/web\\\/arquivos\\\/15829\\\/#organizationLogo\",\"width\":105,\"height\":112},\"image\":{\"@id\":\"http:\\\/\\\/iai.pt\\\/web\\\/arquivos\\\/15829\\\/#organizationLogo\"},\"sameAs\":[\"https:\\\/\\\/www.facebook.com\\\/instituto.das.artes.imagem\",\"https:\\\/\\\/www.instagram.com\\\/iai_escola_de_artes\\\/\",\"https:\\\/\\\/www.youtube.com\\\/iaiwebmaster\"]},{\"@type\":\"Person\",\"@id\":\"http:\\\/\\\/iai.pt\\\/web\\\/arquivos\\\/author\\\/admin#author\",\"url\":\"http:\\\/\\\/iai.pt\\\/web\\\/arquivos\\\/author\\\/admin\",\"name\":\"admin\",\"image\":{\"@type\":\"ImageObject\",\"@id\":\"http:\\\/\\\/iai.pt\\\/web\\\/arquivos\\\/15829#authorImage\",\"url\":\"https:\\\/\\\/secure.gravatar.com\\\/avatar\\\/bad9c1ed8261989cbd54cb5e8fc92988405a8dc9925b0838cc9c034113770b1e?s=96&d=mm&r=g\",\"width\":96,\"height\":96,\"caption\":\"admin\"}},{\"@type\":\"WebPage\",\"@id\":\"http:\\\/\\\/iai.pt\\\/web\\\/arquivos\\\/15829#webpage\",\"url\":\"http:\\\/\\\/iai.pt\\\/web\\\/arquivos\\\/15829\",\"name\":\"Visita ao Centro de Investiga\\u00e7\\u00e3o ESAD e \\u00e0 Casa do Design de Matosinhos \\u2013 Celebra\\u00e7\\u00e3o do Dia Mundial da Arquitetura 2024 - IAI\",\"description\":\"No dia 10 de Outubro, os alunos das turmas de Desenho de Arquitetura, no \\u00e2mbito das comemora\\u00e7\\u00f5es do Dia Mundial da Arquitetura e integrado nos 30 anos do IAI foi realizada uma visita ao Centro de Investiga\\u00e7\\u00e3o da ESAD, com incid\\u00eancia na \\u2018arquitetura do espa\\u00e7o\\u2019. Os alunos realizaram, tamb\\u00e9m, uma visita guiada \\u00e0 Casa do\",\"inLanguage\":\"pt-PT\",\"isPartOf\":{\"@id\":\"http:\\\/\\\/iai.pt\\\/web\\\/#website\"},\"breadcrumb\":{\"@id\":\"http:\\\/\\\/iai.pt\\\/web\\\/arquivos\\\/15829#breadcrumblist\"},\"author\":{\"@id\":\"http:\\\/\\\/iai.pt\\\/web\\\/arquivos\\\/author\\\/admin#author\"},\"creator\":{\"@id\":\"http:\\\/\\\/iai.pt\\\/web\\\/arquivos\\\/author\\\/admin#author\"},\"image\":{\"@type\":\"ImageObject\",\"url\":\"http:\\\/\\\/iai.pt\\\/web\\\/wp-content\\\/uploads\\\/2024\\\/10\\\/IMG-20241010-WA0033.jpg\",\"@id\":\"http:\\\/\\\/iai.pt\\\/web\\\/arquivos\\\/15829\\\/#mainImage\",\"width\":1600,\"height\":1200},\"primaryImageOfPage\":{\"@id\":\"http:\\\/\\\/iai.pt\\\/web\\\/arquivos\\\/15829#mainImage\"},\"datePublished\":\"2024-10-10T09:27:42+01:00\",\"dateModified\":\"2024-10-15T09:32:40+01:00\"},{\"@type\":\"WebSite\",\"@id\":\"http:\\\/\\\/iai.pt\\\/web\\\/#website\",\"url\":\"http:\\\/\\\/iai.pt\\\/web\\\/\",\"name\":\"IAI\",\"alternateName\":\"iai\",\"description\":\"Escola Art\\u00edstica\",\"inLanguage\":\"pt-PT\",\"publisher\":{\"@id\":\"http:\\\/\\\/iai.pt\\\/web\\\/#organization\"}}]}\n\t\t<\/script>\n\t\t<!-- All in One SEO -->\n\n","aioseo_head_json":{"title":"Visita ao Centro de Investiga\u00e7\u00e3o ESAD e \u00e0 Casa do Design de Matosinhos \u2013 Celebra\u00e7\u00e3o do Dia Mundial da Arquitetura 2024 - IAI","description":"No dia 10 de Outubro, os alunos das turmas de Desenho de Arquitetura, no \u00e2mbito das comemora\u00e7\u00f5es do Dia Mundial da Arquitetura e integrado nos 30 anos do IAI foi realizada uma visita ao Centro de Investiga\u00e7\u00e3o da ESAD, com incid\u00eancia na \u2018arquitetura do espa\u00e7o\u2019. Os alunos realizaram, tamb\u00e9m, uma visita guiada \u00e0 Casa do","canonical_url":"http:\/\/iai.pt\/web\/arquivos\/15829","robots":"max-image-preview:large","keywords":"","webmasterTools":{"miscellaneous":""},"schema":{"@context":"https:\/\/schema.org","@graph":[{"@type":"BlogPosting","@id":"http:\/\/iai.pt\/web\/arquivos\/15829#blogposting","name":"Visita ao Centro de Investiga\u00e7\u00e3o ESAD e \u00e0 Casa do Design de Matosinhos \u2013 Celebra\u00e7\u00e3o do Dia Mundial da Arquitetura 2024 - IAI","headline":"Visita ao Centro de Investiga\u00e7\u00e3o ESAD e \u00e0 Casa do Design de Matosinhos &#8211; Celebra\u00e7\u00e3o do Dia Mundial da Arquitetura 2024","author":{"@id":"http:\/\/iai.pt\/web\/arquivos\/author\/admin#author"},"publisher":{"@id":"http:\/\/iai.pt\/web\/#organization"},"image":{"@type":"ImageObject","url":"http:\/\/iai.pt\/web\/wp-content\/uploads\/2024\/10\/IMG-20241010-WA0033.jpg","width":1600,"height":1200},"datePublished":"2024-10-10T09:27:42+01:00","dateModified":"2024-10-15T09:32:40+01:00","inLanguage":"pt-PT","mainEntityOfPage":{"@id":"http:\/\/iai.pt\/web\/arquivos\/15829#webpage"},"isPartOf":{"@id":"http:\/\/iai.pt\/web\/arquivos\/15829#webpage"},"articleSection":"Noticias"},{"@type":"BreadcrumbList","@id":"http:\/\/iai.pt\/web\/arquivos\/15829#breadcrumblist","itemListElement":[{"@type":"ListItem","@id":"http:\/\/iai.pt\/web#listItem","position":1,"name":"In\u00edcio","item":"http:\/\/iai.pt\/web","nextItem":{"@type":"ListItem","@id":"http:\/\/iai.pt\/web\/arquivos\/category\/noticias#listItem","name":"Noticias"}},{"@type":"ListItem","@id":"http:\/\/iai.pt\/web\/arquivos\/category\/noticias#listItem","position":2,"name":"Noticias","item":"http:\/\/iai.pt\/web\/arquivos\/category\/noticias","nextItem":{"@type":"ListItem","@id":"http:\/\/iai.pt\/web\/arquivos\/15829#listItem","name":"Visita ao Centro de Investiga\u00e7\u00e3o ESAD e \u00e0 Casa do Design de Matosinhos &#8211; Celebra\u00e7\u00e3o do Dia Mundial da Arquitetura 2024"},"previousItem":{"@type":"ListItem","@id":"http:\/\/iai.pt\/web#listItem","name":"In\u00edcio"}},{"@type":"ListItem","@id":"http:\/\/iai.pt\/web\/arquivos\/15829#listItem","position":3,"name":"Visita ao Centro de Investiga\u00e7\u00e3o ESAD e \u00e0 Casa do Design de Matosinhos &#8211; Celebra\u00e7\u00e3o do Dia Mundial da Arquitetura 2024","previousItem":{"@type":"ListItem","@id":"http:\/\/iai.pt\/web\/arquivos\/category\/noticias#listItem","name":"Noticias"}}]},{"@type":"Organization","@id":"http:\/\/iai.pt\/web\/#organization","name":"Instituto das Artes e da Imagem","description":"Escola Art\u00edstica","url":"http:\/\/iai.pt\/web\/","telephone":"+351222000757","logo":{"@type":"ImageObject","url":"http:\/\/iai.pt\/web\/wp-content\/uploads\/2023\/05\/seo-logo.png","@id":"http:\/\/iai.pt\/web\/arquivos\/15829\/#organizationLogo","width":105,"height":112},"image":{"@id":"http:\/\/iai.pt\/web\/arquivos\/15829\/#organizationLogo"},"sameAs":["https:\/\/www.facebook.com\/instituto.das.artes.imagem","https:\/\/www.instagram.com\/iai_escola_de_artes\/","https:\/\/www.youtube.com\/iaiwebmaster"]},{"@type":"Person","@id":"http:\/\/iai.pt\/web\/arquivos\/author\/admin#author","url":"http:\/\/iai.pt\/web\/arquivos\/author\/admin","name":"admin","image":{"@type":"ImageObject","@id":"http:\/\/iai.pt\/web\/arquivos\/15829#authorImage","url":"https:\/\/secure.gravatar.com\/avatar\/bad9c1ed8261989cbd54cb5e8fc92988405a8dc9925b0838cc9c034113770b1e?s=96&d=mm&r=g","width":96,"height":96,"caption":"admin"}},{"@type":"WebPage","@id":"http:\/\/iai.pt\/web\/arquivos\/15829#webpage","url":"http:\/\/iai.pt\/web\/arquivos\/15829","name":"Visita ao Centro de Investiga\u00e7\u00e3o ESAD e \u00e0 Casa do Design de Matosinhos \u2013 Celebra\u00e7\u00e3o do Dia Mundial da Arquitetura 2024 - IAI","description":"No dia 10 de Outubro, os alunos das turmas de Desenho de Arquitetura, no \u00e2mbito das comemora\u00e7\u00f5es do Dia Mundial da Arquitetura e integrado nos 30 anos do IAI foi realizada uma visita ao Centro de Investiga\u00e7\u00e3o da ESAD, com incid\u00eancia na \u2018arquitetura do espa\u00e7o\u2019. Os alunos realizaram, tamb\u00e9m, uma visita guiada \u00e0 Casa do","inLanguage":"pt-PT","isPartOf":{"@id":"http:\/\/iai.pt\/web\/#website"},"breadcrumb":{"@id":"http:\/\/iai.pt\/web\/arquivos\/15829#breadcrumblist"},"author":{"@id":"http:\/\/iai.pt\/web\/arquivos\/author\/admin#author"},"creator":{"@id":"http:\/\/iai.pt\/web\/arquivos\/author\/admin#author"},"image":{"@type":"ImageObject","url":"http:\/\/iai.pt\/web\/wp-content\/uploads\/2024\/10\/IMG-20241010-WA0033.jpg","@id":"http:\/\/iai.pt\/web\/arquivos\/15829\/#mainImage","width":1600,"height":1200},"primaryImageOfPage":{"@id":"http:\/\/iai.pt\/web\/arquivos\/15829#mainImage"},"datePublished":"2024-10-10T09:27:42+01:00","dateModified":"2024-10-15T09:32:40+01:00"},{"@type":"WebSite","@id":"http:\/\/iai.pt\/web\/#website","url":"http:\/\/iai.pt\/web\/","name":"IAI","alternateName":"iai","description":"Escola Art\u00edstica","inLanguage":"pt-PT","publisher":{"@id":"http:\/\/iai.pt\/web\/#organization"}}]},"og:locale":"pt_PT","og:site_name":"IAI - Escola Art\u00edstica","og:type":"article","og:title":"Visita ao Centro de Investiga\u00e7\u00e3o ESAD e \u00e0 Casa do Design de Matosinhos \u2013 Celebra\u00e7\u00e3o do Dia Mundial da Arquitetura 2024 - IAI","og:description":"No dia 10 de Outubro, os alunos das turmas de Desenho de Arquitetura, no \u00e2mbito das comemora\u00e7\u00f5es do Dia Mundial da Arquitetura e integrado nos 30 anos do IAI foi realizada uma visita ao Centro de Investiga\u00e7\u00e3o da ESAD, com incid\u00eancia na \u2018arquitetura do espa\u00e7o\u2019. Os alunos realizaram, tamb\u00e9m, uma visita guiada \u00e0 Casa do","og:url":"http:\/\/iai.pt\/web\/arquivos\/15829","og:image":"http:\/\/iai.pt\/web\/wp-content\/uploads\/2023\/05\/seo-logo.png","og:image:width":105,"og:image:height":112,"article:published_time":"2024-10-10T08:27:42+00:00","article:modified_time":"2024-10-15T08:32:40+00:00","article:publisher":"https:\/\/www.facebook.com\/instituto.das.artes.imagem","twitter:card":"summary_large_image","twitter:title":"Visita ao Centro de Investiga\u00e7\u00e3o ESAD e \u00e0 Casa do Design de Matosinhos \u2013 Celebra\u00e7\u00e3o do Dia Mundial da Arquitetura 2024 - IAI","twitter:description":"No dia 10 de Outubro, os alunos das turmas de Desenho de Arquitetura, no \u00e2mbito das comemora\u00e7\u00f5es do Dia Mundial da Arquitetura e integrado nos 30 anos do IAI foi realizada uma visita ao Centro de Investiga\u00e7\u00e3o da ESAD, com incid\u00eancia na \u2018arquitetura do espa\u00e7o\u2019. Os alunos realizaram, tamb\u00e9m, uma visita guiada \u00e0 Casa do","twitter:image":"http:\/\/iai.pt\/web\/wp-content\/uploads\/2023\/05\/seo-logo.png"},"aioseo_meta_data":{"post_id":"15829","title":null,"description":null,"keywords":[],"keyphrases":{"focus":{"keyphrase":"","score":0,"analysis":{"keyphraseInTitle":{"score":0,"maxScore":9,"error":1}}},"additional":[]},"primary_term":null,"canonical_url":null,"og_title":null,"og_description":null,"og_object_type":"default","og_image_type":"default","og_image_url":null,"og_image_width":null,"og_image_height":null,"og_image_custom_url":null,"og_image_custom_fields":null,"og_video":"","og_custom_url":null,"og_article_section":null,"og_article_tags":[],"twitter_use_og":false,"twitter_card":"default","twitter_image_type":"default","twitter_image_url":null,"twitter_image_custom_url":null,"twitter_image_custom_fields":null,"twitter_title":null,"twitter_description":null,"schema":{"blockGraphs":[],"customGraphs":[],"default":{"data":{"Article":[],"Course":[],"Dataset":[],"FAQPage":[],"Movie":[],"Person":[],"Product":[],"ProductReview":[],"Car":[],"Recipe":[],"Service":[],"SoftwareApplication":[],"WebPage":[]},"graphName":"BlogPosting","isEnabled":true},"graphs":[]},"schema_type":"default","schema_type_options":null,"pillar_content":false,"robots_default":true,"robots_noindex":false,"robots_noarchive":false,"robots_nosnippet":false,"robots_nofollow":false,"robots_noimageindex":false,"robots_noodp":false,"robots_notranslate":false,"robots_max_snippet":"-1","robots_max_videopreview":"-1","robots_max_imagepreview":"large","priority":null,"frequency":"default","local_seo":null,"breadcrumb_settings":null,"limit_modified_date":false,"ai":null,"created":"2024-10-15 08:31:13","updated":"2025-06-09 21:23:25","seo_analyzer_scan_date":null},"aioseo_breadcrumb":"<div class=\"aioseo-breadcrumbs\"><span class=\"aioseo-breadcrumb\">\n\t\t\t<a href=\"http:\/\/iai.pt\/web\" title=\"In\u00edcio\">In\u00edcio<\/a>\n\t\t<\/span><span class=\"aioseo-breadcrumb-separator\">\u00bb<\/span><span class=\"aioseo-breadcrumb\">\n\t\t\t<a href=\"http:\/\/iai.pt\/web\/arquivos\/category\/noticias\" title=\"Noticias\">Noticias<\/a>\n\t\t<\/span><span class=\"aioseo-breadcrumb-separator\">\u00bb<\/span><span class=\"aioseo-breadcrumb\">\n\t\t\tVisita ao Centro de Investiga\u00e7\u00e3o ESAD e \u00e0 Casa do Design de Matosinhos \u2013 Celebra\u00e7\u00e3o do Dia Mundial da Arquitetura 2024\n\t\t<\/span><\/div>","aioseo_breadcrumb_json":[{"label":"In\u00edcio","link":"http:\/\/iai.pt\/web"},{"label":"Noticias","link":"http:\/\/iai.pt\/web\/arquivos\/category\/noticias"},{"label":"Visita ao Centro de Investiga\u00e7\u00e3o ESAD e \u00e0 Casa do Design de Matosinhos &#8211; Celebra\u00e7\u00e3o do Dia Mundial da Arquitetura 2024","link":"http:\/\/iai.pt\/web\/arquivos\/15829"}],"_links":{"self":[{"href":"http:\/\/iai.pt\/web\/wp-json\/wp\/v2\/posts\/15829","targetHints":{"allow":["GET"]}}],"collection":[{"href":"http:\/\/iai.pt\/web\/wp-json\/wp\/v2\/posts"}],"about":[{"href":"http:\/\/iai.pt\/web\/wp-json\/wp\/v2\/types\/post"}],"author":[{"embeddable":true,"href":"http:\/\/iai.pt\/web\/wp-json\/wp\/v2\/users\/1"}],"replies":[{"embeddable":true,"href":"http:\/\/iai.pt\/web\/wp-json\/wp\/v2\/comments?post=15829"}],"version-history":[{"count":2,"href":"http:\/\/iai.pt\/web\/wp-json\/wp\/v2\/posts\/15829\/revisions"}],"predecessor-version":[{"id":15831,"href":"http:\/\/iai.pt\/web\/wp-json\/wp\/v2\/posts\/15829\/revisions\/15831"}],"wp:featuredmedia":[{"embeddable":true,"href":"http:\/\/iai.pt\/web\/wp-json\/wp\/v2\/media\/15823"}],"wp:attachment":[{"href":"http:\/\/iai.pt\/web\/wp-json\/wp\/v2\/media?parent=15829"}],"wp:term":[{"taxonomy":"category","embeddable":true,"href":"http:\/\/iai.pt\/web\/wp-json\/wp\/v2\/categories?post=15829"},{"taxonomy":"post_tag","embeddable":true,"href":"http:\/\/iai.pt\/web\/wp-json\/wp\/v2\/tags?post=15829"}],"curies":[{"name":"wp","href":"https:\/\/api.w.org\/{rel}","templated":true}]}}