{"id":15857,"date":"2024-10-16T11:35:36","date_gmt":"2024-10-16T10:35:36","guid":{"rendered":"https:\/\/iai.pt\/web\/?p=15857"},"modified":"2024-10-21T11:49:34","modified_gmt":"2024-10-21T10:49:34","slug":"dia-mundial-da-alimentacao-2024","status":"publish","type":"post","link":"http:\/\/iai.pt\/web\/arquivos\/15857","title":{"rendered":"Dia Mundial da Alimenta\u00e7\u00e3o 2024"},"content":{"rendered":"<p>[et_pb_section fb_built=&#8221;1&#8243; _builder_version=&#8221;4.23.4&#8243; _module_preset=&#8221;default&#8221; global_colors_info=&#8221;{}&#8221; theme_builder_area=&#8221;post_content&#8221;][et_pb_row _builder_version=&#8221;4.23.4&#8243; _module_preset=&#8221;default&#8221; global_colors_info=&#8221;{}&#8221; theme_builder_area=&#8221;post_content&#8221;][et_pb_column type=&#8221;4_4&#8243; _builder_version=&#8221;4.23.4&#8243; _module_preset=&#8221;default&#8221; global_colors_info=&#8221;{}&#8221; theme_builder_area=&#8221;post_content&#8221;][et_pb_text _builder_version=&#8221;4.23.4&#8243; _module_preset=&#8221;default&#8221; global_colors_info=&#8221;{}&#8221; theme_builder_area=&#8221;post_content&#8221;]<\/p>\n<p><span style=\"font-weight: 400;\">No \u00e2mbito do Dia Mundial da Alimenta\u00e7\u00e3o e inserido no Programa de Apoio e Promo\u00e7\u00e3o da Educa\u00e7\u00e3o para a Sa\u00fade, a turma do 2\u00ba ano do curso de Operador de Fotografia realizou uma atividade criativa e educativa para toda a comunidade escolar: o Quiz &#8220;Quem quer ser saud\u00e1vel&#8221;.<\/span><\/p>\n<p><span style=\"font-weight: 400;\">A iniciativa, que teve como objetivo sensibilizar os participantes para a import\u00e2ncia de uma alimenta\u00e7\u00e3o equilibrada e de h\u00e1bitos de vida saud\u00e1veis, foi muito bem recebida por alunos, professores e funcion\u00e1rios. Durante o quiz, quest\u00f5es interativas abordaram temas como a escolha de alimentos nutritivos, a import\u00e2ncia da hidrata\u00e7\u00e3o e os benef\u00edcios da pr\u00e1tica regular de exerc\u00edcio f\u00edsico.<\/span><\/p>\n<p><span style=\"font-weight: 400;\">Este momento de aprendizagem, al\u00e9m de informativo, foi tamb\u00e9m divertido e envolvente, incentivando a reflex\u00e3o sobre escolhas mais saud\u00e1veis no cotidiano.<\/span><\/p>\n<p><span style=\"font-weight: 400;\">O sucesso desta atividade refor\u00e7a a import\u00e2ncia de se promover a\u00e7\u00f5es que integrem a educa\u00e7\u00e3o e a sa\u00fade, cultivando uma cultura de vida saud\u00e1vel na comunidade escolar.<\/span><\/p>\n<p>[\/et_pb_text][\/et_pb_column][\/et_pb_row][et_pb_row _builder_version=&#8221;4.23.4&#8243; _module_preset=&#8221;default&#8221; global_colors_info=&#8221;{}&#8221; theme_builder_area=&#8221;post_content&#8221;][et_pb_column type=&#8221;4_4&#8243; _builder_version=&#8221;4.23.4&#8243; _module_preset=&#8221;default&#8221; global_colors_info=&#8221;{}&#8221; theme_builder_area=&#8221;post_content&#8221;][et_pb_image src=&#8221;http:\/\/iai.pt\/web\/wp-content\/uploads\/2024\/10\/A.2.jpg&#8221; title_text=&#8221;A.2&#8243; _builder_version=&#8221;4.23.4&#8243; _module_preset=&#8221;default&#8221; hover_enabled=&#8221;0&#8243; global_colors_info=&#8221;{}&#8221; theme_builder_area=&#8221;post_content&#8221; sticky_enabled=&#8221;0&#8243;][\/et_pb_image][\/et_pb_column][\/et_pb_row][\/et_pb_section]<\/p>\n","protected":false},"excerpt":{"rendered":"<p>No \u00e2mbito do Dia Mundial da Alimenta\u00e7\u00e3o e inserido no Programa de Apoio e Promo\u00e7\u00e3o da Educa\u00e7\u00e3o para a Sa\u00fade, a turma do 2\u00ba ano do curso de Operador de Fotografia realizou uma atividade criativa e educativa para toda a comunidade escolar: o Quiz &#8220;Quem quer ser saud\u00e1vel&#8221;. A iniciativa, que teve como objetivo sensibilizar [&hellip;]<\/p>\n","protected":false},"author":1,"featured_media":15839,"comment_status":"open","ping_status":"open","sticky":false,"template":"","format":"standard","meta":{"_et_pb_use_builder":"on","_et_pb_old_content":"","_et_gb_content_width":"","footnotes":"","_members_access_role":[],"_members_access_error":""},"categories":[60],"tags":[],"class_list":["post-15857","post","type-post","status-publish","format-standard","has-post-thumbnail","hentry","category-noticias"],"aioseo_notices":[],"aioseo_head":"\n\t\t<!-- All in One SEO 4.9.10 - aioseo.com -->\n\t<meta name=\"description\" content=\"No \u00e2mbito do Dia Mundial da Alimenta\u00e7\u00e3o e inserido no Programa de Apoio e Promo\u00e7\u00e3o da Educa\u00e7\u00e3o para a Sa\u00fade, a turma do 2\u00ba ano do curso de Operador de Fotografia realizou uma atividade criativa e educativa para toda a comunidade escolar: o Quiz \u201cQuem quer ser saud\u00e1vel\u201d. A iniciativa, que teve como objetivo sensibilizar\" \/>\n\t<meta name=\"robots\" content=\"max-image-preview:large\" \/>\n\t<meta name=\"author\" content=\"admin\"\/>\n\t<link rel=\"canonical\" href=\"http:\/\/iai.pt\/web\/arquivos\/15857\" \/>\n\t<meta name=\"generator\" content=\"All in One SEO (AIOSEO) 4.9.10\" \/>\n\t\t<meta property=\"og:locale\" content=\"pt_PT\" \/>\n\t\t<meta property=\"og:site_name\" content=\"IAI - Escola Art\u00edstica\" \/>\n\t\t<meta property=\"og:type\" content=\"article\" \/>\n\t\t<meta property=\"og:title\" content=\"Dia Mundial da Alimenta\u00e7\u00e3o 2024 - IAI\" \/>\n\t\t<meta property=\"og:description\" content=\"No \u00e2mbito do Dia Mundial da Alimenta\u00e7\u00e3o e inserido no Programa de Apoio e Promo\u00e7\u00e3o da Educa\u00e7\u00e3o para a Sa\u00fade, a turma do 2\u00ba ano do curso de Operador de Fotografia realizou uma atividade criativa e educativa para toda a comunidade escolar: o Quiz \u201cQuem quer ser saud\u00e1vel\u201d. A iniciativa, que teve como objetivo sensibilizar\" \/>\n\t\t<meta property=\"og:url\" content=\"http:\/\/iai.pt\/web\/arquivos\/15857\" \/>\n\t\t<meta property=\"og:image\" content=\"http:\/\/iai.pt\/web\/wp-content\/uploads\/2023\/05\/seo-logo.png\" \/>\n\t\t<meta property=\"og:image:width\" content=\"105\" \/>\n\t\t<meta property=\"og:image:height\" content=\"112\" \/>\n\t\t<meta property=\"article:published_time\" content=\"2024-10-16T10:35:36+00:00\" \/>\n\t\t<meta property=\"article:modified_time\" content=\"2024-10-21T10:49:34+00:00\" \/>\n\t\t<meta property=\"article:publisher\" content=\"https:\/\/www.facebook.com\/instituto.das.artes.imagem\" \/>\n\t\t<meta name=\"twitter:card\" content=\"summary_large_image\" \/>\n\t\t<meta name=\"twitter:title\" content=\"Dia Mundial da Alimenta\u00e7\u00e3o 2024 - IAI\" \/>\n\t\t<meta name=\"twitter:description\" content=\"No \u00e2mbito do Dia Mundial da Alimenta\u00e7\u00e3o e inserido no Programa de Apoio e Promo\u00e7\u00e3o da Educa\u00e7\u00e3o para a Sa\u00fade, a turma do 2\u00ba ano do curso de Operador de Fotografia realizou uma atividade criativa e educativa para toda a comunidade escolar: o Quiz \u201cQuem quer ser saud\u00e1vel\u201d. A iniciativa, que teve como objetivo sensibilizar\" \/>\n\t\t<meta name=\"twitter:image\" content=\"http:\/\/iai.pt\/web\/wp-content\/uploads\/2023\/05\/seo-logo.png\" \/>\n\t\t<script type=\"application\/ld+json\" class=\"aioseo-schema\">\n\t\t\t{\"@context\":\"https:\\\/\\\/schema.org\",\"@graph\":[{\"@type\":\"BlogPosting\",\"@id\":\"http:\\\/\\\/iai.pt\\\/web\\\/arquivos\\\/15857#blogposting\",\"name\":\"Dia Mundial da Alimenta\\u00e7\\u00e3o 2024 - IAI\",\"headline\":\"Dia Mundial da Alimenta\\u00e7\\u00e3o 2024\",\"author\":{\"@id\":\"http:\\\/\\\/iai.pt\\\/web\\\/arquivos\\\/author\\\/admin#author\"},\"publisher\":{\"@id\":\"http:\\\/\\\/iai.pt\\\/web\\\/#organization\"},\"image\":{\"@type\":\"ImageObject\",\"url\":\"http:\\\/\\\/iai.pt\\\/web\\\/wp-content\\\/uploads\\\/2024\\\/10\\\/A.2.jpg\",\"width\":1600,\"height\":1200},\"datePublished\":\"2024-10-16T11:35:36+01:00\",\"dateModified\":\"2024-10-21T11:49:34+01:00\",\"inLanguage\":\"pt-PT\",\"mainEntityOfPage\":{\"@id\":\"http:\\\/\\\/iai.pt\\\/web\\\/arquivos\\\/15857#webpage\"},\"isPartOf\":{\"@id\":\"http:\\\/\\\/iai.pt\\\/web\\\/arquivos\\\/15857#webpage\"},\"articleSection\":\"Noticias\"},{\"@type\":\"BreadcrumbList\",\"@id\":\"http:\\\/\\\/iai.pt\\\/web\\\/arquivos\\\/15857#breadcrumblist\",\"itemListElement\":[{\"@type\":\"ListItem\",\"@id\":\"http:\\\/\\\/iai.pt\\\/web#listItem\",\"position\":1,\"name\":\"In\\u00edcio\",\"item\":\"http:\\\/\\\/iai.pt\\\/web\",\"nextItem\":{\"@type\":\"ListItem\",\"@id\":\"http:\\\/\\\/iai.pt\\\/web\\\/arquivos\\\/category\\\/noticias#listItem\",\"name\":\"Noticias\"}},{\"@type\":\"ListItem\",\"@id\":\"http:\\\/\\\/iai.pt\\\/web\\\/arquivos\\\/category\\\/noticias#listItem\",\"position\":2,\"name\":\"Noticias\",\"item\":\"http:\\\/\\\/iai.pt\\\/web\\\/arquivos\\\/category\\\/noticias\",\"nextItem\":{\"@type\":\"ListItem\",\"@id\":\"http:\\\/\\\/iai.pt\\\/web\\\/arquivos\\\/15857#listItem\",\"name\":\"Dia Mundial da Alimenta\\u00e7\\u00e3o 2024\"},\"previousItem\":{\"@type\":\"ListItem\",\"@id\":\"http:\\\/\\\/iai.pt\\\/web#listItem\",\"name\":\"In\\u00edcio\"}},{\"@type\":\"ListItem\",\"@id\":\"http:\\\/\\\/iai.pt\\\/web\\\/arquivos\\\/15857#listItem\",\"position\":3,\"name\":\"Dia Mundial da Alimenta\\u00e7\\u00e3o 2024\",\"previousItem\":{\"@type\":\"ListItem\",\"@id\":\"http:\\\/\\\/iai.pt\\\/web\\\/arquivos\\\/category\\\/noticias#listItem\",\"name\":\"Noticias\"}}]},{\"@type\":\"Organization\",\"@id\":\"http:\\\/\\\/iai.pt\\\/web\\\/#organization\",\"name\":\"Instituto das Artes e da Imagem\",\"description\":\"Escola Art\\u00edstica\",\"url\":\"http:\\\/\\\/iai.pt\\\/web\\\/\",\"telephone\":\"+351222000757\",\"logo\":{\"@type\":\"ImageObject\",\"url\":\"http:\\\/\\\/iai.pt\\\/web\\\/wp-content\\\/uploads\\\/2023\\\/05\\\/seo-logo.png\",\"@id\":\"http:\\\/\\\/iai.pt\\\/web\\\/arquivos\\\/15857\\\/#organizationLogo\",\"width\":105,\"height\":112},\"image\":{\"@id\":\"http:\\\/\\\/iai.pt\\\/web\\\/arquivos\\\/15857\\\/#organizationLogo\"},\"sameAs\":[\"https:\\\/\\\/www.facebook.com\\\/instituto.das.artes.imagem\",\"https:\\\/\\\/www.instagram.com\\\/iai_escola_de_artes\\\/\",\"https:\\\/\\\/www.youtube.com\\\/iaiwebmaster\"]},{\"@type\":\"Person\",\"@id\":\"http:\\\/\\\/iai.pt\\\/web\\\/arquivos\\\/author\\\/admin#author\",\"url\":\"http:\\\/\\\/iai.pt\\\/web\\\/arquivos\\\/author\\\/admin\",\"name\":\"admin\",\"image\":{\"@type\":\"ImageObject\",\"@id\":\"http:\\\/\\\/iai.pt\\\/web\\\/arquivos\\\/15857#authorImage\",\"url\":\"https:\\\/\\\/secure.gravatar.com\\\/avatar\\\/bad9c1ed8261989cbd54cb5e8fc92988405a8dc9925b0838cc9c034113770b1e?s=96&d=mm&r=g\",\"width\":96,\"height\":96,\"caption\":\"admin\"}},{\"@type\":\"WebPage\",\"@id\":\"http:\\\/\\\/iai.pt\\\/web\\\/arquivos\\\/15857#webpage\",\"url\":\"http:\\\/\\\/iai.pt\\\/web\\\/arquivos\\\/15857\",\"name\":\"Dia Mundial da Alimenta\\u00e7\\u00e3o 2024 - IAI\",\"description\":\"No \\u00e2mbito do Dia Mundial da Alimenta\\u00e7\\u00e3o e inserido no Programa de Apoio e Promo\\u00e7\\u00e3o da Educa\\u00e7\\u00e3o para a Sa\\u00fade, a turma do 2\\u00ba ano do curso de Operador de Fotografia realizou uma atividade criativa e educativa para toda a comunidade escolar: o Quiz \\u201cQuem quer ser saud\\u00e1vel\\u201d. A iniciativa, que teve como objetivo sensibilizar\",\"inLanguage\":\"pt-PT\",\"isPartOf\":{\"@id\":\"http:\\\/\\\/iai.pt\\\/web\\\/#website\"},\"breadcrumb\":{\"@id\":\"http:\\\/\\\/iai.pt\\\/web\\\/arquivos\\\/15857#breadcrumblist\"},\"author\":{\"@id\":\"http:\\\/\\\/iai.pt\\\/web\\\/arquivos\\\/author\\\/admin#author\"},\"creator\":{\"@id\":\"http:\\\/\\\/iai.pt\\\/web\\\/arquivos\\\/author\\\/admin#author\"},\"image\":{\"@type\":\"ImageObject\",\"url\":\"http:\\\/\\\/iai.pt\\\/web\\\/wp-content\\\/uploads\\\/2024\\\/10\\\/A.2.jpg\",\"@id\":\"http:\\\/\\\/iai.pt\\\/web\\\/arquivos\\\/15857\\\/#mainImage\",\"width\":1600,\"height\":1200},\"primaryImageOfPage\":{\"@id\":\"http:\\\/\\\/iai.pt\\\/web\\\/arquivos\\\/15857#mainImage\"},\"datePublished\":\"2024-10-16T11:35:36+01:00\",\"dateModified\":\"2024-10-21T11:49:34+01:00\"},{\"@type\":\"WebSite\",\"@id\":\"http:\\\/\\\/iai.pt\\\/web\\\/#website\",\"url\":\"http:\\\/\\\/iai.pt\\\/web\\\/\",\"name\":\"IAI\",\"alternateName\":\"iai\",\"description\":\"Escola Art\\u00edstica\",\"inLanguage\":\"pt-PT\",\"publisher\":{\"@id\":\"http:\\\/\\\/iai.pt\\\/web\\\/#organization\"}}]}\n\t\t<\/script>\n\t\t<!-- All in One SEO -->\n\n","aioseo_head_json":{"title":"Dia Mundial da Alimenta\u00e7\u00e3o 2024 - IAI","description":"No \u00e2mbito do Dia Mundial da Alimenta\u00e7\u00e3o e inserido no Programa de Apoio e Promo\u00e7\u00e3o da Educa\u00e7\u00e3o para a Sa\u00fade, a turma do 2\u00ba ano do curso de Operador de Fotografia realizou uma atividade criativa e educativa para toda a comunidade escolar: o Quiz \u201cQuem quer ser saud\u00e1vel\u201d. A iniciativa, que teve como objetivo sensibilizar","canonical_url":"http:\/\/iai.pt\/web\/arquivos\/15857","robots":"max-image-preview:large","keywords":"","webmasterTools":{"miscellaneous":""},"schema":{"@context":"https:\/\/schema.org","@graph":[{"@type":"BlogPosting","@id":"http:\/\/iai.pt\/web\/arquivos\/15857#blogposting","name":"Dia Mundial da Alimenta\u00e7\u00e3o 2024 - IAI","headline":"Dia Mundial da Alimenta\u00e7\u00e3o 2024","author":{"@id":"http:\/\/iai.pt\/web\/arquivos\/author\/admin#author"},"publisher":{"@id":"http:\/\/iai.pt\/web\/#organization"},"image":{"@type":"ImageObject","url":"http:\/\/iai.pt\/web\/wp-content\/uploads\/2024\/10\/A.2.jpg","width":1600,"height":1200},"datePublished":"2024-10-16T11:35:36+01:00","dateModified":"2024-10-21T11:49:34+01:00","inLanguage":"pt-PT","mainEntityOfPage":{"@id":"http:\/\/iai.pt\/web\/arquivos\/15857#webpage"},"isPartOf":{"@id":"http:\/\/iai.pt\/web\/arquivos\/15857#webpage"},"articleSection":"Noticias"},{"@type":"BreadcrumbList","@id":"http:\/\/iai.pt\/web\/arquivos\/15857#breadcrumblist","itemListElement":[{"@type":"ListItem","@id":"http:\/\/iai.pt\/web#listItem","position":1,"name":"In\u00edcio","item":"http:\/\/iai.pt\/web","nextItem":{"@type":"ListItem","@id":"http:\/\/iai.pt\/web\/arquivos\/category\/noticias#listItem","name":"Noticias"}},{"@type":"ListItem","@id":"http:\/\/iai.pt\/web\/arquivos\/category\/noticias#listItem","position":2,"name":"Noticias","item":"http:\/\/iai.pt\/web\/arquivos\/category\/noticias","nextItem":{"@type":"ListItem","@id":"http:\/\/iai.pt\/web\/arquivos\/15857#listItem","name":"Dia Mundial da Alimenta\u00e7\u00e3o 2024"},"previousItem":{"@type":"ListItem","@id":"http:\/\/iai.pt\/web#listItem","name":"In\u00edcio"}},{"@type":"ListItem","@id":"http:\/\/iai.pt\/web\/arquivos\/15857#listItem","position":3,"name":"Dia Mundial da Alimenta\u00e7\u00e3o 2024","previousItem":{"@type":"ListItem","@id":"http:\/\/iai.pt\/web\/arquivos\/category\/noticias#listItem","name":"Noticias"}}]},{"@type":"Organization","@id":"http:\/\/iai.pt\/web\/#organization","name":"Instituto das Artes e da Imagem","description":"Escola Art\u00edstica","url":"http:\/\/iai.pt\/web\/","telephone":"+351222000757","logo":{"@type":"ImageObject","url":"http:\/\/iai.pt\/web\/wp-content\/uploads\/2023\/05\/seo-logo.png","@id":"http:\/\/iai.pt\/web\/arquivos\/15857\/#organizationLogo","width":105,"height":112},"image":{"@id":"http:\/\/iai.pt\/web\/arquivos\/15857\/#organizationLogo"},"sameAs":["https:\/\/www.facebook.com\/instituto.das.artes.imagem","https:\/\/www.instagram.com\/iai_escola_de_artes\/","https:\/\/www.youtube.com\/iaiwebmaster"]},{"@type":"Person","@id":"http:\/\/iai.pt\/web\/arquivos\/author\/admin#author","url":"http:\/\/iai.pt\/web\/arquivos\/author\/admin","name":"admin","image":{"@type":"ImageObject","@id":"http:\/\/iai.pt\/web\/arquivos\/15857#authorImage","url":"https:\/\/secure.gravatar.com\/avatar\/bad9c1ed8261989cbd54cb5e8fc92988405a8dc9925b0838cc9c034113770b1e?s=96&d=mm&r=g","width":96,"height":96,"caption":"admin"}},{"@type":"WebPage","@id":"http:\/\/iai.pt\/web\/arquivos\/15857#webpage","url":"http:\/\/iai.pt\/web\/arquivos\/15857","name":"Dia Mundial da Alimenta\u00e7\u00e3o 2024 - IAI","description":"No \u00e2mbito do Dia Mundial da Alimenta\u00e7\u00e3o e inserido no Programa de Apoio e Promo\u00e7\u00e3o da Educa\u00e7\u00e3o para a Sa\u00fade, a turma do 2\u00ba ano do curso de Operador de Fotografia realizou uma atividade criativa e educativa para toda a comunidade escolar: o Quiz \u201cQuem quer ser saud\u00e1vel\u201d. A iniciativa, que teve como objetivo sensibilizar","inLanguage":"pt-PT","isPartOf":{"@id":"http:\/\/iai.pt\/web\/#website"},"breadcrumb":{"@id":"http:\/\/iai.pt\/web\/arquivos\/15857#breadcrumblist"},"author":{"@id":"http:\/\/iai.pt\/web\/arquivos\/author\/admin#author"},"creator":{"@id":"http:\/\/iai.pt\/web\/arquivos\/author\/admin#author"},"image":{"@type":"ImageObject","url":"http:\/\/iai.pt\/web\/wp-content\/uploads\/2024\/10\/A.2.jpg","@id":"http:\/\/iai.pt\/web\/arquivos\/15857\/#mainImage","width":1600,"height":1200},"primaryImageOfPage":{"@id":"http:\/\/iai.pt\/web\/arquivos\/15857#mainImage"},"datePublished":"2024-10-16T11:35:36+01:00","dateModified":"2024-10-21T11:49:34+01:00"},{"@type":"WebSite","@id":"http:\/\/iai.pt\/web\/#website","url":"http:\/\/iai.pt\/web\/","name":"IAI","alternateName":"iai","description":"Escola Art\u00edstica","inLanguage":"pt-PT","publisher":{"@id":"http:\/\/iai.pt\/web\/#organization"}}]},"og:locale":"pt_PT","og:site_name":"IAI - Escola Art\u00edstica","og:type":"article","og:title":"Dia Mundial da Alimenta\u00e7\u00e3o 2024 - IAI","og:description":"No \u00e2mbito do Dia Mundial da Alimenta\u00e7\u00e3o e inserido no Programa de Apoio e Promo\u00e7\u00e3o da Educa\u00e7\u00e3o para a Sa\u00fade, a turma do 2\u00ba ano do curso de Operador de Fotografia realizou uma atividade criativa e educativa para toda a comunidade escolar: o Quiz \u201cQuem quer ser saud\u00e1vel\u201d. A iniciativa, que teve como objetivo sensibilizar","og:url":"http:\/\/iai.pt\/web\/arquivos\/15857","og:image":"http:\/\/iai.pt\/web\/wp-content\/uploads\/2023\/05\/seo-logo.png","og:image:width":105,"og:image:height":112,"article:published_time":"2024-10-16T10:35:36+00:00","article:modified_time":"2024-10-21T10:49:34+00:00","article:publisher":"https:\/\/www.facebook.com\/instituto.das.artes.imagem","twitter:card":"summary_large_image","twitter:title":"Dia Mundial da Alimenta\u00e7\u00e3o 2024 - IAI","twitter:description":"No \u00e2mbito do Dia Mundial da Alimenta\u00e7\u00e3o e inserido no Programa de Apoio e Promo\u00e7\u00e3o da Educa\u00e7\u00e3o para a Sa\u00fade, a turma do 2\u00ba ano do curso de Operador de Fotografia realizou uma atividade criativa e educativa para toda a comunidade escolar: o Quiz \u201cQuem quer ser saud\u00e1vel\u201d. A iniciativa, que teve como objetivo sensibilizar","twitter:image":"http:\/\/iai.pt\/web\/wp-content\/uploads\/2023\/05\/seo-logo.png"},"aioseo_meta_data":{"post_id":"15857","title":null,"description":null,"keywords":[],"keyphrases":{"focus":{"keyphrase":"","score":0,"analysis":{"keyphraseInTitle":{"score":0,"maxScore":9,"error":1}}},"additional":[]},"primary_term":null,"canonical_url":null,"og_title":null,"og_description":null,"og_object_type":"default","og_image_type":"default","og_image_url":null,"og_image_width":null,"og_image_height":null,"og_image_custom_url":null,"og_image_custom_fields":null,"og_video":"","og_custom_url":null,"og_article_section":null,"og_article_tags":[],"twitter_use_og":false,"twitter_card":"default","twitter_image_type":"default","twitter_image_url":null,"twitter_image_custom_url":null,"twitter_image_custom_fields":null,"twitter_title":null,"twitter_description":null,"schema":{"blockGraphs":[],"customGraphs":[],"default":{"data":{"Article":[],"Course":[],"Dataset":[],"FAQPage":[],"Movie":[],"Person":[],"Product":[],"ProductReview":[],"Car":[],"Recipe":[],"Service":[],"SoftwareApplication":[],"WebPage":[]},"graphName":"BlogPosting","isEnabled":true},"graphs":[]},"schema_type":"default","schema_type_options":null,"pillar_content":false,"robots_default":true,"robots_noindex":false,"robots_noarchive":false,"robots_nosnippet":false,"robots_nofollow":false,"robots_noimageindex":false,"robots_noodp":false,"robots_notranslate":false,"robots_max_snippet":"-1","robots_max_videopreview":"-1","robots_max_imagepreview":"large","priority":null,"frequency":"default","local_seo":null,"breadcrumb_settings":null,"limit_modified_date":false,"ai":null,"created":"2024-10-21 10:40:53","updated":"2025-06-09 21:24:13","seo_analyzer_scan_date":null},"aioseo_breadcrumb":"<div class=\"aioseo-breadcrumbs\"><span class=\"aioseo-breadcrumb\">\n\t\t\t<a href=\"http:\/\/iai.pt\/web\" title=\"In\u00edcio\">In\u00edcio<\/a>\n\t\t<\/span><span class=\"aioseo-breadcrumb-separator\">\u00bb<\/span><span class=\"aioseo-breadcrumb\">\n\t\t\t<a href=\"http:\/\/iai.pt\/web\/arquivos\/category\/noticias\" title=\"Noticias\">Noticias<\/a>\n\t\t<\/span><span class=\"aioseo-breadcrumb-separator\">\u00bb<\/span><span class=\"aioseo-breadcrumb\">\n\t\t\tDia Mundial da Alimenta\u00e7\u00e3o 2024\n\t\t<\/span><\/div>","aioseo_breadcrumb_json":[{"label":"In\u00edcio","link":"http:\/\/iai.pt\/web"},{"label":"Noticias","link":"http:\/\/iai.pt\/web\/arquivos\/category\/noticias"},{"label":"Dia Mundial da Alimenta\u00e7\u00e3o 2024","link":"http:\/\/iai.pt\/web\/arquivos\/15857"}],"_links":{"self":[{"href":"http:\/\/iai.pt\/web\/wp-json\/wp\/v2\/posts\/15857","targetHints":{"allow":["GET"]}}],"collection":[{"href":"http:\/\/iai.pt\/web\/wp-json\/wp\/v2\/posts"}],"about":[{"href":"http:\/\/iai.pt\/web\/wp-json\/wp\/v2\/types\/post"}],"author":[{"embeddable":true,"href":"http:\/\/iai.pt\/web\/wp-json\/wp\/v2\/users\/1"}],"replies":[{"embeddable":true,"href":"http:\/\/iai.pt\/web\/wp-json\/wp\/v2\/comments?post=15857"}],"version-history":[{"count":1,"href":"http:\/\/iai.pt\/web\/wp-json\/wp\/v2\/posts\/15857\/revisions"}],"predecessor-version":[{"id":15858,"href":"http:\/\/iai.pt\/web\/wp-json\/wp\/v2\/posts\/15857\/revisions\/15858"}],"wp:featuredmedia":[{"embeddable":true,"href":"http:\/\/iai.pt\/web\/wp-json\/wp\/v2\/media\/15839"}],"wp:attachment":[{"href":"http:\/\/iai.pt\/web\/wp-json\/wp\/v2\/media?parent=15857"}],"wp:term":[{"taxonomy":"category","embeddable":true,"href":"http:\/\/iai.pt\/web\/wp-json\/wp\/v2\/categories?post=15857"},{"taxonomy":"post_tag","embeddable":true,"href":"http:\/\/iai.pt\/web\/wp-json\/wp\/v2\/tags?post=15857"}],"curies":[{"name":"wp","href":"https:\/\/api.w.org\/{rel}","templated":true}]}}