{"id":15862,"date":"2024-10-20T12:09:50","date_gmt":"2024-10-20T11:09:50","guid":{"rendered":"https:\/\/iai.pt\/web\/?p=15862"},"modified":"2024-10-21T12:12:22","modified_gmt":"2024-10-21T11:12:22","slug":"dia-mundial-de-combate-ao-bullying-2024","status":"publish","type":"post","link":"http:\/\/iai.pt\/web\/arquivos\/15862","title":{"rendered":"Dia Mundial de Combate ao Bullying 2024"},"content":{"rendered":"<p>[et_pb_section fb_built=&#8221;1&#8243; _builder_version=&#8221;4.23.4&#8243; _module_preset=&#8221;default&#8221; global_colors_info=&#8221;{}&#8221; theme_builder_area=&#8221;post_content&#8221;][et_pb_row _builder_version=&#8221;4.23.4&#8243; _module_preset=&#8221;default&#8221; global_colors_info=&#8221;{}&#8221; theme_builder_area=&#8221;post_content&#8221;][et_pb_column type=&#8221;4_4&#8243; _builder_version=&#8221;4.23.4&#8243; _module_preset=&#8221;default&#8221; global_colors_info=&#8221;{}&#8221; theme_builder_area=&#8221;post_content&#8221;][et_pb_text _builder_version=&#8221;4.23.4&#8243; _module_preset=&#8221;default&#8221; global_colors_info=&#8221;{}&#8221; theme_builder_area=&#8221;post_content&#8221;]<\/p>\n<p><span style=\"font-weight: 400;\">No m\u00eas de outubro, a turma do 2 ano do curso de Operador de Fotografia\u00a0 organizou uma exposi\u00e7\u00e3o fotogr\u00e1fica e criou cartazes impactantes para assinalar o Dia Mundial de Combate ao Bullying, dia 20 de outubro. A iniciativa teve como objetivo consciencializar a comunidade escolar sobre a import\u00e2ncia do respeito e da empatia.<\/span><\/p>\n<p><span style=\"font-weight: 400;\">Os alunos exibiram fotos que retratam diferentes formas de bullying e as suas consequ\u00eancias. A a\u00e7\u00e3o destacou a import\u00e2ncia da educa\u00e7\u00e3o no combate ao bullying, promovendo um ambiente escolar mais seguro e acolhedor para todos.<\/span><\/p>\n<p>[\/et_pb_text][\/et_pb_column][\/et_pb_row][et_pb_row _builder_version=&#8221;4.23.4&#8243; _module_preset=&#8221;default&#8221; global_colors_info=&#8221;{}&#8221; theme_builder_area=&#8221;post_content&#8221;][et_pb_column type=&#8221;4_4&#8243; _builder_version=&#8221;4.23.4&#8243; _module_preset=&#8221;default&#8221; global_colors_info=&#8221;{}&#8221; theme_builder_area=&#8221;post_content&#8221;][et_pb_image src=&#8221;http:\/\/iai.pt\/web\/wp-content\/uploads\/2024\/10\/WhatsApp-Image-2024-10-20-at-20.06.59-copia.jpeg&#8221; title_text=&#8221;WhatsApp Image 2024-10-20 at 20.06.59 &#8211; co\u0301pia&#8221; _builder_version=&#8221;4.23.4&#8243; _module_preset=&#8221;default&#8221; hover_enabled=&#8221;0&#8243; global_colors_info=&#8221;{}&#8221; theme_builder_area=&#8221;post_content&#8221; sticky_enabled=&#8221;0&#8243;][\/et_pb_image][\/et_pb_column][\/et_pb_row][\/et_pb_section]<\/p>\n","protected":false},"excerpt":{"rendered":"<p>No m\u00eas de outubro, a turma do 2 ano do curso de Operador de Fotografia\u00a0 organizou uma exposi\u00e7\u00e3o fotogr\u00e1fica e criou cartazes impactantes para assinalar o Dia Mundial de Combate ao Bullying, dia 20 de outubro. A iniciativa teve como objetivo consciencializar a comunidade escolar sobre a import\u00e2ncia do respeito e da empatia. Os alunos [&hellip;]<\/p>\n","protected":false},"author":1,"featured_media":15840,"comment_status":"open","ping_status":"open","sticky":false,"template":"","format":"standard","meta":{"_et_pb_use_builder":"on","_et_pb_old_content":"","_et_gb_content_width":"","footnotes":""},"categories":[60],"tags":[],"class_list":["post-15862","post","type-post","status-publish","format-standard","has-post-thumbnail","hentry","category-noticias"],"aioseo_notices":[],"_links":{"self":[{"href":"http:\/\/iai.pt\/web\/wp-json\/wp\/v2\/posts\/15862","targetHints":{"allow":["GET"]}}],"collection":[{"href":"http:\/\/iai.pt\/web\/wp-json\/wp\/v2\/posts"}],"about":[{"href":"http:\/\/iai.pt\/web\/wp-json\/wp\/v2\/types\/post"}],"author":[{"embeddable":true,"href":"http:\/\/iai.pt\/web\/wp-json\/wp\/v2\/users\/1"}],"replies":[{"embeddable":true,"href":"http:\/\/iai.pt\/web\/wp-json\/wp\/v2\/comments?post=15862"}],"version-history":[{"count":1,"href":"http:\/\/iai.pt\/web\/wp-json\/wp\/v2\/posts\/15862\/revisions"}],"predecessor-version":[{"id":15863,"href":"http:\/\/iai.pt\/web\/wp-json\/wp\/v2\/posts\/15862\/revisions\/15863"}],"wp:featuredmedia":[{"embeddable":true,"href":"http:\/\/iai.pt\/web\/wp-json\/wp\/v2\/media\/15840"}],"wp:attachment":[{"href":"http:\/\/iai.pt\/web\/wp-json\/wp\/v2\/media?parent=15862"}],"wp:term":[{"taxonomy":"category","embeddable":true,"href":"http:\/\/iai.pt\/web\/wp-json\/wp\/v2\/categories?post=15862"},{"taxonomy":"post_tag","embeddable":true,"href":"http:\/\/iai.pt\/web\/wp-json\/wp\/v2\/tags?post=15862"}],"curies":[{"name":"wp","href":"https:\/\/api.w.org\/{rel}","templated":true}]}}