{"id":15896,"date":"2024-10-29T12:00:40","date_gmt":"2024-10-29T12:00:40","guid":{"rendered":"https:\/\/iai.pt\/web\/?p=15896"},"modified":"2024-11-01T12:08:04","modified_gmt":"2024-11-01T12:08:04","slug":"3-selecoes-para-o-fecea-festival-internacional-de-cinema-escolar-de-alvorada-no-brasil-rio-grande-do-sul","status":"publish","type":"post","link":"http:\/\/iai.pt\/web\/arquivos\/15896","title":{"rendered":"3 Sele\u00e7\u00f5es para o FECEA &#8211; Festival Internacional de Cinema Escolar de Alvorada no Brasil, Rio Grande do Sul"},"content":{"rendered":"<p>[et_pb_section fb_built=&#8221;1&#8243; _builder_version=&#8221;4.23.4&#8243; _module_preset=&#8221;default&#8221; global_colors_info=&#8221;{}&#8221;][et_pb_row _builder_version=&#8221;4.23.4&#8243; _module_preset=&#8221;default&#8221; global_colors_info=&#8221;{}&#8221;][et_pb_column type=&#8221;4_4&#8243; _builder_version=&#8221;4.23.4&#8243; _module_preset=&#8221;default&#8221; global_colors_info=&#8221;{}&#8221;][et_pb_text _builder_version=&#8221;4.23.4&#8243; _module_preset=&#8221;default&#8221; global_colors_info=&#8221;{}&#8221;]<\/p>\n<div class=\"xdj266r x11i5rnm xat24cr x1mh8g0r x1vvkbs x126k92a\">\n<div dir=\"auto\">\n<div class=\"xdj266r x11i5rnm xat24cr x1mh8g0r x1vvkbs x126k92a\">\n<div dir=\"auto\">\u00c9 com imenso orgulho que partilhamos que as curtas-metragens:<\/div>\n<div dir=\"auto\"><\/div>\n<div dir=\"auto\"><\/div>\n<\/div>\n<div class=\"x11i5rnm xat24cr x1mh8g0r x1vvkbs xtlvy1s x126k92a\">\n<div dir=\"auto\">&#8220;Wave&#8221;, de In\u00eas Barumbeiro;<\/div>\n<div dir=\"auto\">&#8220;Lost Toys&#8221;, de Dayne Mendes e In\u00eas Pessoa, e,<\/div>\n<div dir=\"auto\">&#8220;Colours of Kindness&#8221;, de Julia Guerreiro<\/div>\n<\/div>\n<div class=\"x11i5rnm xat24cr x1mh8g0r x1vvkbs xtlvy1s x126k92a\">\n<div dir=\"auto\"><span class=\"html-span xdj266r x11i5rnm xat24cr x1mh8g0r xexx8yu x4uap5 x18d9i69 xkhd6sd x1hl2dhg x16tdsg8 x1vvkbs\"><a class=\"html-a xdj266r x11i5rnm xat24cr x1mh8g0r xexx8yu x4uap5 x18d9i69 xkhd6sd x1hl2dhg x16tdsg8 x1vvkbs\" tabindex=\"-1\"><\/a><\/span>Foram selecionadas para o FECEA &#8211; Festival Internacional de Cinema Escolar de Alvorada no Brasil, Rio Grande do Sul.<\/div>\n<\/div>\n<div class=\"x11i5rnm xat24cr x1mh8g0r x1vvkbs xtlvy1s x126k92a\">\n<div dir=\"auto\">Assim, \u00e9 o segundo ano consecutivo que temos curtas-metragens neste festival, sendo tamb\u00e9m o segundo ano consecutivo da participa\u00e7\u00e3o da nossa aluna In\u00eas Barumbeiro.<\/div>\n<\/div>\n<\/div>\n<\/div>\n<div class=\"x11i5rnm xat24cr x1mh8g0r x1vvkbs xtlvy1s x126k92a\"><\/div>\n<p>[\/et_pb_text][et_pb_image src=&#8221;https:\/\/iai.pt\/web\/wp-content\/uploads\/2024\/11\/WAVE_FECEA2024-scaled.jpg&#8221; title_text=&#8221;WAVE_FECEA2024&#8243; _builder_version=&#8221;4.23.4&#8243; _module_preset=&#8221;default&#8221; hover_enabled=&#8221;0&#8243; global_colors_info=&#8221;{}&#8221; src__hover_enabled=&#8221;on|hover&#8221; src__hover=&#8221;http:\/\/iai.pt\/web\/wp-content\/uploads\/2024\/11\/WAVE_FECEA2024-scaled.jpg&#8221; sticky_enabled=&#8221;0&#8243;][\/et_pb_image][et_pb_image src=&#8221;https:\/\/iai.pt\/web\/wp-content\/uploads\/2024\/11\/Lost-Toys_FECEA2024.jpg&#8221; title_text=&#8221;Lost Toys_FECEA2024&#8243; _builder_version=&#8221;4.23.4&#8243; _module_preset=&#8221;default&#8221; global_colors_info=&#8221;{}&#8221;][\/et_pb_image][et_pb_image src=&#8221;https:\/\/iai.pt\/web\/wp-content\/uploads\/2024\/11\/Colors-Of-Kindness_FECEA2024-scaled.jpg&#8221; title_text=&#8221;Colors Of Kindness_FECEA2024&#8243; _builder_version=&#8221;4.23.4&#8243; _module_preset=&#8221;default&#8221; global_colors_info=&#8221;{}&#8221;][\/et_pb_image][\/et_pb_column][\/et_pb_row][\/et_pb_section]<\/p>\n","protected":false},"excerpt":{"rendered":"<p>\u00c9 com imenso orgulho que partilhamos que as curtas-metragens: &#8220;Wave&#8221;, de In\u00eas Barumbeiro; &#8220;Lost Toys&#8221;, de Dayne Mendes e In\u00eas Pessoa, e, &#8220;Colours of Kindness&#8221;, de Julia Guerreiro Foram selecionadas para o FECEA &#8211; Festival Internacional de Cinema Escolar de Alvorada no Brasil, Rio Grande do Sul. Assim, \u00e9 o segundo ano consecutivo que temos [&hellip;]<\/p>\n","protected":false},"author":1,"featured_media":15892,"comment_status":"open","ping_status":"open","sticky":false,"template":"","format":"standard","meta":{"_et_pb_use_builder":"on","_et_pb_old_content":"","_et_gb_content_width":"","footnotes":""},"categories":[99],"tags":[],"class_list":["post-15896","post","type-post","status-publish","format-standard","has-post-thumbnail","hentry","category-premios"],"aioseo_notices":[],"_links":{"self":[{"href":"http:\/\/iai.pt\/web\/wp-json\/wp\/v2\/posts\/15896","targetHints":{"allow":["GET"]}}],"collection":[{"href":"http:\/\/iai.pt\/web\/wp-json\/wp\/v2\/posts"}],"about":[{"href":"http:\/\/iai.pt\/web\/wp-json\/wp\/v2\/types\/post"}],"author":[{"embeddable":true,"href":"http:\/\/iai.pt\/web\/wp-json\/wp\/v2\/users\/1"}],"replies":[{"embeddable":true,"href":"http:\/\/iai.pt\/web\/wp-json\/wp\/v2\/comments?post=15896"}],"version-history":[{"count":1,"href":"http:\/\/iai.pt\/web\/wp-json\/wp\/v2\/posts\/15896\/revisions"}],"predecessor-version":[{"id":15897,"href":"http:\/\/iai.pt\/web\/wp-json\/wp\/v2\/posts\/15896\/revisions\/15897"}],"wp:featuredmedia":[{"embeddable":true,"href":"http:\/\/iai.pt\/web\/wp-json\/wp\/v2\/media\/15892"}],"wp:attachment":[{"href":"http:\/\/iai.pt\/web\/wp-json\/wp\/v2\/media?parent=15896"}],"wp:term":[{"taxonomy":"category","embeddable":true,"href":"http:\/\/iai.pt\/web\/wp-json\/wp\/v2\/categories?post=15896"},{"taxonomy":"post_tag","embeddable":true,"href":"http:\/\/iai.pt\/web\/wp-json\/wp\/v2\/tags?post=15896"}],"curies":[{"name":"wp","href":"https:\/\/api.w.org\/{rel}","templated":true}]}}