{"id":15952,"date":"2024-11-07T11:22:42","date_gmt":"2024-11-07T11:22:42","guid":{"rendered":"https:\/\/iai.pt\/web\/?p=15952"},"modified":"2024-11-11T11:31:17","modified_gmt":"2024-11-11T11:31:17","slug":"a-conversa-com-o-escultor-rui-chafes","status":"publish","type":"post","link":"http:\/\/iai.pt\/web\/arquivos\/15952","title":{"rendered":"\u00c0 conversa com&#8230; o Escultor Rui Chafes"},"content":{"rendered":"<p>[et_pb_section fb_built=&#8221;1&#8243; _builder_version=&#8221;4.23.4&#8243; _module_preset=&#8221;default&#8221; global_colors_info=&#8221;{}&#8221; theme_builder_area=&#8221;post_content&#8221;][et_pb_row _builder_version=&#8221;4.23.4&#8243; _module_preset=&#8221;default&#8221; global_colors_info=&#8221;{}&#8221; theme_builder_area=&#8221;post_content&#8221;][et_pb_column type=&#8221;4_4&#8243; _builder_version=&#8221;4.23.4&#8243; _module_preset=&#8221;default&#8221; global_colors_info=&#8221;{}&#8221; theme_builder_area=&#8221;post_content&#8221;][et_pb_text _builder_version=&#8221;4.23.4&#8243; _module_preset=&#8221;default&#8221; global_colors_info=&#8221;{}&#8221; theme_builder_area=&#8221;post_content&#8221;]<\/p>\n<p><span style=\"font-weight: 400;\">No \u00e2mbito do programa comemorativo dos 30 anos do IAI, no dia 7 de novembro, tivemos a iniciativa &#8220;\u00c0 conversa com o Escultor Rui Chafes&#8221; que nos presenteou com a partilha do seu do pensamento sobre a arte em geral e a escultura em particular. No deambular pelas suas obras, com palavras serenas e profundas, procurou fazer-nos sentir o sentido impregnado em cada caminhada que percorre no processo de constru\u00e7\u00e3o escult\u00f3rico. Foi de facto um momento que marcou e marcar\u00e1 para sempre a hist\u00f3ria do IAI.<\/span><\/p>\n<p><span style=\"font-weight: 400;\">Esta conversa foi enriquecida pelo trabalho empenhado de alunos e professores que, antecipadamente, estudam e preparam interven\u00e7\u00f5es tendo por refer\u00eancia a obra do Escultor Rui Chafes. Contamos com poemas criados pelos alunos, na disciplina de portugu\u00eas, a partir de t\u00edtulos de esculturas; exibimos adere\u00e7os de moda criados pelos alunos do\u00a0 curso de Design de Equipamento tendo igualmente por refer\u00eancia a obra do Escultor, assim como a utiliza\u00e7\u00e3o do metal e da cor preta; exibimos uma exposi\u00e7\u00e3o de pain\u00e9is com refer\u00eancia \u00e0 obra do Escultor.\u00a0<\/span><\/p>\n<p><span style=\"font-weight: 400;\">Foi um momento muito enriquecedor, n\u00e3o s\u00f3 pelo aprofundamento\u00a0 que podemos fazer sobre a sua obra, mas sobretudo pela sabedoria emocionante com que nos contagiou.<\/span><\/p>\n<p><span style=\"font-weight: 400;\">Toda a Comunidade Educativa do IAI agradece a generosa partilha do Escultor Rui Chafes.<\/span><\/p>\n<p>[\/et_pb_text][\/et_pb_column][\/et_pb_row][et_pb_row _builder_version=&#8221;4.23.4&#8243; _module_preset=&#8221;default&#8221; global_colors_info=&#8221;{}&#8221; theme_builder_area=&#8221;post_content&#8221;][et_pb_column type=&#8221;4_4&#8243; _builder_version=&#8221;4.23.4&#8243; _module_preset=&#8221;default&#8221; global_colors_info=&#8221;{}&#8221; theme_builder_area=&#8221;post_content&#8221;][et_pb_image src=&#8221;http:\/\/iai.pt\/web\/wp-content\/uploads\/2024\/11\/FUT6989-min-scaled.jpg&#8221; title_text=&#8221;_FUT6989-min&#8221; _builder_version=&#8221;4.23.4&#8243; _module_preset=&#8221;default&#8221; hover_enabled=&#8221;0&#8243; global_colors_info=&#8221;{}&#8221; theme_builder_area=&#8221;post_content&#8221; sticky_enabled=&#8221;0&#8243;][\/et_pb_image][et_pb_image src=&#8221;http:\/\/iai.pt\/web\/wp-content\/uploads\/2024\/11\/DSC_1346-min-scaled.jpg&#8221; title_text=&#8221;DSC_1346-min&#8221; _builder_version=&#8221;4.23.4&#8243; _module_preset=&#8221;default&#8221; hover_enabled=&#8221;0&#8243; global_colors_info=&#8221;{}&#8221; theme_builder_area=&#8221;post_content&#8221; sticky_enabled=&#8221;0&#8243;][\/et_pb_image][\/et_pb_column][\/et_pb_row][\/et_pb_section]<\/p>\n","protected":false},"excerpt":{"rendered":"<p>No \u00e2mbito do programa comemorativo dos 30 anos do IAI, no dia 7 de novembro, tivemos a iniciativa &#8220;\u00c0 conversa com o Escultor Rui Chafes&#8221; que nos presenteou com a partilha do seu do pensamento sobre a arte em geral e a escultura em particular. No deambular pelas suas obras, com palavras serenas e profundas, [&hellip;]<\/p>\n","protected":false},"author":1,"featured_media":15955,"comment_status":"open","ping_status":"open","sticky":false,"template":"","format":"standard","meta":{"_et_pb_use_builder":"on","_et_pb_old_content":"","_et_gb_content_width":"","footnotes":"","_members_access_role":[],"_members_access_error":""},"categories":[60,123],"tags":[],"class_list":["post-15952","post","type-post","status-publish","format-standard","has-post-thumbnail","hentry","category-noticias","category-uma-hora-de-conversa-com"],"aioseo_notices":[],"aioseo_head":"\n\t\t<!-- All in One SEO 4.9.10 - aioseo.com -->\n\t<meta name=\"description\" content=\"No \u00e2mbito do programa comemorativo dos 30 anos do IAI, no dia 7 de novembro, tivemos a iniciativa \u201c\u00c0 conversa com o Escultor Rui Chafes\u201d que nos presenteou com a partilha do seu do pensamento sobre a arte em geral e a escultura em particular. No deambular pelas suas obras, com palavras serenas e profundas,\" \/>\n\t<meta name=\"robots\" content=\"max-image-preview:large\" \/>\n\t<meta name=\"author\" content=\"admin\"\/>\n\t<link rel=\"canonical\" href=\"http:\/\/iai.pt\/web\/arquivos\/15952\" \/>\n\t<meta name=\"generator\" content=\"All in One SEO (AIOSEO) 4.9.10\" \/>\n\t\t<meta property=\"og:locale\" content=\"pt_PT\" \/>\n\t\t<meta property=\"og:site_name\" content=\"IAI - Escola Art\u00edstica\" \/>\n\t\t<meta property=\"og:type\" content=\"article\" \/>\n\t\t<meta property=\"og:title\" content=\"\u00c0 conversa com\u2026 o Escultor Rui Chafes - IAI\" \/>\n\t\t<meta property=\"og:description\" content=\"No \u00e2mbito do programa comemorativo dos 30 anos do IAI, no dia 7 de novembro, tivemos a iniciativa \u201c\u00c0 conversa com o Escultor Rui Chafes\u201d que nos presenteou com a partilha do seu do pensamento sobre a arte em geral e a escultura em particular. No deambular pelas suas obras, com palavras serenas e profundas,\" \/>\n\t\t<meta property=\"og:url\" content=\"http:\/\/iai.pt\/web\/arquivos\/15952\" \/>\n\t\t<meta property=\"og:image\" content=\"http:\/\/iai.pt\/web\/wp-content\/uploads\/2023\/05\/seo-logo.png\" \/>\n\t\t<meta property=\"og:image:width\" content=\"105\" \/>\n\t\t<meta property=\"og:image:height\" content=\"112\" \/>\n\t\t<meta property=\"article:published_time\" content=\"2024-11-07T11:22:42+00:00\" \/>\n\t\t<meta property=\"article:modified_time\" content=\"2024-11-11T11:31:17+00:00\" \/>\n\t\t<meta property=\"article:publisher\" content=\"https:\/\/www.facebook.com\/instituto.das.artes.imagem\" \/>\n\t\t<meta name=\"twitter:card\" content=\"summary_large_image\" \/>\n\t\t<meta name=\"twitter:title\" content=\"\u00c0 conversa com\u2026 o Escultor Rui Chafes - IAI\" \/>\n\t\t<meta name=\"twitter:description\" content=\"No \u00e2mbito do programa comemorativo dos 30 anos do IAI, no dia 7 de novembro, tivemos a iniciativa \u201c\u00c0 conversa com o Escultor Rui Chafes\u201d que nos presenteou com a partilha do seu do pensamento sobre a arte em geral e a escultura em particular. No deambular pelas suas obras, com palavras serenas e profundas,\" \/>\n\t\t<meta name=\"twitter:image\" content=\"http:\/\/iai.pt\/web\/wp-content\/uploads\/2023\/05\/seo-logo.png\" \/>\n\t\t<script type=\"application\/ld+json\" class=\"aioseo-schema\">\n\t\t\t{\"@context\":\"https:\\\/\\\/schema.org\",\"@graph\":[{\"@type\":\"BlogPosting\",\"@id\":\"http:\\\/\\\/iai.pt\\\/web\\\/arquivos\\\/15952#blogposting\",\"name\":\"\\u00c0 conversa com\\u2026 o Escultor Rui Chafes - IAI\",\"headline\":\"\\u00c0 conversa com&#8230; o Escultor Rui Chafes\",\"author\":{\"@id\":\"http:\\\/\\\/iai.pt\\\/web\\\/arquivos\\\/author\\\/admin#author\"},\"publisher\":{\"@id\":\"http:\\\/\\\/iai.pt\\\/web\\\/#organization\"},\"image\":{\"@type\":\"ImageObject\",\"url\":\"http:\\\/\\\/iai.pt\\\/web\\\/wp-content\\\/uploads\\\/2024\\\/11\\\/FUT7134-min-scaled.jpg\",\"width\":2560,\"height\":1709},\"datePublished\":\"2024-11-07T11:22:42+00:00\",\"dateModified\":\"2024-11-11T11:31:17+00:00\",\"inLanguage\":\"pt-PT\",\"mainEntityOfPage\":{\"@id\":\"http:\\\/\\\/iai.pt\\\/web\\\/arquivos\\\/15952#webpage\"},\"isPartOf\":{\"@id\":\"http:\\\/\\\/iai.pt\\\/web\\\/arquivos\\\/15952#webpage\"},\"articleSection\":\"Noticias, Uma Hora de Conversa com...\"},{\"@type\":\"BreadcrumbList\",\"@id\":\"http:\\\/\\\/iai.pt\\\/web\\\/arquivos\\\/15952#breadcrumblist\",\"itemListElement\":[{\"@type\":\"ListItem\",\"@id\":\"http:\\\/\\\/iai.pt\\\/web#listItem\",\"position\":1,\"name\":\"In\\u00edcio\",\"item\":\"http:\\\/\\\/iai.pt\\\/web\",\"nextItem\":{\"@type\":\"ListItem\",\"@id\":\"http:\\\/\\\/iai.pt\\\/web\\\/arquivos\\\/category\\\/noticias#listItem\",\"name\":\"Noticias\"}},{\"@type\":\"ListItem\",\"@id\":\"http:\\\/\\\/iai.pt\\\/web\\\/arquivos\\\/category\\\/noticias#listItem\",\"position\":2,\"name\":\"Noticias\",\"item\":\"http:\\\/\\\/iai.pt\\\/web\\\/arquivos\\\/category\\\/noticias\",\"nextItem\":{\"@type\":\"ListItem\",\"@id\":\"http:\\\/\\\/iai.pt\\\/web\\\/arquivos\\\/15952#listItem\",\"name\":\"\\u00c0 conversa com&#8230; o Escultor Rui Chafes\"},\"previousItem\":{\"@type\":\"ListItem\",\"@id\":\"http:\\\/\\\/iai.pt\\\/web#listItem\",\"name\":\"In\\u00edcio\"}},{\"@type\":\"ListItem\",\"@id\":\"http:\\\/\\\/iai.pt\\\/web\\\/arquivos\\\/15952#listItem\",\"position\":3,\"name\":\"\\u00c0 conversa com&#8230; o Escultor Rui Chafes\",\"previousItem\":{\"@type\":\"ListItem\",\"@id\":\"http:\\\/\\\/iai.pt\\\/web\\\/arquivos\\\/category\\\/noticias#listItem\",\"name\":\"Noticias\"}}]},{\"@type\":\"Organization\",\"@id\":\"http:\\\/\\\/iai.pt\\\/web\\\/#organization\",\"name\":\"Instituto das Artes e da Imagem\",\"description\":\"Escola Art\\u00edstica\",\"url\":\"http:\\\/\\\/iai.pt\\\/web\\\/\",\"telephone\":\"+351222000757\",\"logo\":{\"@type\":\"ImageObject\",\"url\":\"http:\\\/\\\/iai.pt\\\/web\\\/wp-content\\\/uploads\\\/2023\\\/05\\\/seo-logo.png\",\"@id\":\"http:\\\/\\\/iai.pt\\\/web\\\/arquivos\\\/15952\\\/#organizationLogo\",\"width\":105,\"height\":112},\"image\":{\"@id\":\"http:\\\/\\\/iai.pt\\\/web\\\/arquivos\\\/15952\\\/#organizationLogo\"},\"sameAs\":[\"https:\\\/\\\/www.facebook.com\\\/instituto.das.artes.imagem\",\"https:\\\/\\\/www.instagram.com\\\/iai_escola_de_artes\\\/\",\"https:\\\/\\\/www.youtube.com\\\/iaiwebmaster\"]},{\"@type\":\"Person\",\"@id\":\"http:\\\/\\\/iai.pt\\\/web\\\/arquivos\\\/author\\\/admin#author\",\"url\":\"http:\\\/\\\/iai.pt\\\/web\\\/arquivos\\\/author\\\/admin\",\"name\":\"admin\",\"image\":{\"@type\":\"ImageObject\",\"@id\":\"http:\\\/\\\/iai.pt\\\/web\\\/arquivos\\\/15952#authorImage\",\"url\":\"https:\\\/\\\/secure.gravatar.com\\\/avatar\\\/bad9c1ed8261989cbd54cb5e8fc92988405a8dc9925b0838cc9c034113770b1e?s=96&d=mm&r=g\",\"width\":96,\"height\":96,\"caption\":\"admin\"}},{\"@type\":\"WebPage\",\"@id\":\"http:\\\/\\\/iai.pt\\\/web\\\/arquivos\\\/15952#webpage\",\"url\":\"http:\\\/\\\/iai.pt\\\/web\\\/arquivos\\\/15952\",\"name\":\"\\u00c0 conversa com\\u2026 o Escultor Rui Chafes - IAI\",\"description\":\"No \\u00e2mbito do programa comemorativo dos 30 anos do IAI, no dia 7 de novembro, tivemos a iniciativa \\u201c\\u00c0 conversa com o Escultor Rui Chafes\\u201d que nos presenteou com a partilha do seu do pensamento sobre a arte em geral e a escultura em particular. No deambular pelas suas obras, com palavras serenas e profundas,\",\"inLanguage\":\"pt-PT\",\"isPartOf\":{\"@id\":\"http:\\\/\\\/iai.pt\\\/web\\\/#website\"},\"breadcrumb\":{\"@id\":\"http:\\\/\\\/iai.pt\\\/web\\\/arquivos\\\/15952#breadcrumblist\"},\"author\":{\"@id\":\"http:\\\/\\\/iai.pt\\\/web\\\/arquivos\\\/author\\\/admin#author\"},\"creator\":{\"@id\":\"http:\\\/\\\/iai.pt\\\/web\\\/arquivos\\\/author\\\/admin#author\"},\"image\":{\"@type\":\"ImageObject\",\"url\":\"http:\\\/\\\/iai.pt\\\/web\\\/wp-content\\\/uploads\\\/2024\\\/11\\\/FUT7134-min-scaled.jpg\",\"@id\":\"http:\\\/\\\/iai.pt\\\/web\\\/arquivos\\\/15952\\\/#mainImage\",\"width\":2560,\"height\":1709},\"primaryImageOfPage\":{\"@id\":\"http:\\\/\\\/iai.pt\\\/web\\\/arquivos\\\/15952#mainImage\"},\"datePublished\":\"2024-11-07T11:22:42+00:00\",\"dateModified\":\"2024-11-11T11:31:17+00:00\"},{\"@type\":\"WebSite\",\"@id\":\"http:\\\/\\\/iai.pt\\\/web\\\/#website\",\"url\":\"http:\\\/\\\/iai.pt\\\/web\\\/\",\"name\":\"IAI\",\"alternateName\":\"iai\",\"description\":\"Escola Art\\u00edstica\",\"inLanguage\":\"pt-PT\",\"publisher\":{\"@id\":\"http:\\\/\\\/iai.pt\\\/web\\\/#organization\"}}]}\n\t\t<\/script>\n\t\t<!-- All in One SEO -->\n\n","aioseo_head_json":{"title":"\u00c0 conversa com\u2026 o Escultor Rui Chafes - IAI","description":"No \u00e2mbito do programa comemorativo dos 30 anos do IAI, no dia 7 de novembro, tivemos a iniciativa \u201c\u00c0 conversa com o Escultor Rui Chafes\u201d que nos presenteou com a partilha do seu do pensamento sobre a arte em geral e a escultura em particular. No deambular pelas suas obras, com palavras serenas e profundas,","canonical_url":"http:\/\/iai.pt\/web\/arquivos\/15952","robots":"max-image-preview:large","keywords":"","webmasterTools":{"miscellaneous":""},"schema":{"@context":"https:\/\/schema.org","@graph":[{"@type":"BlogPosting","@id":"http:\/\/iai.pt\/web\/arquivos\/15952#blogposting","name":"\u00c0 conversa com\u2026 o Escultor Rui Chafes - IAI","headline":"\u00c0 conversa com&#8230; o Escultor Rui Chafes","author":{"@id":"http:\/\/iai.pt\/web\/arquivos\/author\/admin#author"},"publisher":{"@id":"http:\/\/iai.pt\/web\/#organization"},"image":{"@type":"ImageObject","url":"http:\/\/iai.pt\/web\/wp-content\/uploads\/2024\/11\/FUT7134-min-scaled.jpg","width":2560,"height":1709},"datePublished":"2024-11-07T11:22:42+00:00","dateModified":"2024-11-11T11:31:17+00:00","inLanguage":"pt-PT","mainEntityOfPage":{"@id":"http:\/\/iai.pt\/web\/arquivos\/15952#webpage"},"isPartOf":{"@id":"http:\/\/iai.pt\/web\/arquivos\/15952#webpage"},"articleSection":"Noticias, Uma Hora de Conversa com..."},{"@type":"BreadcrumbList","@id":"http:\/\/iai.pt\/web\/arquivos\/15952#breadcrumblist","itemListElement":[{"@type":"ListItem","@id":"http:\/\/iai.pt\/web#listItem","position":1,"name":"In\u00edcio","item":"http:\/\/iai.pt\/web","nextItem":{"@type":"ListItem","@id":"http:\/\/iai.pt\/web\/arquivos\/category\/noticias#listItem","name":"Noticias"}},{"@type":"ListItem","@id":"http:\/\/iai.pt\/web\/arquivos\/category\/noticias#listItem","position":2,"name":"Noticias","item":"http:\/\/iai.pt\/web\/arquivos\/category\/noticias","nextItem":{"@type":"ListItem","@id":"http:\/\/iai.pt\/web\/arquivos\/15952#listItem","name":"\u00c0 conversa com&#8230; o Escultor Rui Chafes"},"previousItem":{"@type":"ListItem","@id":"http:\/\/iai.pt\/web#listItem","name":"In\u00edcio"}},{"@type":"ListItem","@id":"http:\/\/iai.pt\/web\/arquivos\/15952#listItem","position":3,"name":"\u00c0 conversa com&#8230; o Escultor Rui Chafes","previousItem":{"@type":"ListItem","@id":"http:\/\/iai.pt\/web\/arquivos\/category\/noticias#listItem","name":"Noticias"}}]},{"@type":"Organization","@id":"http:\/\/iai.pt\/web\/#organization","name":"Instituto das Artes e da Imagem","description":"Escola Art\u00edstica","url":"http:\/\/iai.pt\/web\/","telephone":"+351222000757","logo":{"@type":"ImageObject","url":"http:\/\/iai.pt\/web\/wp-content\/uploads\/2023\/05\/seo-logo.png","@id":"http:\/\/iai.pt\/web\/arquivos\/15952\/#organizationLogo","width":105,"height":112},"image":{"@id":"http:\/\/iai.pt\/web\/arquivos\/15952\/#organizationLogo"},"sameAs":["https:\/\/www.facebook.com\/instituto.das.artes.imagem","https:\/\/www.instagram.com\/iai_escola_de_artes\/","https:\/\/www.youtube.com\/iaiwebmaster"]},{"@type":"Person","@id":"http:\/\/iai.pt\/web\/arquivos\/author\/admin#author","url":"http:\/\/iai.pt\/web\/arquivos\/author\/admin","name":"admin","image":{"@type":"ImageObject","@id":"http:\/\/iai.pt\/web\/arquivos\/15952#authorImage","url":"https:\/\/secure.gravatar.com\/avatar\/bad9c1ed8261989cbd54cb5e8fc92988405a8dc9925b0838cc9c034113770b1e?s=96&d=mm&r=g","width":96,"height":96,"caption":"admin"}},{"@type":"WebPage","@id":"http:\/\/iai.pt\/web\/arquivos\/15952#webpage","url":"http:\/\/iai.pt\/web\/arquivos\/15952","name":"\u00c0 conversa com\u2026 o Escultor Rui Chafes - IAI","description":"No \u00e2mbito do programa comemorativo dos 30 anos do IAI, no dia 7 de novembro, tivemos a iniciativa \u201c\u00c0 conversa com o Escultor Rui Chafes\u201d que nos presenteou com a partilha do seu do pensamento sobre a arte em geral e a escultura em particular. No deambular pelas suas obras, com palavras serenas e profundas,","inLanguage":"pt-PT","isPartOf":{"@id":"http:\/\/iai.pt\/web\/#website"},"breadcrumb":{"@id":"http:\/\/iai.pt\/web\/arquivos\/15952#breadcrumblist"},"author":{"@id":"http:\/\/iai.pt\/web\/arquivos\/author\/admin#author"},"creator":{"@id":"http:\/\/iai.pt\/web\/arquivos\/author\/admin#author"},"image":{"@type":"ImageObject","url":"http:\/\/iai.pt\/web\/wp-content\/uploads\/2024\/11\/FUT7134-min-scaled.jpg","@id":"http:\/\/iai.pt\/web\/arquivos\/15952\/#mainImage","width":2560,"height":1709},"primaryImageOfPage":{"@id":"http:\/\/iai.pt\/web\/arquivos\/15952#mainImage"},"datePublished":"2024-11-07T11:22:42+00:00","dateModified":"2024-11-11T11:31:17+00:00"},{"@type":"WebSite","@id":"http:\/\/iai.pt\/web\/#website","url":"http:\/\/iai.pt\/web\/","name":"IAI","alternateName":"iai","description":"Escola Art\u00edstica","inLanguage":"pt-PT","publisher":{"@id":"http:\/\/iai.pt\/web\/#organization"}}]},"og:locale":"pt_PT","og:site_name":"IAI - Escola Art\u00edstica","og:type":"article","og:title":"\u00c0 conversa com\u2026 o Escultor Rui Chafes - IAI","og:description":"No \u00e2mbito do programa comemorativo dos 30 anos do IAI, no dia 7 de novembro, tivemos a iniciativa \u201c\u00c0 conversa com o Escultor Rui Chafes\u201d que nos presenteou com a partilha do seu do pensamento sobre a arte em geral e a escultura em particular. No deambular pelas suas obras, com palavras serenas e profundas,","og:url":"http:\/\/iai.pt\/web\/arquivos\/15952","og:image":"http:\/\/iai.pt\/web\/wp-content\/uploads\/2023\/05\/seo-logo.png","og:image:width":105,"og:image:height":112,"article:published_time":"2024-11-07T11:22:42+00:00","article:modified_time":"2024-11-11T11:31:17+00:00","article:publisher":"https:\/\/www.facebook.com\/instituto.das.artes.imagem","twitter:card":"summary_large_image","twitter:title":"\u00c0 conversa com\u2026 o Escultor Rui Chafes - IAI","twitter:description":"No \u00e2mbito do programa comemorativo dos 30 anos do IAI, no dia 7 de novembro, tivemos a iniciativa \u201c\u00c0 conversa com o Escultor Rui Chafes\u201d que nos presenteou com a partilha do seu do pensamento sobre a arte em geral e a escultura em particular. No deambular pelas suas obras, com palavras serenas e profundas,","twitter:image":"http:\/\/iai.pt\/web\/wp-content\/uploads\/2023\/05\/seo-logo.png"},"aioseo_meta_data":{"post_id":"15952","title":null,"description":null,"keywords":[],"keyphrases":{"focus":{"keyphrase":"","score":0,"analysis":{"keyphraseInTitle":{"score":0,"maxScore":9,"error":1}}},"additional":[]},"primary_term":null,"canonical_url":null,"og_title":null,"og_description":null,"og_object_type":"default","og_image_type":"default","og_image_url":null,"og_image_width":null,"og_image_height":null,"og_image_custom_url":null,"og_image_custom_fields":null,"og_video":"","og_custom_url":null,"og_article_section":null,"og_article_tags":[],"twitter_use_og":false,"twitter_card":"default","twitter_image_type":"default","twitter_image_url":null,"twitter_image_custom_url":null,"twitter_image_custom_fields":null,"twitter_title":null,"twitter_description":null,"schema":{"blockGraphs":[],"customGraphs":[],"default":{"data":{"Article":[],"Course":[],"Dataset":[],"FAQPage":[],"Movie":[],"Person":[],"Product":[],"ProductReview":[],"Car":[],"Recipe":[],"Service":[],"SoftwareApplication":[],"WebPage":[]},"graphName":"BlogPosting","isEnabled":true},"graphs":[]},"schema_type":"default","schema_type_options":null,"pillar_content":false,"robots_default":true,"robots_noindex":false,"robots_noarchive":false,"robots_nosnippet":false,"robots_nofollow":false,"robots_noimageindex":false,"robots_noodp":false,"robots_notranslate":false,"robots_max_snippet":"-1","robots_max_videopreview":"-1","robots_max_imagepreview":"large","priority":null,"frequency":"default","local_seo":null,"breadcrumb_settings":null,"limit_modified_date":false,"ai":null,"created":"2024-11-11 11:29:52","updated":"2025-06-09 21:37:39","seo_analyzer_scan_date":null},"aioseo_breadcrumb":"<div class=\"aioseo-breadcrumbs\"><span class=\"aioseo-breadcrumb\">\n\t\t\t<a href=\"http:\/\/iai.pt\/web\" title=\"In\u00edcio\">In\u00edcio<\/a>\n\t\t<\/span><span class=\"aioseo-breadcrumb-separator\">\u00bb<\/span><span class=\"aioseo-breadcrumb\">\n\t\t\t<a href=\"http:\/\/iai.pt\/web\/arquivos\/category\/noticias\" title=\"Noticias\">Noticias<\/a>\n\t\t<\/span><span class=\"aioseo-breadcrumb-separator\">\u00bb<\/span><span class=\"aioseo-breadcrumb\">\n\t\t\t\u00c0 conversa com\u2026 o Escultor Rui Chafes\n\t\t<\/span><\/div>","aioseo_breadcrumb_json":[{"label":"In\u00edcio","link":"http:\/\/iai.pt\/web"},{"label":"Noticias","link":"http:\/\/iai.pt\/web\/arquivos\/category\/noticias"},{"label":"\u00c0 conversa com&#8230; o Escultor Rui Chafes","link":"http:\/\/iai.pt\/web\/arquivos\/15952"}],"_links":{"self":[{"href":"http:\/\/iai.pt\/web\/wp-json\/wp\/v2\/posts\/15952","targetHints":{"allow":["GET"]}}],"collection":[{"href":"http:\/\/iai.pt\/web\/wp-json\/wp\/v2\/posts"}],"about":[{"href":"http:\/\/iai.pt\/web\/wp-json\/wp\/v2\/types\/post"}],"author":[{"embeddable":true,"href":"http:\/\/iai.pt\/web\/wp-json\/wp\/v2\/users\/1"}],"replies":[{"embeddable":true,"href":"http:\/\/iai.pt\/web\/wp-json\/wp\/v2\/comments?post=15952"}],"version-history":[{"count":1,"href":"http:\/\/iai.pt\/web\/wp-json\/wp\/v2\/posts\/15952\/revisions"}],"predecessor-version":[{"id":15957,"href":"http:\/\/iai.pt\/web\/wp-json\/wp\/v2\/posts\/15952\/revisions\/15957"}],"wp:featuredmedia":[{"embeddable":true,"href":"http:\/\/iai.pt\/web\/wp-json\/wp\/v2\/media\/15955"}],"wp:attachment":[{"href":"http:\/\/iai.pt\/web\/wp-json\/wp\/v2\/media?parent=15952"}],"wp:term":[{"taxonomy":"category","embeddable":true,"href":"http:\/\/iai.pt\/web\/wp-json\/wp\/v2\/categories?post=15952"},{"taxonomy":"post_tag","embeddable":true,"href":"http:\/\/iai.pt\/web\/wp-json\/wp\/v2\/tags?post=15952"}],"curies":[{"name":"wp","href":"https:\/\/api.w.org\/{rel}","templated":true}]}}