{"id":16050,"date":"2024-12-18T16:36:21","date_gmt":"2024-12-18T16:36:21","guid":{"rendered":"https:\/\/iai.pt\/web\/?p=16050"},"modified":"2024-12-20T16:40:00","modified_gmt":"2024-12-20T16:40:00","slug":"concurso-postal-de-natal-2024","status":"publish","type":"post","link":"http:\/\/iai.pt\/web\/arquivos\/16050","title":{"rendered":"Concurso \u2014\u00a0Postal de Natal 2024"},"content":{"rendered":"<p>[et_pb_section fb_built=&#8221;1&#8243; _builder_version=&#8221;4.23.4&#8243; _module_preset=&#8221;default&#8221; global_colors_info=&#8221;{}&#8221; theme_builder_area=&#8221;post_content&#8221;][et_pb_row _builder_version=&#8221;4.23.4&#8243; _module_preset=&#8221;default&#8221; global_colors_info=&#8221;{}&#8221; theme_builder_area=&#8221;post_content&#8221;][et_pb_column type=&#8221;4_4&#8243; _builder_version=&#8221;4.23.4&#8243; _module_preset=&#8221;default&#8221; global_colors_info=&#8221;{}&#8221; theme_builder_area=&#8221;post_content&#8221;][et_pb_text _builder_version=&#8221;4.23.4&#8243; _module_preset=&#8221;default&#8221; global_colors_info=&#8221;{}&#8221; theme_builder_area=&#8221;post_content&#8221;]<\/p>\n<p><span style=\"font-weight: 400;\">No dia 17 de dezembro foram anunciados os vencedores do Concurso Postal de Natal que, este ano, contou com a participa\u00e7\u00e3o de mais de 40 alunos, que apresentaram os seus trabalhos a concurso.<\/span><\/p>\n<p><span style=\"font-weight: 400;\">No \u00e2mbito da Comemora\u00e7\u00e3o dos 30 anos do IAI e tendo sido definido o tema de escola a Bauhaus, os trabalhos a concurso tinham de estar subordinados a essa tem\u00e1tica mas, fazendo alus\u00e3o ao Natal. A tarefa era exigente por\u00e9m, os nossos alunos estiveram \u00e0 altura.\u00a0<\/span><\/p>\n<p><span style=\"font-weight: 400;\">O J\u00fari, que este ano contou com a colabora\u00e7\u00e3o da nossa ex aluna Nicole Figueiredo, reuniu para analisar os trabalhos e decidiu atribuir Uma Men\u00e7\u00e3o Honrosa ao trabalho do aluno Pedro\u00a0 Pereira do 12\u00ba ano do Curso de Ensino Art\u00edstico especializado (EAE) de Imagem Interativa; o 3\u00ba lugar ao trabalho da aluna Daniela Santos do 10\u00baano do Curso EAE de Desenho de Arquitetura; o 2\u00ba lugar ao trabalho da aluna Evelyn Casale do 11\u00baano do Curso EAE de Imagem Interativa; e, o 1\u00ba pr\u00e9mio ao trabalho da aluna Carolina Oliveira do 10\u00baano do curso de EAE de Desenho de Arquitetura. A todos os participantes o nosso obrigado e parab\u00e9ns e, aos vencedores, acrescentamos: continuem com o vosso trabalho que a todos inspira.<\/span><\/p>\n<p>[\/et_pb_text][\/et_pb_column][\/et_pb_row][et_pb_row _builder_version=&#8221;4.23.4&#8243; _module_preset=&#8221;default&#8221; global_colors_info=&#8221;{}&#8221; theme_builder_area=&#8221;post_content&#8221;][et_pb_column type=&#8221;4_4&#8243; _builder_version=&#8221;4.23.4&#8243; _module_preset=&#8221;default&#8221; global_colors_info=&#8221;{}&#8221; theme_builder_area=&#8221;post_content&#8221;][et_pb_image src=&#8221;http:\/\/iai.pt\/web\/wp-content\/uploads\/2024\/12\/boas-festas-min.png&#8221; title_text=&#8221;boas-festas-min&#8221; _builder_version=&#8221;4.23.4&#8243; _module_preset=&#8221;default&#8221; hover_enabled=&#8221;0&#8243; global_colors_info=&#8221;{}&#8221; theme_builder_area=&#8221;post_content&#8221; sticky_enabled=&#8221;0&#8243;][\/et_pb_image][\/et_pb_column][\/et_pb_row][\/et_pb_section]<\/p>\n","protected":false},"excerpt":{"rendered":"<p>No dia 17 de dezembro foram anunciados os vencedores do Concurso Postal de Natal que, este ano, contou com a participa\u00e7\u00e3o de mais de 40 alunos, que apresentaram os seus trabalhos a concurso. No \u00e2mbito da Comemora\u00e7\u00e3o dos 30 anos do IAI e tendo sido definido o tema de escola a Bauhaus, os trabalhos a [&hellip;]<\/p>\n","protected":false},"author":1,"featured_media":16051,"comment_status":"open","ping_status":"open","sticky":false,"template":"","format":"standard","meta":{"_et_pb_use_builder":"on","_et_pb_old_content":"","_et_gb_content_width":"","footnotes":""},"categories":[60,99],"tags":[],"class_list":["post-16050","post","type-post","status-publish","format-standard","has-post-thumbnail","hentry","category-noticias","category-premios"],"aioseo_notices":[],"_links":{"self":[{"href":"http:\/\/iai.pt\/web\/wp-json\/wp\/v2\/posts\/16050","targetHints":{"allow":["GET"]}}],"collection":[{"href":"http:\/\/iai.pt\/web\/wp-json\/wp\/v2\/posts"}],"about":[{"href":"http:\/\/iai.pt\/web\/wp-json\/wp\/v2\/types\/post"}],"author":[{"embeddable":true,"href":"http:\/\/iai.pt\/web\/wp-json\/wp\/v2\/users\/1"}],"replies":[{"embeddable":true,"href":"http:\/\/iai.pt\/web\/wp-json\/wp\/v2\/comments?post=16050"}],"version-history":[{"count":1,"href":"http:\/\/iai.pt\/web\/wp-json\/wp\/v2\/posts\/16050\/revisions"}],"predecessor-version":[{"id":16052,"href":"http:\/\/iai.pt\/web\/wp-json\/wp\/v2\/posts\/16050\/revisions\/16052"}],"wp:featuredmedia":[{"embeddable":true,"href":"http:\/\/iai.pt\/web\/wp-json\/wp\/v2\/media\/16051"}],"wp:attachment":[{"href":"http:\/\/iai.pt\/web\/wp-json\/wp\/v2\/media?parent=16050"}],"wp:term":[{"taxonomy":"category","embeddable":true,"href":"http:\/\/iai.pt\/web\/wp-json\/wp\/v2\/categories?post=16050"},{"taxonomy":"post_tag","embeddable":true,"href":"http:\/\/iai.pt\/web\/wp-json\/wp\/v2\/tags?post=16050"}],"curies":[{"name":"wp","href":"https:\/\/api.w.org\/{rel}","templated":true}]}}