{"id":16077,"date":"2025-01-10T00:50:49","date_gmt":"2025-01-10T00:50:49","guid":{"rendered":"https:\/\/iai.pt\/web\/?p=16077"},"modified":"2025-01-15T00:53:42","modified_gmt":"2025-01-15T00:53:42","slug":"lanche-convivio-com-ex-alunos-e-ex-professores-especial-30-anos-do-iai","status":"publish","type":"post","link":"http:\/\/iai.pt\/web\/arquivos\/16077","title":{"rendered":"Lanche-conv\u00edvio com Ex-Alunos e Ex-Professores \u2014 Especial 30 Anos do IAI"},"content":{"rendered":"<p>[et_pb_section fb_built=&#8221;1&#8243; _builder_version=&#8221;4.23.4&#8243; _module_preset=&#8221;default&#8221; global_colors_info=&#8221;{}&#8221; theme_builder_area=&#8221;post_content&#8221;][et_pb_row _builder_version=&#8221;4.23.4&#8243; _module_preset=&#8221;default&#8221; global_colors_info=&#8221;{}&#8221; theme_builder_area=&#8221;post_content&#8221;][et_pb_column type=&#8221;4_4&#8243; _builder_version=&#8221;4.23.4&#8243; _module_preset=&#8221;default&#8221; global_colors_info=&#8221;{}&#8221; theme_builder_area=&#8221;post_content&#8221;][et_pb_text _builder_version=&#8221;4.23.4&#8243; _module_preset=&#8221;default&#8221; global_colors_info=&#8221;{}&#8221; theme_builder_area=&#8221;post_content&#8221;]<\/p>\n<p><span style=\"font-weight: 400;\">No \u00e2mbito das iniciativas de\u00a0 comemora\u00e7\u00e3o dos 30 anos do IAI, no dia 10 de janeiro aconteceu o\u00a0 lanche conv\u00edvio com ex alunos, ex e atuais professores. Foi um momento marcado por simb\u00f3licos agradecimentos,\u00a0 pela emo\u00e7\u00e3o dos reencontros e pela alegria das m\u00faltiplas lembran\u00e7as das hist\u00f3rias e aventuras que marcaram a viv\u00eancia dos percursos no IAI. Foram muitos os que quiseram marcar presen\u00e7a, o que encheu o IAI de energia, alegria e magia e, mesmo na aus\u00eancia f\u00edsica dos que n\u00e3o puderam estar, ficaram as muitas mensagens escritas ou gravadas. Sentiu-se a \u201calma\u201d do que se vive e procura preconizar no IAI.<\/span><\/p>\n<p><span style=\"font-weight: 400;\">Esta iniciativa contou com a especial participa\u00e7\u00e3o da Orquestra Juvenil Leverense que abrilhantou este encontro com uma interpreta\u00e7\u00e3o harmoniosa e cativante; com o testemunho po\u00e9tico e introspectivo de textos produzidos por ex alunos; pela exibi\u00e7\u00e3o do v\u00eddeo 30 anos que tantos sorrisos e lembran\u00e7as arrecadou; pela melodia \u00fanica da guitarra portuguesa dedilhada por um professor do IAI, pelo animado photobooth, dinamizado com a preciosa colabora\u00e7\u00e3o das alunas do 10\u00baano do\u00a0 curso de Imagem Interativa e, pelo delicioso lanche minuciosamente preparado e detalhadamente decorado.\u00a0<\/span><\/p>\n<p><span style=\"font-weight: 400;\">Por estes 30 anos e, por este momento: Obrigado a todos. <\/span><\/p>\n<p>[\/et_pb_text][\/et_pb_column][\/et_pb_row][et_pb_row _builder_version=&#8221;4.23.4&#8243; _module_preset=&#8221;default&#8221; global_colors_info=&#8221;{}&#8221; theme_builder_area=&#8221;post_content&#8221;][et_pb_column type=&#8221;4_4&#8243; _builder_version=&#8221;4.23.4&#8243; _module_preset=&#8221;default&#8221; global_colors_info=&#8221;{}&#8221; theme_builder_area=&#8221;post_content&#8221;][et_pb_image src=&#8221;http:\/\/iai.pt\/web\/wp-content\/uploads\/2025\/01\/IMG_2191-min-1-scaled.jpg&#8221; title_text=&#8221;IMG_2191-min&#8221; _builder_version=&#8221;4.23.4&#8243; _module_preset=&#8221;default&#8221; hover_enabled=&#8221;0&#8243; global_colors_info=&#8221;{}&#8221; theme_builder_area=&#8221;post_content&#8221; sticky_enabled=&#8221;0&#8243;][\/et_pb_image][\/et_pb_column][\/et_pb_row][\/et_pb_section]<\/p>\n","protected":false},"excerpt":{"rendered":"<p>No \u00e2mbito das iniciativas de\u00a0 comemora\u00e7\u00e3o dos 30 anos do IAI, no dia 10 de janeiro aconteceu o\u00a0 lanche conv\u00edvio com ex alunos, ex e atuais professores. Foi um momento marcado por simb\u00f3licos agradecimentos,\u00a0 pela emo\u00e7\u00e3o dos reencontros e pela alegria das m\u00faltiplas lembran\u00e7as das hist\u00f3rias e aventuras que marcaram a viv\u00eancia dos percursos no [&hellip;]<\/p>\n","protected":false},"author":1,"featured_media":16078,"comment_status":"open","ping_status":"open","sticky":false,"template":"","format":"standard","meta":{"_et_pb_use_builder":"on","_et_pb_old_content":"","_et_gb_content_width":"","footnotes":"","_members_access_role":[],"_members_access_error":""},"categories":[63,60],"tags":[],"class_list":["post-16077","post","type-post","status-publish","format-standard","has-post-thumbnail","hentry","category-eventos","category-noticias"],"aioseo_notices":[],"aioseo_head":"\n\t\t<!-- All in One SEO 4.9.10 - aioseo.com -->\n\t<meta name=\"description\" content=\"No \u00e2mbito das iniciativas de comemora\u00e7\u00e3o dos 30 anos do IAI, no dia 10 de janeiro aconteceu o lanche conv\u00edvio com ex alunos, ex e atuais professores. Foi um momento marcado por simb\u00f3licos agradecimentos, pela emo\u00e7\u00e3o dos reencontros e pela alegria das m\u00faltiplas lembran\u00e7as das hist\u00f3rias e aventuras que marcaram a viv\u00eancia dos percursos no\" \/>\n\t<meta name=\"robots\" content=\"max-image-preview:large\" \/>\n\t<meta name=\"author\" content=\"admin\"\/>\n\t<link rel=\"canonical\" href=\"http:\/\/iai.pt\/web\/arquivos\/16077\" \/>\n\t<meta name=\"generator\" content=\"All in One SEO (AIOSEO) 4.9.10\" \/>\n\t\t<meta property=\"og:locale\" content=\"pt_PT\" \/>\n\t\t<meta property=\"og:site_name\" content=\"IAI - Escola Art\u00edstica\" \/>\n\t\t<meta property=\"og:type\" content=\"article\" \/>\n\t\t<meta property=\"og:title\" content=\"Lanche-conv\u00edvio com Ex-Alunos e Ex-Professores \u2014 Especial 30 Anos do IAI - IAI\" \/>\n\t\t<meta property=\"og:description\" content=\"No \u00e2mbito das iniciativas de comemora\u00e7\u00e3o dos 30 anos do IAI, no dia 10 de janeiro aconteceu o lanche conv\u00edvio com ex alunos, ex e atuais professores. Foi um momento marcado por simb\u00f3licos agradecimentos, pela emo\u00e7\u00e3o dos reencontros e pela alegria das m\u00faltiplas lembran\u00e7as das hist\u00f3rias e aventuras que marcaram a viv\u00eancia dos percursos no\" \/>\n\t\t<meta property=\"og:url\" content=\"http:\/\/iai.pt\/web\/arquivos\/16077\" \/>\n\t\t<meta property=\"og:image\" content=\"http:\/\/iai.pt\/web\/wp-content\/uploads\/2023\/05\/seo-logo.png\" \/>\n\t\t<meta property=\"og:image:width\" content=\"105\" \/>\n\t\t<meta property=\"og:image:height\" content=\"112\" \/>\n\t\t<meta property=\"article:published_time\" content=\"2025-01-10T00:50:49+00:00\" \/>\n\t\t<meta property=\"article:modified_time\" content=\"2025-01-15T00:53:42+00:00\" \/>\n\t\t<meta property=\"article:publisher\" content=\"https:\/\/www.facebook.com\/instituto.das.artes.imagem\" \/>\n\t\t<meta name=\"twitter:card\" content=\"summary_large_image\" \/>\n\t\t<meta name=\"twitter:title\" content=\"Lanche-conv\u00edvio com Ex-Alunos e Ex-Professores \u2014 Especial 30 Anos do IAI - IAI\" \/>\n\t\t<meta name=\"twitter:description\" content=\"No \u00e2mbito das iniciativas de comemora\u00e7\u00e3o dos 30 anos do IAI, no dia 10 de janeiro aconteceu o lanche conv\u00edvio com ex alunos, ex e atuais professores. Foi um momento marcado por simb\u00f3licos agradecimentos, pela emo\u00e7\u00e3o dos reencontros e pela alegria das m\u00faltiplas lembran\u00e7as das hist\u00f3rias e aventuras que marcaram a viv\u00eancia dos percursos no\" \/>\n\t\t<meta name=\"twitter:image\" content=\"http:\/\/iai.pt\/web\/wp-content\/uploads\/2023\/05\/seo-logo.png\" \/>\n\t\t<script type=\"application\/ld+json\" class=\"aioseo-schema\">\n\t\t\t{\"@context\":\"https:\\\/\\\/schema.org\",\"@graph\":[{\"@type\":\"BlogPosting\",\"@id\":\"http:\\\/\\\/iai.pt\\\/web\\\/arquivos\\\/16077#blogposting\",\"name\":\"Lanche-conv\\u00edvio com Ex-Alunos e Ex-Professores \\u2014 Especial 30 Anos do IAI - IAI\",\"headline\":\"Lanche-conv\\u00edvio com Ex-Alunos e Ex-Professores \\u2014 Especial 30 Anos do IAI\",\"author\":{\"@id\":\"http:\\\/\\\/iai.pt\\\/web\\\/arquivos\\\/author\\\/admin#author\"},\"publisher\":{\"@id\":\"http:\\\/\\\/iai.pt\\\/web\\\/#organization\"},\"image\":{\"@type\":\"ImageObject\",\"url\":\"http:\\\/\\\/iai.pt\\\/web\\\/wp-content\\\/uploads\\\/2025\\\/01\\\/IMG_2191-min-1-scaled.jpg\",\"width\":2560,\"height\":1920},\"datePublished\":\"2025-01-10T00:50:49+00:00\",\"dateModified\":\"2025-01-15T00:53:42+00:00\",\"inLanguage\":\"pt-PT\",\"mainEntityOfPage\":{\"@id\":\"http:\\\/\\\/iai.pt\\\/web\\\/arquivos\\\/16077#webpage\"},\"isPartOf\":{\"@id\":\"http:\\\/\\\/iai.pt\\\/web\\\/arquivos\\\/16077#webpage\"},\"articleSection\":\"Eventos, Noticias\"},{\"@type\":\"BreadcrumbList\",\"@id\":\"http:\\\/\\\/iai.pt\\\/web\\\/arquivos\\\/16077#breadcrumblist\",\"itemListElement\":[{\"@type\":\"ListItem\",\"@id\":\"http:\\\/\\\/iai.pt\\\/web#listItem\",\"position\":1,\"name\":\"In\\u00edcio\",\"item\":\"http:\\\/\\\/iai.pt\\\/web\",\"nextItem\":{\"@type\":\"ListItem\",\"@id\":\"http:\\\/\\\/iai.pt\\\/web\\\/arquivos\\\/category\\\/noticias#listItem\",\"name\":\"Noticias\"}},{\"@type\":\"ListItem\",\"@id\":\"http:\\\/\\\/iai.pt\\\/web\\\/arquivos\\\/category\\\/noticias#listItem\",\"position\":2,\"name\":\"Noticias\",\"item\":\"http:\\\/\\\/iai.pt\\\/web\\\/arquivos\\\/category\\\/noticias\",\"nextItem\":{\"@type\":\"ListItem\",\"@id\":\"http:\\\/\\\/iai.pt\\\/web\\\/arquivos\\\/16077#listItem\",\"name\":\"Lanche-conv\\u00edvio com Ex-Alunos e Ex-Professores \\u2014 Especial 30 Anos do IAI\"},\"previousItem\":{\"@type\":\"ListItem\",\"@id\":\"http:\\\/\\\/iai.pt\\\/web#listItem\",\"name\":\"In\\u00edcio\"}},{\"@type\":\"ListItem\",\"@id\":\"http:\\\/\\\/iai.pt\\\/web\\\/arquivos\\\/16077#listItem\",\"position\":3,\"name\":\"Lanche-conv\\u00edvio com Ex-Alunos e Ex-Professores \\u2014 Especial 30 Anos do IAI\",\"previousItem\":{\"@type\":\"ListItem\",\"@id\":\"http:\\\/\\\/iai.pt\\\/web\\\/arquivos\\\/category\\\/noticias#listItem\",\"name\":\"Noticias\"}}]},{\"@type\":\"Organization\",\"@id\":\"http:\\\/\\\/iai.pt\\\/web\\\/#organization\",\"name\":\"Instituto das Artes e da Imagem\",\"description\":\"Escola Art\\u00edstica\",\"url\":\"http:\\\/\\\/iai.pt\\\/web\\\/\",\"telephone\":\"+351222000757\",\"logo\":{\"@type\":\"ImageObject\",\"url\":\"http:\\\/\\\/iai.pt\\\/web\\\/wp-content\\\/uploads\\\/2023\\\/05\\\/seo-logo.png\",\"@id\":\"http:\\\/\\\/iai.pt\\\/web\\\/arquivos\\\/16077\\\/#organizationLogo\",\"width\":105,\"height\":112},\"image\":{\"@id\":\"http:\\\/\\\/iai.pt\\\/web\\\/arquivos\\\/16077\\\/#organizationLogo\"},\"sameAs\":[\"https:\\\/\\\/www.facebook.com\\\/instituto.das.artes.imagem\",\"https:\\\/\\\/www.instagram.com\\\/iai_escola_de_artes\\\/\",\"https:\\\/\\\/www.youtube.com\\\/iaiwebmaster\"]},{\"@type\":\"Person\",\"@id\":\"http:\\\/\\\/iai.pt\\\/web\\\/arquivos\\\/author\\\/admin#author\",\"url\":\"http:\\\/\\\/iai.pt\\\/web\\\/arquivos\\\/author\\\/admin\",\"name\":\"admin\",\"image\":{\"@type\":\"ImageObject\",\"@id\":\"http:\\\/\\\/iai.pt\\\/web\\\/arquivos\\\/16077#authorImage\",\"url\":\"https:\\\/\\\/secure.gravatar.com\\\/avatar\\\/bad9c1ed8261989cbd54cb5e8fc92988405a8dc9925b0838cc9c034113770b1e?s=96&d=mm&r=g\",\"width\":96,\"height\":96,\"caption\":\"admin\"}},{\"@type\":\"WebPage\",\"@id\":\"http:\\\/\\\/iai.pt\\\/web\\\/arquivos\\\/16077#webpage\",\"url\":\"http:\\\/\\\/iai.pt\\\/web\\\/arquivos\\\/16077\",\"name\":\"Lanche-conv\\u00edvio com Ex-Alunos e Ex-Professores \\u2014 Especial 30 Anos do IAI - IAI\",\"description\":\"No \\u00e2mbito das iniciativas de comemora\\u00e7\\u00e3o dos 30 anos do IAI, no dia 10 de janeiro aconteceu o lanche conv\\u00edvio com ex alunos, ex e atuais professores. Foi um momento marcado por simb\\u00f3licos agradecimentos, pela emo\\u00e7\\u00e3o dos reencontros e pela alegria das m\\u00faltiplas lembran\\u00e7as das hist\\u00f3rias e aventuras que marcaram a viv\\u00eancia dos percursos no\",\"inLanguage\":\"pt-PT\",\"isPartOf\":{\"@id\":\"http:\\\/\\\/iai.pt\\\/web\\\/#website\"},\"breadcrumb\":{\"@id\":\"http:\\\/\\\/iai.pt\\\/web\\\/arquivos\\\/16077#breadcrumblist\"},\"author\":{\"@id\":\"http:\\\/\\\/iai.pt\\\/web\\\/arquivos\\\/author\\\/admin#author\"},\"creator\":{\"@id\":\"http:\\\/\\\/iai.pt\\\/web\\\/arquivos\\\/author\\\/admin#author\"},\"image\":{\"@type\":\"ImageObject\",\"url\":\"http:\\\/\\\/iai.pt\\\/web\\\/wp-content\\\/uploads\\\/2025\\\/01\\\/IMG_2191-min-1-scaled.jpg\",\"@id\":\"http:\\\/\\\/iai.pt\\\/web\\\/arquivos\\\/16077\\\/#mainImage\",\"width\":2560,\"height\":1920},\"primaryImageOfPage\":{\"@id\":\"http:\\\/\\\/iai.pt\\\/web\\\/arquivos\\\/16077#mainImage\"},\"datePublished\":\"2025-01-10T00:50:49+00:00\",\"dateModified\":\"2025-01-15T00:53:42+00:00\"},{\"@type\":\"WebSite\",\"@id\":\"http:\\\/\\\/iai.pt\\\/web\\\/#website\",\"url\":\"http:\\\/\\\/iai.pt\\\/web\\\/\",\"name\":\"IAI\",\"alternateName\":\"iai\",\"description\":\"Escola Art\\u00edstica\",\"inLanguage\":\"pt-PT\",\"publisher\":{\"@id\":\"http:\\\/\\\/iai.pt\\\/web\\\/#organization\"}}]}\n\t\t<\/script>\n\t\t<!-- All in One SEO -->\n\n","aioseo_head_json":{"title":"Lanche-conv\u00edvio com Ex-Alunos e Ex-Professores \u2014 Especial 30 Anos do IAI - IAI","description":"No \u00e2mbito das iniciativas de comemora\u00e7\u00e3o dos 30 anos do IAI, no dia 10 de janeiro aconteceu o lanche conv\u00edvio com ex alunos, ex e atuais professores. Foi um momento marcado por simb\u00f3licos agradecimentos, pela emo\u00e7\u00e3o dos reencontros e pela alegria das m\u00faltiplas lembran\u00e7as das hist\u00f3rias e aventuras que marcaram a viv\u00eancia dos percursos no","canonical_url":"http:\/\/iai.pt\/web\/arquivos\/16077","robots":"max-image-preview:large","keywords":"","webmasterTools":{"miscellaneous":""},"schema":{"@context":"https:\/\/schema.org","@graph":[{"@type":"BlogPosting","@id":"http:\/\/iai.pt\/web\/arquivos\/16077#blogposting","name":"Lanche-conv\u00edvio com Ex-Alunos e Ex-Professores \u2014 Especial 30 Anos do IAI - IAI","headline":"Lanche-conv\u00edvio com Ex-Alunos e Ex-Professores \u2014 Especial 30 Anos do IAI","author":{"@id":"http:\/\/iai.pt\/web\/arquivos\/author\/admin#author"},"publisher":{"@id":"http:\/\/iai.pt\/web\/#organization"},"image":{"@type":"ImageObject","url":"http:\/\/iai.pt\/web\/wp-content\/uploads\/2025\/01\/IMG_2191-min-1-scaled.jpg","width":2560,"height":1920},"datePublished":"2025-01-10T00:50:49+00:00","dateModified":"2025-01-15T00:53:42+00:00","inLanguage":"pt-PT","mainEntityOfPage":{"@id":"http:\/\/iai.pt\/web\/arquivos\/16077#webpage"},"isPartOf":{"@id":"http:\/\/iai.pt\/web\/arquivos\/16077#webpage"},"articleSection":"Eventos, Noticias"},{"@type":"BreadcrumbList","@id":"http:\/\/iai.pt\/web\/arquivos\/16077#breadcrumblist","itemListElement":[{"@type":"ListItem","@id":"http:\/\/iai.pt\/web#listItem","position":1,"name":"In\u00edcio","item":"http:\/\/iai.pt\/web","nextItem":{"@type":"ListItem","@id":"http:\/\/iai.pt\/web\/arquivos\/category\/noticias#listItem","name":"Noticias"}},{"@type":"ListItem","@id":"http:\/\/iai.pt\/web\/arquivos\/category\/noticias#listItem","position":2,"name":"Noticias","item":"http:\/\/iai.pt\/web\/arquivos\/category\/noticias","nextItem":{"@type":"ListItem","@id":"http:\/\/iai.pt\/web\/arquivos\/16077#listItem","name":"Lanche-conv\u00edvio com Ex-Alunos e Ex-Professores \u2014 Especial 30 Anos do IAI"},"previousItem":{"@type":"ListItem","@id":"http:\/\/iai.pt\/web#listItem","name":"In\u00edcio"}},{"@type":"ListItem","@id":"http:\/\/iai.pt\/web\/arquivos\/16077#listItem","position":3,"name":"Lanche-conv\u00edvio com Ex-Alunos e Ex-Professores \u2014 Especial 30 Anos do IAI","previousItem":{"@type":"ListItem","@id":"http:\/\/iai.pt\/web\/arquivos\/category\/noticias#listItem","name":"Noticias"}}]},{"@type":"Organization","@id":"http:\/\/iai.pt\/web\/#organization","name":"Instituto das Artes e da Imagem","description":"Escola Art\u00edstica","url":"http:\/\/iai.pt\/web\/","telephone":"+351222000757","logo":{"@type":"ImageObject","url":"http:\/\/iai.pt\/web\/wp-content\/uploads\/2023\/05\/seo-logo.png","@id":"http:\/\/iai.pt\/web\/arquivos\/16077\/#organizationLogo","width":105,"height":112},"image":{"@id":"http:\/\/iai.pt\/web\/arquivos\/16077\/#organizationLogo"},"sameAs":["https:\/\/www.facebook.com\/instituto.das.artes.imagem","https:\/\/www.instagram.com\/iai_escola_de_artes\/","https:\/\/www.youtube.com\/iaiwebmaster"]},{"@type":"Person","@id":"http:\/\/iai.pt\/web\/arquivos\/author\/admin#author","url":"http:\/\/iai.pt\/web\/arquivos\/author\/admin","name":"admin","image":{"@type":"ImageObject","@id":"http:\/\/iai.pt\/web\/arquivos\/16077#authorImage","url":"https:\/\/secure.gravatar.com\/avatar\/bad9c1ed8261989cbd54cb5e8fc92988405a8dc9925b0838cc9c034113770b1e?s=96&d=mm&r=g","width":96,"height":96,"caption":"admin"}},{"@type":"WebPage","@id":"http:\/\/iai.pt\/web\/arquivos\/16077#webpage","url":"http:\/\/iai.pt\/web\/arquivos\/16077","name":"Lanche-conv\u00edvio com Ex-Alunos e Ex-Professores \u2014 Especial 30 Anos do IAI - IAI","description":"No \u00e2mbito das iniciativas de comemora\u00e7\u00e3o dos 30 anos do IAI, no dia 10 de janeiro aconteceu o lanche conv\u00edvio com ex alunos, ex e atuais professores. Foi um momento marcado por simb\u00f3licos agradecimentos, pela emo\u00e7\u00e3o dos reencontros e pela alegria das m\u00faltiplas lembran\u00e7as das hist\u00f3rias e aventuras que marcaram a viv\u00eancia dos percursos no","inLanguage":"pt-PT","isPartOf":{"@id":"http:\/\/iai.pt\/web\/#website"},"breadcrumb":{"@id":"http:\/\/iai.pt\/web\/arquivos\/16077#breadcrumblist"},"author":{"@id":"http:\/\/iai.pt\/web\/arquivos\/author\/admin#author"},"creator":{"@id":"http:\/\/iai.pt\/web\/arquivos\/author\/admin#author"},"image":{"@type":"ImageObject","url":"http:\/\/iai.pt\/web\/wp-content\/uploads\/2025\/01\/IMG_2191-min-1-scaled.jpg","@id":"http:\/\/iai.pt\/web\/arquivos\/16077\/#mainImage","width":2560,"height":1920},"primaryImageOfPage":{"@id":"http:\/\/iai.pt\/web\/arquivos\/16077#mainImage"},"datePublished":"2025-01-10T00:50:49+00:00","dateModified":"2025-01-15T00:53:42+00:00"},{"@type":"WebSite","@id":"http:\/\/iai.pt\/web\/#website","url":"http:\/\/iai.pt\/web\/","name":"IAI","alternateName":"iai","description":"Escola Art\u00edstica","inLanguage":"pt-PT","publisher":{"@id":"http:\/\/iai.pt\/web\/#organization"}}]},"og:locale":"pt_PT","og:site_name":"IAI - Escola Art\u00edstica","og:type":"article","og:title":"Lanche-conv\u00edvio com Ex-Alunos e Ex-Professores \u2014 Especial 30 Anos do IAI - IAI","og:description":"No \u00e2mbito das iniciativas de comemora\u00e7\u00e3o dos 30 anos do IAI, no dia 10 de janeiro aconteceu o lanche conv\u00edvio com ex alunos, ex e atuais professores. Foi um momento marcado por simb\u00f3licos agradecimentos, pela emo\u00e7\u00e3o dos reencontros e pela alegria das m\u00faltiplas lembran\u00e7as das hist\u00f3rias e aventuras que marcaram a viv\u00eancia dos percursos no","og:url":"http:\/\/iai.pt\/web\/arquivos\/16077","og:image":"http:\/\/iai.pt\/web\/wp-content\/uploads\/2023\/05\/seo-logo.png","og:image:width":105,"og:image:height":112,"article:published_time":"2025-01-10T00:50:49+00:00","article:modified_time":"2025-01-15T00:53:42+00:00","article:publisher":"https:\/\/www.facebook.com\/instituto.das.artes.imagem","twitter:card":"summary_large_image","twitter:title":"Lanche-conv\u00edvio com Ex-Alunos e Ex-Professores \u2014 Especial 30 Anos do IAI - IAI","twitter:description":"No \u00e2mbito das iniciativas de comemora\u00e7\u00e3o dos 30 anos do IAI, no dia 10 de janeiro aconteceu o lanche conv\u00edvio com ex alunos, ex e atuais professores. Foi um momento marcado por simb\u00f3licos agradecimentos, pela emo\u00e7\u00e3o dos reencontros e pela alegria das m\u00faltiplas lembran\u00e7as das hist\u00f3rias e aventuras que marcaram a viv\u00eancia dos percursos no","twitter:image":"http:\/\/iai.pt\/web\/wp-content\/uploads\/2023\/05\/seo-logo.png"},"aioseo_meta_data":{"post_id":"16077","title":null,"description":null,"keywords":[],"keyphrases":{"focus":{"keyphrase":"","score":0,"analysis":{"keyphraseInTitle":{"score":0,"maxScore":9,"error":1}}},"additional":[]},"primary_term":null,"canonical_url":null,"og_title":null,"og_description":null,"og_object_type":"default","og_image_type":"default","og_image_url":null,"og_image_width":null,"og_image_height":null,"og_image_custom_url":null,"og_image_custom_fields":null,"og_video":"","og_custom_url":null,"og_article_section":null,"og_article_tags":[],"twitter_use_og":false,"twitter_card":"default","twitter_image_type":"default","twitter_image_url":null,"twitter_image_custom_url":null,"twitter_image_custom_fields":null,"twitter_title":null,"twitter_description":null,"schema":{"blockGraphs":[],"customGraphs":[],"default":{"data":{"Article":[],"Course":[],"Dataset":[],"FAQPage":[],"Movie":[],"Person":[],"Product":[],"ProductReview":[],"Car":[],"Recipe":[],"Service":[],"SoftwareApplication":[],"WebPage":[]},"graphName":"BlogPosting","isEnabled":true},"graphs":[]},"schema_type":"default","schema_type_options":null,"pillar_content":false,"robots_default":true,"robots_noindex":false,"robots_noarchive":false,"robots_nosnippet":false,"robots_nofollow":false,"robots_noimageindex":false,"robots_noodp":false,"robots_notranslate":false,"robots_max_snippet":"-1","robots_max_videopreview":"-1","robots_max_imagepreview":"large","priority":null,"frequency":"default","local_seo":null,"breadcrumb_settings":null,"limit_modified_date":false,"ai":null,"created":"2025-01-15 00:52:38","updated":"2025-06-09 21:45:32","seo_analyzer_scan_date":null},"aioseo_breadcrumb":"<div class=\"aioseo-breadcrumbs\"><span class=\"aioseo-breadcrumb\">\n\t\t\t<a href=\"http:\/\/iai.pt\/web\" title=\"In\u00edcio\">In\u00edcio<\/a>\n\t\t<\/span><span class=\"aioseo-breadcrumb-separator\">\u00bb<\/span><span class=\"aioseo-breadcrumb\">\n\t\t\t<a href=\"http:\/\/iai.pt\/web\/arquivos\/category\/noticias\" title=\"Noticias\">Noticias<\/a>\n\t\t<\/span><span class=\"aioseo-breadcrumb-separator\">\u00bb<\/span><span class=\"aioseo-breadcrumb\">\n\t\t\tLanche-conv\u00edvio com Ex-Alunos e Ex-Professores \u2014 Especial 30 Anos do IAI\n\t\t<\/span><\/div>","aioseo_breadcrumb_json":[{"label":"In\u00edcio","link":"http:\/\/iai.pt\/web"},{"label":"Noticias","link":"http:\/\/iai.pt\/web\/arquivos\/category\/noticias"},{"label":"Lanche-conv\u00edvio com Ex-Alunos e Ex-Professores \u2014 Especial 30 Anos do IAI","link":"http:\/\/iai.pt\/web\/arquivos\/16077"}],"_links":{"self":[{"href":"http:\/\/iai.pt\/web\/wp-json\/wp\/v2\/posts\/16077","targetHints":{"allow":["GET"]}}],"collection":[{"href":"http:\/\/iai.pt\/web\/wp-json\/wp\/v2\/posts"}],"about":[{"href":"http:\/\/iai.pt\/web\/wp-json\/wp\/v2\/types\/post"}],"author":[{"embeddable":true,"href":"http:\/\/iai.pt\/web\/wp-json\/wp\/v2\/users\/1"}],"replies":[{"embeddable":true,"href":"http:\/\/iai.pt\/web\/wp-json\/wp\/v2\/comments?post=16077"}],"version-history":[{"count":1,"href":"http:\/\/iai.pt\/web\/wp-json\/wp\/v2\/posts\/16077\/revisions"}],"predecessor-version":[{"id":16079,"href":"http:\/\/iai.pt\/web\/wp-json\/wp\/v2\/posts\/16077\/revisions\/16079"}],"wp:featuredmedia":[{"embeddable":true,"href":"http:\/\/iai.pt\/web\/wp-json\/wp\/v2\/media\/16078"}],"wp:attachment":[{"href":"http:\/\/iai.pt\/web\/wp-json\/wp\/v2\/media?parent=16077"}],"wp:term":[{"taxonomy":"category","embeddable":true,"href":"http:\/\/iai.pt\/web\/wp-json\/wp\/v2\/categories?post=16077"},{"taxonomy":"post_tag","embeddable":true,"href":"http:\/\/iai.pt\/web\/wp-json\/wp\/v2\/tags?post=16077"}],"curies":[{"name":"wp","href":"https:\/\/api.w.org\/{rel}","templated":true}]}}