{"id":16081,"date":"2025-01-13T00:54:43","date_gmt":"2025-01-13T00:54:43","guid":{"rendered":"https:\/\/iai.pt\/web\/?p=16081"},"modified":"2025-01-15T00:56:00","modified_gmt":"2025-01-15T00:56:00","slug":"sessao-de-esclarecimento-e-divulgacao-erasmus","status":"publish","type":"post","link":"http:\/\/iai.pt\/web\/arquivos\/16081","title":{"rendered":"Sess\u00e3o de Esclarecimento e Divulga\u00e7\u00e3o Erasmus+"},"content":{"rendered":"<p>[et_pb_section fb_built=&#8221;1&#8243; _builder_version=&#8221;4.23.4&#8243; _module_preset=&#8221;default&#8221; global_colors_info=&#8221;{}&#8221; theme_builder_area=&#8221;post_content&#8221;][et_pb_row _builder_version=&#8221;4.23.4&#8243; _module_preset=&#8221;default&#8221; global_colors_info=&#8221;{}&#8221; theme_builder_area=&#8221;post_content&#8221;][et_pb_column type=&#8221;4_4&#8243; _builder_version=&#8221;4.23.4&#8243; _module_preset=&#8221;default&#8221; global_colors_info=&#8221;{}&#8221; theme_builder_area=&#8221;post_content&#8221;][et_pb_text _builder_version=&#8221;4.23.4&#8243; _module_preset=&#8221;default&#8221; global_colors_info=&#8221;{}&#8221; theme_builder_area=&#8221;post_content&#8221;]<\/p>\n<p><span style=\"font-weight: 400;\">O IAI deu in\u00edcio \u00e0 prepara\u00e7\u00e3o de mobilidades de Erasmus + tendo em vista a realiza\u00e7\u00e3o de est\u00e1gios em It\u00e1lia, que ter\u00e3o in\u00edcio no m\u00eas de abril de 2025.Nesse seguimento e, depois do per\u00edodo em que os alunos puderem efetuar a sua manifesta\u00e7\u00e3o de interesse foi agora tempo de prestar informa\u00e7\u00f5es e esclarecimentos adicionais, designadamente: refor\u00e7ar a contextualiza\u00e7\u00e3o do que \u00e9 o Programa Erasmus+, comunicar e explicar os crit\u00e9rios de sele\u00e7\u00e3o, informar sobre as condi\u00e7\u00f5es gerais de participa\u00e7\u00e3o, clarificar acerca do funcionamento dos est\u00e1gios, antecipar particularidades no processo de aprendizagem, entre outros. Nesta sess\u00e3o participaram os alunos que manifestaram\u00a0 interesse em participar nas modalidades, assim como os respectivos encarregados de educa\u00e7\u00e3o.\u00a0 A iniciativa mobilizou os participantes que procuraram, tamb\u00e9m, esclarecer d\u00favidas e colocar quest\u00f5es. Seguir-se-\u00e1 agora a fase que todos anseiam, a publicita\u00e7\u00e3o dos resultados de sele\u00e7\u00e3o. <\/span><\/p>\n<p>[\/et_pb_text][\/et_pb_column][\/et_pb_row][et_pb_row _builder_version=&#8221;4.23.4&#8243; _module_preset=&#8221;default&#8221; global_colors_info=&#8221;{}&#8221; theme_builder_area=&#8221;post_content&#8221;][et_pb_column type=&#8221;4_4&#8243; _builder_version=&#8221;4.23.4&#8243; _module_preset=&#8221;default&#8221; global_colors_info=&#8221;{}&#8221; theme_builder_area=&#8221;post_content&#8221;][et_pb_image src=&#8221;http:\/\/iai.pt\/web\/wp-content\/uploads\/2025\/01\/20250113_174252-min-scaled.jpg&#8221; title_text=&#8221;20250113_174252-min&#8221; _builder_version=&#8221;4.23.4&#8243; _module_preset=&#8221;default&#8221; hover_enabled=&#8221;0&#8243; global_colors_info=&#8221;{}&#8221; theme_builder_area=&#8221;post_content&#8221; sticky_enabled=&#8221;0&#8243;][\/et_pb_image][\/et_pb_column][\/et_pb_row][\/et_pb_section]<\/p>\n","protected":false},"excerpt":{"rendered":"<p>O IAI deu in\u00edcio \u00e0 prepara\u00e7\u00e3o de mobilidades de Erasmus + tendo em vista a realiza\u00e7\u00e3o de est\u00e1gios em It\u00e1lia, que ter\u00e3o in\u00edcio no m\u00eas de abril de 2025.Nesse seguimento e, depois do per\u00edodo em que os alunos puderem efetuar a sua manifesta\u00e7\u00e3o de interesse foi agora tempo de prestar informa\u00e7\u00f5es e esclarecimentos adicionais, designadamente: [&hellip;]<\/p>\n","protected":false},"author":1,"featured_media":16075,"comment_status":"open","ping_status":"open","sticky":false,"template":"","format":"standard","meta":{"_et_pb_use_builder":"on","_et_pb_old_content":"","_et_gb_content_width":"","footnotes":"","_members_access_role":[],"_members_access_error":""},"categories":[60],"tags":[],"class_list":["post-16081","post","type-post","status-publish","format-standard","has-post-thumbnail","hentry","category-noticias"],"aioseo_notices":[],"aioseo_head":"\n\t\t<!-- All in One SEO 4.9.10 - aioseo.com -->\n\t<meta name=\"description\" content=\"O IAI deu in\u00edcio \u00e0 prepara\u00e7\u00e3o de mobilidades de Erasmus + tendo em vista a realiza\u00e7\u00e3o de est\u00e1gios em It\u00e1lia, que ter\u00e3o in\u00edcio no m\u00eas de abril de 2025.Nesse seguimento e, depois do per\u00edodo em que os alunos puderem efetuar a sua manifesta\u00e7\u00e3o de interesse foi agora tempo de prestar informa\u00e7\u00f5es e esclarecimentos adicionais, designadamente:\" \/>\n\t<meta name=\"robots\" content=\"max-image-preview:large\" \/>\n\t<meta name=\"author\" content=\"admin\"\/>\n\t<link rel=\"canonical\" href=\"http:\/\/iai.pt\/web\/arquivos\/16081\" \/>\n\t<meta name=\"generator\" content=\"All in One SEO (AIOSEO) 4.9.10\" \/>\n\t\t<meta property=\"og:locale\" content=\"pt_PT\" \/>\n\t\t<meta property=\"og:site_name\" content=\"IAI - Escola Art\u00edstica\" \/>\n\t\t<meta property=\"og:type\" content=\"article\" \/>\n\t\t<meta property=\"og:title\" content=\"Sess\u00e3o de Esclarecimento e Divulga\u00e7\u00e3o Erasmus+ - IAI\" \/>\n\t\t<meta property=\"og:description\" content=\"O IAI deu in\u00edcio \u00e0 prepara\u00e7\u00e3o de mobilidades de Erasmus + tendo em vista a realiza\u00e7\u00e3o de est\u00e1gios em It\u00e1lia, que ter\u00e3o in\u00edcio no m\u00eas de abril de 2025.Nesse seguimento e, depois do per\u00edodo em que os alunos puderem efetuar a sua manifesta\u00e7\u00e3o de interesse foi agora tempo de prestar informa\u00e7\u00f5es e esclarecimentos adicionais, designadamente:\" \/>\n\t\t<meta property=\"og:url\" content=\"http:\/\/iai.pt\/web\/arquivos\/16081\" \/>\n\t\t<meta property=\"og:image\" content=\"http:\/\/iai.pt\/web\/wp-content\/uploads\/2023\/05\/seo-logo.png\" \/>\n\t\t<meta property=\"og:image:width\" content=\"105\" \/>\n\t\t<meta property=\"og:image:height\" content=\"112\" \/>\n\t\t<meta property=\"article:published_time\" content=\"2025-01-13T00:54:43+00:00\" \/>\n\t\t<meta property=\"article:modified_time\" content=\"2025-01-15T00:56:00+00:00\" \/>\n\t\t<meta property=\"article:publisher\" content=\"https:\/\/www.facebook.com\/instituto.das.artes.imagem\" \/>\n\t\t<meta name=\"twitter:card\" content=\"summary_large_image\" \/>\n\t\t<meta name=\"twitter:title\" content=\"Sess\u00e3o de Esclarecimento e Divulga\u00e7\u00e3o Erasmus+ - IAI\" \/>\n\t\t<meta name=\"twitter:description\" content=\"O IAI deu in\u00edcio \u00e0 prepara\u00e7\u00e3o de mobilidades de Erasmus + tendo em vista a realiza\u00e7\u00e3o de est\u00e1gios em It\u00e1lia, que ter\u00e3o in\u00edcio no m\u00eas de abril de 2025.Nesse seguimento e, depois do per\u00edodo em que os alunos puderem efetuar a sua manifesta\u00e7\u00e3o de interesse foi agora tempo de prestar informa\u00e7\u00f5es e esclarecimentos adicionais, designadamente:\" \/>\n\t\t<meta name=\"twitter:image\" content=\"http:\/\/iai.pt\/web\/wp-content\/uploads\/2023\/05\/seo-logo.png\" \/>\n\t\t<script type=\"application\/ld+json\" class=\"aioseo-schema\">\n\t\t\t{\"@context\":\"https:\\\/\\\/schema.org\",\"@graph\":[{\"@type\":\"BlogPosting\",\"@id\":\"http:\\\/\\\/iai.pt\\\/web\\\/arquivos\\\/16081#blogposting\",\"name\":\"Sess\\u00e3o de Esclarecimento e Divulga\\u00e7\\u00e3o Erasmus+ - IAI\",\"headline\":\"Sess\\u00e3o de Esclarecimento e Divulga\\u00e7\\u00e3o Erasmus+\",\"author\":{\"@id\":\"http:\\\/\\\/iai.pt\\\/web\\\/arquivos\\\/author\\\/admin#author\"},\"publisher\":{\"@id\":\"http:\\\/\\\/iai.pt\\\/web\\\/#organization\"},\"image\":{\"@type\":\"ImageObject\",\"url\":\"http:\\\/\\\/iai.pt\\\/web\\\/wp-content\\\/uploads\\\/2025\\\/01\\\/20250113_174252-min-scaled.jpg\",\"width\":2560,\"height\":1152},\"datePublished\":\"2025-01-13T00:54:43+00:00\",\"dateModified\":\"2025-01-15T00:56:00+00:00\",\"inLanguage\":\"pt-PT\",\"mainEntityOfPage\":{\"@id\":\"http:\\\/\\\/iai.pt\\\/web\\\/arquivos\\\/16081#webpage\"},\"isPartOf\":{\"@id\":\"http:\\\/\\\/iai.pt\\\/web\\\/arquivos\\\/16081#webpage\"},\"articleSection\":\"Noticias\"},{\"@type\":\"BreadcrumbList\",\"@id\":\"http:\\\/\\\/iai.pt\\\/web\\\/arquivos\\\/16081#breadcrumblist\",\"itemListElement\":[{\"@type\":\"ListItem\",\"@id\":\"http:\\\/\\\/iai.pt\\\/web#listItem\",\"position\":1,\"name\":\"In\\u00edcio\",\"item\":\"http:\\\/\\\/iai.pt\\\/web\",\"nextItem\":{\"@type\":\"ListItem\",\"@id\":\"http:\\\/\\\/iai.pt\\\/web\\\/arquivos\\\/category\\\/noticias#listItem\",\"name\":\"Noticias\"}},{\"@type\":\"ListItem\",\"@id\":\"http:\\\/\\\/iai.pt\\\/web\\\/arquivos\\\/category\\\/noticias#listItem\",\"position\":2,\"name\":\"Noticias\",\"item\":\"http:\\\/\\\/iai.pt\\\/web\\\/arquivos\\\/category\\\/noticias\",\"nextItem\":{\"@type\":\"ListItem\",\"@id\":\"http:\\\/\\\/iai.pt\\\/web\\\/arquivos\\\/16081#listItem\",\"name\":\"Sess\\u00e3o de Esclarecimento e Divulga\\u00e7\\u00e3o Erasmus+\"},\"previousItem\":{\"@type\":\"ListItem\",\"@id\":\"http:\\\/\\\/iai.pt\\\/web#listItem\",\"name\":\"In\\u00edcio\"}},{\"@type\":\"ListItem\",\"@id\":\"http:\\\/\\\/iai.pt\\\/web\\\/arquivos\\\/16081#listItem\",\"position\":3,\"name\":\"Sess\\u00e3o de Esclarecimento e Divulga\\u00e7\\u00e3o Erasmus+\",\"previousItem\":{\"@type\":\"ListItem\",\"@id\":\"http:\\\/\\\/iai.pt\\\/web\\\/arquivos\\\/category\\\/noticias#listItem\",\"name\":\"Noticias\"}}]},{\"@type\":\"Organization\",\"@id\":\"http:\\\/\\\/iai.pt\\\/web\\\/#organization\",\"name\":\"Instituto das Artes e da Imagem\",\"description\":\"Escola Art\\u00edstica\",\"url\":\"http:\\\/\\\/iai.pt\\\/web\\\/\",\"telephone\":\"+351222000757\",\"logo\":{\"@type\":\"ImageObject\",\"url\":\"http:\\\/\\\/iai.pt\\\/web\\\/wp-content\\\/uploads\\\/2023\\\/05\\\/seo-logo.png\",\"@id\":\"http:\\\/\\\/iai.pt\\\/web\\\/arquivos\\\/16081\\\/#organizationLogo\",\"width\":105,\"height\":112},\"image\":{\"@id\":\"http:\\\/\\\/iai.pt\\\/web\\\/arquivos\\\/16081\\\/#organizationLogo\"},\"sameAs\":[\"https:\\\/\\\/www.facebook.com\\\/instituto.das.artes.imagem\",\"https:\\\/\\\/www.instagram.com\\\/iai_escola_de_artes\\\/\",\"https:\\\/\\\/www.youtube.com\\\/iaiwebmaster\"]},{\"@type\":\"Person\",\"@id\":\"http:\\\/\\\/iai.pt\\\/web\\\/arquivos\\\/author\\\/admin#author\",\"url\":\"http:\\\/\\\/iai.pt\\\/web\\\/arquivos\\\/author\\\/admin\",\"name\":\"admin\",\"image\":{\"@type\":\"ImageObject\",\"@id\":\"http:\\\/\\\/iai.pt\\\/web\\\/arquivos\\\/16081#authorImage\",\"url\":\"https:\\\/\\\/secure.gravatar.com\\\/avatar\\\/bad9c1ed8261989cbd54cb5e8fc92988405a8dc9925b0838cc9c034113770b1e?s=96&d=mm&r=g\",\"width\":96,\"height\":96,\"caption\":\"admin\"}},{\"@type\":\"WebPage\",\"@id\":\"http:\\\/\\\/iai.pt\\\/web\\\/arquivos\\\/16081#webpage\",\"url\":\"http:\\\/\\\/iai.pt\\\/web\\\/arquivos\\\/16081\",\"name\":\"Sess\\u00e3o de Esclarecimento e Divulga\\u00e7\\u00e3o Erasmus+ - IAI\",\"description\":\"O IAI deu in\\u00edcio \\u00e0 prepara\\u00e7\\u00e3o de mobilidades de Erasmus + tendo em vista a realiza\\u00e7\\u00e3o de est\\u00e1gios em It\\u00e1lia, que ter\\u00e3o in\\u00edcio no m\\u00eas de abril de 2025.Nesse seguimento e, depois do per\\u00edodo em que os alunos puderem efetuar a sua manifesta\\u00e7\\u00e3o de interesse foi agora tempo de prestar informa\\u00e7\\u00f5es e esclarecimentos adicionais, designadamente:\",\"inLanguage\":\"pt-PT\",\"isPartOf\":{\"@id\":\"http:\\\/\\\/iai.pt\\\/web\\\/#website\"},\"breadcrumb\":{\"@id\":\"http:\\\/\\\/iai.pt\\\/web\\\/arquivos\\\/16081#breadcrumblist\"},\"author\":{\"@id\":\"http:\\\/\\\/iai.pt\\\/web\\\/arquivos\\\/author\\\/admin#author\"},\"creator\":{\"@id\":\"http:\\\/\\\/iai.pt\\\/web\\\/arquivos\\\/author\\\/admin#author\"},\"image\":{\"@type\":\"ImageObject\",\"url\":\"http:\\\/\\\/iai.pt\\\/web\\\/wp-content\\\/uploads\\\/2025\\\/01\\\/20250113_174252-min-scaled.jpg\",\"@id\":\"http:\\\/\\\/iai.pt\\\/web\\\/arquivos\\\/16081\\\/#mainImage\",\"width\":2560,\"height\":1152},\"primaryImageOfPage\":{\"@id\":\"http:\\\/\\\/iai.pt\\\/web\\\/arquivos\\\/16081#mainImage\"},\"datePublished\":\"2025-01-13T00:54:43+00:00\",\"dateModified\":\"2025-01-15T00:56:00+00:00\"},{\"@type\":\"WebSite\",\"@id\":\"http:\\\/\\\/iai.pt\\\/web\\\/#website\",\"url\":\"http:\\\/\\\/iai.pt\\\/web\\\/\",\"name\":\"IAI\",\"alternateName\":\"iai\",\"description\":\"Escola Art\\u00edstica\",\"inLanguage\":\"pt-PT\",\"publisher\":{\"@id\":\"http:\\\/\\\/iai.pt\\\/web\\\/#organization\"}}]}\n\t\t<\/script>\n\t\t<!-- All in One SEO -->\n\n","aioseo_head_json":{"title":"Sess\u00e3o de Esclarecimento e Divulga\u00e7\u00e3o Erasmus+ - IAI","description":"O IAI deu in\u00edcio \u00e0 prepara\u00e7\u00e3o de mobilidades de Erasmus + tendo em vista a realiza\u00e7\u00e3o de est\u00e1gios em It\u00e1lia, que ter\u00e3o in\u00edcio no m\u00eas de abril de 2025.Nesse seguimento e, depois do per\u00edodo em que os alunos puderem efetuar a sua manifesta\u00e7\u00e3o de interesse foi agora tempo de prestar informa\u00e7\u00f5es e esclarecimentos adicionais, designadamente:","canonical_url":"http:\/\/iai.pt\/web\/arquivos\/16081","robots":"max-image-preview:large","keywords":"","webmasterTools":{"miscellaneous":""},"schema":{"@context":"https:\/\/schema.org","@graph":[{"@type":"BlogPosting","@id":"http:\/\/iai.pt\/web\/arquivos\/16081#blogposting","name":"Sess\u00e3o de Esclarecimento e Divulga\u00e7\u00e3o Erasmus+ - IAI","headline":"Sess\u00e3o de Esclarecimento e Divulga\u00e7\u00e3o Erasmus+","author":{"@id":"http:\/\/iai.pt\/web\/arquivos\/author\/admin#author"},"publisher":{"@id":"http:\/\/iai.pt\/web\/#organization"},"image":{"@type":"ImageObject","url":"http:\/\/iai.pt\/web\/wp-content\/uploads\/2025\/01\/20250113_174252-min-scaled.jpg","width":2560,"height":1152},"datePublished":"2025-01-13T00:54:43+00:00","dateModified":"2025-01-15T00:56:00+00:00","inLanguage":"pt-PT","mainEntityOfPage":{"@id":"http:\/\/iai.pt\/web\/arquivos\/16081#webpage"},"isPartOf":{"@id":"http:\/\/iai.pt\/web\/arquivos\/16081#webpage"},"articleSection":"Noticias"},{"@type":"BreadcrumbList","@id":"http:\/\/iai.pt\/web\/arquivos\/16081#breadcrumblist","itemListElement":[{"@type":"ListItem","@id":"http:\/\/iai.pt\/web#listItem","position":1,"name":"In\u00edcio","item":"http:\/\/iai.pt\/web","nextItem":{"@type":"ListItem","@id":"http:\/\/iai.pt\/web\/arquivos\/category\/noticias#listItem","name":"Noticias"}},{"@type":"ListItem","@id":"http:\/\/iai.pt\/web\/arquivos\/category\/noticias#listItem","position":2,"name":"Noticias","item":"http:\/\/iai.pt\/web\/arquivos\/category\/noticias","nextItem":{"@type":"ListItem","@id":"http:\/\/iai.pt\/web\/arquivos\/16081#listItem","name":"Sess\u00e3o de Esclarecimento e Divulga\u00e7\u00e3o Erasmus+"},"previousItem":{"@type":"ListItem","@id":"http:\/\/iai.pt\/web#listItem","name":"In\u00edcio"}},{"@type":"ListItem","@id":"http:\/\/iai.pt\/web\/arquivos\/16081#listItem","position":3,"name":"Sess\u00e3o de Esclarecimento e Divulga\u00e7\u00e3o Erasmus+","previousItem":{"@type":"ListItem","@id":"http:\/\/iai.pt\/web\/arquivos\/category\/noticias#listItem","name":"Noticias"}}]},{"@type":"Organization","@id":"http:\/\/iai.pt\/web\/#organization","name":"Instituto das Artes e da Imagem","description":"Escola Art\u00edstica","url":"http:\/\/iai.pt\/web\/","telephone":"+351222000757","logo":{"@type":"ImageObject","url":"http:\/\/iai.pt\/web\/wp-content\/uploads\/2023\/05\/seo-logo.png","@id":"http:\/\/iai.pt\/web\/arquivos\/16081\/#organizationLogo","width":105,"height":112},"image":{"@id":"http:\/\/iai.pt\/web\/arquivos\/16081\/#organizationLogo"},"sameAs":["https:\/\/www.facebook.com\/instituto.das.artes.imagem","https:\/\/www.instagram.com\/iai_escola_de_artes\/","https:\/\/www.youtube.com\/iaiwebmaster"]},{"@type":"Person","@id":"http:\/\/iai.pt\/web\/arquivos\/author\/admin#author","url":"http:\/\/iai.pt\/web\/arquivos\/author\/admin","name":"admin","image":{"@type":"ImageObject","@id":"http:\/\/iai.pt\/web\/arquivos\/16081#authorImage","url":"https:\/\/secure.gravatar.com\/avatar\/bad9c1ed8261989cbd54cb5e8fc92988405a8dc9925b0838cc9c034113770b1e?s=96&d=mm&r=g","width":96,"height":96,"caption":"admin"}},{"@type":"WebPage","@id":"http:\/\/iai.pt\/web\/arquivos\/16081#webpage","url":"http:\/\/iai.pt\/web\/arquivos\/16081","name":"Sess\u00e3o de Esclarecimento e Divulga\u00e7\u00e3o Erasmus+ - IAI","description":"O IAI deu in\u00edcio \u00e0 prepara\u00e7\u00e3o de mobilidades de Erasmus + tendo em vista a realiza\u00e7\u00e3o de est\u00e1gios em It\u00e1lia, que ter\u00e3o in\u00edcio no m\u00eas de abril de 2025.Nesse seguimento e, depois do per\u00edodo em que os alunos puderem efetuar a sua manifesta\u00e7\u00e3o de interesse foi agora tempo de prestar informa\u00e7\u00f5es e esclarecimentos adicionais, designadamente:","inLanguage":"pt-PT","isPartOf":{"@id":"http:\/\/iai.pt\/web\/#website"},"breadcrumb":{"@id":"http:\/\/iai.pt\/web\/arquivos\/16081#breadcrumblist"},"author":{"@id":"http:\/\/iai.pt\/web\/arquivos\/author\/admin#author"},"creator":{"@id":"http:\/\/iai.pt\/web\/arquivos\/author\/admin#author"},"image":{"@type":"ImageObject","url":"http:\/\/iai.pt\/web\/wp-content\/uploads\/2025\/01\/20250113_174252-min-scaled.jpg","@id":"http:\/\/iai.pt\/web\/arquivos\/16081\/#mainImage","width":2560,"height":1152},"primaryImageOfPage":{"@id":"http:\/\/iai.pt\/web\/arquivos\/16081#mainImage"},"datePublished":"2025-01-13T00:54:43+00:00","dateModified":"2025-01-15T00:56:00+00:00"},{"@type":"WebSite","@id":"http:\/\/iai.pt\/web\/#website","url":"http:\/\/iai.pt\/web\/","name":"IAI","alternateName":"iai","description":"Escola Art\u00edstica","inLanguage":"pt-PT","publisher":{"@id":"http:\/\/iai.pt\/web\/#organization"}}]},"og:locale":"pt_PT","og:site_name":"IAI - Escola Art\u00edstica","og:type":"article","og:title":"Sess\u00e3o de Esclarecimento e Divulga\u00e7\u00e3o Erasmus+ - IAI","og:description":"O IAI deu in\u00edcio \u00e0 prepara\u00e7\u00e3o de mobilidades de Erasmus + tendo em vista a realiza\u00e7\u00e3o de est\u00e1gios em It\u00e1lia, que ter\u00e3o in\u00edcio no m\u00eas de abril de 2025.Nesse seguimento e, depois do per\u00edodo em que os alunos puderem efetuar a sua manifesta\u00e7\u00e3o de interesse foi agora tempo de prestar informa\u00e7\u00f5es e esclarecimentos adicionais, designadamente:","og:url":"http:\/\/iai.pt\/web\/arquivos\/16081","og:image":"http:\/\/iai.pt\/web\/wp-content\/uploads\/2023\/05\/seo-logo.png","og:image:width":105,"og:image:height":112,"article:published_time":"2025-01-13T00:54:43+00:00","article:modified_time":"2025-01-15T00:56:00+00:00","article:publisher":"https:\/\/www.facebook.com\/instituto.das.artes.imagem","twitter:card":"summary_large_image","twitter:title":"Sess\u00e3o de Esclarecimento e Divulga\u00e7\u00e3o Erasmus+ - IAI","twitter:description":"O IAI deu in\u00edcio \u00e0 prepara\u00e7\u00e3o de mobilidades de Erasmus + tendo em vista a realiza\u00e7\u00e3o de est\u00e1gios em It\u00e1lia, que ter\u00e3o in\u00edcio no m\u00eas de abril de 2025.Nesse seguimento e, depois do per\u00edodo em que os alunos puderem efetuar a sua manifesta\u00e7\u00e3o de interesse foi agora tempo de prestar informa\u00e7\u00f5es e esclarecimentos adicionais, designadamente:","twitter:image":"http:\/\/iai.pt\/web\/wp-content\/uploads\/2023\/05\/seo-logo.png"},"aioseo_meta_data":{"post_id":"16081","title":null,"description":null,"keywords":[],"keyphrases":{"focus":{"keyphrase":"","score":0,"analysis":{"keyphraseInTitle":{"score":0,"maxScore":9,"error":1}}},"additional":[]},"primary_term":null,"canonical_url":null,"og_title":null,"og_description":null,"og_object_type":"default","og_image_type":"default","og_image_url":null,"og_image_width":null,"og_image_height":null,"og_image_custom_url":null,"og_image_custom_fields":null,"og_video":"","og_custom_url":null,"og_article_section":null,"og_article_tags":[],"twitter_use_og":false,"twitter_card":"default","twitter_image_type":"default","twitter_image_url":null,"twitter_image_custom_url":null,"twitter_image_custom_fields":null,"twitter_title":null,"twitter_description":null,"schema":{"blockGraphs":[],"customGraphs":[],"default":{"data":{"Article":[],"Course":[],"Dataset":[],"FAQPage":[],"Movie":[],"Person":[],"Product":[],"ProductReview":[],"Car":[],"Recipe":[],"Service":[],"SoftwareApplication":[],"WebPage":[]},"graphName":"BlogPosting","isEnabled":true},"graphs":[]},"schema_type":"default","schema_type_options":null,"pillar_content":false,"robots_default":true,"robots_noindex":false,"robots_noarchive":false,"robots_nosnippet":false,"robots_nofollow":false,"robots_noimageindex":false,"robots_noodp":false,"robots_notranslate":false,"robots_max_snippet":"-1","robots_max_videopreview":"-1","robots_max_imagepreview":"large","priority":null,"frequency":"default","local_seo":null,"breadcrumb_settings":null,"limit_modified_date":false,"ai":null,"created":"2025-01-15 00:55:24","updated":"2025-06-09 21:45:32","seo_analyzer_scan_date":null},"aioseo_breadcrumb":"<div class=\"aioseo-breadcrumbs\"><span class=\"aioseo-breadcrumb\">\n\t\t\t<a href=\"http:\/\/iai.pt\/web\" title=\"In\u00edcio\">In\u00edcio<\/a>\n\t\t<\/span><span class=\"aioseo-breadcrumb-separator\">\u00bb<\/span><span class=\"aioseo-breadcrumb\">\n\t\t\t<a href=\"http:\/\/iai.pt\/web\/arquivos\/category\/noticias\" title=\"Noticias\">Noticias<\/a>\n\t\t<\/span><span class=\"aioseo-breadcrumb-separator\">\u00bb<\/span><span class=\"aioseo-breadcrumb\">\n\t\t\tSess\u00e3o de Esclarecimento e Divulga\u00e7\u00e3o Erasmus+\n\t\t<\/span><\/div>","aioseo_breadcrumb_json":[{"label":"In\u00edcio","link":"http:\/\/iai.pt\/web"},{"label":"Noticias","link":"http:\/\/iai.pt\/web\/arquivos\/category\/noticias"},{"label":"Sess\u00e3o de Esclarecimento e Divulga\u00e7\u00e3o Erasmus+","link":"http:\/\/iai.pt\/web\/arquivos\/16081"}],"_links":{"self":[{"href":"http:\/\/iai.pt\/web\/wp-json\/wp\/v2\/posts\/16081","targetHints":{"allow":["GET"]}}],"collection":[{"href":"http:\/\/iai.pt\/web\/wp-json\/wp\/v2\/posts"}],"about":[{"href":"http:\/\/iai.pt\/web\/wp-json\/wp\/v2\/types\/post"}],"author":[{"embeddable":true,"href":"http:\/\/iai.pt\/web\/wp-json\/wp\/v2\/users\/1"}],"replies":[{"embeddable":true,"href":"http:\/\/iai.pt\/web\/wp-json\/wp\/v2\/comments?post=16081"}],"version-history":[{"count":1,"href":"http:\/\/iai.pt\/web\/wp-json\/wp\/v2\/posts\/16081\/revisions"}],"predecessor-version":[{"id":16082,"href":"http:\/\/iai.pt\/web\/wp-json\/wp\/v2\/posts\/16081\/revisions\/16082"}],"wp:featuredmedia":[{"embeddable":true,"href":"http:\/\/iai.pt\/web\/wp-json\/wp\/v2\/media\/16075"}],"wp:attachment":[{"href":"http:\/\/iai.pt\/web\/wp-json\/wp\/v2\/media?parent=16081"}],"wp:term":[{"taxonomy":"category","embeddable":true,"href":"http:\/\/iai.pt\/web\/wp-json\/wp\/v2\/categories?post=16081"},{"taxonomy":"post_tag","embeddable":true,"href":"http:\/\/iai.pt\/web\/wp-json\/wp\/v2\/tags?post=16081"}],"curies":[{"name":"wp","href":"https:\/\/api.w.org\/{rel}","templated":true}]}}