{"id":16148,"date":"2025-01-22T09:09:50","date_gmt":"2025-01-22T09:09:50","guid":{"rendered":"https:\/\/iai.pt\/web\/?p=16148"},"modified":"2025-02-04T09:38:38","modified_gmt":"2025-02-04T09:38:38","slug":"a-conversa-com-tania-tavares","status":"publish","type":"post","link":"http:\/\/iai.pt\/web\/arquivos\/16148","title":{"rendered":"\u00c0 conversa com\u2026 T\u00e2nia Tavares"},"content":{"rendered":"<p>[et_pb_section fb_built=&#8221;1&#8243; _builder_version=&#8221;4.23.4&#8243; _module_preset=&#8221;default&#8221; global_colors_info=&#8221;{}&#8221; theme_builder_area=&#8221;post_content&#8221;][et_pb_row _builder_version=&#8221;4.23.4&#8243; _module_preset=&#8221;default&#8221; global_colors_info=&#8221;{}&#8221; theme_builder_area=&#8221;post_content&#8221;][et_pb_column type=&#8221;4_4&#8243; _builder_version=&#8221;4.23.4&#8243; _module_preset=&#8221;default&#8221; global_colors_info=&#8221;{}&#8221; theme_builder_area=&#8221;post_content&#8221;][et_pb_text _builder_version=&#8221;4.23.4&#8243; _module_preset=&#8221;default&#8221; global_colors_info=&#8221;{}&#8221; theme_builder_area=&#8221;post_content&#8221;]<\/p>\n<p><span style=\"font-weight: 400;\">Os alunos dos diferentes anos do Ensino Art\u00edstico Especializado, assim como a turma de design de equipamento do 11\u00ba ano, tiveram contacto com uma excelente comunicadora. T\u00e2nia Tavares, licenciada em Design de comunica\u00e7\u00e3o, atriz e encenadora, foi ao longo da sua vida percorrendo diferentes esferas do mundo laboral, mas o seu verdadeiro sonho foi sempre trabalhar na Walt Disney, algo que conseguiu concretizar ao final de muitas frustra\u00e7\u00f5es, entrevistas e diversos desafios que foi tendo ao longo da sua vida, acabando por ser at\u00e9 recentemente diretora de comunica\u00e7\u00e3o da Disneyland Paris. Uma palestra motivacional, onde a oradora contaminou todo o audit\u00f3rio do IAI com a sua paix\u00e3o, energia positiva, intera\u00e7\u00e3o, demonstrando que n\u00e3o h\u00e1 limites para o imagin\u00e1vel, o verdadeiro limite somos n\u00f3s e sempre que queremos algo, temos de nos esfor\u00e7ar e n\u00e3o desistir. Noventa minutos de emo\u00e7\u00e3o, sonho e magia que mesmo estando a nos falar a partir do Dubai, conseguiu fazer muitos de n\u00f3s sentir o seu empenho e motiva\u00e7\u00e3o. Quem n\u00e3o assistiu nem sabe o que perdeu.<\/span><\/p>\n<p>[\/et_pb_text][\/et_pb_column][\/et_pb_row][et_pb_row _builder_version=&#8221;4.23.4&#8243; _module_preset=&#8221;default&#8221; global_colors_info=&#8221;{}&#8221; theme_builder_area=&#8221;post_content&#8221;][et_pb_column type=&#8221;4_4&#8243; _builder_version=&#8221;4.23.4&#8243; _module_preset=&#8221;default&#8221; global_colors_info=&#8221;{}&#8221; theme_builder_area=&#8221;post_content&#8221;][et_pb_image src=&#8221;http:\/\/iai.pt\/web\/wp-content\/uploads\/2025\/02\/IMG_4288-min-scaled.jpg&#8221; title_text=&#8221;IMG_4288-min&#8221; _builder_version=&#8221;4.23.4&#8243; _module_preset=&#8221;default&#8221; hover_enabled=&#8221;0&#8243; global_colors_info=&#8221;{}&#8221; theme_builder_area=&#8221;post_content&#8221; sticky_enabled=&#8221;0&#8243;][\/et_pb_image][\/et_pb_column][\/et_pb_row][\/et_pb_section]<\/p>\n","protected":false},"excerpt":{"rendered":"<p>Os alunos dos diferentes anos do Ensino Art\u00edstico Especializado, assim como a turma de design de equipamento do 11\u00ba ano, tiveram contacto com uma excelente comunicadora. T\u00e2nia Tavares, licenciada em Design de comunica\u00e7\u00e3o, atriz e encenadora, foi ao longo da sua vida percorrendo diferentes esferas do mundo laboral, mas o seu verdadeiro sonho foi sempre [&hellip;]<\/p>\n","protected":false},"author":1,"featured_media":16149,"comment_status":"open","ping_status":"open","sticky":false,"template":"","format":"standard","meta":{"_et_pb_use_builder":"on","_et_pb_old_content":"","_et_gb_content_width":"","footnotes":""},"categories":[60,123],"tags":[],"class_list":["post-16148","post","type-post","status-publish","format-standard","has-post-thumbnail","hentry","category-noticias","category-uma-hora-de-conversa-com"],"aioseo_notices":[],"_links":{"self":[{"href":"http:\/\/iai.pt\/web\/wp-json\/wp\/v2\/posts\/16148","targetHints":{"allow":["GET"]}}],"collection":[{"href":"http:\/\/iai.pt\/web\/wp-json\/wp\/v2\/posts"}],"about":[{"href":"http:\/\/iai.pt\/web\/wp-json\/wp\/v2\/types\/post"}],"author":[{"embeddable":true,"href":"http:\/\/iai.pt\/web\/wp-json\/wp\/v2\/users\/1"}],"replies":[{"embeddable":true,"href":"http:\/\/iai.pt\/web\/wp-json\/wp\/v2\/comments?post=16148"}],"version-history":[{"count":1,"href":"http:\/\/iai.pt\/web\/wp-json\/wp\/v2\/posts\/16148\/revisions"}],"predecessor-version":[{"id":16150,"href":"http:\/\/iai.pt\/web\/wp-json\/wp\/v2\/posts\/16148\/revisions\/16150"}],"wp:featuredmedia":[{"embeddable":true,"href":"http:\/\/iai.pt\/web\/wp-json\/wp\/v2\/media\/16149"}],"wp:attachment":[{"href":"http:\/\/iai.pt\/web\/wp-json\/wp\/v2\/media?parent=16148"}],"wp:term":[{"taxonomy":"category","embeddable":true,"href":"http:\/\/iai.pt\/web\/wp-json\/wp\/v2\/categories?post=16148"},{"taxonomy":"post_tag","embeddable":true,"href":"http:\/\/iai.pt\/web\/wp-json\/wp\/v2\/tags?post=16148"}],"curies":[{"name":"wp","href":"https:\/\/api.w.org\/{rel}","templated":true}]}}