{"id":16157,"date":"2025-01-29T09:48:23","date_gmt":"2025-01-29T09:48:23","guid":{"rendered":"https:\/\/iai.pt\/web\/?p=16157"},"modified":"2025-02-04T09:50:42","modified_gmt":"2025-02-04T09:50:42","slug":"a-conversa-com-ex-aluno-e-atual-atuador-eduardo-fernandes","status":"publish","type":"post","link":"http:\/\/iai.pt\/web\/arquivos\/16157","title":{"rendered":"\u00c0 conversa com\u2026 ex-aluno e atual atuador Eduardo Fernandes"},"content":{"rendered":"<p>[et_pb_section fb_built=&#8221;1&#8243; _builder_version=&#8221;4.23.4&#8243; _module_preset=&#8221;default&#8221; global_colors_info=&#8221;{}&#8221; theme_builder_area=&#8221;post_content&#8221;][et_pb_row _builder_version=&#8221;4.23.4&#8243; _module_preset=&#8221;default&#8221; global_colors_info=&#8221;{}&#8221; theme_builder_area=&#8221;post_content&#8221;][et_pb_column type=&#8221;4_4&#8243; _builder_version=&#8221;4.23.4&#8243; _module_preset=&#8221;default&#8221; global_colors_info=&#8221;{}&#8221; theme_builder_area=&#8221;post_content&#8221;][et_pb_text _builder_version=&#8221;4.23.4&#8243; _module_preset=&#8221;default&#8221; global_colors_info=&#8221;{}&#8221; theme_builder_area=&#8221;post_content&#8221;]<\/p>\n<p><span style=\"font-weight: 400;\">No passado dia 29 de janeiro, pelas 14h30, o Instituto das Artes e da Imagem contou com a presen\u00e7a online do ex-aluno e tatuador profissional Eduardo Fernandes para uma sess\u00e3o especial da iniciativa &#8220;\u00c0 conversa com&#8230;&#8221;. Durante a palestra, o Eduardo partilhou o seu percurso acad\u00e9mico desde a forma\u00e7\u00e3o art\u00edstica e t\u00e9cnica no IAI at\u00e9 \u00e0 constru\u00e7\u00e3o da sua carreira profissional na arte da tatuagem, inspirando os alunos com a sua experi\u00eancia e conhecimento. Durante a conversa, abordou ainda as exig\u00eancias do mercado, os diferentes estilos e tend\u00eancias da tatuagem e a necessidade de constante evolu\u00e7\u00e3o na profiss\u00e3o, atualmente, com o recurso \u00e0 Intelig\u00eancia Artificial. Na parte final, os alunos tiveram ainda a oportunidade de colocar perguntas e esclarecer d\u00favidas sobre a pr\u00e1tica profissional e os desafios da \u00e1rea. A participa\u00e7\u00e3o do Eduardo Fernandes foi um exemplo inspirador de como a paix\u00e3o e o esfor\u00e7o podem transformar talentos em percursos de sucesso. Obrigado pela partilha!<\/span><\/p>\n<p>[\/et_pb_text][\/et_pb_column][\/et_pb_row][et_pb_row _builder_version=&#8221;4.23.4&#8243; _module_preset=&#8221;default&#8221; global_colors_info=&#8221;{}&#8221; theme_builder_area=&#8221;post_content&#8221;][et_pb_column type=&#8221;4_4&#8243; _builder_version=&#8221;4.23.4&#8243; _module_preset=&#8221;default&#8221; global_colors_info=&#8221;{}&#8221; theme_builder_area=&#8221;post_content&#8221;][et_pb_image src=&#8221;http:\/\/iai.pt\/web\/wp-content\/uploads\/2025\/02\/WhatsApp-Image-2025-02-03-at-10.42.22-2.jpeg&#8221; title_text=&#8221;WhatsApp Image 2025-02-03 at 10.42.22 (2)&#8221; _builder_version=&#8221;4.23.4&#8243; _module_preset=&#8221;default&#8221; hover_enabled=&#8221;0&#8243; global_colors_info=&#8221;{}&#8221; theme_builder_area=&#8221;post_content&#8221; sticky_enabled=&#8221;0&#8243;][\/et_pb_image][\/et_pb_column][\/et_pb_row][\/et_pb_section]<\/p>\n","protected":false},"excerpt":{"rendered":"<p>No passado dia 29 de janeiro, pelas 14h30, o Instituto das Artes e da Imagem contou com a presen\u00e7a online do ex-aluno e tatuador profissional Eduardo Fernandes para uma sess\u00e3o especial da iniciativa &#8220;\u00c0 conversa com&#8230;&#8221;. Durante a palestra, o Eduardo partilhou o seu percurso acad\u00e9mico desde a forma\u00e7\u00e3o art\u00edstica e t\u00e9cnica no IAI at\u00e9 [&hellip;]<\/p>\n","protected":false},"author":1,"featured_media":16158,"comment_status":"open","ping_status":"open","sticky":false,"template":"","format":"standard","meta":{"_et_pb_use_builder":"on","_et_pb_old_content":"","_et_gb_content_width":"","footnotes":""},"categories":[60,123],"tags":[],"class_list":["post-16157","post","type-post","status-publish","format-standard","has-post-thumbnail","hentry","category-noticias","category-uma-hora-de-conversa-com"],"aioseo_notices":[],"_links":{"self":[{"href":"http:\/\/iai.pt\/web\/wp-json\/wp\/v2\/posts\/16157","targetHints":{"allow":["GET"]}}],"collection":[{"href":"http:\/\/iai.pt\/web\/wp-json\/wp\/v2\/posts"}],"about":[{"href":"http:\/\/iai.pt\/web\/wp-json\/wp\/v2\/types\/post"}],"author":[{"embeddable":true,"href":"http:\/\/iai.pt\/web\/wp-json\/wp\/v2\/users\/1"}],"replies":[{"embeddable":true,"href":"http:\/\/iai.pt\/web\/wp-json\/wp\/v2\/comments?post=16157"}],"version-history":[{"count":1,"href":"http:\/\/iai.pt\/web\/wp-json\/wp\/v2\/posts\/16157\/revisions"}],"predecessor-version":[{"id":16159,"href":"http:\/\/iai.pt\/web\/wp-json\/wp\/v2\/posts\/16157\/revisions\/16159"}],"wp:featuredmedia":[{"embeddable":true,"href":"http:\/\/iai.pt\/web\/wp-json\/wp\/v2\/media\/16158"}],"wp:attachment":[{"href":"http:\/\/iai.pt\/web\/wp-json\/wp\/v2\/media?parent=16157"}],"wp:term":[{"taxonomy":"category","embeddable":true,"href":"http:\/\/iai.pt\/web\/wp-json\/wp\/v2\/categories?post=16157"},{"taxonomy":"post_tag","embeddable":true,"href":"http:\/\/iai.pt\/web\/wp-json\/wp\/v2\/tags?post=16157"}],"curies":[{"name":"wp","href":"https:\/\/api.w.org\/{rel}","templated":true}]}}