{"id":16208,"date":"2025-02-13T18:02:51","date_gmt":"2025-02-13T18:02:51","guid":{"rendered":"https:\/\/iai.pt\/web\/?p=16208"},"modified":"2025-02-23T18:16:19","modified_gmt":"2025-02-23T18:16:19","slug":"visita-ao-ginasiano-ao-coelho-de-bordalo-ii-e-ao-espaco-wow","status":"publish","type":"post","link":"http:\/\/iai.pt\/web\/arquivos\/16208","title":{"rendered":"Visita ao Ginasiano, ao Coelho de Bordalo II e ao Espa\u00e7o WOW"},"content":{"rendered":"<p>[et_pb_section fb_built=&#8221;1&#8243; _builder_version=&#8221;4.23.4&#8243; _module_preset=&#8221;default&#8221; global_colors_info=&#8221;{}&#8221; theme_builder_area=&#8221;post_content&#8221;][et_pb_row _builder_version=&#8221;4.23.4&#8243; _module_preset=&#8221;default&#8221; global_colors_info=&#8221;{}&#8221; theme_builder_area=&#8221;post_content&#8221;][et_pb_column type=&#8221;4_4&#8243; _builder_version=&#8221;4.23.4&#8243; _module_preset=&#8221;default&#8221; global_colors_info=&#8221;{}&#8221; theme_builder_area=&#8221;post_content&#8221;][et_pb_text _builder_version=&#8221;4.23.4&#8243; _module_preset=&#8221;default&#8221; global_colors_info=&#8221;{}&#8221; theme_builder_area=&#8221;post_content&#8221;]<\/p>\n<div class=\"\" data-block=\"true\" data-editor=\"5g3e9\" data-offset-key=\"c03au-0-0\">\n<div data-offset-key=\"c03au-0-0\" class=\"_1mf _1mj\">\n<div class=\"\" data-block=\"true\" data-editor=\"60bkn\" data-offset-key=\"9j394-0-0\">\n<div data-offset-key=\"9j394-0-0\" class=\"_1mf _1mj\">\n<p><span style=\"font-weight: 400;\">Na tarde de quinta-feira, dia 13 de fevereiro, os alunos da Escola de Dan\u00e7a Ginasiano realizaram um ensaio geral especial que decorreu em dois espa\u00e7os distintos da escola e que proporcionou, aos alunos dos 10.\u00ba e 11.\u00ba anos do Instituto das Artes e da Imagem, uma oportunidade \u00fanica de verem os jovens bailarinos a exibirem o seu talento e dedica\u00e7\u00e3o em diferentes coreografias, desde o Ballet Cl\u00e1ssico \u00e0 Dan\u00e7a Contempor\u00e2nea. Este ensaio demonstrou o alto n\u00edvel t\u00e9cnico e art\u00edstico dos alunos do Ginasiano, refor\u00e7ando o compromisso da escola com a forma\u00e7\u00e3o de excel\u00eancia na dan\u00e7a e, para os alunos do IAI, foi uma concretiza\u00e7\u00e3o de um projeto que tem na base todas as aprendizagens que s\u00e3o abordadas nas aulas de Express\u00e3o Corporal pela Professora Paula Moreno.<\/span><\/p>\n<p><span style=\"font-weight: 400;\">A caminho do Ginasiano, ainda houve tempo para uma visita ao &#8220;Coelho&#8221; do Artista Bordalo II e do espa\u00e7o WOW.<\/span><\/p>\n<\/div>\n<\/div>\n<div class=\"\" data-block=\"true\" data-editor=\"60bkn\" data-offset-key=\"2khio-0-0\"><\/div>\n<div class=\"\" data-block=\"true\" data-editor=\"60bkn\" data-offset-key=\"1pga5-0-0\">\n<div data-offset-key=\"1pga5-0-0\" class=\"_1mf _1mj\"><\/div>\n<\/div>\n<div class=\"\" data-block=\"true\" data-editor=\"60bkn\" data-offset-key=\"bk6a7-0-0\"><\/div>\n<\/div>\n<\/div>\n<div class=\"\" data-block=\"true\" data-editor=\"5g3e9\" data-offset-key=\"8knvv-0-0\"><\/div>\n<p>[\/et_pb_text][\/et_pb_column][\/et_pb_row][et_pb_row _builder_version=&#8221;4.23.4&#8243; _module_preset=&#8221;default&#8221; global_colors_info=&#8221;{}&#8221; theme_builder_area=&#8221;post_content&#8221;][et_pb_column type=&#8221;4_4&#8243; _builder_version=&#8221;4.23.4&#8243; _module_preset=&#8221;default&#8221; global_colors_info=&#8221;{}&#8221; theme_builder_area=&#8221;post_content&#8221;][et_pb_image src=&#8221;http:\/\/iai.pt\/web\/wp-content\/uploads\/2025\/02\/WhatsApp-Image-2025-02-18-at-15.42.52-1.jpeg&#8221; title_text=&#8221;WhatsApp Image 2025-02-18 at 15.42.52 (1)&#8221; _builder_version=&#8221;4.23.4&#8243; _module_preset=&#8221;default&#8221; hover_enabled=&#8221;0&#8243; global_colors_info=&#8221;{}&#8221; theme_builder_area=&#8221;post_content&#8221; sticky_enabled=&#8221;0&#8243;][\/et_pb_image][\/et_pb_column][\/et_pb_row][\/et_pb_section]<\/p>\n","protected":false},"excerpt":{"rendered":"<p>Na tarde de quinta-feira, dia 13 de fevereiro, os alunos da Escola de Dan\u00e7a Ginasiano realizaram um ensaio geral especial que decorreu em dois espa\u00e7os distintos da escola e que proporcionou, aos alunos dos 10.\u00ba e 11.\u00ba anos do Instituto das Artes e da Imagem, uma oportunidade \u00fanica de verem os jovens bailarinos a exibirem [&hellip;]<\/p>\n","protected":false},"author":1,"featured_media":16202,"comment_status":"open","ping_status":"open","sticky":false,"template":"","format":"standard","meta":{"_et_pb_use_builder":"on","_et_pb_old_content":"","_et_gb_content_width":"","footnotes":"","_members_access_role":[],"_members_access_error":""},"categories":[60],"tags":[],"class_list":["post-16208","post","type-post","status-publish","format-standard","has-post-thumbnail","hentry","category-noticias"],"aioseo_notices":[],"aioseo_head":"\n\t\t<!-- All in One SEO 4.9.10 - aioseo.com -->\n\t<meta name=\"description\" content=\"Na tarde de quinta-feira, dia 13 de fevereiro, os alunos da Escola de Dan\u00e7a Ginasiano realizaram um ensaio geral especial que decorreu em dois espa\u00e7os distintos da escola e que proporcionou, aos alunos dos 10.\u00ba e 11.\u00ba anos do Instituto das Artes e da Imagem, uma oportunidade \u00fanica de verem os jovens bailarinos a exibirem\" \/>\n\t<meta name=\"robots\" content=\"max-image-preview:large\" \/>\n\t<meta name=\"author\" content=\"admin\"\/>\n\t<link rel=\"canonical\" href=\"http:\/\/iai.pt\/web\/arquivos\/16208\" \/>\n\t<meta name=\"generator\" content=\"All in One SEO (AIOSEO) 4.9.10\" \/>\n\t\t<meta property=\"og:locale\" content=\"pt_PT\" \/>\n\t\t<meta property=\"og:site_name\" content=\"IAI - Escola Art\u00edstica\" \/>\n\t\t<meta property=\"og:type\" content=\"article\" \/>\n\t\t<meta property=\"og:title\" content=\"Visita ao Ginasiano, ao Coelho de Bordalo II e ao Espa\u00e7o WOW - IAI\" \/>\n\t\t<meta property=\"og:description\" content=\"Na tarde de quinta-feira, dia 13 de fevereiro, os alunos da Escola de Dan\u00e7a Ginasiano realizaram um ensaio geral especial que decorreu em dois espa\u00e7os distintos da escola e que proporcionou, aos alunos dos 10.\u00ba e 11.\u00ba anos do Instituto das Artes e da Imagem, uma oportunidade \u00fanica de verem os jovens bailarinos a exibirem\" \/>\n\t\t<meta property=\"og:url\" content=\"http:\/\/iai.pt\/web\/arquivos\/16208\" \/>\n\t\t<meta property=\"og:image\" content=\"http:\/\/iai.pt\/web\/wp-content\/uploads\/2023\/05\/seo-logo.png\" \/>\n\t\t<meta property=\"og:image:width\" content=\"105\" \/>\n\t\t<meta property=\"og:image:height\" content=\"112\" \/>\n\t\t<meta property=\"article:published_time\" content=\"2025-02-13T18:02:51+00:00\" \/>\n\t\t<meta property=\"article:modified_time\" content=\"2025-02-23T18:16:19+00:00\" \/>\n\t\t<meta property=\"article:publisher\" content=\"https:\/\/www.facebook.com\/instituto.das.artes.imagem\" \/>\n\t\t<meta name=\"twitter:card\" content=\"summary_large_image\" \/>\n\t\t<meta name=\"twitter:title\" content=\"Visita ao Ginasiano, ao Coelho de Bordalo II e ao Espa\u00e7o WOW - IAI\" \/>\n\t\t<meta name=\"twitter:description\" content=\"Na tarde de quinta-feira, dia 13 de fevereiro, os alunos da Escola de Dan\u00e7a Ginasiano realizaram um ensaio geral especial que decorreu em dois espa\u00e7os distintos da escola e que proporcionou, aos alunos dos 10.\u00ba e 11.\u00ba anos do Instituto das Artes e da Imagem, uma oportunidade \u00fanica de verem os jovens bailarinos a exibirem\" \/>\n\t\t<meta name=\"twitter:image\" content=\"http:\/\/iai.pt\/web\/wp-content\/uploads\/2023\/05\/seo-logo.png\" \/>\n\t\t<script type=\"application\/ld+json\" class=\"aioseo-schema\">\n\t\t\t{\"@context\":\"https:\\\/\\\/schema.org\",\"@graph\":[{\"@type\":\"BlogPosting\",\"@id\":\"http:\\\/\\\/iai.pt\\\/web\\\/arquivos\\\/16208#blogposting\",\"name\":\"Visita ao Ginasiano, ao Coelho de Bordalo II e ao Espa\\u00e7o WOW - IAI\",\"headline\":\"Visita ao Ginasiano, ao Coelho de Bordalo II e ao Espa\\u00e7o WOW\",\"author\":{\"@id\":\"http:\\\/\\\/iai.pt\\\/web\\\/arquivos\\\/author\\\/admin#author\"},\"publisher\":{\"@id\":\"http:\\\/\\\/iai.pt\\\/web\\\/#organization\"},\"image\":{\"@type\":\"ImageObject\",\"url\":\"http:\\\/\\\/iai.pt\\\/web\\\/wp-content\\\/uploads\\\/2025\\\/02\\\/WhatsApp-Image-2025-02-18-at-15.42.52-1.jpeg\",\"width\":1599,\"height\":719},\"datePublished\":\"2025-02-13T18:02:51+00:00\",\"dateModified\":\"2025-02-23T18:16:19+00:00\",\"inLanguage\":\"pt-PT\",\"mainEntityOfPage\":{\"@id\":\"http:\\\/\\\/iai.pt\\\/web\\\/arquivos\\\/16208#webpage\"},\"isPartOf\":{\"@id\":\"http:\\\/\\\/iai.pt\\\/web\\\/arquivos\\\/16208#webpage\"},\"articleSection\":\"Noticias\"},{\"@type\":\"BreadcrumbList\",\"@id\":\"http:\\\/\\\/iai.pt\\\/web\\\/arquivos\\\/16208#breadcrumblist\",\"itemListElement\":[{\"@type\":\"ListItem\",\"@id\":\"http:\\\/\\\/iai.pt\\\/web#listItem\",\"position\":1,\"name\":\"In\\u00edcio\",\"item\":\"http:\\\/\\\/iai.pt\\\/web\",\"nextItem\":{\"@type\":\"ListItem\",\"@id\":\"http:\\\/\\\/iai.pt\\\/web\\\/arquivos\\\/category\\\/noticias#listItem\",\"name\":\"Noticias\"}},{\"@type\":\"ListItem\",\"@id\":\"http:\\\/\\\/iai.pt\\\/web\\\/arquivos\\\/category\\\/noticias#listItem\",\"position\":2,\"name\":\"Noticias\",\"item\":\"http:\\\/\\\/iai.pt\\\/web\\\/arquivos\\\/category\\\/noticias\",\"nextItem\":{\"@type\":\"ListItem\",\"@id\":\"http:\\\/\\\/iai.pt\\\/web\\\/arquivos\\\/16208#listItem\",\"name\":\"Visita ao Ginasiano, ao Coelho de Bordalo II e ao Espa\\u00e7o WOW\"},\"previousItem\":{\"@type\":\"ListItem\",\"@id\":\"http:\\\/\\\/iai.pt\\\/web#listItem\",\"name\":\"In\\u00edcio\"}},{\"@type\":\"ListItem\",\"@id\":\"http:\\\/\\\/iai.pt\\\/web\\\/arquivos\\\/16208#listItem\",\"position\":3,\"name\":\"Visita ao Ginasiano, ao Coelho de Bordalo II e ao Espa\\u00e7o WOW\",\"previousItem\":{\"@type\":\"ListItem\",\"@id\":\"http:\\\/\\\/iai.pt\\\/web\\\/arquivos\\\/category\\\/noticias#listItem\",\"name\":\"Noticias\"}}]},{\"@type\":\"Organization\",\"@id\":\"http:\\\/\\\/iai.pt\\\/web\\\/#organization\",\"name\":\"Instituto das Artes e da Imagem\",\"description\":\"Escola Art\\u00edstica\",\"url\":\"http:\\\/\\\/iai.pt\\\/web\\\/\",\"telephone\":\"+351222000757\",\"logo\":{\"@type\":\"ImageObject\",\"url\":\"http:\\\/\\\/iai.pt\\\/web\\\/wp-content\\\/uploads\\\/2023\\\/05\\\/seo-logo.png\",\"@id\":\"http:\\\/\\\/iai.pt\\\/web\\\/arquivos\\\/16208\\\/#organizationLogo\",\"width\":105,\"height\":112},\"image\":{\"@id\":\"http:\\\/\\\/iai.pt\\\/web\\\/arquivos\\\/16208\\\/#organizationLogo\"},\"sameAs\":[\"https:\\\/\\\/www.facebook.com\\\/instituto.das.artes.imagem\",\"https:\\\/\\\/www.instagram.com\\\/iai_escola_de_artes\\\/\",\"https:\\\/\\\/www.youtube.com\\\/iaiwebmaster\"]},{\"@type\":\"Person\",\"@id\":\"http:\\\/\\\/iai.pt\\\/web\\\/arquivos\\\/author\\\/admin#author\",\"url\":\"http:\\\/\\\/iai.pt\\\/web\\\/arquivos\\\/author\\\/admin\",\"name\":\"admin\",\"image\":{\"@type\":\"ImageObject\",\"@id\":\"http:\\\/\\\/iai.pt\\\/web\\\/arquivos\\\/16208#authorImage\",\"url\":\"https:\\\/\\\/secure.gravatar.com\\\/avatar\\\/bad9c1ed8261989cbd54cb5e8fc92988405a8dc9925b0838cc9c034113770b1e?s=96&d=mm&r=g\",\"width\":96,\"height\":96,\"caption\":\"admin\"}},{\"@type\":\"WebPage\",\"@id\":\"http:\\\/\\\/iai.pt\\\/web\\\/arquivos\\\/16208#webpage\",\"url\":\"http:\\\/\\\/iai.pt\\\/web\\\/arquivos\\\/16208\",\"name\":\"Visita ao Ginasiano, ao Coelho de Bordalo II e ao Espa\\u00e7o WOW - IAI\",\"description\":\"Na tarde de quinta-feira, dia 13 de fevereiro, os alunos da Escola de Dan\\u00e7a Ginasiano realizaram um ensaio geral especial que decorreu em dois espa\\u00e7os distintos da escola e que proporcionou, aos alunos dos 10.\\u00ba e 11.\\u00ba anos do Instituto das Artes e da Imagem, uma oportunidade \\u00fanica de verem os jovens bailarinos a exibirem\",\"inLanguage\":\"pt-PT\",\"isPartOf\":{\"@id\":\"http:\\\/\\\/iai.pt\\\/web\\\/#website\"},\"breadcrumb\":{\"@id\":\"http:\\\/\\\/iai.pt\\\/web\\\/arquivos\\\/16208#breadcrumblist\"},\"author\":{\"@id\":\"http:\\\/\\\/iai.pt\\\/web\\\/arquivos\\\/author\\\/admin#author\"},\"creator\":{\"@id\":\"http:\\\/\\\/iai.pt\\\/web\\\/arquivos\\\/author\\\/admin#author\"},\"image\":{\"@type\":\"ImageObject\",\"url\":\"http:\\\/\\\/iai.pt\\\/web\\\/wp-content\\\/uploads\\\/2025\\\/02\\\/WhatsApp-Image-2025-02-18-at-15.42.52-1.jpeg\",\"@id\":\"http:\\\/\\\/iai.pt\\\/web\\\/arquivos\\\/16208\\\/#mainImage\",\"width\":1599,\"height\":719},\"primaryImageOfPage\":{\"@id\":\"http:\\\/\\\/iai.pt\\\/web\\\/arquivos\\\/16208#mainImage\"},\"datePublished\":\"2025-02-13T18:02:51+00:00\",\"dateModified\":\"2025-02-23T18:16:19+00:00\"},{\"@type\":\"WebSite\",\"@id\":\"http:\\\/\\\/iai.pt\\\/web\\\/#website\",\"url\":\"http:\\\/\\\/iai.pt\\\/web\\\/\",\"name\":\"IAI\",\"alternateName\":\"iai\",\"description\":\"Escola Art\\u00edstica\",\"inLanguage\":\"pt-PT\",\"publisher\":{\"@id\":\"http:\\\/\\\/iai.pt\\\/web\\\/#organization\"}}]}\n\t\t<\/script>\n\t\t<!-- All in One SEO -->\n\n","aioseo_head_json":{"title":"Visita ao Ginasiano, ao Coelho de Bordalo II e ao Espa\u00e7o WOW - IAI","description":"Na tarde de quinta-feira, dia 13 de fevereiro, os alunos da Escola de Dan\u00e7a Ginasiano realizaram um ensaio geral especial que decorreu em dois espa\u00e7os distintos da escola e que proporcionou, aos alunos dos 10.\u00ba e 11.\u00ba anos do Instituto das Artes e da Imagem, uma oportunidade \u00fanica de verem os jovens bailarinos a exibirem","canonical_url":"http:\/\/iai.pt\/web\/arquivos\/16208","robots":"max-image-preview:large","keywords":"","webmasterTools":{"miscellaneous":""},"schema":{"@context":"https:\/\/schema.org","@graph":[{"@type":"BlogPosting","@id":"http:\/\/iai.pt\/web\/arquivos\/16208#blogposting","name":"Visita ao Ginasiano, ao Coelho de Bordalo II e ao Espa\u00e7o WOW - IAI","headline":"Visita ao Ginasiano, ao Coelho de Bordalo II e ao Espa\u00e7o WOW","author":{"@id":"http:\/\/iai.pt\/web\/arquivos\/author\/admin#author"},"publisher":{"@id":"http:\/\/iai.pt\/web\/#organization"},"image":{"@type":"ImageObject","url":"http:\/\/iai.pt\/web\/wp-content\/uploads\/2025\/02\/WhatsApp-Image-2025-02-18-at-15.42.52-1.jpeg","width":1599,"height":719},"datePublished":"2025-02-13T18:02:51+00:00","dateModified":"2025-02-23T18:16:19+00:00","inLanguage":"pt-PT","mainEntityOfPage":{"@id":"http:\/\/iai.pt\/web\/arquivos\/16208#webpage"},"isPartOf":{"@id":"http:\/\/iai.pt\/web\/arquivos\/16208#webpage"},"articleSection":"Noticias"},{"@type":"BreadcrumbList","@id":"http:\/\/iai.pt\/web\/arquivos\/16208#breadcrumblist","itemListElement":[{"@type":"ListItem","@id":"http:\/\/iai.pt\/web#listItem","position":1,"name":"In\u00edcio","item":"http:\/\/iai.pt\/web","nextItem":{"@type":"ListItem","@id":"http:\/\/iai.pt\/web\/arquivos\/category\/noticias#listItem","name":"Noticias"}},{"@type":"ListItem","@id":"http:\/\/iai.pt\/web\/arquivos\/category\/noticias#listItem","position":2,"name":"Noticias","item":"http:\/\/iai.pt\/web\/arquivos\/category\/noticias","nextItem":{"@type":"ListItem","@id":"http:\/\/iai.pt\/web\/arquivos\/16208#listItem","name":"Visita ao Ginasiano, ao Coelho de Bordalo II e ao Espa\u00e7o WOW"},"previousItem":{"@type":"ListItem","@id":"http:\/\/iai.pt\/web#listItem","name":"In\u00edcio"}},{"@type":"ListItem","@id":"http:\/\/iai.pt\/web\/arquivos\/16208#listItem","position":3,"name":"Visita ao Ginasiano, ao Coelho de Bordalo II e ao Espa\u00e7o WOW","previousItem":{"@type":"ListItem","@id":"http:\/\/iai.pt\/web\/arquivos\/category\/noticias#listItem","name":"Noticias"}}]},{"@type":"Organization","@id":"http:\/\/iai.pt\/web\/#organization","name":"Instituto das Artes e da Imagem","description":"Escola Art\u00edstica","url":"http:\/\/iai.pt\/web\/","telephone":"+351222000757","logo":{"@type":"ImageObject","url":"http:\/\/iai.pt\/web\/wp-content\/uploads\/2023\/05\/seo-logo.png","@id":"http:\/\/iai.pt\/web\/arquivos\/16208\/#organizationLogo","width":105,"height":112},"image":{"@id":"http:\/\/iai.pt\/web\/arquivos\/16208\/#organizationLogo"},"sameAs":["https:\/\/www.facebook.com\/instituto.das.artes.imagem","https:\/\/www.instagram.com\/iai_escola_de_artes\/","https:\/\/www.youtube.com\/iaiwebmaster"]},{"@type":"Person","@id":"http:\/\/iai.pt\/web\/arquivos\/author\/admin#author","url":"http:\/\/iai.pt\/web\/arquivos\/author\/admin","name":"admin","image":{"@type":"ImageObject","@id":"http:\/\/iai.pt\/web\/arquivos\/16208#authorImage","url":"https:\/\/secure.gravatar.com\/avatar\/bad9c1ed8261989cbd54cb5e8fc92988405a8dc9925b0838cc9c034113770b1e?s=96&d=mm&r=g","width":96,"height":96,"caption":"admin"}},{"@type":"WebPage","@id":"http:\/\/iai.pt\/web\/arquivos\/16208#webpage","url":"http:\/\/iai.pt\/web\/arquivos\/16208","name":"Visita ao Ginasiano, ao Coelho de Bordalo II e ao Espa\u00e7o WOW - IAI","description":"Na tarde de quinta-feira, dia 13 de fevereiro, os alunos da Escola de Dan\u00e7a Ginasiano realizaram um ensaio geral especial que decorreu em dois espa\u00e7os distintos da escola e que proporcionou, aos alunos dos 10.\u00ba e 11.\u00ba anos do Instituto das Artes e da Imagem, uma oportunidade \u00fanica de verem os jovens bailarinos a exibirem","inLanguage":"pt-PT","isPartOf":{"@id":"http:\/\/iai.pt\/web\/#website"},"breadcrumb":{"@id":"http:\/\/iai.pt\/web\/arquivos\/16208#breadcrumblist"},"author":{"@id":"http:\/\/iai.pt\/web\/arquivos\/author\/admin#author"},"creator":{"@id":"http:\/\/iai.pt\/web\/arquivos\/author\/admin#author"},"image":{"@type":"ImageObject","url":"http:\/\/iai.pt\/web\/wp-content\/uploads\/2025\/02\/WhatsApp-Image-2025-02-18-at-15.42.52-1.jpeg","@id":"http:\/\/iai.pt\/web\/arquivos\/16208\/#mainImage","width":1599,"height":719},"primaryImageOfPage":{"@id":"http:\/\/iai.pt\/web\/arquivos\/16208#mainImage"},"datePublished":"2025-02-13T18:02:51+00:00","dateModified":"2025-02-23T18:16:19+00:00"},{"@type":"WebSite","@id":"http:\/\/iai.pt\/web\/#website","url":"http:\/\/iai.pt\/web\/","name":"IAI","alternateName":"iai","description":"Escola Art\u00edstica","inLanguage":"pt-PT","publisher":{"@id":"http:\/\/iai.pt\/web\/#organization"}}]},"og:locale":"pt_PT","og:site_name":"IAI - Escola Art\u00edstica","og:type":"article","og:title":"Visita ao Ginasiano, ao Coelho de Bordalo II e ao Espa\u00e7o WOW - IAI","og:description":"Na tarde de quinta-feira, dia 13 de fevereiro, os alunos da Escola de Dan\u00e7a Ginasiano realizaram um ensaio geral especial que decorreu em dois espa\u00e7os distintos da escola e que proporcionou, aos alunos dos 10.\u00ba e 11.\u00ba anos do Instituto das Artes e da Imagem, uma oportunidade \u00fanica de verem os jovens bailarinos a exibirem","og:url":"http:\/\/iai.pt\/web\/arquivos\/16208","og:image":"http:\/\/iai.pt\/web\/wp-content\/uploads\/2023\/05\/seo-logo.png","og:image:width":105,"og:image:height":112,"article:published_time":"2025-02-13T18:02:51+00:00","article:modified_time":"2025-02-23T18:16:19+00:00","article:publisher":"https:\/\/www.facebook.com\/instituto.das.artes.imagem","twitter:card":"summary_large_image","twitter:title":"Visita ao Ginasiano, ao Coelho de Bordalo II e ao Espa\u00e7o WOW - IAI","twitter:description":"Na tarde de quinta-feira, dia 13 de fevereiro, os alunos da Escola de Dan\u00e7a Ginasiano realizaram um ensaio geral especial que decorreu em dois espa\u00e7os distintos da escola e que proporcionou, aos alunos dos 10.\u00ba e 11.\u00ba anos do Instituto das Artes e da Imagem, uma oportunidade \u00fanica de verem os jovens bailarinos a exibirem","twitter:image":"http:\/\/iai.pt\/web\/wp-content\/uploads\/2023\/05\/seo-logo.png"},"aioseo_meta_data":{"post_id":"16208","title":null,"description":null,"keywords":null,"keyphrases":null,"primary_term":null,"canonical_url":null,"og_title":null,"og_description":null,"og_object_type":"default","og_image_type":"default","og_image_url":null,"og_image_width":null,"og_image_height":null,"og_image_custom_url":null,"og_image_custom_fields":null,"og_video":null,"og_custom_url":null,"og_article_section":null,"og_article_tags":null,"twitter_use_og":false,"twitter_card":"default","twitter_image_type":"default","twitter_image_url":null,"twitter_image_custom_url":null,"twitter_image_custom_fields":null,"twitter_title":null,"twitter_description":null,"schema":{"blockGraphs":[],"customGraphs":[],"default":{"data":{"Article":[],"Course":[],"Dataset":[],"FAQPage":[],"Movie":[],"Person":[],"Product":[],"ProductReview":[],"Car":[],"Recipe":[],"Service":[],"SoftwareApplication":[],"WebPage":[]},"graphName":"","isEnabled":true},"graphs":[]},"schema_type":"default","schema_type_options":null,"pillar_content":false,"robots_default":true,"robots_noindex":false,"robots_noarchive":false,"robots_nosnippet":false,"robots_nofollow":false,"robots_noimageindex":false,"robots_noodp":false,"robots_notranslate":false,"robots_max_snippet":null,"robots_max_videopreview":null,"robots_max_imagepreview":"large","priority":null,"frequency":null,"local_seo":null,"breadcrumb_settings":null,"limit_modified_date":false,"ai":null,"created":"2025-02-23 18:21:24","updated":"2025-06-09 21:50:19","seo_analyzer_scan_date":null},"aioseo_breadcrumb":"<div class=\"aioseo-breadcrumbs\"><span class=\"aioseo-breadcrumb\">\n\t\t\t<a href=\"http:\/\/iai.pt\/web\" title=\"In\u00edcio\">In\u00edcio<\/a>\n\t\t<\/span><span class=\"aioseo-breadcrumb-separator\">\u00bb<\/span><span class=\"aioseo-breadcrumb\">\n\t\t\t<a href=\"http:\/\/iai.pt\/web\/arquivos\/category\/noticias\" title=\"Noticias\">Noticias<\/a>\n\t\t<\/span><span class=\"aioseo-breadcrumb-separator\">\u00bb<\/span><span class=\"aioseo-breadcrumb\">\n\t\t\tVisita ao Ginasiano, ao Coelho de Bordalo II e ao Espa\u00e7o WOW\n\t\t<\/span><\/div>","aioseo_breadcrumb_json":[{"label":"In\u00edcio","link":"http:\/\/iai.pt\/web"},{"label":"Noticias","link":"http:\/\/iai.pt\/web\/arquivos\/category\/noticias"},{"label":"Visita ao Ginasiano, ao Coelho de Bordalo II e ao Espa\u00e7o WOW","link":"http:\/\/iai.pt\/web\/arquivos\/16208"}],"_links":{"self":[{"href":"http:\/\/iai.pt\/web\/wp-json\/wp\/v2\/posts\/16208","targetHints":{"allow":["GET"]}}],"collection":[{"href":"http:\/\/iai.pt\/web\/wp-json\/wp\/v2\/posts"}],"about":[{"href":"http:\/\/iai.pt\/web\/wp-json\/wp\/v2\/types\/post"}],"author":[{"embeddable":true,"href":"http:\/\/iai.pt\/web\/wp-json\/wp\/v2\/users\/1"}],"replies":[{"embeddable":true,"href":"http:\/\/iai.pt\/web\/wp-json\/wp\/v2\/comments?post=16208"}],"version-history":[{"count":2,"href":"http:\/\/iai.pt\/web\/wp-json\/wp\/v2\/posts\/16208\/revisions"}],"predecessor-version":[{"id":16210,"href":"http:\/\/iai.pt\/web\/wp-json\/wp\/v2\/posts\/16208\/revisions\/16210"}],"wp:featuredmedia":[{"embeddable":true,"href":"http:\/\/iai.pt\/web\/wp-json\/wp\/v2\/media\/16202"}],"wp:attachment":[{"href":"http:\/\/iai.pt\/web\/wp-json\/wp\/v2\/media?parent=16208"}],"wp:term":[{"taxonomy":"category","embeddable":true,"href":"http:\/\/iai.pt\/web\/wp-json\/wp\/v2\/categories?post=16208"},{"taxonomy":"post_tag","embeddable":true,"href":"http:\/\/iai.pt\/web\/wp-json\/wp\/v2\/tags?post=16208"}],"curies":[{"name":"wp","href":"https:\/\/api.w.org\/{rel}","templated":true}]}}