{"id":16247,"date":"2025-02-24T16:00:43","date_gmt":"2025-02-24T16:00:43","guid":{"rendered":"https:\/\/iai.pt\/web\/?p=16247"},"modified":"2025-03-10T21:37:13","modified_gmt":"2025-03-10T21:37:13","slug":"sessao-de-apresentacao-oferta-formativa-ipvc","status":"publish","type":"post","link":"http:\/\/iai.pt\/web\/arquivos\/16247","title":{"rendered":"Sess\u00e3o de Apresenta\u00e7\u00e3o: Oferta Formativa IPVC"},"content":{"rendered":"<p>[et_pb_section fb_built=&#8221;1&#8243; _builder_version=&#8221;4.23.4&#8243; _module_preset=&#8221;default&#8221; global_colors_info=&#8221;{}&#8221;][et_pb_row _builder_version=&#8221;4.23.4&#8243; _module_preset=&#8221;default&#8221; global_colors_info=&#8221;{}&#8221;][et_pb_column type=&#8221;4_4&#8243; _builder_version=&#8221;4.23.4&#8243; _module_preset=&#8221;default&#8221; global_colors_info=&#8221;{}&#8221;][et_pb_text _builder_version=&#8221;4.23.4&#8243; _module_preset=&#8221;default&#8221; global_colors_info=&#8221;{}&#8221;]<\/p>\n<div class=\"\" data-block=\"true\" data-editor=\"5g3e9\" data-offset-key=\"c03au-0-0\">\n<div data-offset-key=\"c03au-0-0\" class=\"_1mf _1mj\">\n<div class=\"\" data-block=\"true\" data-editor=\"60bkn\" data-offset-key=\"9j394-0-0\">\n<div data-offset-key=\"9j394-0-0\" class=\"_1mf _1mj\">\n<div class=\"\" data-block=\"true\" data-editor=\"80o6a\" data-offset-key=\"cm5cj-0-0\">\n<div data-offset-key=\"cm5cj-0-0\" class=\"_1mf _1mj\">\n<p><span style=\"font-weight: 400;\">No passado dia 24 de fevereiro o Instituto Polit\u00e9cnico de Viana do Castelo esteve no audit\u00f3rio do IAI a apresentar os cursos de ensino superior polit\u00e9cnico das diferentes \u00e1reas a que est\u00e3o ligados. Para al\u00e9m dos nossos alunos terem tido oportunidade de conhecer os diferentes cursos desta oferta educativa polit\u00e9cnicas, visualizaram exemplos de trabalhos realizados pelos alunos dessa escola nas diferentes \u00e1reas cient\u00edficas e profissionais, do design \u00e0 engenharia, dos cuidados de sa\u00fade \u00e0s artes digitais.<\/span><\/p>\n<\/div>\n<\/div>\n<div class=\"\" data-block=\"true\" data-editor=\"80o6a\" data-offset-key=\"a17ru-0-0\"><\/div>\n<\/div>\n<\/div>\n<div class=\"\" data-block=\"true\" data-editor=\"60bkn\" data-offset-key=\"2khio-0-0\"><\/div>\n<div class=\"\" data-block=\"true\" data-editor=\"60bkn\" data-offset-key=\"1pga5-0-0\">\n<div data-offset-key=\"1pga5-0-0\" class=\"_1mf _1mj\"><\/div>\n<\/div>\n<div class=\"\" data-block=\"true\" data-editor=\"60bkn\" data-offset-key=\"bk6a7-0-0\"><\/div>\n<\/div>\n<\/div>\n<div class=\"\" data-block=\"true\" data-editor=\"5g3e9\" data-offset-key=\"8knvv-0-0\"><\/div>\n<p>[\/et_pb_text][\/et_pb_column][\/et_pb_row][et_pb_row _builder_version=&#8221;4.23.4&#8243; _module_preset=&#8221;default&#8221; global_colors_info=&#8221;{}&#8221;][et_pb_column type=&#8221;4_4&#8243; _builder_version=&#8221;4.23.4&#8243; _module_preset=&#8221;default&#8221; global_colors_info=&#8221;{}&#8221;][et_pb_image src=&#8221;https:\/\/iai.pt\/web\/wp-content\/uploads\/2025\/03\/IMG_5018-min-scaled.jpg&#8221; title_text=&#8221;IMG_5018-min&#8221; _builder_version=&#8221;4.23.4&#8243; _module_preset=&#8221;default&#8221; global_colors_info=&#8221;{}&#8221;][\/et_pb_image][\/et_pb_column][\/et_pb_row][\/et_pb_section]<\/p>\n","protected":false},"excerpt":{"rendered":"<p>No passado dia 24 de fevereiro o Instituto Polit\u00e9cnico de Viana do Castelo esteve no audit\u00f3rio do IAI a apresentar os cursos de ensino superior polit\u00e9cnico das diferentes \u00e1reas a que est\u00e3o ligados. Para al\u00e9m dos nossos alunos terem tido oportunidade de conhecer os diferentes cursos desta oferta educativa polit\u00e9cnicas, visualizaram exemplos de trabalhos realizados [&hellip;]<\/p>\n","protected":false},"author":1,"featured_media":16243,"comment_status":"open","ping_status":"open","sticky":false,"template":"","format":"standard","meta":{"_et_pb_use_builder":"on","_et_pb_old_content":"","_et_gb_content_width":"","footnotes":"","_members_access_role":[],"_members_access_error":""},"categories":[60],"tags":[],"class_list":["post-16247","post","type-post","status-publish","format-standard","has-post-thumbnail","hentry","category-noticias"],"aioseo_notices":[],"aioseo_head":"\n\t\t<!-- All in One SEO 4.9.10 - aioseo.com -->\n\t<meta name=\"description\" content=\"No passado dia 24 de fevereiro o Instituto Polit\u00e9cnico de Viana do Castelo esteve no audit\u00f3rio do IAI a apresentar os cursos de ensino superior polit\u00e9cnico das diferentes \u00e1reas a que est\u00e3o ligados. Para al\u00e9m dos nossos alunos terem tido oportunidade de conhecer os diferentes cursos desta oferta educativa polit\u00e9cnicas, visualizaram exemplos de trabalhos realizados\" \/>\n\t<meta name=\"robots\" content=\"max-image-preview:large\" \/>\n\t<meta name=\"author\" content=\"admin\"\/>\n\t<link rel=\"canonical\" href=\"http:\/\/iai.pt\/web\/arquivos\/16247\" \/>\n\t<meta name=\"generator\" content=\"All in One SEO (AIOSEO) 4.9.10\" \/>\n\t\t<meta property=\"og:locale\" content=\"pt_PT\" \/>\n\t\t<meta property=\"og:site_name\" content=\"IAI - Escola Art\u00edstica\" \/>\n\t\t<meta property=\"og:type\" content=\"article\" \/>\n\t\t<meta property=\"og:title\" content=\"Sess\u00e3o de Apresenta\u00e7\u00e3o: Oferta Formativa IPVC - IAI\" \/>\n\t\t<meta property=\"og:description\" content=\"No passado dia 24 de fevereiro o Instituto Polit\u00e9cnico de Viana do Castelo esteve no audit\u00f3rio do IAI a apresentar os cursos de ensino superior polit\u00e9cnico das diferentes \u00e1reas a que est\u00e3o ligados. Para al\u00e9m dos nossos alunos terem tido oportunidade de conhecer os diferentes cursos desta oferta educativa polit\u00e9cnicas, visualizaram exemplos de trabalhos realizados\" \/>\n\t\t<meta property=\"og:url\" content=\"http:\/\/iai.pt\/web\/arquivos\/16247\" \/>\n\t\t<meta property=\"og:image\" content=\"http:\/\/iai.pt\/web\/wp-content\/uploads\/2023\/05\/seo-logo.png\" \/>\n\t\t<meta property=\"og:image:width\" content=\"105\" \/>\n\t\t<meta property=\"og:image:height\" content=\"112\" \/>\n\t\t<meta property=\"article:published_time\" content=\"2025-02-24T16:00:43+00:00\" \/>\n\t\t<meta property=\"article:modified_time\" content=\"2025-03-10T21:37:13+00:00\" \/>\n\t\t<meta property=\"article:publisher\" content=\"https:\/\/www.facebook.com\/instituto.das.artes.imagem\" \/>\n\t\t<meta name=\"twitter:card\" content=\"summary_large_image\" \/>\n\t\t<meta name=\"twitter:title\" content=\"Sess\u00e3o de Apresenta\u00e7\u00e3o: Oferta Formativa IPVC - IAI\" \/>\n\t\t<meta name=\"twitter:description\" content=\"No passado dia 24 de fevereiro o Instituto Polit\u00e9cnico de Viana do Castelo esteve no audit\u00f3rio do IAI a apresentar os cursos de ensino superior polit\u00e9cnico das diferentes \u00e1reas a que est\u00e3o ligados. Para al\u00e9m dos nossos alunos terem tido oportunidade de conhecer os diferentes cursos desta oferta educativa polit\u00e9cnicas, visualizaram exemplos de trabalhos realizados\" \/>\n\t\t<meta name=\"twitter:image\" content=\"http:\/\/iai.pt\/web\/wp-content\/uploads\/2023\/05\/seo-logo.png\" \/>\n\t\t<script type=\"application\/ld+json\" class=\"aioseo-schema\">\n\t\t\t{\"@context\":\"https:\\\/\\\/schema.org\",\"@graph\":[{\"@type\":\"BlogPosting\",\"@id\":\"http:\\\/\\\/iai.pt\\\/web\\\/arquivos\\\/16247#blogposting\",\"name\":\"Sess\\u00e3o de Apresenta\\u00e7\\u00e3o: Oferta Formativa IPVC - IAI\",\"headline\":\"Sess\\u00e3o de Apresenta\\u00e7\\u00e3o: Oferta Formativa IPVC\",\"author\":{\"@id\":\"http:\\\/\\\/iai.pt\\\/web\\\/arquivos\\\/author\\\/admin#author\"},\"publisher\":{\"@id\":\"http:\\\/\\\/iai.pt\\\/web\\\/#organization\"},\"image\":{\"@type\":\"ImageObject\",\"url\":\"http:\\\/\\\/iai.pt\\\/web\\\/wp-content\\\/uploads\\\/2025\\\/03\\\/IMG_5018-min-scaled.jpg\",\"width\":2560,\"height\":1920},\"datePublished\":\"2025-02-24T16:00:43+00:00\",\"dateModified\":\"2025-03-10T21:37:13+00:00\",\"inLanguage\":\"pt-PT\",\"mainEntityOfPage\":{\"@id\":\"http:\\\/\\\/iai.pt\\\/web\\\/arquivos\\\/16247#webpage\"},\"isPartOf\":{\"@id\":\"http:\\\/\\\/iai.pt\\\/web\\\/arquivos\\\/16247#webpage\"},\"articleSection\":\"Noticias\"},{\"@type\":\"BreadcrumbList\",\"@id\":\"http:\\\/\\\/iai.pt\\\/web\\\/arquivos\\\/16247#breadcrumblist\",\"itemListElement\":[{\"@type\":\"ListItem\",\"@id\":\"http:\\\/\\\/iai.pt\\\/web#listItem\",\"position\":1,\"name\":\"In\\u00edcio\",\"item\":\"http:\\\/\\\/iai.pt\\\/web\",\"nextItem\":{\"@type\":\"ListItem\",\"@id\":\"http:\\\/\\\/iai.pt\\\/web\\\/arquivos\\\/category\\\/noticias#listItem\",\"name\":\"Noticias\"}},{\"@type\":\"ListItem\",\"@id\":\"http:\\\/\\\/iai.pt\\\/web\\\/arquivos\\\/category\\\/noticias#listItem\",\"position\":2,\"name\":\"Noticias\",\"item\":\"http:\\\/\\\/iai.pt\\\/web\\\/arquivos\\\/category\\\/noticias\",\"nextItem\":{\"@type\":\"ListItem\",\"@id\":\"http:\\\/\\\/iai.pt\\\/web\\\/arquivos\\\/16247#listItem\",\"name\":\"Sess\\u00e3o de Apresenta\\u00e7\\u00e3o: Oferta Formativa IPVC\"},\"previousItem\":{\"@type\":\"ListItem\",\"@id\":\"http:\\\/\\\/iai.pt\\\/web#listItem\",\"name\":\"In\\u00edcio\"}},{\"@type\":\"ListItem\",\"@id\":\"http:\\\/\\\/iai.pt\\\/web\\\/arquivos\\\/16247#listItem\",\"position\":3,\"name\":\"Sess\\u00e3o de Apresenta\\u00e7\\u00e3o: Oferta Formativa IPVC\",\"previousItem\":{\"@type\":\"ListItem\",\"@id\":\"http:\\\/\\\/iai.pt\\\/web\\\/arquivos\\\/category\\\/noticias#listItem\",\"name\":\"Noticias\"}}]},{\"@type\":\"Organization\",\"@id\":\"http:\\\/\\\/iai.pt\\\/web\\\/#organization\",\"name\":\"Instituto das Artes e da Imagem\",\"description\":\"Escola Art\\u00edstica\",\"url\":\"http:\\\/\\\/iai.pt\\\/web\\\/\",\"telephone\":\"+351222000757\",\"logo\":{\"@type\":\"ImageObject\",\"url\":\"http:\\\/\\\/iai.pt\\\/web\\\/wp-content\\\/uploads\\\/2023\\\/05\\\/seo-logo.png\",\"@id\":\"http:\\\/\\\/iai.pt\\\/web\\\/arquivos\\\/16247\\\/#organizationLogo\",\"width\":105,\"height\":112},\"image\":{\"@id\":\"http:\\\/\\\/iai.pt\\\/web\\\/arquivos\\\/16247\\\/#organizationLogo\"},\"sameAs\":[\"https:\\\/\\\/www.facebook.com\\\/instituto.das.artes.imagem\",\"https:\\\/\\\/www.instagram.com\\\/iai_escola_de_artes\\\/\",\"https:\\\/\\\/www.youtube.com\\\/iaiwebmaster\"]},{\"@type\":\"Person\",\"@id\":\"http:\\\/\\\/iai.pt\\\/web\\\/arquivos\\\/author\\\/admin#author\",\"url\":\"http:\\\/\\\/iai.pt\\\/web\\\/arquivos\\\/author\\\/admin\",\"name\":\"admin\",\"image\":{\"@type\":\"ImageObject\",\"@id\":\"http:\\\/\\\/iai.pt\\\/web\\\/arquivos\\\/16247#authorImage\",\"url\":\"https:\\\/\\\/secure.gravatar.com\\\/avatar\\\/bad9c1ed8261989cbd54cb5e8fc92988405a8dc9925b0838cc9c034113770b1e?s=96&d=mm&r=g\",\"width\":96,\"height\":96,\"caption\":\"admin\"}},{\"@type\":\"WebPage\",\"@id\":\"http:\\\/\\\/iai.pt\\\/web\\\/arquivos\\\/16247#webpage\",\"url\":\"http:\\\/\\\/iai.pt\\\/web\\\/arquivos\\\/16247\",\"name\":\"Sess\\u00e3o de Apresenta\\u00e7\\u00e3o: Oferta Formativa IPVC - IAI\",\"description\":\"No passado dia 24 de fevereiro o Instituto Polit\\u00e9cnico de Viana do Castelo esteve no audit\\u00f3rio do IAI a apresentar os cursos de ensino superior polit\\u00e9cnico das diferentes \\u00e1reas a que est\\u00e3o ligados. Para al\\u00e9m dos nossos alunos terem tido oportunidade de conhecer os diferentes cursos desta oferta educativa polit\\u00e9cnicas, visualizaram exemplos de trabalhos realizados\",\"inLanguage\":\"pt-PT\",\"isPartOf\":{\"@id\":\"http:\\\/\\\/iai.pt\\\/web\\\/#website\"},\"breadcrumb\":{\"@id\":\"http:\\\/\\\/iai.pt\\\/web\\\/arquivos\\\/16247#breadcrumblist\"},\"author\":{\"@id\":\"http:\\\/\\\/iai.pt\\\/web\\\/arquivos\\\/author\\\/admin#author\"},\"creator\":{\"@id\":\"http:\\\/\\\/iai.pt\\\/web\\\/arquivos\\\/author\\\/admin#author\"},\"image\":{\"@type\":\"ImageObject\",\"url\":\"http:\\\/\\\/iai.pt\\\/web\\\/wp-content\\\/uploads\\\/2025\\\/03\\\/IMG_5018-min-scaled.jpg\",\"@id\":\"http:\\\/\\\/iai.pt\\\/web\\\/arquivos\\\/16247\\\/#mainImage\",\"width\":2560,\"height\":1920},\"primaryImageOfPage\":{\"@id\":\"http:\\\/\\\/iai.pt\\\/web\\\/arquivos\\\/16247#mainImage\"},\"datePublished\":\"2025-02-24T16:00:43+00:00\",\"dateModified\":\"2025-03-10T21:37:13+00:00\"},{\"@type\":\"WebSite\",\"@id\":\"http:\\\/\\\/iai.pt\\\/web\\\/#website\",\"url\":\"http:\\\/\\\/iai.pt\\\/web\\\/\",\"name\":\"IAI\",\"alternateName\":\"iai\",\"description\":\"Escola Art\\u00edstica\",\"inLanguage\":\"pt-PT\",\"publisher\":{\"@id\":\"http:\\\/\\\/iai.pt\\\/web\\\/#organization\"}}]}\n\t\t<\/script>\n\t\t<!-- All in One SEO -->\n\n","aioseo_head_json":{"title":"Sess\u00e3o de Apresenta\u00e7\u00e3o: Oferta Formativa IPVC - IAI","description":"No passado dia 24 de fevereiro o Instituto Polit\u00e9cnico de Viana do Castelo esteve no audit\u00f3rio do IAI a apresentar os cursos de ensino superior polit\u00e9cnico das diferentes \u00e1reas a que est\u00e3o ligados. Para al\u00e9m dos nossos alunos terem tido oportunidade de conhecer os diferentes cursos desta oferta educativa polit\u00e9cnicas, visualizaram exemplos de trabalhos realizados","canonical_url":"http:\/\/iai.pt\/web\/arquivos\/16247","robots":"max-image-preview:large","keywords":"","webmasterTools":{"miscellaneous":""},"schema":{"@context":"https:\/\/schema.org","@graph":[{"@type":"BlogPosting","@id":"http:\/\/iai.pt\/web\/arquivos\/16247#blogposting","name":"Sess\u00e3o de Apresenta\u00e7\u00e3o: Oferta Formativa IPVC - IAI","headline":"Sess\u00e3o de Apresenta\u00e7\u00e3o: Oferta Formativa IPVC","author":{"@id":"http:\/\/iai.pt\/web\/arquivos\/author\/admin#author"},"publisher":{"@id":"http:\/\/iai.pt\/web\/#organization"},"image":{"@type":"ImageObject","url":"http:\/\/iai.pt\/web\/wp-content\/uploads\/2025\/03\/IMG_5018-min-scaled.jpg","width":2560,"height":1920},"datePublished":"2025-02-24T16:00:43+00:00","dateModified":"2025-03-10T21:37:13+00:00","inLanguage":"pt-PT","mainEntityOfPage":{"@id":"http:\/\/iai.pt\/web\/arquivos\/16247#webpage"},"isPartOf":{"@id":"http:\/\/iai.pt\/web\/arquivos\/16247#webpage"},"articleSection":"Noticias"},{"@type":"BreadcrumbList","@id":"http:\/\/iai.pt\/web\/arquivos\/16247#breadcrumblist","itemListElement":[{"@type":"ListItem","@id":"http:\/\/iai.pt\/web#listItem","position":1,"name":"In\u00edcio","item":"http:\/\/iai.pt\/web","nextItem":{"@type":"ListItem","@id":"http:\/\/iai.pt\/web\/arquivos\/category\/noticias#listItem","name":"Noticias"}},{"@type":"ListItem","@id":"http:\/\/iai.pt\/web\/arquivos\/category\/noticias#listItem","position":2,"name":"Noticias","item":"http:\/\/iai.pt\/web\/arquivos\/category\/noticias","nextItem":{"@type":"ListItem","@id":"http:\/\/iai.pt\/web\/arquivos\/16247#listItem","name":"Sess\u00e3o de Apresenta\u00e7\u00e3o: Oferta Formativa IPVC"},"previousItem":{"@type":"ListItem","@id":"http:\/\/iai.pt\/web#listItem","name":"In\u00edcio"}},{"@type":"ListItem","@id":"http:\/\/iai.pt\/web\/arquivos\/16247#listItem","position":3,"name":"Sess\u00e3o de Apresenta\u00e7\u00e3o: Oferta Formativa IPVC","previousItem":{"@type":"ListItem","@id":"http:\/\/iai.pt\/web\/arquivos\/category\/noticias#listItem","name":"Noticias"}}]},{"@type":"Organization","@id":"http:\/\/iai.pt\/web\/#organization","name":"Instituto das Artes e da Imagem","description":"Escola Art\u00edstica","url":"http:\/\/iai.pt\/web\/","telephone":"+351222000757","logo":{"@type":"ImageObject","url":"http:\/\/iai.pt\/web\/wp-content\/uploads\/2023\/05\/seo-logo.png","@id":"http:\/\/iai.pt\/web\/arquivos\/16247\/#organizationLogo","width":105,"height":112},"image":{"@id":"http:\/\/iai.pt\/web\/arquivos\/16247\/#organizationLogo"},"sameAs":["https:\/\/www.facebook.com\/instituto.das.artes.imagem","https:\/\/www.instagram.com\/iai_escola_de_artes\/","https:\/\/www.youtube.com\/iaiwebmaster"]},{"@type":"Person","@id":"http:\/\/iai.pt\/web\/arquivos\/author\/admin#author","url":"http:\/\/iai.pt\/web\/arquivos\/author\/admin","name":"admin","image":{"@type":"ImageObject","@id":"http:\/\/iai.pt\/web\/arquivos\/16247#authorImage","url":"https:\/\/secure.gravatar.com\/avatar\/bad9c1ed8261989cbd54cb5e8fc92988405a8dc9925b0838cc9c034113770b1e?s=96&d=mm&r=g","width":96,"height":96,"caption":"admin"}},{"@type":"WebPage","@id":"http:\/\/iai.pt\/web\/arquivos\/16247#webpage","url":"http:\/\/iai.pt\/web\/arquivos\/16247","name":"Sess\u00e3o de Apresenta\u00e7\u00e3o: Oferta Formativa IPVC - IAI","description":"No passado dia 24 de fevereiro o Instituto Polit\u00e9cnico de Viana do Castelo esteve no audit\u00f3rio do IAI a apresentar os cursos de ensino superior polit\u00e9cnico das diferentes \u00e1reas a que est\u00e3o ligados. Para al\u00e9m dos nossos alunos terem tido oportunidade de conhecer os diferentes cursos desta oferta educativa polit\u00e9cnicas, visualizaram exemplos de trabalhos realizados","inLanguage":"pt-PT","isPartOf":{"@id":"http:\/\/iai.pt\/web\/#website"},"breadcrumb":{"@id":"http:\/\/iai.pt\/web\/arquivos\/16247#breadcrumblist"},"author":{"@id":"http:\/\/iai.pt\/web\/arquivos\/author\/admin#author"},"creator":{"@id":"http:\/\/iai.pt\/web\/arquivos\/author\/admin#author"},"image":{"@type":"ImageObject","url":"http:\/\/iai.pt\/web\/wp-content\/uploads\/2025\/03\/IMG_5018-min-scaled.jpg","@id":"http:\/\/iai.pt\/web\/arquivos\/16247\/#mainImage","width":2560,"height":1920},"primaryImageOfPage":{"@id":"http:\/\/iai.pt\/web\/arquivos\/16247#mainImage"},"datePublished":"2025-02-24T16:00:43+00:00","dateModified":"2025-03-10T21:37:13+00:00"},{"@type":"WebSite","@id":"http:\/\/iai.pt\/web\/#website","url":"http:\/\/iai.pt\/web\/","name":"IAI","alternateName":"iai","description":"Escola Art\u00edstica","inLanguage":"pt-PT","publisher":{"@id":"http:\/\/iai.pt\/web\/#organization"}}]},"og:locale":"pt_PT","og:site_name":"IAI - Escola Art\u00edstica","og:type":"article","og:title":"Sess\u00e3o de Apresenta\u00e7\u00e3o: Oferta Formativa IPVC - IAI","og:description":"No passado dia 24 de fevereiro o Instituto Polit\u00e9cnico de Viana do Castelo esteve no audit\u00f3rio do IAI a apresentar os cursos de ensino superior polit\u00e9cnico das diferentes \u00e1reas a que est\u00e3o ligados. Para al\u00e9m dos nossos alunos terem tido oportunidade de conhecer os diferentes cursos desta oferta educativa polit\u00e9cnicas, visualizaram exemplos de trabalhos realizados","og:url":"http:\/\/iai.pt\/web\/arquivos\/16247","og:image":"http:\/\/iai.pt\/web\/wp-content\/uploads\/2023\/05\/seo-logo.png","og:image:width":105,"og:image:height":112,"article:published_time":"2025-02-24T16:00:43+00:00","article:modified_time":"2025-03-10T21:37:13+00:00","article:publisher":"https:\/\/www.facebook.com\/instituto.das.artes.imagem","twitter:card":"summary_large_image","twitter:title":"Sess\u00e3o de Apresenta\u00e7\u00e3o: Oferta Formativa IPVC - IAI","twitter:description":"No passado dia 24 de fevereiro o Instituto Polit\u00e9cnico de Viana do Castelo esteve no audit\u00f3rio do IAI a apresentar os cursos de ensino superior polit\u00e9cnico das diferentes \u00e1reas a que est\u00e3o ligados. Para al\u00e9m dos nossos alunos terem tido oportunidade de conhecer os diferentes cursos desta oferta educativa polit\u00e9cnicas, visualizaram exemplos de trabalhos realizados","twitter:image":"http:\/\/iai.pt\/web\/wp-content\/uploads\/2023\/05\/seo-logo.png"},"aioseo_meta_data":{"post_id":"16247","title":null,"description":null,"keywords":[],"keyphrases":{"focus":{"keyphrase":"","score":0,"analysis":{"keyphraseInTitle":{"score":0,"maxScore":9,"error":1}}},"additional":[]},"primary_term":null,"canonical_url":null,"og_title":null,"og_description":null,"og_object_type":"default","og_image_type":"default","og_image_url":null,"og_image_width":null,"og_image_height":null,"og_image_custom_url":null,"og_image_custom_fields":null,"og_video":"","og_custom_url":null,"og_article_section":null,"og_article_tags":[],"twitter_use_og":false,"twitter_card":"default","twitter_image_type":"default","twitter_image_url":null,"twitter_image_custom_url":null,"twitter_image_custom_fields":null,"twitter_title":null,"twitter_description":null,"schema":{"blockGraphs":[],"customGraphs":[],"default":{"data":{"Article":[],"Course":[],"Dataset":[],"FAQPage":[],"Movie":[],"Person":[],"Product":[],"ProductReview":[],"Car":[],"Recipe":[],"Service":[],"SoftwareApplication":[],"WebPage":[]},"graphName":"BlogPosting","isEnabled":true},"graphs":[]},"schema_type":"default","schema_type_options":null,"pillar_content":false,"robots_default":true,"robots_noindex":false,"robots_noarchive":false,"robots_nosnippet":false,"robots_nofollow":false,"robots_noimageindex":false,"robots_noodp":false,"robots_notranslate":false,"robots_max_snippet":"-1","robots_max_videopreview":"-1","robots_max_imagepreview":"large","priority":null,"frequency":"default","local_seo":null,"breadcrumb_settings":null,"limit_modified_date":false,"ai":null,"created":"2025-03-02 16:01:31","updated":"2025-06-09 21:51:48","seo_analyzer_scan_date":null},"aioseo_breadcrumb":"<div class=\"aioseo-breadcrumbs\"><span class=\"aioseo-breadcrumb\">\n\t\t\t<a href=\"http:\/\/iai.pt\/web\" title=\"In\u00edcio\">In\u00edcio<\/a>\n\t\t<\/span><span class=\"aioseo-breadcrumb-separator\">\u00bb<\/span><span class=\"aioseo-breadcrumb\">\n\t\t\t<a href=\"http:\/\/iai.pt\/web\/arquivos\/category\/noticias\" title=\"Noticias\">Noticias<\/a>\n\t\t<\/span><span class=\"aioseo-breadcrumb-separator\">\u00bb<\/span><span class=\"aioseo-breadcrumb\">\n\t\t\tSess\u00e3o de Apresenta\u00e7\u00e3o: Oferta Formativa IPVC\n\t\t<\/span><\/div>","aioseo_breadcrumb_json":[{"label":"In\u00edcio","link":"http:\/\/iai.pt\/web"},{"label":"Noticias","link":"http:\/\/iai.pt\/web\/arquivos\/category\/noticias"},{"label":"Sess\u00e3o de Apresenta\u00e7\u00e3o: Oferta Formativa IPVC","link":"http:\/\/iai.pt\/web\/arquivos\/16247"}],"_links":{"self":[{"href":"http:\/\/iai.pt\/web\/wp-json\/wp\/v2\/posts\/16247","targetHints":{"allow":["GET"]}}],"collection":[{"href":"http:\/\/iai.pt\/web\/wp-json\/wp\/v2\/posts"}],"about":[{"href":"http:\/\/iai.pt\/web\/wp-json\/wp\/v2\/types\/post"}],"author":[{"embeddable":true,"href":"http:\/\/iai.pt\/web\/wp-json\/wp\/v2\/users\/1"}],"replies":[{"embeddable":true,"href":"http:\/\/iai.pt\/web\/wp-json\/wp\/v2\/comments?post=16247"}],"version-history":[{"count":1,"href":"http:\/\/iai.pt\/web\/wp-json\/wp\/v2\/posts\/16247\/revisions"}],"predecessor-version":[{"id":16248,"href":"http:\/\/iai.pt\/web\/wp-json\/wp\/v2\/posts\/16247\/revisions\/16248"}],"wp:featuredmedia":[{"embeddable":true,"href":"http:\/\/iai.pt\/web\/wp-json\/wp\/v2\/media\/16243"}],"wp:attachment":[{"href":"http:\/\/iai.pt\/web\/wp-json\/wp\/v2\/media?parent=16247"}],"wp:term":[{"taxonomy":"category","embeddable":true,"href":"http:\/\/iai.pt\/web\/wp-json\/wp\/v2\/categories?post=16247"},{"taxonomy":"post_tag","embeddable":true,"href":"http:\/\/iai.pt\/web\/wp-json\/wp\/v2\/tags?post=16247"}],"curies":[{"name":"wp","href":"https:\/\/api.w.org\/{rel}","templated":true}]}}