{"id":16250,"date":"2025-02-21T16:04:29","date_gmt":"2025-02-21T16:04:29","guid":{"rendered":"https:\/\/iai.pt\/web\/?p=16250"},"modified":"2025-03-02T16:06:22","modified_gmt":"2025-03-02T16:06:22","slug":"visita-de-estudo-a-lisboa-2","status":"publish","type":"post","link":"http:\/\/iai.pt\/web\/arquivos\/16250","title":{"rendered":"Visita de Estudo a Lisboa"},"content":{"rendered":"<p>[et_pb_section fb_built=&#8221;1&#8243; _builder_version=&#8221;4.23.4&#8243; _module_preset=&#8221;default&#8221; global_colors_info=&#8221;{}&#8221; theme_builder_area=&#8221;post_content&#8221;][et_pb_row _builder_version=&#8221;4.23.4&#8243; _module_preset=&#8221;default&#8221; global_colors_info=&#8221;{}&#8221; theme_builder_area=&#8221;post_content&#8221;][et_pb_column type=&#8221;4_4&#8243; _builder_version=&#8221;4.23.4&#8243; _module_preset=&#8221;default&#8221; global_colors_info=&#8221;{}&#8221; theme_builder_area=&#8221;post_content&#8221;][et_pb_text _builder_version=&#8221;4.23.4&#8243; _module_preset=&#8221;default&#8221; global_colors_info=&#8221;{}&#8221; theme_builder_area=&#8221;post_content&#8221;]<\/p>\n<div class=\"\" data-block=\"true\" data-editor=\"5g3e9\" data-offset-key=\"c03au-0-0\">\n<div data-offset-key=\"c03au-0-0\" class=\"_1mf _1mj\">\n<div class=\"\" data-block=\"true\" data-editor=\"60bkn\" data-offset-key=\"9j394-0-0\">\n<div data-offset-key=\"9j394-0-0\" class=\"_1mf _1mj\">\n<div class=\"\" data-block=\"true\" data-editor=\"80o6a\" data-offset-key=\"cm5cj-0-0\">\n<div data-offset-key=\"cm5cj-0-0\" class=\"_1mf _1mj\">\n<p><span style=\"font-weight: 400;\">Os alunos do 11.\u00ba e 12.\u00ba anos do Ensino Art\u00edstico Especializado, no fim de semana de 21 a 23 de fevereiro, visitaram a riqueza cultural e hist\u00f3rica da capital portuguesa. Durante estes tr\u00eas dias intensos, o grupo explorou alguns dos locais mais emblem\u00e1ticos da cidade, enriquecendo os seus conhecimentos art\u00edsticos e culturais. A visita iniciou-se com a visita \u00e0 Funda\u00e7\u00e3o Jos\u00e9 Saramago. Seguiu-se um percurso pela Baixa Lisboeta, passando pelo ic\u00f3nico Terreiro do Pa\u00e7o, Martinho da Arc\u00e1dia, Chiado, Casa do Alentejo, Esta\u00e7\u00e3o do Rossio, A Brasileira, bem como pelas hist\u00f3ricas Livrarias Bertrand e S\u00e1 da Costa. O segundo dia foi dedicado \u00e0 arte contempor\u00e2nea e \u00e0 arquitetura: Centro Cultural de Bel\u00e9m, Mosteiro dos Jer\u00f3nimos e o Padr\u00e3o dos Descobrimentos. A tarde culminou com uma visita ao MAAT (Museu de Arte, Arquitetura e Tecnologia)\u200b e o dia encerrou na vibrante LXFactory, um p\u00f3lo criativo de inova\u00e7\u00e3o e cultura urbana. Um dos pontos altos da visita foi o encontro com a ex-aluna e atual pintora Jo Seixas, que gentilmente abriu as portas do seu atelier e loja, partilhando a sua experi\u00eancia profissional e vis\u00e3o art\u00edstica. Este momento foi especialmente inspirador, demonstrando como a forma\u00e7\u00e3o art\u00edstica pode desdobrar-se em percursos profissionais criativos e de sucesso. No \u00faltimo dia, os alunos mergulharam na hist\u00f3ria da arte com uma visita ao Museu Calouste Gulbenkian, explorando um percurso que abrangeu desde a Arte Eg\u00edpcia at\u00e9 ao s\u00e9culo XIX, proporcionando um olhar abrangente sobre a evolu\u00e7\u00e3o das express\u00f5es art\u00edsticas. Na Funda\u00e7\u00e3o Calouste Gulbenkian, os alunos ficaram impressionados com a interven\u00e7\u00e3o arquitet\u00f3nica de Kengo Kuma, reconhecendo a harmoniosa fus\u00e3o entre tradi\u00e7\u00e3o e modernidade. Para os alunos do Ensino Art\u00edstico Especializado, esta viagem n\u00e3o s\u00f3 enriqueceu o seu conhecimento cultural e hist\u00f3rico como tamb\u00e9m fomentou a inspira\u00e7\u00e3o e a criatividade para futuros projetos art\u00edsticos.<\/span><\/p>\n<\/div>\n<\/div>\n<div class=\"\" data-block=\"true\" data-editor=\"80o6a\" data-offset-key=\"a17ru-0-0\"><\/div>\n<\/div>\n<\/div>\n<div class=\"\" data-block=\"true\" data-editor=\"60bkn\" data-offset-key=\"2khio-0-0\"><\/div>\n<div class=\"\" data-block=\"true\" data-editor=\"60bkn\" data-offset-key=\"1pga5-0-0\">\n<div data-offset-key=\"1pga5-0-0\" class=\"_1mf _1mj\"><\/div>\n<\/div>\n<div class=\"\" data-block=\"true\" data-editor=\"60bkn\" data-offset-key=\"bk6a7-0-0\"><\/div>\n<\/div>\n<\/div>\n<div class=\"\" data-block=\"true\" data-editor=\"5g3e9\" data-offset-key=\"8knvv-0-0\"><\/div>\n<p>[\/et_pb_text][\/et_pb_column][\/et_pb_row][et_pb_row _builder_version=&#8221;4.23.4&#8243; _module_preset=&#8221;default&#8221; global_colors_info=&#8221;{}&#8221; theme_builder_area=&#8221;post_content&#8221;][et_pb_column type=&#8221;4_4&#8243; _builder_version=&#8221;4.23.4&#8243; _module_preset=&#8221;default&#8221; global_colors_info=&#8221;{}&#8221; theme_builder_area=&#8221;post_content&#8221;][et_pb_image src=&#8221;http:\/\/iai.pt\/web\/wp-content\/uploads\/2025\/03\/WhatsApp-Image-2025-02-22-at-00.08.33-min.jpeg&#8221; title_text=&#8221;WhatsApp Image 2025-02-22 at 00.08.33-min&#8221; _builder_version=&#8221;4.23.4&#8243; _module_preset=&#8221;default&#8221; hover_enabled=&#8221;0&#8243; global_colors_info=&#8221;{}&#8221; theme_builder_area=&#8221;post_content&#8221; sticky_enabled=&#8221;0&#8243;][\/et_pb_image][\/et_pb_column][\/et_pb_row][\/et_pb_section]<\/p>\n","protected":false},"excerpt":{"rendered":"<p>Os alunos do 11.\u00ba e 12.\u00ba anos do Ensino Art\u00edstico Especializado, no fim de semana de 21 a 23 de fevereiro, visitaram a riqueza cultural e hist\u00f3rica da capital portuguesa. Durante estes tr\u00eas dias intensos, o grupo explorou alguns dos locais mais emblem\u00e1ticos da cidade, enriquecendo os seus conhecimentos art\u00edsticos e culturais. A visita iniciou-se [&hellip;]<\/p>\n","protected":false},"author":1,"featured_media":16244,"comment_status":"open","ping_status":"open","sticky":false,"template":"","format":"standard","meta":{"_et_pb_use_builder":"on","_et_pb_old_content":"","_et_gb_content_width":"","footnotes":"","_members_access_role":[],"_members_access_error":""},"categories":[60],"tags":[],"class_list":["post-16250","post","type-post","status-publish","format-standard","has-post-thumbnail","hentry","category-noticias"],"aioseo_notices":[],"aioseo_head":"\n\t\t<!-- All in One SEO 4.9.10 - aioseo.com -->\n\t<meta name=\"description\" content=\"Os alunos do 11.\u00ba e 12.\u00ba anos do Ensino Art\u00edstico Especializado, no fim de semana de 21 a 23 de fevereiro, visitaram a riqueza cultural e hist\u00f3rica da capital portuguesa. Durante estes tr\u00eas dias intensos, o grupo explorou alguns dos locais mais emblem\u00e1ticos da cidade, enriquecendo os seus conhecimentos art\u00edsticos e culturais. A visita iniciou-se\" \/>\n\t<meta name=\"robots\" content=\"max-image-preview:large\" \/>\n\t<meta name=\"author\" content=\"admin\"\/>\n\t<link rel=\"canonical\" href=\"http:\/\/iai.pt\/web\/arquivos\/16250\" \/>\n\t<meta name=\"generator\" content=\"All in One SEO (AIOSEO) 4.9.10\" \/>\n\t\t<meta property=\"og:locale\" content=\"pt_PT\" \/>\n\t\t<meta property=\"og:site_name\" content=\"IAI - Escola Art\u00edstica\" \/>\n\t\t<meta property=\"og:type\" content=\"article\" \/>\n\t\t<meta property=\"og:title\" content=\"Visita de Estudo a Lisboa - IAI\" \/>\n\t\t<meta property=\"og:description\" content=\"Os alunos do 11.\u00ba e 12.\u00ba anos do Ensino Art\u00edstico Especializado, no fim de semana de 21 a 23 de fevereiro, visitaram a riqueza cultural e hist\u00f3rica da capital portuguesa. Durante estes tr\u00eas dias intensos, o grupo explorou alguns dos locais mais emblem\u00e1ticos da cidade, enriquecendo os seus conhecimentos art\u00edsticos e culturais. A visita iniciou-se\" \/>\n\t\t<meta property=\"og:url\" content=\"http:\/\/iai.pt\/web\/arquivos\/16250\" \/>\n\t\t<meta property=\"og:image\" content=\"http:\/\/iai.pt\/web\/wp-content\/uploads\/2023\/05\/seo-logo.png\" \/>\n\t\t<meta property=\"og:image:width\" content=\"105\" \/>\n\t\t<meta property=\"og:image:height\" content=\"112\" \/>\n\t\t<meta property=\"article:published_time\" content=\"2025-02-21T16:04:29+00:00\" \/>\n\t\t<meta property=\"article:modified_time\" content=\"2025-03-02T16:06:22+00:00\" \/>\n\t\t<meta property=\"article:publisher\" content=\"https:\/\/www.facebook.com\/instituto.das.artes.imagem\" \/>\n\t\t<meta name=\"twitter:card\" content=\"summary_large_image\" \/>\n\t\t<meta name=\"twitter:title\" content=\"Visita de Estudo a Lisboa - IAI\" \/>\n\t\t<meta name=\"twitter:description\" content=\"Os alunos do 11.\u00ba e 12.\u00ba anos do Ensino Art\u00edstico Especializado, no fim de semana de 21 a 23 de fevereiro, visitaram a riqueza cultural e hist\u00f3rica da capital portuguesa. Durante estes tr\u00eas dias intensos, o grupo explorou alguns dos locais mais emblem\u00e1ticos da cidade, enriquecendo os seus conhecimentos art\u00edsticos e culturais. A visita iniciou-se\" \/>\n\t\t<meta name=\"twitter:image\" content=\"http:\/\/iai.pt\/web\/wp-content\/uploads\/2023\/05\/seo-logo.png\" \/>\n\t\t<script type=\"application\/ld+json\" class=\"aioseo-schema\">\n\t\t\t{\"@context\":\"https:\\\/\\\/schema.org\",\"@graph\":[{\"@type\":\"BlogPosting\",\"@id\":\"http:\\\/\\\/iai.pt\\\/web\\\/arquivos\\\/16250#blogposting\",\"name\":\"Visita de Estudo a Lisboa - IAI\",\"headline\":\"Visita de Estudo a Lisboa\",\"author\":{\"@id\":\"http:\\\/\\\/iai.pt\\\/web\\\/arquivos\\\/author\\\/admin#author\"},\"publisher\":{\"@id\":\"http:\\\/\\\/iai.pt\\\/web\\\/#organization\"},\"image\":{\"@type\":\"ImageObject\",\"url\":\"http:\\\/\\\/iai.pt\\\/web\\\/wp-content\\\/uploads\\\/2025\\\/03\\\/WhatsApp-Image-2025-02-22-at-00.08.33-min.jpeg\",\"width\":2048,\"height\":1536},\"datePublished\":\"2025-02-21T16:04:29+00:00\",\"dateModified\":\"2025-03-02T16:06:22+00:00\",\"inLanguage\":\"pt-PT\",\"mainEntityOfPage\":{\"@id\":\"http:\\\/\\\/iai.pt\\\/web\\\/arquivos\\\/16250#webpage\"},\"isPartOf\":{\"@id\":\"http:\\\/\\\/iai.pt\\\/web\\\/arquivos\\\/16250#webpage\"},\"articleSection\":\"Noticias\"},{\"@type\":\"BreadcrumbList\",\"@id\":\"http:\\\/\\\/iai.pt\\\/web\\\/arquivos\\\/16250#breadcrumblist\",\"itemListElement\":[{\"@type\":\"ListItem\",\"@id\":\"http:\\\/\\\/iai.pt\\\/web#listItem\",\"position\":1,\"name\":\"In\\u00edcio\",\"item\":\"http:\\\/\\\/iai.pt\\\/web\",\"nextItem\":{\"@type\":\"ListItem\",\"@id\":\"http:\\\/\\\/iai.pt\\\/web\\\/arquivos\\\/category\\\/noticias#listItem\",\"name\":\"Noticias\"}},{\"@type\":\"ListItem\",\"@id\":\"http:\\\/\\\/iai.pt\\\/web\\\/arquivos\\\/category\\\/noticias#listItem\",\"position\":2,\"name\":\"Noticias\",\"item\":\"http:\\\/\\\/iai.pt\\\/web\\\/arquivos\\\/category\\\/noticias\",\"nextItem\":{\"@type\":\"ListItem\",\"@id\":\"http:\\\/\\\/iai.pt\\\/web\\\/arquivos\\\/16250#listItem\",\"name\":\"Visita de Estudo a Lisboa\"},\"previousItem\":{\"@type\":\"ListItem\",\"@id\":\"http:\\\/\\\/iai.pt\\\/web#listItem\",\"name\":\"In\\u00edcio\"}},{\"@type\":\"ListItem\",\"@id\":\"http:\\\/\\\/iai.pt\\\/web\\\/arquivos\\\/16250#listItem\",\"position\":3,\"name\":\"Visita de Estudo a Lisboa\",\"previousItem\":{\"@type\":\"ListItem\",\"@id\":\"http:\\\/\\\/iai.pt\\\/web\\\/arquivos\\\/category\\\/noticias#listItem\",\"name\":\"Noticias\"}}]},{\"@type\":\"Organization\",\"@id\":\"http:\\\/\\\/iai.pt\\\/web\\\/#organization\",\"name\":\"Instituto das Artes e da Imagem\",\"description\":\"Escola Art\\u00edstica\",\"url\":\"http:\\\/\\\/iai.pt\\\/web\\\/\",\"telephone\":\"+351222000757\",\"logo\":{\"@type\":\"ImageObject\",\"url\":\"http:\\\/\\\/iai.pt\\\/web\\\/wp-content\\\/uploads\\\/2023\\\/05\\\/seo-logo.png\",\"@id\":\"http:\\\/\\\/iai.pt\\\/web\\\/arquivos\\\/16250\\\/#organizationLogo\",\"width\":105,\"height\":112},\"image\":{\"@id\":\"http:\\\/\\\/iai.pt\\\/web\\\/arquivos\\\/16250\\\/#organizationLogo\"},\"sameAs\":[\"https:\\\/\\\/www.facebook.com\\\/instituto.das.artes.imagem\",\"https:\\\/\\\/www.instagram.com\\\/iai_escola_de_artes\\\/\",\"https:\\\/\\\/www.youtube.com\\\/iaiwebmaster\"]},{\"@type\":\"Person\",\"@id\":\"http:\\\/\\\/iai.pt\\\/web\\\/arquivos\\\/author\\\/admin#author\",\"url\":\"http:\\\/\\\/iai.pt\\\/web\\\/arquivos\\\/author\\\/admin\",\"name\":\"admin\",\"image\":{\"@type\":\"ImageObject\",\"@id\":\"http:\\\/\\\/iai.pt\\\/web\\\/arquivos\\\/16250#authorImage\",\"url\":\"https:\\\/\\\/secure.gravatar.com\\\/avatar\\\/bad9c1ed8261989cbd54cb5e8fc92988405a8dc9925b0838cc9c034113770b1e?s=96&d=mm&r=g\",\"width\":96,\"height\":96,\"caption\":\"admin\"}},{\"@type\":\"WebPage\",\"@id\":\"http:\\\/\\\/iai.pt\\\/web\\\/arquivos\\\/16250#webpage\",\"url\":\"http:\\\/\\\/iai.pt\\\/web\\\/arquivos\\\/16250\",\"name\":\"Visita de Estudo a Lisboa - IAI\",\"description\":\"Os alunos do 11.\\u00ba e 12.\\u00ba anos do Ensino Art\\u00edstico Especializado, no fim de semana de 21 a 23 de fevereiro, visitaram a riqueza cultural e hist\\u00f3rica da capital portuguesa. Durante estes tr\\u00eas dias intensos, o grupo explorou alguns dos locais mais emblem\\u00e1ticos da cidade, enriquecendo os seus conhecimentos art\\u00edsticos e culturais. A visita iniciou-se\",\"inLanguage\":\"pt-PT\",\"isPartOf\":{\"@id\":\"http:\\\/\\\/iai.pt\\\/web\\\/#website\"},\"breadcrumb\":{\"@id\":\"http:\\\/\\\/iai.pt\\\/web\\\/arquivos\\\/16250#breadcrumblist\"},\"author\":{\"@id\":\"http:\\\/\\\/iai.pt\\\/web\\\/arquivos\\\/author\\\/admin#author\"},\"creator\":{\"@id\":\"http:\\\/\\\/iai.pt\\\/web\\\/arquivos\\\/author\\\/admin#author\"},\"image\":{\"@type\":\"ImageObject\",\"url\":\"http:\\\/\\\/iai.pt\\\/web\\\/wp-content\\\/uploads\\\/2025\\\/03\\\/WhatsApp-Image-2025-02-22-at-00.08.33-min.jpeg\",\"@id\":\"http:\\\/\\\/iai.pt\\\/web\\\/arquivos\\\/16250\\\/#mainImage\",\"width\":2048,\"height\":1536},\"primaryImageOfPage\":{\"@id\":\"http:\\\/\\\/iai.pt\\\/web\\\/arquivos\\\/16250#mainImage\"},\"datePublished\":\"2025-02-21T16:04:29+00:00\",\"dateModified\":\"2025-03-02T16:06:22+00:00\"},{\"@type\":\"WebSite\",\"@id\":\"http:\\\/\\\/iai.pt\\\/web\\\/#website\",\"url\":\"http:\\\/\\\/iai.pt\\\/web\\\/\",\"name\":\"IAI\",\"alternateName\":\"iai\",\"description\":\"Escola Art\\u00edstica\",\"inLanguage\":\"pt-PT\",\"publisher\":{\"@id\":\"http:\\\/\\\/iai.pt\\\/web\\\/#organization\"}}]}\n\t\t<\/script>\n\t\t<!-- All in One SEO -->\n\n","aioseo_head_json":{"title":"Visita de Estudo a Lisboa - IAI","description":"Os alunos do 11.\u00ba e 12.\u00ba anos do Ensino Art\u00edstico Especializado, no fim de semana de 21 a 23 de fevereiro, visitaram a riqueza cultural e hist\u00f3rica da capital portuguesa. Durante estes tr\u00eas dias intensos, o grupo explorou alguns dos locais mais emblem\u00e1ticos da cidade, enriquecendo os seus conhecimentos art\u00edsticos e culturais. A visita iniciou-se","canonical_url":"http:\/\/iai.pt\/web\/arquivos\/16250","robots":"max-image-preview:large","keywords":"","webmasterTools":{"miscellaneous":""},"schema":{"@context":"https:\/\/schema.org","@graph":[{"@type":"BlogPosting","@id":"http:\/\/iai.pt\/web\/arquivos\/16250#blogposting","name":"Visita de Estudo a Lisboa - IAI","headline":"Visita de Estudo a Lisboa","author":{"@id":"http:\/\/iai.pt\/web\/arquivos\/author\/admin#author"},"publisher":{"@id":"http:\/\/iai.pt\/web\/#organization"},"image":{"@type":"ImageObject","url":"http:\/\/iai.pt\/web\/wp-content\/uploads\/2025\/03\/WhatsApp-Image-2025-02-22-at-00.08.33-min.jpeg","width":2048,"height":1536},"datePublished":"2025-02-21T16:04:29+00:00","dateModified":"2025-03-02T16:06:22+00:00","inLanguage":"pt-PT","mainEntityOfPage":{"@id":"http:\/\/iai.pt\/web\/arquivos\/16250#webpage"},"isPartOf":{"@id":"http:\/\/iai.pt\/web\/arquivos\/16250#webpage"},"articleSection":"Noticias"},{"@type":"BreadcrumbList","@id":"http:\/\/iai.pt\/web\/arquivos\/16250#breadcrumblist","itemListElement":[{"@type":"ListItem","@id":"http:\/\/iai.pt\/web#listItem","position":1,"name":"In\u00edcio","item":"http:\/\/iai.pt\/web","nextItem":{"@type":"ListItem","@id":"http:\/\/iai.pt\/web\/arquivos\/category\/noticias#listItem","name":"Noticias"}},{"@type":"ListItem","@id":"http:\/\/iai.pt\/web\/arquivos\/category\/noticias#listItem","position":2,"name":"Noticias","item":"http:\/\/iai.pt\/web\/arquivos\/category\/noticias","nextItem":{"@type":"ListItem","@id":"http:\/\/iai.pt\/web\/arquivos\/16250#listItem","name":"Visita de Estudo a Lisboa"},"previousItem":{"@type":"ListItem","@id":"http:\/\/iai.pt\/web#listItem","name":"In\u00edcio"}},{"@type":"ListItem","@id":"http:\/\/iai.pt\/web\/arquivos\/16250#listItem","position":3,"name":"Visita de Estudo a Lisboa","previousItem":{"@type":"ListItem","@id":"http:\/\/iai.pt\/web\/arquivos\/category\/noticias#listItem","name":"Noticias"}}]},{"@type":"Organization","@id":"http:\/\/iai.pt\/web\/#organization","name":"Instituto das Artes e da Imagem","description":"Escola Art\u00edstica","url":"http:\/\/iai.pt\/web\/","telephone":"+351222000757","logo":{"@type":"ImageObject","url":"http:\/\/iai.pt\/web\/wp-content\/uploads\/2023\/05\/seo-logo.png","@id":"http:\/\/iai.pt\/web\/arquivos\/16250\/#organizationLogo","width":105,"height":112},"image":{"@id":"http:\/\/iai.pt\/web\/arquivos\/16250\/#organizationLogo"},"sameAs":["https:\/\/www.facebook.com\/instituto.das.artes.imagem","https:\/\/www.instagram.com\/iai_escola_de_artes\/","https:\/\/www.youtube.com\/iaiwebmaster"]},{"@type":"Person","@id":"http:\/\/iai.pt\/web\/arquivos\/author\/admin#author","url":"http:\/\/iai.pt\/web\/arquivos\/author\/admin","name":"admin","image":{"@type":"ImageObject","@id":"http:\/\/iai.pt\/web\/arquivos\/16250#authorImage","url":"https:\/\/secure.gravatar.com\/avatar\/bad9c1ed8261989cbd54cb5e8fc92988405a8dc9925b0838cc9c034113770b1e?s=96&d=mm&r=g","width":96,"height":96,"caption":"admin"}},{"@type":"WebPage","@id":"http:\/\/iai.pt\/web\/arquivos\/16250#webpage","url":"http:\/\/iai.pt\/web\/arquivos\/16250","name":"Visita de Estudo a Lisboa - IAI","description":"Os alunos do 11.\u00ba e 12.\u00ba anos do Ensino Art\u00edstico Especializado, no fim de semana de 21 a 23 de fevereiro, visitaram a riqueza cultural e hist\u00f3rica da capital portuguesa. Durante estes tr\u00eas dias intensos, o grupo explorou alguns dos locais mais emblem\u00e1ticos da cidade, enriquecendo os seus conhecimentos art\u00edsticos e culturais. A visita iniciou-se","inLanguage":"pt-PT","isPartOf":{"@id":"http:\/\/iai.pt\/web\/#website"},"breadcrumb":{"@id":"http:\/\/iai.pt\/web\/arquivos\/16250#breadcrumblist"},"author":{"@id":"http:\/\/iai.pt\/web\/arquivos\/author\/admin#author"},"creator":{"@id":"http:\/\/iai.pt\/web\/arquivos\/author\/admin#author"},"image":{"@type":"ImageObject","url":"http:\/\/iai.pt\/web\/wp-content\/uploads\/2025\/03\/WhatsApp-Image-2025-02-22-at-00.08.33-min.jpeg","@id":"http:\/\/iai.pt\/web\/arquivos\/16250\/#mainImage","width":2048,"height":1536},"primaryImageOfPage":{"@id":"http:\/\/iai.pt\/web\/arquivos\/16250#mainImage"},"datePublished":"2025-02-21T16:04:29+00:00","dateModified":"2025-03-02T16:06:22+00:00"},{"@type":"WebSite","@id":"http:\/\/iai.pt\/web\/#website","url":"http:\/\/iai.pt\/web\/","name":"IAI","alternateName":"iai","description":"Escola Art\u00edstica","inLanguage":"pt-PT","publisher":{"@id":"http:\/\/iai.pt\/web\/#organization"}}]},"og:locale":"pt_PT","og:site_name":"IAI - Escola Art\u00edstica","og:type":"article","og:title":"Visita de Estudo a Lisboa - IAI","og:description":"Os alunos do 11.\u00ba e 12.\u00ba anos do Ensino Art\u00edstico Especializado, no fim de semana de 21 a 23 de fevereiro, visitaram a riqueza cultural e hist\u00f3rica da capital portuguesa. Durante estes tr\u00eas dias intensos, o grupo explorou alguns dos locais mais emblem\u00e1ticos da cidade, enriquecendo os seus conhecimentos art\u00edsticos e culturais. A visita iniciou-se","og:url":"http:\/\/iai.pt\/web\/arquivos\/16250","og:image":"http:\/\/iai.pt\/web\/wp-content\/uploads\/2023\/05\/seo-logo.png","og:image:width":105,"og:image:height":112,"article:published_time":"2025-02-21T16:04:29+00:00","article:modified_time":"2025-03-02T16:06:22+00:00","article:publisher":"https:\/\/www.facebook.com\/instituto.das.artes.imagem","twitter:card":"summary_large_image","twitter:title":"Visita de Estudo a Lisboa - IAI","twitter:description":"Os alunos do 11.\u00ba e 12.\u00ba anos do Ensino Art\u00edstico Especializado, no fim de semana de 21 a 23 de fevereiro, visitaram a riqueza cultural e hist\u00f3rica da capital portuguesa. Durante estes tr\u00eas dias intensos, o grupo explorou alguns dos locais mais emblem\u00e1ticos da cidade, enriquecendo os seus conhecimentos art\u00edsticos e culturais. A visita iniciou-se","twitter:image":"http:\/\/iai.pt\/web\/wp-content\/uploads\/2023\/05\/seo-logo.png"},"aioseo_meta_data":{"post_id":"16250","title":null,"description":null,"keywords":[],"keyphrases":{"focus":{"keyphrase":"","score":0,"analysis":{"keyphraseInTitle":{"score":0,"maxScore":9,"error":1}}},"additional":[]},"primary_term":null,"canonical_url":null,"og_title":null,"og_description":null,"og_object_type":"default","og_image_type":"default","og_image_url":null,"og_image_width":null,"og_image_height":null,"og_image_custom_url":null,"og_image_custom_fields":null,"og_video":"","og_custom_url":null,"og_article_section":null,"og_article_tags":[],"twitter_use_og":false,"twitter_card":"default","twitter_image_type":"default","twitter_image_url":null,"twitter_image_custom_url":null,"twitter_image_custom_fields":null,"twitter_title":null,"twitter_description":null,"schema":{"blockGraphs":[],"customGraphs":[],"default":{"data":{"Article":[],"Course":[],"Dataset":[],"FAQPage":[],"Movie":[],"Person":[],"Product":[],"ProductReview":[],"Car":[],"Recipe":[],"Service":[],"SoftwareApplication":[],"WebPage":[]},"graphName":"BlogPosting","isEnabled":true},"graphs":[]},"schema_type":"default","schema_type_options":null,"pillar_content":false,"robots_default":true,"robots_noindex":false,"robots_noarchive":false,"robots_nosnippet":false,"robots_nofollow":false,"robots_noimageindex":false,"robots_noodp":false,"robots_notranslate":false,"robots_max_snippet":"-1","robots_max_videopreview":"-1","robots_max_imagepreview":"large","priority":null,"frequency":"default","local_seo":null,"breadcrumb_settings":null,"limit_modified_date":false,"ai":null,"created":"2025-03-02 16:05:21","updated":"2025-06-09 21:51:48","seo_analyzer_scan_date":null},"aioseo_breadcrumb":"<div class=\"aioseo-breadcrumbs\"><span class=\"aioseo-breadcrumb\">\n\t\t\t<a href=\"http:\/\/iai.pt\/web\" title=\"In\u00edcio\">In\u00edcio<\/a>\n\t\t<\/span><span class=\"aioseo-breadcrumb-separator\">\u00bb<\/span><span class=\"aioseo-breadcrumb\">\n\t\t\t<a href=\"http:\/\/iai.pt\/web\/arquivos\/category\/noticias\" title=\"Noticias\">Noticias<\/a>\n\t\t<\/span><span class=\"aioseo-breadcrumb-separator\">\u00bb<\/span><span class=\"aioseo-breadcrumb\">\n\t\t\tVisita de Estudo a Lisboa\n\t\t<\/span><\/div>","aioseo_breadcrumb_json":[{"label":"In\u00edcio","link":"http:\/\/iai.pt\/web"},{"label":"Noticias","link":"http:\/\/iai.pt\/web\/arquivos\/category\/noticias"},{"label":"Visita de Estudo a Lisboa","link":"http:\/\/iai.pt\/web\/arquivos\/16250"}],"_links":{"self":[{"href":"http:\/\/iai.pt\/web\/wp-json\/wp\/v2\/posts\/16250","targetHints":{"allow":["GET"]}}],"collection":[{"href":"http:\/\/iai.pt\/web\/wp-json\/wp\/v2\/posts"}],"about":[{"href":"http:\/\/iai.pt\/web\/wp-json\/wp\/v2\/types\/post"}],"author":[{"embeddable":true,"href":"http:\/\/iai.pt\/web\/wp-json\/wp\/v2\/users\/1"}],"replies":[{"embeddable":true,"href":"http:\/\/iai.pt\/web\/wp-json\/wp\/v2\/comments?post=16250"}],"version-history":[{"count":1,"href":"http:\/\/iai.pt\/web\/wp-json\/wp\/v2\/posts\/16250\/revisions"}],"predecessor-version":[{"id":16251,"href":"http:\/\/iai.pt\/web\/wp-json\/wp\/v2\/posts\/16250\/revisions\/16251"}],"wp:featuredmedia":[{"embeddable":true,"href":"http:\/\/iai.pt\/web\/wp-json\/wp\/v2\/media\/16244"}],"wp:attachment":[{"href":"http:\/\/iai.pt\/web\/wp-json\/wp\/v2\/media?parent=16250"}],"wp:term":[{"taxonomy":"category","embeddable":true,"href":"http:\/\/iai.pt\/web\/wp-json\/wp\/v2\/categories?post=16250"},{"taxonomy":"post_tag","embeddable":true,"href":"http:\/\/iai.pt\/web\/wp-json\/wp\/v2\/tags?post=16250"}],"curies":[{"name":"wp","href":"https:\/\/api.w.org\/{rel}","templated":true}]}}