{"id":16322,"date":"2025-03-19T10:32:07","date_gmt":"2025-03-19T10:32:07","guid":{"rendered":"https:\/\/iai.pt\/web\/?p=16322"},"modified":"2025-03-31T10:33:56","modified_gmt":"2025-03-31T09:33:56","slug":"visita-aos-estudios-da-rtp","status":"publish","type":"post","link":"http:\/\/iai.pt\/web\/arquivos\/16322","title":{"rendered":"Visita aos Est\u00fadios da RTP"},"content":{"rendered":"<p>[et_pb_section fb_built=&#8221;1&#8243; _builder_version=&#8221;4.23.4&#8243; _module_preset=&#8221;default&#8221; global_colors_info=&#8221;{}&#8221; theme_builder_area=&#8221;post_content&#8221;][et_pb_row _builder_version=&#8221;4.23.4&#8243; _module_preset=&#8221;default&#8221; global_colors_info=&#8221;{}&#8221; theme_builder_area=&#8221;post_content&#8221;][et_pb_column type=&#8221;4_4&#8243; _builder_version=&#8221;4.23.4&#8243; _module_preset=&#8221;default&#8221; global_colors_info=&#8221;{}&#8221; theme_builder_area=&#8221;post_content&#8221;][et_pb_text _builder_version=&#8221;4.23.4&#8243; _module_preset=&#8221;default&#8221; global_colors_info=&#8221;{}&#8221; theme_builder_area=&#8221;post_content&#8221;]<\/p>\n<div class=\"\" data-block=\"true\" data-editor=\"5g3e9\" data-offset-key=\"c03au-0-0\">\n<div data-offset-key=\"c03au-0-0\" class=\"_1mf _1mj\">\n<div class=\"\" data-block=\"true\" data-editor=\"60bkn\" data-offset-key=\"9j394-0-0\">\n<div data-offset-key=\"9j394-0-0\" class=\"_1mf _1mj\">\n<div class=\"\" data-block=\"true\" data-editor=\"80o6a\" data-offset-key=\"cm5cj-0-0\">\n<div data-offset-key=\"cm5cj-0-0\" class=\"_1mf _1mj\">\n<p><span style=\"font-weight: 400;\">No dia 19 de mar\u00e7o, os alunos do 11\u00ba ano do curso profissional de Design\/Comunica\u00e7\u00e3o e Servi\u00e7o Digital participaram numa visita guiada aos est\u00fadios da RTP. Durante a atividade, exploraram diversos espa\u00e7os de grava\u00e7\u00e3o, redac\u00e7\u00e3o, edi\u00e7\u00e3o de imagem e \u00e1udio, aprofundando o seu conhecimento sobre o funcionamento da emissora e refletindo sobre a import\u00e2ncia da comunica\u00e7\u00e3o na constru\u00e7\u00e3o do indiv\u00edduo, enquanto ferramenta essencial para a express\u00e3o, o pensamento cr\u00edtico e a participa\u00e7\u00e3o ativa na sociedade.<\/span><\/p>\n<p><span style=\"font-weight: 400;\">Um dos momentos mais marcantes foi a visita ao est\u00fadio onde decorria, em direto, o programa de informa\u00e7\u00e3o 3 \u00e0s 11. No final da visita, os alunos tiveram ainda a oportunidade de experimentar a cria\u00e7\u00e3o de um podcast.<\/span><\/p>\n<p><span style=\"font-weight: 400;\">A visita revelou-se uma experi\u00eancia extremamente enriquecedora, permitindo aos alunos um contacto direto com o ambiente profissional da comunica\u00e7\u00e3o e dos media.<\/span><\/p>\n<\/div>\n<\/div>\n<\/div>\n<\/div>\n<\/div>\n<\/div>\n<div class=\"\" data-block=\"true\" data-editor=\"5g3e9\" data-offset-key=\"8knvv-0-0\"><\/div>\n<p>[\/et_pb_text][\/et_pb_column][\/et_pb_row][et_pb_row _builder_version=&#8221;4.23.4&#8243; _module_preset=&#8221;default&#8221; global_colors_info=&#8221;{}&#8221; theme_builder_area=&#8221;post_content&#8221;][et_pb_column type=&#8221;4_4&#8243; _builder_version=&#8221;4.23.4&#8243; _module_preset=&#8221;default&#8221; global_colors_info=&#8221;{}&#8221; theme_builder_area=&#8221;post_content&#8221;][et_pb_image src=&#8221;http:\/\/iai.pt\/web\/wp-content\/uploads\/2025\/03\/20250319_114041-scaled.jpg&#8221; title_text=&#8221;20250319_114041&#8243; _builder_version=&#8221;4.23.4&#8243; _module_preset=&#8221;default&#8221; hover_enabled=&#8221;0&#8243; global_colors_info=&#8221;{}&#8221; theme_builder_area=&#8221;post_content&#8221; sticky_enabled=&#8221;0&#8243;][\/et_pb_image][\/et_pb_column][\/et_pb_row][\/et_pb_section]<\/p>\n","protected":false},"excerpt":{"rendered":"<p>No dia 19 de mar\u00e7o, os alunos do 11\u00ba ano do curso profissional de Design\/Comunica\u00e7\u00e3o e Servi\u00e7o Digital participaram numa visita guiada aos est\u00fadios da RTP. Durante a atividade, exploraram diversos espa\u00e7os de grava\u00e7\u00e3o, redac\u00e7\u00e3o, edi\u00e7\u00e3o de imagem e \u00e1udio, aprofundando o seu conhecimento sobre o funcionamento da emissora e refletindo sobre a import\u00e2ncia da [&hellip;]<\/p>\n","protected":false},"author":1,"featured_media":16321,"comment_status":"open","ping_status":"open","sticky":false,"template":"","format":"standard","meta":{"_et_pb_use_builder":"on","_et_pb_old_content":"","_et_gb_content_width":"","footnotes":"","_members_access_role":[],"_members_access_error":""},"categories":[60],"tags":[],"class_list":["post-16322","post","type-post","status-publish","format-standard","has-post-thumbnail","hentry","category-noticias"],"aioseo_notices":[],"aioseo_head":"\n\t\t<!-- All in One SEO 4.9.10 - aioseo.com -->\n\t<meta name=\"description\" content=\"No dia 19 de mar\u00e7o, os alunos do 11\u00ba ano do curso profissional de Design\/Comunica\u00e7\u00e3o e Servi\u00e7o Digital participaram numa visita guiada aos est\u00fadios da RTP. Durante a atividade, exploraram diversos espa\u00e7os de grava\u00e7\u00e3o, redac\u00e7\u00e3o, edi\u00e7\u00e3o de imagem e \u00e1udio, aprofundando o seu conhecimento sobre o funcionamento da emissora e refletindo sobre a import\u00e2ncia da\" \/>\n\t<meta name=\"robots\" content=\"max-image-preview:large\" \/>\n\t<meta name=\"author\" content=\"admin\"\/>\n\t<link rel=\"canonical\" href=\"http:\/\/iai.pt\/web\/arquivos\/16322\" \/>\n\t<meta name=\"generator\" content=\"All in One SEO (AIOSEO) 4.9.10\" \/>\n\t\t<meta property=\"og:locale\" content=\"pt_PT\" \/>\n\t\t<meta property=\"og:site_name\" content=\"IAI - Escola Art\u00edstica\" \/>\n\t\t<meta property=\"og:type\" content=\"article\" \/>\n\t\t<meta property=\"og:title\" content=\"Visita aos Est\u00fadios da RTP - IAI\" \/>\n\t\t<meta property=\"og:description\" content=\"No dia 19 de mar\u00e7o, os alunos do 11\u00ba ano do curso profissional de Design\/Comunica\u00e7\u00e3o e Servi\u00e7o Digital participaram numa visita guiada aos est\u00fadios da RTP. Durante a atividade, exploraram diversos espa\u00e7os de grava\u00e7\u00e3o, redac\u00e7\u00e3o, edi\u00e7\u00e3o de imagem e \u00e1udio, aprofundando o seu conhecimento sobre o funcionamento da emissora e refletindo sobre a import\u00e2ncia da\" \/>\n\t\t<meta property=\"og:url\" content=\"http:\/\/iai.pt\/web\/arquivos\/16322\" \/>\n\t\t<meta property=\"og:image\" content=\"http:\/\/iai.pt\/web\/wp-content\/uploads\/2023\/05\/seo-logo.png\" \/>\n\t\t<meta property=\"og:image:width\" content=\"105\" \/>\n\t\t<meta property=\"og:image:height\" content=\"112\" \/>\n\t\t<meta property=\"article:published_time\" content=\"2025-03-19T10:32:07+00:00\" \/>\n\t\t<meta property=\"article:modified_time\" content=\"2025-03-31T09:33:56+00:00\" \/>\n\t\t<meta property=\"article:publisher\" content=\"https:\/\/www.facebook.com\/instituto.das.artes.imagem\" \/>\n\t\t<meta name=\"twitter:card\" content=\"summary_large_image\" \/>\n\t\t<meta name=\"twitter:title\" content=\"Visita aos Est\u00fadios da RTP - IAI\" \/>\n\t\t<meta name=\"twitter:description\" content=\"No dia 19 de mar\u00e7o, os alunos do 11\u00ba ano do curso profissional de Design\/Comunica\u00e7\u00e3o e Servi\u00e7o Digital participaram numa visita guiada aos est\u00fadios da RTP. Durante a atividade, exploraram diversos espa\u00e7os de grava\u00e7\u00e3o, redac\u00e7\u00e3o, edi\u00e7\u00e3o de imagem e \u00e1udio, aprofundando o seu conhecimento sobre o funcionamento da emissora e refletindo sobre a import\u00e2ncia da\" \/>\n\t\t<meta name=\"twitter:image\" content=\"http:\/\/iai.pt\/web\/wp-content\/uploads\/2023\/05\/seo-logo.png\" \/>\n\t\t<script type=\"application\/ld+json\" class=\"aioseo-schema\">\n\t\t\t{\"@context\":\"https:\\\/\\\/schema.org\",\"@graph\":[{\"@type\":\"BlogPosting\",\"@id\":\"http:\\\/\\\/iai.pt\\\/web\\\/arquivos\\\/16322#blogposting\",\"name\":\"Visita aos Est\\u00fadios da RTP - IAI\",\"headline\":\"Visita aos Est\\u00fadios da RTP\",\"author\":{\"@id\":\"http:\\\/\\\/iai.pt\\\/web\\\/arquivos\\\/author\\\/admin#author\"},\"publisher\":{\"@id\":\"http:\\\/\\\/iai.pt\\\/web\\\/#organization\"},\"image\":{\"@type\":\"ImageObject\",\"url\":\"http:\\\/\\\/iai.pt\\\/web\\\/wp-content\\\/uploads\\\/2025\\\/03\\\/20250319_114041-scaled.jpg\",\"width\":2560,\"height\":1920},\"datePublished\":\"2025-03-19T10:32:07+00:00\",\"dateModified\":\"2025-03-31T10:33:56+01:00\",\"inLanguage\":\"pt-PT\",\"mainEntityOfPage\":{\"@id\":\"http:\\\/\\\/iai.pt\\\/web\\\/arquivos\\\/16322#webpage\"},\"isPartOf\":{\"@id\":\"http:\\\/\\\/iai.pt\\\/web\\\/arquivos\\\/16322#webpage\"},\"articleSection\":\"Noticias\"},{\"@type\":\"BreadcrumbList\",\"@id\":\"http:\\\/\\\/iai.pt\\\/web\\\/arquivos\\\/16322#breadcrumblist\",\"itemListElement\":[{\"@type\":\"ListItem\",\"@id\":\"http:\\\/\\\/iai.pt\\\/web#listItem\",\"position\":1,\"name\":\"In\\u00edcio\",\"item\":\"http:\\\/\\\/iai.pt\\\/web\",\"nextItem\":{\"@type\":\"ListItem\",\"@id\":\"http:\\\/\\\/iai.pt\\\/web\\\/arquivos\\\/category\\\/noticias#listItem\",\"name\":\"Noticias\"}},{\"@type\":\"ListItem\",\"@id\":\"http:\\\/\\\/iai.pt\\\/web\\\/arquivos\\\/category\\\/noticias#listItem\",\"position\":2,\"name\":\"Noticias\",\"item\":\"http:\\\/\\\/iai.pt\\\/web\\\/arquivos\\\/category\\\/noticias\",\"nextItem\":{\"@type\":\"ListItem\",\"@id\":\"http:\\\/\\\/iai.pt\\\/web\\\/arquivos\\\/16322#listItem\",\"name\":\"Visita aos Est\\u00fadios da RTP\"},\"previousItem\":{\"@type\":\"ListItem\",\"@id\":\"http:\\\/\\\/iai.pt\\\/web#listItem\",\"name\":\"In\\u00edcio\"}},{\"@type\":\"ListItem\",\"@id\":\"http:\\\/\\\/iai.pt\\\/web\\\/arquivos\\\/16322#listItem\",\"position\":3,\"name\":\"Visita aos Est\\u00fadios da RTP\",\"previousItem\":{\"@type\":\"ListItem\",\"@id\":\"http:\\\/\\\/iai.pt\\\/web\\\/arquivos\\\/category\\\/noticias#listItem\",\"name\":\"Noticias\"}}]},{\"@type\":\"Organization\",\"@id\":\"http:\\\/\\\/iai.pt\\\/web\\\/#organization\",\"name\":\"Instituto das Artes e da Imagem\",\"description\":\"Escola Art\\u00edstica\",\"url\":\"http:\\\/\\\/iai.pt\\\/web\\\/\",\"telephone\":\"+351222000757\",\"logo\":{\"@type\":\"ImageObject\",\"url\":\"http:\\\/\\\/iai.pt\\\/web\\\/wp-content\\\/uploads\\\/2023\\\/05\\\/seo-logo.png\",\"@id\":\"http:\\\/\\\/iai.pt\\\/web\\\/arquivos\\\/16322\\\/#organizationLogo\",\"width\":105,\"height\":112},\"image\":{\"@id\":\"http:\\\/\\\/iai.pt\\\/web\\\/arquivos\\\/16322\\\/#organizationLogo\"},\"sameAs\":[\"https:\\\/\\\/www.facebook.com\\\/instituto.das.artes.imagem\",\"https:\\\/\\\/www.instagram.com\\\/iai_escola_de_artes\\\/\",\"https:\\\/\\\/www.youtube.com\\\/iaiwebmaster\"]},{\"@type\":\"Person\",\"@id\":\"http:\\\/\\\/iai.pt\\\/web\\\/arquivos\\\/author\\\/admin#author\",\"url\":\"http:\\\/\\\/iai.pt\\\/web\\\/arquivos\\\/author\\\/admin\",\"name\":\"admin\",\"image\":{\"@type\":\"ImageObject\",\"@id\":\"http:\\\/\\\/iai.pt\\\/web\\\/arquivos\\\/16322#authorImage\",\"url\":\"https:\\\/\\\/secure.gravatar.com\\\/avatar\\\/bad9c1ed8261989cbd54cb5e8fc92988405a8dc9925b0838cc9c034113770b1e?s=96&d=mm&r=g\",\"width\":96,\"height\":96,\"caption\":\"admin\"}},{\"@type\":\"WebPage\",\"@id\":\"http:\\\/\\\/iai.pt\\\/web\\\/arquivos\\\/16322#webpage\",\"url\":\"http:\\\/\\\/iai.pt\\\/web\\\/arquivos\\\/16322\",\"name\":\"Visita aos Est\\u00fadios da RTP - IAI\",\"description\":\"No dia 19 de mar\\u00e7o, os alunos do 11\\u00ba ano do curso profissional de Design\\\/Comunica\\u00e7\\u00e3o e Servi\\u00e7o Digital participaram numa visita guiada aos est\\u00fadios da RTP. Durante a atividade, exploraram diversos espa\\u00e7os de grava\\u00e7\\u00e3o, redac\\u00e7\\u00e3o, edi\\u00e7\\u00e3o de imagem e \\u00e1udio, aprofundando o seu conhecimento sobre o funcionamento da emissora e refletindo sobre a import\\u00e2ncia da\",\"inLanguage\":\"pt-PT\",\"isPartOf\":{\"@id\":\"http:\\\/\\\/iai.pt\\\/web\\\/#website\"},\"breadcrumb\":{\"@id\":\"http:\\\/\\\/iai.pt\\\/web\\\/arquivos\\\/16322#breadcrumblist\"},\"author\":{\"@id\":\"http:\\\/\\\/iai.pt\\\/web\\\/arquivos\\\/author\\\/admin#author\"},\"creator\":{\"@id\":\"http:\\\/\\\/iai.pt\\\/web\\\/arquivos\\\/author\\\/admin#author\"},\"image\":{\"@type\":\"ImageObject\",\"url\":\"http:\\\/\\\/iai.pt\\\/web\\\/wp-content\\\/uploads\\\/2025\\\/03\\\/20250319_114041-scaled.jpg\",\"@id\":\"http:\\\/\\\/iai.pt\\\/web\\\/arquivos\\\/16322\\\/#mainImage\",\"width\":2560,\"height\":1920},\"primaryImageOfPage\":{\"@id\":\"http:\\\/\\\/iai.pt\\\/web\\\/arquivos\\\/16322#mainImage\"},\"datePublished\":\"2025-03-19T10:32:07+00:00\",\"dateModified\":\"2025-03-31T10:33:56+01:00\"},{\"@type\":\"WebSite\",\"@id\":\"http:\\\/\\\/iai.pt\\\/web\\\/#website\",\"url\":\"http:\\\/\\\/iai.pt\\\/web\\\/\",\"name\":\"IAI\",\"alternateName\":\"iai\",\"description\":\"Escola Art\\u00edstica\",\"inLanguage\":\"pt-PT\",\"publisher\":{\"@id\":\"http:\\\/\\\/iai.pt\\\/web\\\/#organization\"}}]}\n\t\t<\/script>\n\t\t<!-- All in One SEO -->\n\n","aioseo_head_json":{"title":"Visita aos Est\u00fadios da RTP - IAI","description":"No dia 19 de mar\u00e7o, os alunos do 11\u00ba ano do curso profissional de Design\/Comunica\u00e7\u00e3o e Servi\u00e7o Digital participaram numa visita guiada aos est\u00fadios da RTP. Durante a atividade, exploraram diversos espa\u00e7os de grava\u00e7\u00e3o, redac\u00e7\u00e3o, edi\u00e7\u00e3o de imagem e \u00e1udio, aprofundando o seu conhecimento sobre o funcionamento da emissora e refletindo sobre a import\u00e2ncia da","canonical_url":"http:\/\/iai.pt\/web\/arquivos\/16322","robots":"max-image-preview:large","keywords":"","webmasterTools":{"miscellaneous":""},"schema":{"@context":"https:\/\/schema.org","@graph":[{"@type":"BlogPosting","@id":"http:\/\/iai.pt\/web\/arquivos\/16322#blogposting","name":"Visita aos Est\u00fadios da RTP - IAI","headline":"Visita aos Est\u00fadios da RTP","author":{"@id":"http:\/\/iai.pt\/web\/arquivos\/author\/admin#author"},"publisher":{"@id":"http:\/\/iai.pt\/web\/#organization"},"image":{"@type":"ImageObject","url":"http:\/\/iai.pt\/web\/wp-content\/uploads\/2025\/03\/20250319_114041-scaled.jpg","width":2560,"height":1920},"datePublished":"2025-03-19T10:32:07+00:00","dateModified":"2025-03-31T10:33:56+01:00","inLanguage":"pt-PT","mainEntityOfPage":{"@id":"http:\/\/iai.pt\/web\/arquivos\/16322#webpage"},"isPartOf":{"@id":"http:\/\/iai.pt\/web\/arquivos\/16322#webpage"},"articleSection":"Noticias"},{"@type":"BreadcrumbList","@id":"http:\/\/iai.pt\/web\/arquivos\/16322#breadcrumblist","itemListElement":[{"@type":"ListItem","@id":"http:\/\/iai.pt\/web#listItem","position":1,"name":"In\u00edcio","item":"http:\/\/iai.pt\/web","nextItem":{"@type":"ListItem","@id":"http:\/\/iai.pt\/web\/arquivos\/category\/noticias#listItem","name":"Noticias"}},{"@type":"ListItem","@id":"http:\/\/iai.pt\/web\/arquivos\/category\/noticias#listItem","position":2,"name":"Noticias","item":"http:\/\/iai.pt\/web\/arquivos\/category\/noticias","nextItem":{"@type":"ListItem","@id":"http:\/\/iai.pt\/web\/arquivos\/16322#listItem","name":"Visita aos Est\u00fadios da RTP"},"previousItem":{"@type":"ListItem","@id":"http:\/\/iai.pt\/web#listItem","name":"In\u00edcio"}},{"@type":"ListItem","@id":"http:\/\/iai.pt\/web\/arquivos\/16322#listItem","position":3,"name":"Visita aos Est\u00fadios da RTP","previousItem":{"@type":"ListItem","@id":"http:\/\/iai.pt\/web\/arquivos\/category\/noticias#listItem","name":"Noticias"}}]},{"@type":"Organization","@id":"http:\/\/iai.pt\/web\/#organization","name":"Instituto das Artes e da Imagem","description":"Escola Art\u00edstica","url":"http:\/\/iai.pt\/web\/","telephone":"+351222000757","logo":{"@type":"ImageObject","url":"http:\/\/iai.pt\/web\/wp-content\/uploads\/2023\/05\/seo-logo.png","@id":"http:\/\/iai.pt\/web\/arquivos\/16322\/#organizationLogo","width":105,"height":112},"image":{"@id":"http:\/\/iai.pt\/web\/arquivos\/16322\/#organizationLogo"},"sameAs":["https:\/\/www.facebook.com\/instituto.das.artes.imagem","https:\/\/www.instagram.com\/iai_escola_de_artes\/","https:\/\/www.youtube.com\/iaiwebmaster"]},{"@type":"Person","@id":"http:\/\/iai.pt\/web\/arquivos\/author\/admin#author","url":"http:\/\/iai.pt\/web\/arquivos\/author\/admin","name":"admin","image":{"@type":"ImageObject","@id":"http:\/\/iai.pt\/web\/arquivos\/16322#authorImage","url":"https:\/\/secure.gravatar.com\/avatar\/bad9c1ed8261989cbd54cb5e8fc92988405a8dc9925b0838cc9c034113770b1e?s=96&d=mm&r=g","width":96,"height":96,"caption":"admin"}},{"@type":"WebPage","@id":"http:\/\/iai.pt\/web\/arquivos\/16322#webpage","url":"http:\/\/iai.pt\/web\/arquivos\/16322","name":"Visita aos Est\u00fadios da RTP - IAI","description":"No dia 19 de mar\u00e7o, os alunos do 11\u00ba ano do curso profissional de Design\/Comunica\u00e7\u00e3o e Servi\u00e7o Digital participaram numa visita guiada aos est\u00fadios da RTP. Durante a atividade, exploraram diversos espa\u00e7os de grava\u00e7\u00e3o, redac\u00e7\u00e3o, edi\u00e7\u00e3o de imagem e \u00e1udio, aprofundando o seu conhecimento sobre o funcionamento da emissora e refletindo sobre a import\u00e2ncia da","inLanguage":"pt-PT","isPartOf":{"@id":"http:\/\/iai.pt\/web\/#website"},"breadcrumb":{"@id":"http:\/\/iai.pt\/web\/arquivos\/16322#breadcrumblist"},"author":{"@id":"http:\/\/iai.pt\/web\/arquivos\/author\/admin#author"},"creator":{"@id":"http:\/\/iai.pt\/web\/arquivos\/author\/admin#author"},"image":{"@type":"ImageObject","url":"http:\/\/iai.pt\/web\/wp-content\/uploads\/2025\/03\/20250319_114041-scaled.jpg","@id":"http:\/\/iai.pt\/web\/arquivos\/16322\/#mainImage","width":2560,"height":1920},"primaryImageOfPage":{"@id":"http:\/\/iai.pt\/web\/arquivos\/16322#mainImage"},"datePublished":"2025-03-19T10:32:07+00:00","dateModified":"2025-03-31T10:33:56+01:00"},{"@type":"WebSite","@id":"http:\/\/iai.pt\/web\/#website","url":"http:\/\/iai.pt\/web\/","name":"IAI","alternateName":"iai","description":"Escola Art\u00edstica","inLanguage":"pt-PT","publisher":{"@id":"http:\/\/iai.pt\/web\/#organization"}}]},"og:locale":"pt_PT","og:site_name":"IAI - Escola Art\u00edstica","og:type":"article","og:title":"Visita aos Est\u00fadios da RTP - IAI","og:description":"No dia 19 de mar\u00e7o, os alunos do 11\u00ba ano do curso profissional de Design\/Comunica\u00e7\u00e3o e Servi\u00e7o Digital participaram numa visita guiada aos est\u00fadios da RTP. Durante a atividade, exploraram diversos espa\u00e7os de grava\u00e7\u00e3o, redac\u00e7\u00e3o, edi\u00e7\u00e3o de imagem e \u00e1udio, aprofundando o seu conhecimento sobre o funcionamento da emissora e refletindo sobre a import\u00e2ncia da","og:url":"http:\/\/iai.pt\/web\/arquivos\/16322","og:image":"http:\/\/iai.pt\/web\/wp-content\/uploads\/2023\/05\/seo-logo.png","og:image:width":105,"og:image:height":112,"article:published_time":"2025-03-19T10:32:07+00:00","article:modified_time":"2025-03-31T09:33:56+00:00","article:publisher":"https:\/\/www.facebook.com\/instituto.das.artes.imagem","twitter:card":"summary_large_image","twitter:title":"Visita aos Est\u00fadios da RTP - IAI","twitter:description":"No dia 19 de mar\u00e7o, os alunos do 11\u00ba ano do curso profissional de Design\/Comunica\u00e7\u00e3o e Servi\u00e7o Digital participaram numa visita guiada aos est\u00fadios da RTP. Durante a atividade, exploraram diversos espa\u00e7os de grava\u00e7\u00e3o, redac\u00e7\u00e3o, edi\u00e7\u00e3o de imagem e \u00e1udio, aprofundando o seu conhecimento sobre o funcionamento da emissora e refletindo sobre a import\u00e2ncia da","twitter:image":"http:\/\/iai.pt\/web\/wp-content\/uploads\/2023\/05\/seo-logo.png"},"aioseo_meta_data":{"post_id":"16322","title":null,"description":null,"keywords":[],"keyphrases":{"focus":{"keyphrase":"","score":0,"analysis":{"keyphraseInTitle":{"score":0,"maxScore":9,"error":1}}},"additional":[]},"primary_term":null,"canonical_url":null,"og_title":null,"og_description":null,"og_object_type":"default","og_image_type":"default","og_image_url":null,"og_image_width":null,"og_image_height":null,"og_image_custom_url":null,"og_image_custom_fields":null,"og_video":"","og_custom_url":null,"og_article_section":null,"og_article_tags":[],"twitter_use_og":false,"twitter_card":"default","twitter_image_type":"default","twitter_image_url":null,"twitter_image_custom_url":null,"twitter_image_custom_fields":null,"twitter_title":null,"twitter_description":null,"schema":{"blockGraphs":[],"customGraphs":[],"default":{"data":{"Article":[],"Course":[],"Dataset":[],"FAQPage":[],"Movie":[],"Person":[],"Product":[],"ProductReview":[],"Car":[],"Recipe":[],"Service":[],"SoftwareApplication":[],"WebPage":[]},"graphName":"BlogPosting","isEnabled":true},"graphs":[]},"schema_type":"default","schema_type_options":null,"pillar_content":false,"robots_default":true,"robots_noindex":false,"robots_noarchive":false,"robots_nosnippet":false,"robots_nofollow":false,"robots_noimageindex":false,"robots_noodp":false,"robots_notranslate":false,"robots_max_snippet":"-1","robots_max_videopreview":"-1","robots_max_imagepreview":"large","priority":null,"frequency":"default","local_seo":null,"breadcrumb_settings":null,"limit_modified_date":false,"ai":null,"created":"2025-03-31 09:32:50","updated":"2025-06-09 21:57:11","seo_analyzer_scan_date":null},"aioseo_breadcrumb":"<div class=\"aioseo-breadcrumbs\"><span class=\"aioseo-breadcrumb\">\n\t\t\t<a href=\"http:\/\/iai.pt\/web\" title=\"In\u00edcio\">In\u00edcio<\/a>\n\t\t<\/span><span class=\"aioseo-breadcrumb-separator\">\u00bb<\/span><span class=\"aioseo-breadcrumb\">\n\t\t\t<a href=\"http:\/\/iai.pt\/web\/arquivos\/category\/noticias\" title=\"Noticias\">Noticias<\/a>\n\t\t<\/span><span class=\"aioseo-breadcrumb-separator\">\u00bb<\/span><span class=\"aioseo-breadcrumb\">\n\t\t\tVisita aos Est\u00fadios da RTP\n\t\t<\/span><\/div>","aioseo_breadcrumb_json":[{"label":"In\u00edcio","link":"http:\/\/iai.pt\/web"},{"label":"Noticias","link":"http:\/\/iai.pt\/web\/arquivos\/category\/noticias"},{"label":"Visita aos Est\u00fadios da RTP","link":"http:\/\/iai.pt\/web\/arquivos\/16322"}],"_links":{"self":[{"href":"http:\/\/iai.pt\/web\/wp-json\/wp\/v2\/posts\/16322","targetHints":{"allow":["GET"]}}],"collection":[{"href":"http:\/\/iai.pt\/web\/wp-json\/wp\/v2\/posts"}],"about":[{"href":"http:\/\/iai.pt\/web\/wp-json\/wp\/v2\/types\/post"}],"author":[{"embeddable":true,"href":"http:\/\/iai.pt\/web\/wp-json\/wp\/v2\/users\/1"}],"replies":[{"embeddable":true,"href":"http:\/\/iai.pt\/web\/wp-json\/wp\/v2\/comments?post=16322"}],"version-history":[{"count":1,"href":"http:\/\/iai.pt\/web\/wp-json\/wp\/v2\/posts\/16322\/revisions"}],"predecessor-version":[{"id":16323,"href":"http:\/\/iai.pt\/web\/wp-json\/wp\/v2\/posts\/16322\/revisions\/16323"}],"wp:featuredmedia":[{"embeddable":true,"href":"http:\/\/iai.pt\/web\/wp-json\/wp\/v2\/media\/16321"}],"wp:attachment":[{"href":"http:\/\/iai.pt\/web\/wp-json\/wp\/v2\/media?parent=16322"}],"wp:term":[{"taxonomy":"category","embeddable":true,"href":"http:\/\/iai.pt\/web\/wp-json\/wp\/v2\/categories?post=16322"},{"taxonomy":"post_tag","embeddable":true,"href":"http:\/\/iai.pt\/web\/wp-json\/wp\/v2\/tags?post=16322"}],"curies":[{"name":"wp","href":"https:\/\/api.w.org\/{rel}","templated":true}]}}