{"id":16336,"date":"2025-03-21T12:45:58","date_gmt":"2025-03-21T12:45:58","guid":{"rendered":"https:\/\/iai.pt\/web\/?p=16336"},"modified":"2025-04-02T12:48:43","modified_gmt":"2025-04-02T11:48:43","slug":"dia-mundial-da-poesia-iniciativa-da-unesco","status":"publish","type":"post","link":"http:\/\/iai.pt\/web\/arquivos\/16336","title":{"rendered":"Dia Mundial da Poesia \u2014\u00a0Iniciativa da UNESCO"},"content":{"rendered":"<p>[et_pb_section fb_built=&#8221;1&#8243; _builder_version=&#8221;4.23.4&#8243; _module_preset=&#8221;default&#8221; global_colors_info=&#8221;{}&#8221; theme_builder_area=&#8221;post_content&#8221;][et_pb_row _builder_version=&#8221;4.23.4&#8243; _module_preset=&#8221;default&#8221; global_colors_info=&#8221;{}&#8221; theme_builder_area=&#8221;post_content&#8221;][et_pb_column type=&#8221;4_4&#8243; _builder_version=&#8221;4.23.4&#8243; _module_preset=&#8221;default&#8221; global_colors_info=&#8221;{}&#8221; theme_builder_area=&#8221;post_content&#8221;][et_pb_text _builder_version=&#8221;4.23.4&#8243; _module_preset=&#8221;default&#8221; global_colors_info=&#8221;{}&#8221; theme_builder_area=&#8221;post_content&#8221;]<\/p>\n<div class=\"\" data-block=\"true\" data-editor=\"5g3e9\" data-offset-key=\"c03au-0-0\">\n<div data-offset-key=\"c03au-0-0\" class=\"_1mf _1mj\">\n<div class=\"\" data-block=\"true\" data-editor=\"60bkn\" data-offset-key=\"9j394-0-0\">\n<div data-offset-key=\"9j394-0-0\" class=\"_1mf _1mj\">\n<div class=\"\" data-block=\"true\" data-editor=\"80o6a\" data-offset-key=\"cm5cj-0-0\">\n<div data-offset-key=\"cm5cj-0-0\" class=\"_1mf _1mj\">\n<div class=\"\" data-block=\"true\" data-editor=\"bsj1l\" data-offset-key=\"fgbe4-0-0\">\n<div data-offset-key=\"fgbe4-0-0\" class=\"_1mf _1mj\"><span data-offset-key=\"fgbe4-0-0\">No dia 21 de mar\u00e7o, o IAI celebrou o Dia Mundial da Poesia, e em parceria com a UNESCO, levou a cabo a actividade \u201cGift a poem\u201d, que pretende destacar a import\u00e2ncia da oferta de poesia enquanto express\u00e3o de empatia para com o outro.<\/span><\/div>\n<\/div>\n<div class=\"\" data-block=\"true\" data-editor=\"bsj1l\" data-offset-key=\"a0k5j-0-0\">\n<div data-offset-key=\"a0k5j-0-0\" class=\"_1mf _1mj\"><span data-offset-key=\"a0k5j-0-0\">Assim, promoveu-se uma troca entre todos de poemas da autoria dos alunos, incentivando \u00e0 partilha de emo\u00e7\u00f5es, ideias e sensibilidades atrav\u00e9s da palavra escrita. Houve ainda um momento de \u201cleitura a v\u00e1rias vozes e idiomas\u201d, em que alunos das diferentes nacionalidades da escola, leram em voz alta na sua l\u00edngua, refletindo a riqueza cultural e lingu\u00edstica da comunidade escolar. Neste dia foram tamb\u00e9m distribu\u00eddos crach\u00e1s elaborados pelos alunos em comemora\u00e7\u00e3o dos afetos e valores, como sejam o amor e a amizade, toler\u00e2ncia e solidariedade, a liberdade e o respeito que tantas vezes servem de inspira\u00e7\u00e3o \u00e0 poesia e que s\u00e3o t\u00e3o f\u00e1ceis de dar. Em suma, foi um momento de inspira\u00e7\u00e3o e criatividade, onde a poesia uniu vozes e cora\u00e7\u00f5es.<\/span><\/div>\n<\/div>\n<\/div>\n<\/div>\n<\/div>\n<\/div>\n<\/div>\n<\/div>\n<div class=\"\" data-block=\"true\" data-editor=\"5g3e9\" data-offset-key=\"8knvv-0-0\"><\/div>\n<p>[\/et_pb_text][\/et_pb_column][\/et_pb_row][et_pb_row _builder_version=&#8221;4.23.4&#8243; _module_preset=&#8221;default&#8221; global_colors_info=&#8221;{}&#8221; theme_builder_area=&#8221;post_content&#8221;][et_pb_column type=&#8221;4_4&#8243; _builder_version=&#8221;4.23.4&#8243; _module_preset=&#8221;default&#8221; global_colors_info=&#8221;{}&#8221; theme_builder_area=&#8221;post_content&#8221;][et_pb_image src=&#8221;http:\/\/iai.pt\/web\/wp-content\/uploads\/2025\/04\/IMG_5625-min-scaled.jpg&#8221; title_text=&#8221;IMG_5625-min&#8221; _builder_version=&#8221;4.23.4&#8243; _module_preset=&#8221;default&#8221; hover_enabled=&#8221;0&#8243; global_colors_info=&#8221;{}&#8221; theme_builder_area=&#8221;post_content&#8221; sticky_enabled=&#8221;0&#8243;][\/et_pb_image][\/et_pb_column][\/et_pb_row][\/et_pb_section]<\/p>\n","protected":false},"excerpt":{"rendered":"<p>No dia 21 de mar\u00e7o, o IAI celebrou o Dia Mundial da Poesia, e em parceria com a UNESCO, levou a cabo a actividade \u201cGift a poem\u201d, que pretende destacar a import\u00e2ncia da oferta de poesia enquanto express\u00e3o de empatia para com o outro. Assim, promoveu-se uma troca entre todos de poemas da autoria dos [&hellip;]<\/p>\n","protected":false},"author":1,"featured_media":16335,"comment_status":"open","ping_status":"open","sticky":false,"template":"","format":"standard","meta":{"_et_pb_use_builder":"on","_et_pb_old_content":"","_et_gb_content_width":"","footnotes":"","_members_access_role":[],"_members_access_error":""},"categories":[60],"tags":[],"class_list":["post-16336","post","type-post","status-publish","format-standard","has-post-thumbnail","hentry","category-noticias"],"aioseo_notices":[],"aioseo_head":"\n\t\t<!-- All in One SEO 4.9.10 - aioseo.com -->\n\t<meta name=\"description\" content=\"No dia 21 de mar\u00e7o, o IAI celebrou o Dia Mundial da Poesia, e em parceria com a UNESCO, levou a cabo a actividade \u201cGift a poem\u201d, que pretende destacar a import\u00e2ncia da oferta de poesia enquanto express\u00e3o de empatia para com o outro. Assim, promoveu-se uma troca entre todos de poemas da autoria dos\" \/>\n\t<meta name=\"robots\" content=\"max-image-preview:large\" \/>\n\t<meta name=\"author\" content=\"admin\"\/>\n\t<link rel=\"canonical\" href=\"http:\/\/iai.pt\/web\/arquivos\/16336\" \/>\n\t<meta name=\"generator\" content=\"All in One SEO (AIOSEO) 4.9.10\" \/>\n\t\t<meta property=\"og:locale\" content=\"pt_PT\" \/>\n\t\t<meta property=\"og:site_name\" content=\"IAI - Escola Art\u00edstica\" \/>\n\t\t<meta property=\"og:type\" content=\"article\" \/>\n\t\t<meta property=\"og:title\" content=\"Dia Mundial da Poesia \u2014 Iniciativa da UNESCO - IAI\" \/>\n\t\t<meta property=\"og:description\" content=\"No dia 21 de mar\u00e7o, o IAI celebrou o Dia Mundial da Poesia, e em parceria com a UNESCO, levou a cabo a actividade \u201cGift a poem\u201d, que pretende destacar a import\u00e2ncia da oferta de poesia enquanto express\u00e3o de empatia para com o outro. Assim, promoveu-se uma troca entre todos de poemas da autoria dos\" \/>\n\t\t<meta property=\"og:url\" content=\"http:\/\/iai.pt\/web\/arquivos\/16336\" \/>\n\t\t<meta property=\"og:image\" content=\"http:\/\/iai.pt\/web\/wp-content\/uploads\/2023\/05\/seo-logo.png\" \/>\n\t\t<meta property=\"og:image:width\" content=\"105\" \/>\n\t\t<meta property=\"og:image:height\" content=\"112\" \/>\n\t\t<meta property=\"article:published_time\" content=\"2025-03-21T12:45:58+00:00\" \/>\n\t\t<meta property=\"article:modified_time\" content=\"2025-04-02T11:48:43+00:00\" \/>\n\t\t<meta property=\"article:publisher\" content=\"https:\/\/www.facebook.com\/instituto.das.artes.imagem\" \/>\n\t\t<meta name=\"twitter:card\" content=\"summary_large_image\" \/>\n\t\t<meta name=\"twitter:title\" content=\"Dia Mundial da Poesia \u2014 Iniciativa da UNESCO - IAI\" \/>\n\t\t<meta name=\"twitter:description\" content=\"No dia 21 de mar\u00e7o, o IAI celebrou o Dia Mundial da Poesia, e em parceria com a UNESCO, levou a cabo a actividade \u201cGift a poem\u201d, que pretende destacar a import\u00e2ncia da oferta de poesia enquanto express\u00e3o de empatia para com o outro. Assim, promoveu-se uma troca entre todos de poemas da autoria dos\" \/>\n\t\t<meta name=\"twitter:image\" content=\"http:\/\/iai.pt\/web\/wp-content\/uploads\/2023\/05\/seo-logo.png\" \/>\n\t\t<script type=\"application\/ld+json\" class=\"aioseo-schema\">\n\t\t\t{\"@context\":\"https:\\\/\\\/schema.org\",\"@graph\":[{\"@type\":\"BlogPosting\",\"@id\":\"http:\\\/\\\/iai.pt\\\/web\\\/arquivos\\\/16336#blogposting\",\"name\":\"Dia Mundial da Poesia \\u2014 Iniciativa da UNESCO - IAI\",\"headline\":\"Dia Mundial da Poesia \\u2014\\u00a0Iniciativa da UNESCO\",\"author\":{\"@id\":\"http:\\\/\\\/iai.pt\\\/web\\\/arquivos\\\/author\\\/admin#author\"},\"publisher\":{\"@id\":\"http:\\\/\\\/iai.pt\\\/web\\\/#organization\"},\"image\":{\"@type\":\"ImageObject\",\"url\":\"http:\\\/\\\/iai.pt\\\/web\\\/wp-content\\\/uploads\\\/2025\\\/04\\\/IMG_5625-min-scaled.jpg\",\"width\":2560,\"height\":1920},\"datePublished\":\"2025-03-21T12:45:58+00:00\",\"dateModified\":\"2025-04-02T12:48:43+01:00\",\"inLanguage\":\"pt-PT\",\"mainEntityOfPage\":{\"@id\":\"http:\\\/\\\/iai.pt\\\/web\\\/arquivos\\\/16336#webpage\"},\"isPartOf\":{\"@id\":\"http:\\\/\\\/iai.pt\\\/web\\\/arquivos\\\/16336#webpage\"},\"articleSection\":\"Noticias\"},{\"@type\":\"BreadcrumbList\",\"@id\":\"http:\\\/\\\/iai.pt\\\/web\\\/arquivos\\\/16336#breadcrumblist\",\"itemListElement\":[{\"@type\":\"ListItem\",\"@id\":\"http:\\\/\\\/iai.pt\\\/web#listItem\",\"position\":1,\"name\":\"In\\u00edcio\",\"item\":\"http:\\\/\\\/iai.pt\\\/web\",\"nextItem\":{\"@type\":\"ListItem\",\"@id\":\"http:\\\/\\\/iai.pt\\\/web\\\/arquivos\\\/category\\\/noticias#listItem\",\"name\":\"Noticias\"}},{\"@type\":\"ListItem\",\"@id\":\"http:\\\/\\\/iai.pt\\\/web\\\/arquivos\\\/category\\\/noticias#listItem\",\"position\":2,\"name\":\"Noticias\",\"item\":\"http:\\\/\\\/iai.pt\\\/web\\\/arquivos\\\/category\\\/noticias\",\"nextItem\":{\"@type\":\"ListItem\",\"@id\":\"http:\\\/\\\/iai.pt\\\/web\\\/arquivos\\\/16336#listItem\",\"name\":\"Dia Mundial da Poesia \\u2014\\u00a0Iniciativa da UNESCO\"},\"previousItem\":{\"@type\":\"ListItem\",\"@id\":\"http:\\\/\\\/iai.pt\\\/web#listItem\",\"name\":\"In\\u00edcio\"}},{\"@type\":\"ListItem\",\"@id\":\"http:\\\/\\\/iai.pt\\\/web\\\/arquivos\\\/16336#listItem\",\"position\":3,\"name\":\"Dia Mundial da Poesia \\u2014\\u00a0Iniciativa da UNESCO\",\"previousItem\":{\"@type\":\"ListItem\",\"@id\":\"http:\\\/\\\/iai.pt\\\/web\\\/arquivos\\\/category\\\/noticias#listItem\",\"name\":\"Noticias\"}}]},{\"@type\":\"Organization\",\"@id\":\"http:\\\/\\\/iai.pt\\\/web\\\/#organization\",\"name\":\"Instituto das Artes e da Imagem\",\"description\":\"Escola Art\\u00edstica\",\"url\":\"http:\\\/\\\/iai.pt\\\/web\\\/\",\"telephone\":\"+351222000757\",\"logo\":{\"@type\":\"ImageObject\",\"url\":\"http:\\\/\\\/iai.pt\\\/web\\\/wp-content\\\/uploads\\\/2023\\\/05\\\/seo-logo.png\",\"@id\":\"http:\\\/\\\/iai.pt\\\/web\\\/arquivos\\\/16336\\\/#organizationLogo\",\"width\":105,\"height\":112},\"image\":{\"@id\":\"http:\\\/\\\/iai.pt\\\/web\\\/arquivos\\\/16336\\\/#organizationLogo\"},\"sameAs\":[\"https:\\\/\\\/www.facebook.com\\\/instituto.das.artes.imagem\",\"https:\\\/\\\/www.instagram.com\\\/iai_escola_de_artes\\\/\",\"https:\\\/\\\/www.youtube.com\\\/iaiwebmaster\"]},{\"@type\":\"Person\",\"@id\":\"http:\\\/\\\/iai.pt\\\/web\\\/arquivos\\\/author\\\/admin#author\",\"url\":\"http:\\\/\\\/iai.pt\\\/web\\\/arquivos\\\/author\\\/admin\",\"name\":\"admin\",\"image\":{\"@type\":\"ImageObject\",\"@id\":\"http:\\\/\\\/iai.pt\\\/web\\\/arquivos\\\/16336#authorImage\",\"url\":\"https:\\\/\\\/secure.gravatar.com\\\/avatar\\\/bad9c1ed8261989cbd54cb5e8fc92988405a8dc9925b0838cc9c034113770b1e?s=96&d=mm&r=g\",\"width\":96,\"height\":96,\"caption\":\"admin\"}},{\"@type\":\"WebPage\",\"@id\":\"http:\\\/\\\/iai.pt\\\/web\\\/arquivos\\\/16336#webpage\",\"url\":\"http:\\\/\\\/iai.pt\\\/web\\\/arquivos\\\/16336\",\"name\":\"Dia Mundial da Poesia \\u2014 Iniciativa da UNESCO - IAI\",\"description\":\"No dia 21 de mar\\u00e7o, o IAI celebrou o Dia Mundial da Poesia, e em parceria com a UNESCO, levou a cabo a actividade \\u201cGift a poem\\u201d, que pretende destacar a import\\u00e2ncia da oferta de poesia enquanto express\\u00e3o de empatia para com o outro. Assim, promoveu-se uma troca entre todos de poemas da autoria dos\",\"inLanguage\":\"pt-PT\",\"isPartOf\":{\"@id\":\"http:\\\/\\\/iai.pt\\\/web\\\/#website\"},\"breadcrumb\":{\"@id\":\"http:\\\/\\\/iai.pt\\\/web\\\/arquivos\\\/16336#breadcrumblist\"},\"author\":{\"@id\":\"http:\\\/\\\/iai.pt\\\/web\\\/arquivos\\\/author\\\/admin#author\"},\"creator\":{\"@id\":\"http:\\\/\\\/iai.pt\\\/web\\\/arquivos\\\/author\\\/admin#author\"},\"image\":{\"@type\":\"ImageObject\",\"url\":\"http:\\\/\\\/iai.pt\\\/web\\\/wp-content\\\/uploads\\\/2025\\\/04\\\/IMG_5625-min-scaled.jpg\",\"@id\":\"http:\\\/\\\/iai.pt\\\/web\\\/arquivos\\\/16336\\\/#mainImage\",\"width\":2560,\"height\":1920},\"primaryImageOfPage\":{\"@id\":\"http:\\\/\\\/iai.pt\\\/web\\\/arquivos\\\/16336#mainImage\"},\"datePublished\":\"2025-03-21T12:45:58+00:00\",\"dateModified\":\"2025-04-02T12:48:43+01:00\"},{\"@type\":\"WebSite\",\"@id\":\"http:\\\/\\\/iai.pt\\\/web\\\/#website\",\"url\":\"http:\\\/\\\/iai.pt\\\/web\\\/\",\"name\":\"IAI\",\"alternateName\":\"iai\",\"description\":\"Escola Art\\u00edstica\",\"inLanguage\":\"pt-PT\",\"publisher\":{\"@id\":\"http:\\\/\\\/iai.pt\\\/web\\\/#organization\"}}]}\n\t\t<\/script>\n\t\t<!-- All in One SEO -->\n\n","aioseo_head_json":{"title":"Dia Mundial da Poesia \u2014 Iniciativa da UNESCO - IAI","description":"No dia 21 de mar\u00e7o, o IAI celebrou o Dia Mundial da Poesia, e em parceria com a UNESCO, levou a cabo a actividade \u201cGift a poem\u201d, que pretende destacar a import\u00e2ncia da oferta de poesia enquanto express\u00e3o de empatia para com o outro. Assim, promoveu-se uma troca entre todos de poemas da autoria dos","canonical_url":"http:\/\/iai.pt\/web\/arquivos\/16336","robots":"max-image-preview:large","keywords":"","webmasterTools":{"miscellaneous":""},"schema":{"@context":"https:\/\/schema.org","@graph":[{"@type":"BlogPosting","@id":"http:\/\/iai.pt\/web\/arquivos\/16336#blogposting","name":"Dia Mundial da Poesia \u2014 Iniciativa da UNESCO - IAI","headline":"Dia Mundial da Poesia \u2014\u00a0Iniciativa da UNESCO","author":{"@id":"http:\/\/iai.pt\/web\/arquivos\/author\/admin#author"},"publisher":{"@id":"http:\/\/iai.pt\/web\/#organization"},"image":{"@type":"ImageObject","url":"http:\/\/iai.pt\/web\/wp-content\/uploads\/2025\/04\/IMG_5625-min-scaled.jpg","width":2560,"height":1920},"datePublished":"2025-03-21T12:45:58+00:00","dateModified":"2025-04-02T12:48:43+01:00","inLanguage":"pt-PT","mainEntityOfPage":{"@id":"http:\/\/iai.pt\/web\/arquivos\/16336#webpage"},"isPartOf":{"@id":"http:\/\/iai.pt\/web\/arquivos\/16336#webpage"},"articleSection":"Noticias"},{"@type":"BreadcrumbList","@id":"http:\/\/iai.pt\/web\/arquivos\/16336#breadcrumblist","itemListElement":[{"@type":"ListItem","@id":"http:\/\/iai.pt\/web#listItem","position":1,"name":"In\u00edcio","item":"http:\/\/iai.pt\/web","nextItem":{"@type":"ListItem","@id":"http:\/\/iai.pt\/web\/arquivos\/category\/noticias#listItem","name":"Noticias"}},{"@type":"ListItem","@id":"http:\/\/iai.pt\/web\/arquivos\/category\/noticias#listItem","position":2,"name":"Noticias","item":"http:\/\/iai.pt\/web\/arquivos\/category\/noticias","nextItem":{"@type":"ListItem","@id":"http:\/\/iai.pt\/web\/arquivos\/16336#listItem","name":"Dia Mundial da Poesia \u2014\u00a0Iniciativa da UNESCO"},"previousItem":{"@type":"ListItem","@id":"http:\/\/iai.pt\/web#listItem","name":"In\u00edcio"}},{"@type":"ListItem","@id":"http:\/\/iai.pt\/web\/arquivos\/16336#listItem","position":3,"name":"Dia Mundial da Poesia \u2014\u00a0Iniciativa da UNESCO","previousItem":{"@type":"ListItem","@id":"http:\/\/iai.pt\/web\/arquivos\/category\/noticias#listItem","name":"Noticias"}}]},{"@type":"Organization","@id":"http:\/\/iai.pt\/web\/#organization","name":"Instituto das Artes e da Imagem","description":"Escola Art\u00edstica","url":"http:\/\/iai.pt\/web\/","telephone":"+351222000757","logo":{"@type":"ImageObject","url":"http:\/\/iai.pt\/web\/wp-content\/uploads\/2023\/05\/seo-logo.png","@id":"http:\/\/iai.pt\/web\/arquivos\/16336\/#organizationLogo","width":105,"height":112},"image":{"@id":"http:\/\/iai.pt\/web\/arquivos\/16336\/#organizationLogo"},"sameAs":["https:\/\/www.facebook.com\/instituto.das.artes.imagem","https:\/\/www.instagram.com\/iai_escola_de_artes\/","https:\/\/www.youtube.com\/iaiwebmaster"]},{"@type":"Person","@id":"http:\/\/iai.pt\/web\/arquivos\/author\/admin#author","url":"http:\/\/iai.pt\/web\/arquivos\/author\/admin","name":"admin","image":{"@type":"ImageObject","@id":"http:\/\/iai.pt\/web\/arquivos\/16336#authorImage","url":"https:\/\/secure.gravatar.com\/avatar\/bad9c1ed8261989cbd54cb5e8fc92988405a8dc9925b0838cc9c034113770b1e?s=96&d=mm&r=g","width":96,"height":96,"caption":"admin"}},{"@type":"WebPage","@id":"http:\/\/iai.pt\/web\/arquivos\/16336#webpage","url":"http:\/\/iai.pt\/web\/arquivos\/16336","name":"Dia Mundial da Poesia \u2014 Iniciativa da UNESCO - IAI","description":"No dia 21 de mar\u00e7o, o IAI celebrou o Dia Mundial da Poesia, e em parceria com a UNESCO, levou a cabo a actividade \u201cGift a poem\u201d, que pretende destacar a import\u00e2ncia da oferta de poesia enquanto express\u00e3o de empatia para com o outro. Assim, promoveu-se uma troca entre todos de poemas da autoria dos","inLanguage":"pt-PT","isPartOf":{"@id":"http:\/\/iai.pt\/web\/#website"},"breadcrumb":{"@id":"http:\/\/iai.pt\/web\/arquivos\/16336#breadcrumblist"},"author":{"@id":"http:\/\/iai.pt\/web\/arquivos\/author\/admin#author"},"creator":{"@id":"http:\/\/iai.pt\/web\/arquivos\/author\/admin#author"},"image":{"@type":"ImageObject","url":"http:\/\/iai.pt\/web\/wp-content\/uploads\/2025\/04\/IMG_5625-min-scaled.jpg","@id":"http:\/\/iai.pt\/web\/arquivos\/16336\/#mainImage","width":2560,"height":1920},"primaryImageOfPage":{"@id":"http:\/\/iai.pt\/web\/arquivos\/16336#mainImage"},"datePublished":"2025-03-21T12:45:58+00:00","dateModified":"2025-04-02T12:48:43+01:00"},{"@type":"WebSite","@id":"http:\/\/iai.pt\/web\/#website","url":"http:\/\/iai.pt\/web\/","name":"IAI","alternateName":"iai","description":"Escola Art\u00edstica","inLanguage":"pt-PT","publisher":{"@id":"http:\/\/iai.pt\/web\/#organization"}}]},"og:locale":"pt_PT","og:site_name":"IAI - Escola Art\u00edstica","og:type":"article","og:title":"Dia Mundial da Poesia \u2014 Iniciativa da UNESCO - IAI","og:description":"No dia 21 de mar\u00e7o, o IAI celebrou o Dia Mundial da Poesia, e em parceria com a UNESCO, levou a cabo a actividade \u201cGift a poem\u201d, que pretende destacar a import\u00e2ncia da oferta de poesia enquanto express\u00e3o de empatia para com o outro. Assim, promoveu-se uma troca entre todos de poemas da autoria dos","og:url":"http:\/\/iai.pt\/web\/arquivos\/16336","og:image":"http:\/\/iai.pt\/web\/wp-content\/uploads\/2023\/05\/seo-logo.png","og:image:width":105,"og:image:height":112,"article:published_time":"2025-03-21T12:45:58+00:00","article:modified_time":"2025-04-02T11:48:43+00:00","article:publisher":"https:\/\/www.facebook.com\/instituto.das.artes.imagem","twitter:card":"summary_large_image","twitter:title":"Dia Mundial da Poesia \u2014 Iniciativa da UNESCO - IAI","twitter:description":"No dia 21 de mar\u00e7o, o IAI celebrou o Dia Mundial da Poesia, e em parceria com a UNESCO, levou a cabo a actividade \u201cGift a poem\u201d, que pretende destacar a import\u00e2ncia da oferta de poesia enquanto express\u00e3o de empatia para com o outro. Assim, promoveu-se uma troca entre todos de poemas da autoria dos","twitter:image":"http:\/\/iai.pt\/web\/wp-content\/uploads\/2023\/05\/seo-logo.png"},"aioseo_meta_data":{"post_id":"16336","title":null,"description":null,"keywords":[],"keyphrases":{"focus":{"keyphrase":"","score":0,"analysis":{"keyphraseInTitle":{"score":0,"maxScore":9,"error":1}}},"additional":[]},"primary_term":null,"canonical_url":null,"og_title":null,"og_description":null,"og_object_type":"default","og_image_type":"default","og_image_url":null,"og_image_width":null,"og_image_height":null,"og_image_custom_url":null,"og_image_custom_fields":null,"og_video":"","og_custom_url":null,"og_article_section":null,"og_article_tags":[],"twitter_use_og":false,"twitter_card":"default","twitter_image_type":"default","twitter_image_url":null,"twitter_image_custom_url":null,"twitter_image_custom_fields":null,"twitter_title":null,"twitter_description":null,"schema":{"blockGraphs":[],"customGraphs":[],"default":{"data":{"Article":[],"Course":[],"Dataset":[],"FAQPage":[],"Movie":[],"Person":[],"Product":[],"ProductReview":[],"Car":[],"Recipe":[],"Service":[],"SoftwareApplication":[],"WebPage":[]},"graphName":"BlogPosting","isEnabled":true},"graphs":[]},"schema_type":"default","schema_type_options":null,"pillar_content":false,"robots_default":true,"robots_noindex":false,"robots_noarchive":false,"robots_nosnippet":false,"robots_nofollow":false,"robots_noimageindex":false,"robots_noodp":false,"robots_notranslate":false,"robots_max_snippet":"-1","robots_max_videopreview":"-1","robots_max_imagepreview":"large","priority":null,"frequency":"default","local_seo":null,"breadcrumb_settings":null,"limit_modified_date":false,"ai":null,"created":"2025-04-02 11:46:50","updated":"2025-06-09 21:57:11","seo_analyzer_scan_date":null},"aioseo_breadcrumb":"<div class=\"aioseo-breadcrumbs\"><span class=\"aioseo-breadcrumb\">\n\t\t\t<a href=\"http:\/\/iai.pt\/web\" title=\"In\u00edcio\">In\u00edcio<\/a>\n\t\t<\/span><span class=\"aioseo-breadcrumb-separator\">\u00bb<\/span><span class=\"aioseo-breadcrumb\">\n\t\t\t<a href=\"http:\/\/iai.pt\/web\/arquivos\/category\/noticias\" title=\"Noticias\">Noticias<\/a>\n\t\t<\/span><span class=\"aioseo-breadcrumb-separator\">\u00bb<\/span><span class=\"aioseo-breadcrumb\">\n\t\t\tDia Mundial da Poesia \u2014 Iniciativa da UNESCO\n\t\t<\/span><\/div>","aioseo_breadcrumb_json":[{"label":"In\u00edcio","link":"http:\/\/iai.pt\/web"},{"label":"Noticias","link":"http:\/\/iai.pt\/web\/arquivos\/category\/noticias"},{"label":"Dia Mundial da Poesia \u2014\u00a0Iniciativa da UNESCO","link":"http:\/\/iai.pt\/web\/arquivos\/16336"}],"_links":{"self":[{"href":"http:\/\/iai.pt\/web\/wp-json\/wp\/v2\/posts\/16336","targetHints":{"allow":["GET"]}}],"collection":[{"href":"http:\/\/iai.pt\/web\/wp-json\/wp\/v2\/posts"}],"about":[{"href":"http:\/\/iai.pt\/web\/wp-json\/wp\/v2\/types\/post"}],"author":[{"embeddable":true,"href":"http:\/\/iai.pt\/web\/wp-json\/wp\/v2\/users\/1"}],"replies":[{"embeddable":true,"href":"http:\/\/iai.pt\/web\/wp-json\/wp\/v2\/comments?post=16336"}],"version-history":[{"count":1,"href":"http:\/\/iai.pt\/web\/wp-json\/wp\/v2\/posts\/16336\/revisions"}],"predecessor-version":[{"id":16337,"href":"http:\/\/iai.pt\/web\/wp-json\/wp\/v2\/posts\/16336\/revisions\/16337"}],"wp:featuredmedia":[{"embeddable":true,"href":"http:\/\/iai.pt\/web\/wp-json\/wp\/v2\/media\/16335"}],"wp:attachment":[{"href":"http:\/\/iai.pt\/web\/wp-json\/wp\/v2\/media?parent=16336"}],"wp:term":[{"taxonomy":"category","embeddable":true,"href":"http:\/\/iai.pt\/web\/wp-json\/wp\/v2\/categories?post=16336"},{"taxonomy":"post_tag","embeddable":true,"href":"http:\/\/iai.pt\/web\/wp-json\/wp\/v2\/tags?post=16336"}],"curies":[{"name":"wp","href":"https:\/\/api.w.org\/{rel}","templated":true}]}}