{"id":16349,"date":"2025-04-02T10:31:31","date_gmt":"2025-04-02T09:31:31","guid":{"rendered":"https:\/\/iai.pt\/web\/?p=16349"},"modified":"2025-04-08T10:34:49","modified_gmt":"2025-04-08T09:34:49","slug":"sessao-de-follow-up-projeto-erasmus-e-e","status":"publish","type":"post","link":"http:\/\/iai.pt\/web\/arquivos\/16349","title":{"rendered":"Sess\u00e3o de Follow UP Projeto Erasmus+ (E.E.)"},"content":{"rendered":"<p>[et_pb_section fb_built=&#8221;1&#8243; _builder_version=&#8221;4.23.4&#8243; _module_preset=&#8221;default&#8221; global_colors_info=&#8221;{}&#8221; theme_builder_area=&#8221;post_content&#8221;][et_pb_row _builder_version=&#8221;4.23.4&#8243; _module_preset=&#8221;default&#8221; global_colors_info=&#8221;{}&#8221; theme_builder_area=&#8221;post_content&#8221;][et_pb_column type=&#8221;4_4&#8243; _builder_version=&#8221;4.23.4&#8243; _module_preset=&#8221;default&#8221; global_colors_info=&#8221;{}&#8221; theme_builder_area=&#8221;post_content&#8221;][et_pb_text _builder_version=&#8221;4.23.4&#8243; _module_preset=&#8221;default&#8221; global_colors_info=&#8221;{}&#8221; theme_builder_area=&#8221;post_content&#8221;]<\/p>\n<div class=\"\" data-block=\"true\" data-editor=\"5g3e9\" data-offset-key=\"c03au-0-0\">\n<div data-offset-key=\"c03au-0-0\" class=\"_1mf _1mj\">\n<div class=\"\" data-block=\"true\" data-editor=\"60bkn\" data-offset-key=\"9j394-0-0\">\n<div data-offset-key=\"9j394-0-0\" class=\"_1mf _1mj\">\n<div class=\"\" data-block=\"true\" data-editor=\"80o6a\" data-offset-key=\"cm5cj-0-0\">\n<div data-offset-key=\"cm5cj-0-0\" class=\"_1mf _1mj\">\n<p><span style=\"font-weight: 400;\">Na sequ\u00eancia da prepara\u00e7\u00e3o da mobilidade dos alunos dos cursos de ensino art\u00edstico especializado de Imagem Interativa e Desenho de Arquitetura e, do Curso profissional de Design, para a realiza\u00e7\u00e3o de um est\u00e1gio integrado no Programa Erasmus+, em It\u00e1lia, de 15 de abril a 27 de maio, foi dinamizada uma sess\u00e3o preparat\u00f3ria para prestar informa\u00e7\u00f5es adicionais e\/ou esclarecimentos, aos pais e\/ou encarregados de educa\u00e7\u00e3o., acerca de diversos aspectos como sejam: seguro, alojamento, voos, distribui\u00e7\u00e3o dos est\u00e1gios, entre outros.\u00a0<\/span><\/p>\n<p><span style=\"font-weight: 400;\">Tratou-se de um importante momento de partilha, esclarecimento de d\u00favidas e, sobretudo, refor\u00e7o da import\u00e2ncia desta experi\u00eancia no percurso escolar, profissional e pessoal dos alunos. Destaca-se a forma colaborante e entusiasmada com que, quer os alunos, quer os pais, encaram esta oportunidade pelo que se antecipa\u00a0 que a mesma decorra de forma prof\u00edcua. <\/span><\/p>\n<\/div>\n<\/div>\n<\/div>\n<\/div>\n<\/div>\n<\/div>\n<div class=\"\" data-block=\"true\" data-editor=\"5g3e9\" data-offset-key=\"8knvv-0-0\"><\/div>\n<p>[\/et_pb_text][\/et_pb_column][\/et_pb_row][et_pb_row _builder_version=&#8221;4.23.4&#8243; _module_preset=&#8221;default&#8221; global_colors_info=&#8221;{}&#8221; theme_builder_area=&#8221;post_content&#8221;][et_pb_column type=&#8221;4_4&#8243; _builder_version=&#8221;4.23.4&#8243; _module_preset=&#8221;default&#8221; global_colors_info=&#8221;{}&#8221; theme_builder_area=&#8221;post_content&#8221;][et_pb_image src=&#8221;http:\/\/iai.pt\/web\/wp-content\/uploads\/2025\/04\/20250402_181723-min.jpg&#8221; title_text=&#8221;20250402_181723-min&#8221; _builder_version=&#8221;4.23.4&#8243; _module_preset=&#8221;default&#8221; hover_enabled=&#8221;0&#8243; global_colors_info=&#8221;{}&#8221; theme_builder_area=&#8221;post_content&#8221; sticky_enabled=&#8221;0&#8243;][\/et_pb_image][\/et_pb_column][\/et_pb_row][\/et_pb_section]<\/p>\n","protected":false},"excerpt":{"rendered":"<p>Na sequ\u00eancia da prepara\u00e7\u00e3o da mobilidade dos alunos dos cursos de ensino art\u00edstico especializado de Imagem Interativa e Desenho de Arquitetura e, do Curso profissional de Design, para a realiza\u00e7\u00e3o de um est\u00e1gio integrado no Programa Erasmus+, em It\u00e1lia, de 15 de abril a 27 de maio, foi dinamizada uma sess\u00e3o preparat\u00f3ria para prestar informa\u00e7\u00f5es [&hellip;]<\/p>\n","protected":false},"author":1,"featured_media":16350,"comment_status":"open","ping_status":"open","sticky":false,"template":"","format":"standard","meta":{"_et_pb_use_builder":"on","_et_pb_old_content":"","_et_gb_content_width":"","footnotes":""},"categories":[60],"tags":[],"class_list":["post-16349","post","type-post","status-publish","format-standard","has-post-thumbnail","hentry","category-noticias"],"aioseo_notices":[],"_links":{"self":[{"href":"http:\/\/iai.pt\/web\/wp-json\/wp\/v2\/posts\/16349","targetHints":{"allow":["GET"]}}],"collection":[{"href":"http:\/\/iai.pt\/web\/wp-json\/wp\/v2\/posts"}],"about":[{"href":"http:\/\/iai.pt\/web\/wp-json\/wp\/v2\/types\/post"}],"author":[{"embeddable":true,"href":"http:\/\/iai.pt\/web\/wp-json\/wp\/v2\/users\/1"}],"replies":[{"embeddable":true,"href":"http:\/\/iai.pt\/web\/wp-json\/wp\/v2\/comments?post=16349"}],"version-history":[{"count":1,"href":"http:\/\/iai.pt\/web\/wp-json\/wp\/v2\/posts\/16349\/revisions"}],"predecessor-version":[{"id":16351,"href":"http:\/\/iai.pt\/web\/wp-json\/wp\/v2\/posts\/16349\/revisions\/16351"}],"wp:featuredmedia":[{"embeddable":true,"href":"http:\/\/iai.pt\/web\/wp-json\/wp\/v2\/media\/16350"}],"wp:attachment":[{"href":"http:\/\/iai.pt\/web\/wp-json\/wp\/v2\/media?parent=16349"}],"wp:term":[{"taxonomy":"category","embeddable":true,"href":"http:\/\/iai.pt\/web\/wp-json\/wp\/v2\/categories?post=16349"},{"taxonomy":"post_tag","embeddable":true,"href":"http:\/\/iai.pt\/web\/wp-json\/wp\/v2\/tags?post=16349"}],"curies":[{"name":"wp","href":"https:\/\/api.w.org\/{rel}","templated":true}]}}