{"id":16422,"date":"2025-04-04T10:58:20","date_gmt":"2025-04-04T09:58:20","guid":{"rendered":"https:\/\/iai.pt\/web\/?p=16422"},"modified":"2025-05-02T10:59:54","modified_gmt":"2025-05-02T09:59:54","slug":"festa-da-primavera-2025","status":"publish","type":"post","link":"http:\/\/iai.pt\/web\/arquivos\/16422","title":{"rendered":"Festa da Primavera 2025"},"content":{"rendered":"\n[et_pb_section fb_built=&#8221;1&#8243; _builder_version=&#8221;4.23.4&#8243; _module_preset=&#8221;default&#8221; global_colors_info=&#8221;{}&#8221; theme_builder_area=&#8221;post_content&#8221;][et_pb_row _builder_version=&#8221;4.23.4&#8243; _module_preset=&#8221;default&#8221; global_colors_info=&#8221;{}&#8221; theme_builder_area=&#8221;post_content&#8221;][et_pb_column type=&#8221;4_4&#8243; _builder_version=&#8221;4.23.4&#8243; _module_preset=&#8221;default&#8221; global_colors_info=&#8221;{}&#8221; theme_builder_area=&#8221;post_content&#8221;][et_pb_text _builder_version=&#8221;4.23.4&#8243; _module_preset=&#8221;default&#8221; global_colors_info=&#8221;{}&#8221; theme_builder_area=&#8221;post_content&#8221;]<div class=\"\" data-block=\"true\" data-editor=\"5g3e9\" data-offset-key=\"c03au-0-0\">\n<div data-offset-key=\"c03au-0-0\" class=\"_1mf _1mj\">\n<div class=\"\" data-block=\"true\" data-editor=\"60bkn\" data-offset-key=\"9j394-0-0\">\n<div data-offset-key=\"9j394-0-0\" class=\"_1mf _1mj\">\n<div class=\"\" data-block=\"true\" data-editor=\"80o6a\" data-offset-key=\"cm5cj-0-0\">\n<div data-offset-key=\"cm5cj-0-0\" class=\"_1mf _1mj\">\n<p><span style=\"font-weight: 400;\">No dia 4 de abril o IAI <\/span><i><span style=\"font-weight: 400;\">abriu as portas <\/span><\/i><span style=\"font-weight: 400;\">para a grande festa anual &#8211; A Festa da Primavera. Este ano a nossa festa procurou espelhar os 30 anos de trabalho dedicado ao ensino das artes e pelas artes.\u00a0\u00a0<\/span><\/p>\n<p><span style=\"font-weight: 400;\">O programa integrou mostras de trabalhos na \u00e1reas do design em geral e do design gr\u00e1fico, fotografia, v\u00eddeo, anima\u00e7\u00e3o e modela\u00e7\u00e3o 3D, performances de express\u00e3o corporal e momentos de interven\u00e7\u00e3o liter\u00e1ria. Estamos gratos pelo entusiasmo e trabalho dos nossos alunos, pela energia e dedica\u00e7\u00e3o dos nossos professores,\u00a0 pela participa\u00e7\u00e3o, muito expressiva, dos pais e encarregados de educa\u00e7\u00e3o e, pela presen\u00e7a de todos os Parceiros que, amavelmente, se juntaram a n\u00f3s neste dia em que se exibem trabalhos finalizados mas,\u00a0 sobretudo se semeia, ano ap\u00f3s ano, o esp\u00edrito e a identidade que marca o Projeto Educativo que \u00e9 o IAI.<\/span><i><span style=\"font-weight: 400;\"> \u00c9 preciso estar para sentir \u2026 Um OBRIGADA a todos.<\/span><\/i><\/p>\n<\/div>\n<\/div>\n<\/div>\n<\/div>\n<\/div>\n<\/div>\n<div class=\"\" data-block=\"true\" data-editor=\"5g3e9\" data-offset-key=\"8knvv-0-0\"><\/div>[\/et_pb_text][\/et_pb_column][\/et_pb_row][et_pb_row _builder_version=&#8221;4.23.4&#8243; _module_preset=&#8221;default&#8221; global_colors_info=&#8221;{}&#8221; theme_builder_area=&#8221;post_content&#8221;][et_pb_column type=&#8221;4_4&#8243; _builder_version=&#8221;4.23.4&#8243; _module_preset=&#8221;default&#8221; global_colors_info=&#8221;{}&#8221; theme_builder_area=&#8221;post_content&#8221;][et_pb_image src=&#8221;http:\/\/iai.pt\/web\/wp-content\/uploads\/2025\/05\/WhatsApp-Image-2025-04-05-at-00.32.27.jpeg&#8221; title_text=&#8221;WhatsApp Image 2025-04-05 at 00.32.27&#8243; _builder_version=&#8221;4.23.4&#8243; _module_preset=&#8221;default&#8221; hover_enabled=&#8221;0&#8243; global_colors_info=&#8221;{}&#8221; theme_builder_area=&#8221;post_content&#8221; sticky_enabled=&#8221;0&#8243;][\/et_pb_image][\/et_pb_column][\/et_pb_row][\/et_pb_section]\n","protected":false},"excerpt":{"rendered":"<p>No dia 4 de abril o IAI abriu as portas para a grande festa anual &#8211; A Festa da Primavera. Este ano a nossa festa procurou espelhar os 30 anos de trabalho dedicado ao ensino das artes e pelas artes.\u00a0\u00a0 O programa integrou mostras de trabalhos na \u00e1reas do design em geral e do design [&hellip;]<\/p>\n","protected":false},"author":1,"featured_media":16421,"comment_status":"open","ping_status":"open","sticky":false,"template":"","format":"standard","meta":{"_et_pb_use_builder":"on","_et_pb_old_content":"","_et_gb_content_width":"","footnotes":"","_members_access_role":[],"_members_access_error":""},"categories":[60],"tags":[],"class_list":["post-16422","post","type-post","status-publish","format-standard","has-post-thumbnail","hentry","category-noticias"],"aioseo_notices":[],"aioseo_head":"\n\t\t<!-- All in One SEO 4.9.10 - aioseo.com -->\n\t<meta name=\"description\" content=\"No dia 4 de abril o IAI abriu as portas para a grande festa anual \u2013 A Festa da Primavera. Este ano a nossa festa procurou espelhar os 30 anos de trabalho dedicado ao ensino das artes e pelas artes. O programa integrou mostras de trabalhos na \u00e1reas do design em geral e do design\" \/>\n\t<meta name=\"robots\" content=\"max-image-preview:large\" \/>\n\t<meta name=\"author\" content=\"admin\"\/>\n\t<link rel=\"canonical\" href=\"http:\/\/iai.pt\/web\/arquivos\/16422\" \/>\n\t<meta name=\"generator\" content=\"All in One SEO (AIOSEO) 4.9.10\" \/>\n\t\t<meta property=\"og:locale\" content=\"pt_PT\" \/>\n\t\t<meta property=\"og:site_name\" content=\"IAI - Escola Art\u00edstica\" \/>\n\t\t<meta property=\"og:type\" content=\"article\" \/>\n\t\t<meta property=\"og:title\" content=\"Festa da Primavera 2025 - IAI\" \/>\n\t\t<meta property=\"og:description\" content=\"No dia 4 de abril o IAI abriu as portas para a grande festa anual \u2013 A Festa da Primavera. Este ano a nossa festa procurou espelhar os 30 anos de trabalho dedicado ao ensino das artes e pelas artes. O programa integrou mostras de trabalhos na \u00e1reas do design em geral e do design\" \/>\n\t\t<meta property=\"og:url\" content=\"http:\/\/iai.pt\/web\/arquivos\/16422\" \/>\n\t\t<meta property=\"og:image\" content=\"http:\/\/iai.pt\/web\/wp-content\/uploads\/2023\/05\/seo-logo.png\" \/>\n\t\t<meta property=\"og:image:width\" content=\"105\" \/>\n\t\t<meta property=\"og:image:height\" content=\"112\" \/>\n\t\t<meta property=\"article:published_time\" content=\"2025-04-04T09:58:20+00:00\" \/>\n\t\t<meta property=\"article:modified_time\" content=\"2025-05-02T09:59:54+00:00\" \/>\n\t\t<meta property=\"article:publisher\" content=\"https:\/\/www.facebook.com\/instituto.das.artes.imagem\" \/>\n\t\t<meta name=\"twitter:card\" content=\"summary_large_image\" \/>\n\t\t<meta name=\"twitter:title\" content=\"Festa da Primavera 2025 - IAI\" \/>\n\t\t<meta name=\"twitter:description\" content=\"No dia 4 de abril o IAI abriu as portas para a grande festa anual \u2013 A Festa da Primavera. Este ano a nossa festa procurou espelhar os 30 anos de trabalho dedicado ao ensino das artes e pelas artes. O programa integrou mostras de trabalhos na \u00e1reas do design em geral e do design\" \/>\n\t\t<meta name=\"twitter:image\" content=\"http:\/\/iai.pt\/web\/wp-content\/uploads\/2023\/05\/seo-logo.png\" \/>\n\t\t<script type=\"application\/ld+json\" class=\"aioseo-schema\">\n\t\t\t{\"@context\":\"https:\\\/\\\/schema.org\",\"@graph\":[{\"@type\":\"BlogPosting\",\"@id\":\"http:\\\/\\\/iai.pt\\\/web\\\/arquivos\\\/16422#blogposting\",\"name\":\"Festa da Primavera 2025 - IAI\",\"headline\":\"Festa da Primavera 2025\",\"author\":{\"@id\":\"http:\\\/\\\/iai.pt\\\/web\\\/arquivos\\\/author\\\/admin#author\"},\"publisher\":{\"@id\":\"http:\\\/\\\/iai.pt\\\/web\\\/#organization\"},\"image\":{\"@type\":\"ImageObject\",\"url\":\"http:\\\/\\\/iai.pt\\\/web\\\/wp-content\\\/uploads\\\/2025\\\/05\\\/WhatsApp-Image-2025-04-05-at-00.32.27.jpeg\",\"width\":1530,\"height\":2040},\"datePublished\":\"2025-04-04T10:58:20+01:00\",\"dateModified\":\"2025-05-02T10:59:54+01:00\",\"inLanguage\":\"pt-PT\",\"mainEntityOfPage\":{\"@id\":\"http:\\\/\\\/iai.pt\\\/web\\\/arquivos\\\/16422#webpage\"},\"isPartOf\":{\"@id\":\"http:\\\/\\\/iai.pt\\\/web\\\/arquivos\\\/16422#webpage\"},\"articleSection\":\"Noticias\"},{\"@type\":\"BreadcrumbList\",\"@id\":\"http:\\\/\\\/iai.pt\\\/web\\\/arquivos\\\/16422#breadcrumblist\",\"itemListElement\":[{\"@type\":\"ListItem\",\"@id\":\"http:\\\/\\\/iai.pt\\\/web#listItem\",\"position\":1,\"name\":\"In\\u00edcio\",\"item\":\"http:\\\/\\\/iai.pt\\\/web\",\"nextItem\":{\"@type\":\"ListItem\",\"@id\":\"http:\\\/\\\/iai.pt\\\/web\\\/arquivos\\\/category\\\/noticias#listItem\",\"name\":\"Noticias\"}},{\"@type\":\"ListItem\",\"@id\":\"http:\\\/\\\/iai.pt\\\/web\\\/arquivos\\\/category\\\/noticias#listItem\",\"position\":2,\"name\":\"Noticias\",\"item\":\"http:\\\/\\\/iai.pt\\\/web\\\/arquivos\\\/category\\\/noticias\",\"nextItem\":{\"@type\":\"ListItem\",\"@id\":\"http:\\\/\\\/iai.pt\\\/web\\\/arquivos\\\/16422#listItem\",\"name\":\"Festa da Primavera 2025\"},\"previousItem\":{\"@type\":\"ListItem\",\"@id\":\"http:\\\/\\\/iai.pt\\\/web#listItem\",\"name\":\"In\\u00edcio\"}},{\"@type\":\"ListItem\",\"@id\":\"http:\\\/\\\/iai.pt\\\/web\\\/arquivos\\\/16422#listItem\",\"position\":3,\"name\":\"Festa da Primavera 2025\",\"previousItem\":{\"@type\":\"ListItem\",\"@id\":\"http:\\\/\\\/iai.pt\\\/web\\\/arquivos\\\/category\\\/noticias#listItem\",\"name\":\"Noticias\"}}]},{\"@type\":\"Organization\",\"@id\":\"http:\\\/\\\/iai.pt\\\/web\\\/#organization\",\"name\":\"Instituto das Artes e da Imagem\",\"description\":\"Escola Art\\u00edstica\",\"url\":\"http:\\\/\\\/iai.pt\\\/web\\\/\",\"telephone\":\"+351222000757\",\"logo\":{\"@type\":\"ImageObject\",\"url\":\"http:\\\/\\\/iai.pt\\\/web\\\/wp-content\\\/uploads\\\/2023\\\/05\\\/seo-logo.png\",\"@id\":\"http:\\\/\\\/iai.pt\\\/web\\\/arquivos\\\/16422\\\/#organizationLogo\",\"width\":105,\"height\":112},\"image\":{\"@id\":\"http:\\\/\\\/iai.pt\\\/web\\\/arquivos\\\/16422\\\/#organizationLogo\"},\"sameAs\":[\"https:\\\/\\\/www.facebook.com\\\/instituto.das.artes.imagem\",\"https:\\\/\\\/www.instagram.com\\\/iai_escola_de_artes\\\/\",\"https:\\\/\\\/www.youtube.com\\\/iaiwebmaster\"]},{\"@type\":\"Person\",\"@id\":\"http:\\\/\\\/iai.pt\\\/web\\\/arquivos\\\/author\\\/admin#author\",\"url\":\"http:\\\/\\\/iai.pt\\\/web\\\/arquivos\\\/author\\\/admin\",\"name\":\"admin\",\"image\":{\"@type\":\"ImageObject\",\"@id\":\"http:\\\/\\\/iai.pt\\\/web\\\/arquivos\\\/16422#authorImage\",\"url\":\"https:\\\/\\\/secure.gravatar.com\\\/avatar\\\/bad9c1ed8261989cbd54cb5e8fc92988405a8dc9925b0838cc9c034113770b1e?s=96&d=mm&r=g\",\"width\":96,\"height\":96,\"caption\":\"admin\"}},{\"@type\":\"WebPage\",\"@id\":\"http:\\\/\\\/iai.pt\\\/web\\\/arquivos\\\/16422#webpage\",\"url\":\"http:\\\/\\\/iai.pt\\\/web\\\/arquivos\\\/16422\",\"name\":\"Festa da Primavera 2025 - IAI\",\"description\":\"No dia 4 de abril o IAI abriu as portas para a grande festa anual \\u2013 A Festa da Primavera. Este ano a nossa festa procurou espelhar os 30 anos de trabalho dedicado ao ensino das artes e pelas artes. O programa integrou mostras de trabalhos na \\u00e1reas do design em geral e do design\",\"inLanguage\":\"pt-PT\",\"isPartOf\":{\"@id\":\"http:\\\/\\\/iai.pt\\\/web\\\/#website\"},\"breadcrumb\":{\"@id\":\"http:\\\/\\\/iai.pt\\\/web\\\/arquivos\\\/16422#breadcrumblist\"},\"author\":{\"@id\":\"http:\\\/\\\/iai.pt\\\/web\\\/arquivos\\\/author\\\/admin#author\"},\"creator\":{\"@id\":\"http:\\\/\\\/iai.pt\\\/web\\\/arquivos\\\/author\\\/admin#author\"},\"image\":{\"@type\":\"ImageObject\",\"url\":\"http:\\\/\\\/iai.pt\\\/web\\\/wp-content\\\/uploads\\\/2025\\\/05\\\/WhatsApp-Image-2025-04-05-at-00.32.27.jpeg\",\"@id\":\"http:\\\/\\\/iai.pt\\\/web\\\/arquivos\\\/16422\\\/#mainImage\",\"width\":1530,\"height\":2040},\"primaryImageOfPage\":{\"@id\":\"http:\\\/\\\/iai.pt\\\/web\\\/arquivos\\\/16422#mainImage\"},\"datePublished\":\"2025-04-04T10:58:20+01:00\",\"dateModified\":\"2025-05-02T10:59:54+01:00\"},{\"@type\":\"WebSite\",\"@id\":\"http:\\\/\\\/iai.pt\\\/web\\\/#website\",\"url\":\"http:\\\/\\\/iai.pt\\\/web\\\/\",\"name\":\"IAI\",\"alternateName\":\"iai\",\"description\":\"Escola Art\\u00edstica\",\"inLanguage\":\"pt-PT\",\"publisher\":{\"@id\":\"http:\\\/\\\/iai.pt\\\/web\\\/#organization\"}}]}\n\t\t<\/script>\n\t\t<!-- All in One SEO -->\n\n","aioseo_head_json":{"title":"Festa da Primavera 2025 - IAI","description":"No dia 4 de abril o IAI abriu as portas para a grande festa anual \u2013 A Festa da Primavera. Este ano a nossa festa procurou espelhar os 30 anos de trabalho dedicado ao ensino das artes e pelas artes. O programa integrou mostras de trabalhos na \u00e1reas do design em geral e do design","canonical_url":"http:\/\/iai.pt\/web\/arquivos\/16422","robots":"max-image-preview:large","keywords":"","webmasterTools":{"miscellaneous":""},"schema":{"@context":"https:\/\/schema.org","@graph":[{"@type":"BlogPosting","@id":"http:\/\/iai.pt\/web\/arquivos\/16422#blogposting","name":"Festa da Primavera 2025 - IAI","headline":"Festa da Primavera 2025","author":{"@id":"http:\/\/iai.pt\/web\/arquivos\/author\/admin#author"},"publisher":{"@id":"http:\/\/iai.pt\/web\/#organization"},"image":{"@type":"ImageObject","url":"http:\/\/iai.pt\/web\/wp-content\/uploads\/2025\/05\/WhatsApp-Image-2025-04-05-at-00.32.27.jpeg","width":1530,"height":2040},"datePublished":"2025-04-04T10:58:20+01:00","dateModified":"2025-05-02T10:59:54+01:00","inLanguage":"pt-PT","mainEntityOfPage":{"@id":"http:\/\/iai.pt\/web\/arquivos\/16422#webpage"},"isPartOf":{"@id":"http:\/\/iai.pt\/web\/arquivos\/16422#webpage"},"articleSection":"Noticias"},{"@type":"BreadcrumbList","@id":"http:\/\/iai.pt\/web\/arquivos\/16422#breadcrumblist","itemListElement":[{"@type":"ListItem","@id":"http:\/\/iai.pt\/web#listItem","position":1,"name":"In\u00edcio","item":"http:\/\/iai.pt\/web","nextItem":{"@type":"ListItem","@id":"http:\/\/iai.pt\/web\/arquivos\/category\/noticias#listItem","name":"Noticias"}},{"@type":"ListItem","@id":"http:\/\/iai.pt\/web\/arquivos\/category\/noticias#listItem","position":2,"name":"Noticias","item":"http:\/\/iai.pt\/web\/arquivos\/category\/noticias","nextItem":{"@type":"ListItem","@id":"http:\/\/iai.pt\/web\/arquivos\/16422#listItem","name":"Festa da Primavera 2025"},"previousItem":{"@type":"ListItem","@id":"http:\/\/iai.pt\/web#listItem","name":"In\u00edcio"}},{"@type":"ListItem","@id":"http:\/\/iai.pt\/web\/arquivos\/16422#listItem","position":3,"name":"Festa da Primavera 2025","previousItem":{"@type":"ListItem","@id":"http:\/\/iai.pt\/web\/arquivos\/category\/noticias#listItem","name":"Noticias"}}]},{"@type":"Organization","@id":"http:\/\/iai.pt\/web\/#organization","name":"Instituto das Artes e da Imagem","description":"Escola Art\u00edstica","url":"http:\/\/iai.pt\/web\/","telephone":"+351222000757","logo":{"@type":"ImageObject","url":"http:\/\/iai.pt\/web\/wp-content\/uploads\/2023\/05\/seo-logo.png","@id":"http:\/\/iai.pt\/web\/arquivos\/16422\/#organizationLogo","width":105,"height":112},"image":{"@id":"http:\/\/iai.pt\/web\/arquivos\/16422\/#organizationLogo"},"sameAs":["https:\/\/www.facebook.com\/instituto.das.artes.imagem","https:\/\/www.instagram.com\/iai_escola_de_artes\/","https:\/\/www.youtube.com\/iaiwebmaster"]},{"@type":"Person","@id":"http:\/\/iai.pt\/web\/arquivos\/author\/admin#author","url":"http:\/\/iai.pt\/web\/arquivos\/author\/admin","name":"admin","image":{"@type":"ImageObject","@id":"http:\/\/iai.pt\/web\/arquivos\/16422#authorImage","url":"https:\/\/secure.gravatar.com\/avatar\/bad9c1ed8261989cbd54cb5e8fc92988405a8dc9925b0838cc9c034113770b1e?s=96&d=mm&r=g","width":96,"height":96,"caption":"admin"}},{"@type":"WebPage","@id":"http:\/\/iai.pt\/web\/arquivos\/16422#webpage","url":"http:\/\/iai.pt\/web\/arquivos\/16422","name":"Festa da Primavera 2025 - IAI","description":"No dia 4 de abril o IAI abriu as portas para a grande festa anual \u2013 A Festa da Primavera. Este ano a nossa festa procurou espelhar os 30 anos de trabalho dedicado ao ensino das artes e pelas artes. O programa integrou mostras de trabalhos na \u00e1reas do design em geral e do design","inLanguage":"pt-PT","isPartOf":{"@id":"http:\/\/iai.pt\/web\/#website"},"breadcrumb":{"@id":"http:\/\/iai.pt\/web\/arquivos\/16422#breadcrumblist"},"author":{"@id":"http:\/\/iai.pt\/web\/arquivos\/author\/admin#author"},"creator":{"@id":"http:\/\/iai.pt\/web\/arquivos\/author\/admin#author"},"image":{"@type":"ImageObject","url":"http:\/\/iai.pt\/web\/wp-content\/uploads\/2025\/05\/WhatsApp-Image-2025-04-05-at-00.32.27.jpeg","@id":"http:\/\/iai.pt\/web\/arquivos\/16422\/#mainImage","width":1530,"height":2040},"primaryImageOfPage":{"@id":"http:\/\/iai.pt\/web\/arquivos\/16422#mainImage"},"datePublished":"2025-04-04T10:58:20+01:00","dateModified":"2025-05-02T10:59:54+01:00"},{"@type":"WebSite","@id":"http:\/\/iai.pt\/web\/#website","url":"http:\/\/iai.pt\/web\/","name":"IAI","alternateName":"iai","description":"Escola Art\u00edstica","inLanguage":"pt-PT","publisher":{"@id":"http:\/\/iai.pt\/web\/#organization"}}]},"og:locale":"pt_PT","og:site_name":"IAI - Escola Art\u00edstica","og:type":"article","og:title":"Festa da Primavera 2025 - IAI","og:description":"No dia 4 de abril o IAI abriu as portas para a grande festa anual \u2013 A Festa da Primavera. Este ano a nossa festa procurou espelhar os 30 anos de trabalho dedicado ao ensino das artes e pelas artes. O programa integrou mostras de trabalhos na \u00e1reas do design em geral e do design","og:url":"http:\/\/iai.pt\/web\/arquivos\/16422","og:image":"http:\/\/iai.pt\/web\/wp-content\/uploads\/2023\/05\/seo-logo.png","og:image:width":105,"og:image:height":112,"article:published_time":"2025-04-04T09:58:20+00:00","article:modified_time":"2025-05-02T09:59:54+00:00","article:publisher":"https:\/\/www.facebook.com\/instituto.das.artes.imagem","twitter:card":"summary_large_image","twitter:title":"Festa da Primavera 2025 - IAI","twitter:description":"No dia 4 de abril o IAI abriu as portas para a grande festa anual \u2013 A Festa da Primavera. Este ano a nossa festa procurou espelhar os 30 anos de trabalho dedicado ao ensino das artes e pelas artes. O programa integrou mostras de trabalhos na \u00e1reas do design em geral e do design","twitter:image":"http:\/\/iai.pt\/web\/wp-content\/uploads\/2023\/05\/seo-logo.png"},"aioseo_meta_data":{"post_id":"16422","title":null,"description":null,"keywords":[],"keyphrases":{"focus":{"keyphrase":"","score":0,"analysis":{"keyphraseInTitle":{"score":0,"maxScore":9,"error":1}}},"additional":[]},"primary_term":null,"canonical_url":null,"og_title":null,"og_description":null,"og_object_type":"default","og_image_type":"default","og_image_url":null,"og_image_width":null,"og_image_height":null,"og_image_custom_url":null,"og_image_custom_fields":null,"og_video":"","og_custom_url":null,"og_article_section":null,"og_article_tags":[],"twitter_use_og":false,"twitter_card":"default","twitter_image_type":"default","twitter_image_url":null,"twitter_image_custom_url":null,"twitter_image_custom_fields":null,"twitter_title":null,"twitter_description":null,"schema":{"blockGraphs":[],"customGraphs":[],"default":{"data":{"Article":[],"Course":[],"Dataset":[],"FAQPage":[],"Movie":[],"Person":[],"Product":[],"ProductReview":[],"Car":[],"Recipe":[],"Service":[],"SoftwareApplication":[],"WebPage":[]},"graphName":"BlogPosting","isEnabled":true},"graphs":[]},"schema_type":"default","schema_type_options":null,"pillar_content":false,"robots_default":true,"robots_noindex":false,"robots_noarchive":false,"robots_nosnippet":false,"robots_nofollow":false,"robots_noimageindex":false,"robots_noodp":false,"robots_notranslate":false,"robots_max_snippet":"-1","robots_max_videopreview":"-1","robots_max_imagepreview":"large","priority":null,"frequency":"default","local_seo":null,"breadcrumb_settings":null,"limit_modified_date":false,"ai":null,"created":"2025-05-02 09:57:03","updated":"2025-06-09 21:58:32","seo_analyzer_scan_date":null},"aioseo_breadcrumb":"<div class=\"aioseo-breadcrumbs\"><span class=\"aioseo-breadcrumb\">\n\t\t\t<a href=\"http:\/\/iai.pt\/web\" title=\"In\u00edcio\">In\u00edcio<\/a>\n\t\t<\/span><span class=\"aioseo-breadcrumb-separator\">\u00bb<\/span><span class=\"aioseo-breadcrumb\">\n\t\t\t<a href=\"http:\/\/iai.pt\/web\/arquivos\/category\/noticias\" title=\"Noticias\">Noticias<\/a>\n\t\t<\/span><span class=\"aioseo-breadcrumb-separator\">\u00bb<\/span><span class=\"aioseo-breadcrumb\">\n\t\t\tFesta da Primavera 2025\n\t\t<\/span><\/div>","aioseo_breadcrumb_json":[{"label":"In\u00edcio","link":"http:\/\/iai.pt\/web"},{"label":"Noticias","link":"http:\/\/iai.pt\/web\/arquivos\/category\/noticias"},{"label":"Festa da Primavera 2025","link":"http:\/\/iai.pt\/web\/arquivos\/16422"}],"_links":{"self":[{"href":"http:\/\/iai.pt\/web\/wp-json\/wp\/v2\/posts\/16422","targetHints":{"allow":["GET"]}}],"collection":[{"href":"http:\/\/iai.pt\/web\/wp-json\/wp\/v2\/posts"}],"about":[{"href":"http:\/\/iai.pt\/web\/wp-json\/wp\/v2\/types\/post"}],"author":[{"embeddable":true,"href":"http:\/\/iai.pt\/web\/wp-json\/wp\/v2\/users\/1"}],"replies":[{"embeddable":true,"href":"http:\/\/iai.pt\/web\/wp-json\/wp\/v2\/comments?post=16422"}],"version-history":[{"count":2,"href":"http:\/\/iai.pt\/web\/wp-json\/wp\/v2\/posts\/16422\/revisions"}],"predecessor-version":[{"id":16425,"href":"http:\/\/iai.pt\/web\/wp-json\/wp\/v2\/posts\/16422\/revisions\/16425"}],"wp:featuredmedia":[{"embeddable":true,"href":"http:\/\/iai.pt\/web\/wp-json\/wp\/v2\/media\/16421"}],"wp:attachment":[{"href":"http:\/\/iai.pt\/web\/wp-json\/wp\/v2\/media?parent=16422"}],"wp:term":[{"taxonomy":"category","embeddable":true,"href":"http:\/\/iai.pt\/web\/wp-json\/wp\/v2\/categories?post=16422"},{"taxonomy":"post_tag","embeddable":true,"href":"http:\/\/iai.pt\/web\/wp-json\/wp\/v2\/tags?post=16422"}],"curies":[{"name":"wp","href":"https:\/\/api.w.org\/{rel}","templated":true}]}}