{"id":16434,"date":"2025-04-09T11:15:43","date_gmt":"2025-04-09T10:15:43","guid":{"rendered":"https:\/\/iai.pt\/web\/?p=16434"},"modified":"2025-05-02T11:17:02","modified_gmt":"2025-05-02T10:17:02","slug":"oficinas-de-preparacao-erasmus","status":"publish","type":"post","link":"http:\/\/iai.pt\/web\/arquivos\/16434","title":{"rendered":"Oficinas de Prepara\u00e7\u00e3o \u2014 Erasmus+"},"content":{"rendered":"<p>[et_pb_section fb_built=&#8221;1&#8243; _builder_version=&#8221;4.23.4&#8243; _module_preset=&#8221;default&#8221; global_colors_info=&#8221;{}&#8221; theme_builder_area=&#8221;post_content&#8221;][et_pb_row _builder_version=&#8221;4.23.4&#8243; _module_preset=&#8221;default&#8221; global_colors_info=&#8221;{}&#8221; theme_builder_area=&#8221;post_content&#8221;][et_pb_column type=&#8221;4_4&#8243; _builder_version=&#8221;4.23.4&#8243; _module_preset=&#8221;default&#8221; global_colors_info=&#8221;{}&#8221; theme_builder_area=&#8221;post_content&#8221;][et_pb_text _builder_version=&#8221;4.23.4&#8243; _module_preset=&#8221;default&#8221; global_colors_info=&#8221;{}&#8221; theme_builder_area=&#8221;post_content&#8221;]<\/p>\n<div class=\"\" data-block=\"true\" data-editor=\"5g3e9\" data-offset-key=\"c03au-0-0\">\n<div data-offset-key=\"c03au-0-0\" class=\"_1mf _1mj\">\n<div class=\"\" data-block=\"true\" data-editor=\"60bkn\" data-offset-key=\"9j394-0-0\">\n<div data-offset-key=\"9j394-0-0\" class=\"_1mf _1mj\">\n<div class=\"\" data-block=\"true\" data-editor=\"80o6a\" data-offset-key=\"cm5cj-0-0\">\n<div data-offset-key=\"cm5cj-0-0\" class=\"_1mf _1mj\">\n<div class=\"\" data-block=\"true\" data-editor=\"5g3e9\" data-offset-key=\"c03au-0-0\">\n<div data-offset-key=\"c03au-0-0\" class=\"_1mf _1mj\">\n<div class=\"\" data-block=\"true\" data-editor=\"60bkn\" data-offset-key=\"9j394-0-0\">\n<div data-offset-key=\"9j394-0-0\" class=\"_1mf _1mj\">\n<div class=\"\" data-block=\"true\" data-editor=\"80o6a\" data-offset-key=\"cm5cj-0-0\">\n<div data-offset-key=\"cm5cj-0-0\" class=\"_1mf _1mj\">\n<p><span style=\"font-weight: 400;\">No \u00e2mbito das pr\u00e1ticas de prepara\u00e7\u00e3o da Mobilidade Erasmus+ e do envolvimento dos alunos na constru\u00e7\u00e3o do Europass apreciou-se que seria uma mais valia os alunos\u00a0 desenvolverem uma prepara\u00e7\u00e3o pr\u00e9via no IAI permitindo aos alunos, por um lado, criarem uma din\u00e2mica de grupo antes da mobilidade e, por outro, apoiarem no desenvolvimento de um conjunto de iniciativas (oficinas art\u00edsticas, feiras de divulga\u00e7\u00e3o, atividades de apoio log\u00edstico) designadamente oficinas preparat\u00f3rias como a Oficinas em Manuseamento de Drone, que os alunos puderam ter contacto com mais esta aprendizagem e compet\u00eancias que lhe poder\u00e1 ser \u00fatil em contexto real de est\u00e1gio.<\/span><\/p>\n<\/div>\n<\/div>\n<\/div>\n<\/div>\n<\/div>\n<\/div>\n<\/div>\n<\/div>\n<\/div>\n<\/div>\n<\/div>\n<\/div>\n<div class=\"\" data-block=\"true\" data-editor=\"5g3e9\" data-offset-key=\"8knvv-0-0\"><\/div>\n<p>[\/et_pb_text][\/et_pb_column][\/et_pb_row][et_pb_row _builder_version=&#8221;4.23.4&#8243; _module_preset=&#8221;default&#8221; global_colors_info=&#8221;{}&#8221; theme_builder_area=&#8221;post_content&#8221;][et_pb_column type=&#8221;4_4&#8243; _builder_version=&#8221;4.23.4&#8243; _module_preset=&#8221;default&#8221; global_colors_info=&#8221;{}&#8221; theme_builder_area=&#8221;post_content&#8221;][et_pb_image src=&#8221;http:\/\/iai.pt\/web\/wp-content\/uploads\/2025\/05\/20250409_143858-scaled.jpg&#8221; title_text=&#8221;20250409_143858&#8243; _builder_version=&#8221;4.23.4&#8243; _module_preset=&#8221;default&#8221; hover_enabled=&#8221;0&#8243; global_colors_info=&#8221;{}&#8221; theme_builder_area=&#8221;post_content&#8221; sticky_enabled=&#8221;0&#8243;][\/et_pb_image][\/et_pb_column][\/et_pb_row][\/et_pb_section]<\/p>\n","protected":false},"excerpt":{"rendered":"<p>No \u00e2mbito das pr\u00e1ticas de prepara\u00e7\u00e3o da Mobilidade Erasmus+ e do envolvimento dos alunos na constru\u00e7\u00e3o do Europass apreciou-se que seria uma mais valia os alunos\u00a0 desenvolverem uma prepara\u00e7\u00e3o pr\u00e9via no IAI permitindo aos alunos, por um lado, criarem uma din\u00e2mica de grupo antes da mobilidade e, por outro, apoiarem no desenvolvimento de um conjunto [&hellip;]<\/p>\n","protected":false},"author":1,"featured_media":16433,"comment_status":"open","ping_status":"open","sticky":false,"template":"","format":"standard","meta":{"_et_pb_use_builder":"on","_et_pb_old_content":"","_et_gb_content_width":"","footnotes":"","_members_access_role":[],"_members_access_error":""},"categories":[60],"tags":[],"class_list":["post-16434","post","type-post","status-publish","format-standard","has-post-thumbnail","hentry","category-noticias"],"aioseo_notices":[],"aioseo_head":"\n\t\t<!-- All in One SEO 4.9.10 - aioseo.com -->\n\t<meta name=\"description\" content=\"No \u00e2mbito das pr\u00e1ticas de prepara\u00e7\u00e3o da Mobilidade Erasmus+ e do envolvimento dos alunos na constru\u00e7\u00e3o do Europass apreciou-se que seria uma mais valia os alunos desenvolverem uma prepara\u00e7\u00e3o pr\u00e9via no IAI permitindo aos alunos, por um lado, criarem uma din\u00e2mica de grupo antes da mobilidade e, por outro, apoiarem no desenvolvimento de um conjunto\" \/>\n\t<meta name=\"robots\" content=\"max-image-preview:large\" \/>\n\t<meta name=\"author\" content=\"admin\"\/>\n\t<link rel=\"canonical\" href=\"http:\/\/iai.pt\/web\/arquivos\/16434\" \/>\n\t<meta name=\"generator\" content=\"All in One SEO (AIOSEO) 4.9.10\" \/>\n\t\t<meta property=\"og:locale\" content=\"pt_PT\" \/>\n\t\t<meta property=\"og:site_name\" content=\"IAI - Escola Art\u00edstica\" \/>\n\t\t<meta property=\"og:type\" content=\"article\" \/>\n\t\t<meta property=\"og:title\" content=\"Oficinas de Prepara\u00e7\u00e3o \u2014 Erasmus+ - IAI\" \/>\n\t\t<meta property=\"og:description\" content=\"No \u00e2mbito das pr\u00e1ticas de prepara\u00e7\u00e3o da Mobilidade Erasmus+ e do envolvimento dos alunos na constru\u00e7\u00e3o do Europass apreciou-se que seria uma mais valia os alunos desenvolverem uma prepara\u00e7\u00e3o pr\u00e9via no IAI permitindo aos alunos, por um lado, criarem uma din\u00e2mica de grupo antes da mobilidade e, por outro, apoiarem no desenvolvimento de um conjunto\" \/>\n\t\t<meta property=\"og:url\" content=\"http:\/\/iai.pt\/web\/arquivos\/16434\" \/>\n\t\t<meta property=\"og:image\" content=\"http:\/\/iai.pt\/web\/wp-content\/uploads\/2023\/05\/seo-logo.png\" \/>\n\t\t<meta property=\"og:image:width\" content=\"105\" \/>\n\t\t<meta property=\"og:image:height\" content=\"112\" \/>\n\t\t<meta property=\"article:published_time\" content=\"2025-04-09T10:15:43+00:00\" \/>\n\t\t<meta property=\"article:modified_time\" content=\"2025-05-02T10:17:02+00:00\" \/>\n\t\t<meta property=\"article:publisher\" content=\"https:\/\/www.facebook.com\/instituto.das.artes.imagem\" \/>\n\t\t<meta name=\"twitter:card\" content=\"summary_large_image\" \/>\n\t\t<meta name=\"twitter:title\" content=\"Oficinas de Prepara\u00e7\u00e3o \u2014 Erasmus+ - IAI\" \/>\n\t\t<meta name=\"twitter:description\" content=\"No \u00e2mbito das pr\u00e1ticas de prepara\u00e7\u00e3o da Mobilidade Erasmus+ e do envolvimento dos alunos na constru\u00e7\u00e3o do Europass apreciou-se que seria uma mais valia os alunos desenvolverem uma prepara\u00e7\u00e3o pr\u00e9via no IAI permitindo aos alunos, por um lado, criarem uma din\u00e2mica de grupo antes da mobilidade e, por outro, apoiarem no desenvolvimento de um conjunto\" \/>\n\t\t<meta name=\"twitter:image\" content=\"http:\/\/iai.pt\/web\/wp-content\/uploads\/2023\/05\/seo-logo.png\" \/>\n\t\t<script type=\"application\/ld+json\" class=\"aioseo-schema\">\n\t\t\t{\"@context\":\"https:\\\/\\\/schema.org\",\"@graph\":[{\"@type\":\"BlogPosting\",\"@id\":\"http:\\\/\\\/iai.pt\\\/web\\\/arquivos\\\/16434#blogposting\",\"name\":\"Oficinas de Prepara\\u00e7\\u00e3o \\u2014 Erasmus+ - IAI\",\"headline\":\"Oficinas de Prepara\\u00e7\\u00e3o \\u2014 Erasmus+\",\"author\":{\"@id\":\"http:\\\/\\\/iai.pt\\\/web\\\/arquivos\\\/author\\\/admin#author\"},\"publisher\":{\"@id\":\"http:\\\/\\\/iai.pt\\\/web\\\/#organization\"},\"image\":{\"@type\":\"ImageObject\",\"url\":\"http:\\\/\\\/iai.pt\\\/web\\\/wp-content\\\/uploads\\\/2025\\\/05\\\/20250409_143858-scaled.jpg\",\"width\":2560,\"height\":1152},\"datePublished\":\"2025-04-09T11:15:43+01:00\",\"dateModified\":\"2025-05-02T11:17:02+01:00\",\"inLanguage\":\"pt-PT\",\"mainEntityOfPage\":{\"@id\":\"http:\\\/\\\/iai.pt\\\/web\\\/arquivos\\\/16434#webpage\"},\"isPartOf\":{\"@id\":\"http:\\\/\\\/iai.pt\\\/web\\\/arquivos\\\/16434#webpage\"},\"articleSection\":\"Noticias\"},{\"@type\":\"BreadcrumbList\",\"@id\":\"http:\\\/\\\/iai.pt\\\/web\\\/arquivos\\\/16434#breadcrumblist\",\"itemListElement\":[{\"@type\":\"ListItem\",\"@id\":\"http:\\\/\\\/iai.pt\\\/web#listItem\",\"position\":1,\"name\":\"In\\u00edcio\",\"item\":\"http:\\\/\\\/iai.pt\\\/web\",\"nextItem\":{\"@type\":\"ListItem\",\"@id\":\"http:\\\/\\\/iai.pt\\\/web\\\/arquivos\\\/category\\\/noticias#listItem\",\"name\":\"Noticias\"}},{\"@type\":\"ListItem\",\"@id\":\"http:\\\/\\\/iai.pt\\\/web\\\/arquivos\\\/category\\\/noticias#listItem\",\"position\":2,\"name\":\"Noticias\",\"item\":\"http:\\\/\\\/iai.pt\\\/web\\\/arquivos\\\/category\\\/noticias\",\"nextItem\":{\"@type\":\"ListItem\",\"@id\":\"http:\\\/\\\/iai.pt\\\/web\\\/arquivos\\\/16434#listItem\",\"name\":\"Oficinas de Prepara\\u00e7\\u00e3o \\u2014 Erasmus+\"},\"previousItem\":{\"@type\":\"ListItem\",\"@id\":\"http:\\\/\\\/iai.pt\\\/web#listItem\",\"name\":\"In\\u00edcio\"}},{\"@type\":\"ListItem\",\"@id\":\"http:\\\/\\\/iai.pt\\\/web\\\/arquivos\\\/16434#listItem\",\"position\":3,\"name\":\"Oficinas de Prepara\\u00e7\\u00e3o \\u2014 Erasmus+\",\"previousItem\":{\"@type\":\"ListItem\",\"@id\":\"http:\\\/\\\/iai.pt\\\/web\\\/arquivos\\\/category\\\/noticias#listItem\",\"name\":\"Noticias\"}}]},{\"@type\":\"Organization\",\"@id\":\"http:\\\/\\\/iai.pt\\\/web\\\/#organization\",\"name\":\"Instituto das Artes e da Imagem\",\"description\":\"Escola Art\\u00edstica\",\"url\":\"http:\\\/\\\/iai.pt\\\/web\\\/\",\"telephone\":\"+351222000757\",\"logo\":{\"@type\":\"ImageObject\",\"url\":\"http:\\\/\\\/iai.pt\\\/web\\\/wp-content\\\/uploads\\\/2023\\\/05\\\/seo-logo.png\",\"@id\":\"http:\\\/\\\/iai.pt\\\/web\\\/arquivos\\\/16434\\\/#organizationLogo\",\"width\":105,\"height\":112},\"image\":{\"@id\":\"http:\\\/\\\/iai.pt\\\/web\\\/arquivos\\\/16434\\\/#organizationLogo\"},\"sameAs\":[\"https:\\\/\\\/www.facebook.com\\\/instituto.das.artes.imagem\",\"https:\\\/\\\/www.instagram.com\\\/iai_escola_de_artes\\\/\",\"https:\\\/\\\/www.youtube.com\\\/iaiwebmaster\"]},{\"@type\":\"Person\",\"@id\":\"http:\\\/\\\/iai.pt\\\/web\\\/arquivos\\\/author\\\/admin#author\",\"url\":\"http:\\\/\\\/iai.pt\\\/web\\\/arquivos\\\/author\\\/admin\",\"name\":\"admin\",\"image\":{\"@type\":\"ImageObject\",\"@id\":\"http:\\\/\\\/iai.pt\\\/web\\\/arquivos\\\/16434#authorImage\",\"url\":\"https:\\\/\\\/secure.gravatar.com\\\/avatar\\\/bad9c1ed8261989cbd54cb5e8fc92988405a8dc9925b0838cc9c034113770b1e?s=96&d=mm&r=g\",\"width\":96,\"height\":96,\"caption\":\"admin\"}},{\"@type\":\"WebPage\",\"@id\":\"http:\\\/\\\/iai.pt\\\/web\\\/arquivos\\\/16434#webpage\",\"url\":\"http:\\\/\\\/iai.pt\\\/web\\\/arquivos\\\/16434\",\"name\":\"Oficinas de Prepara\\u00e7\\u00e3o \\u2014 Erasmus+ - IAI\",\"description\":\"No \\u00e2mbito das pr\\u00e1ticas de prepara\\u00e7\\u00e3o da Mobilidade Erasmus+ e do envolvimento dos alunos na constru\\u00e7\\u00e3o do Europass apreciou-se que seria uma mais valia os alunos desenvolverem uma prepara\\u00e7\\u00e3o pr\\u00e9via no IAI permitindo aos alunos, por um lado, criarem uma din\\u00e2mica de grupo antes da mobilidade e, por outro, apoiarem no desenvolvimento de um conjunto\",\"inLanguage\":\"pt-PT\",\"isPartOf\":{\"@id\":\"http:\\\/\\\/iai.pt\\\/web\\\/#website\"},\"breadcrumb\":{\"@id\":\"http:\\\/\\\/iai.pt\\\/web\\\/arquivos\\\/16434#breadcrumblist\"},\"author\":{\"@id\":\"http:\\\/\\\/iai.pt\\\/web\\\/arquivos\\\/author\\\/admin#author\"},\"creator\":{\"@id\":\"http:\\\/\\\/iai.pt\\\/web\\\/arquivos\\\/author\\\/admin#author\"},\"image\":{\"@type\":\"ImageObject\",\"url\":\"http:\\\/\\\/iai.pt\\\/web\\\/wp-content\\\/uploads\\\/2025\\\/05\\\/20250409_143858-scaled.jpg\",\"@id\":\"http:\\\/\\\/iai.pt\\\/web\\\/arquivos\\\/16434\\\/#mainImage\",\"width\":2560,\"height\":1152},\"primaryImageOfPage\":{\"@id\":\"http:\\\/\\\/iai.pt\\\/web\\\/arquivos\\\/16434#mainImage\"},\"datePublished\":\"2025-04-09T11:15:43+01:00\",\"dateModified\":\"2025-05-02T11:17:02+01:00\"},{\"@type\":\"WebSite\",\"@id\":\"http:\\\/\\\/iai.pt\\\/web\\\/#website\",\"url\":\"http:\\\/\\\/iai.pt\\\/web\\\/\",\"name\":\"IAI\",\"alternateName\":\"iai\",\"description\":\"Escola Art\\u00edstica\",\"inLanguage\":\"pt-PT\",\"publisher\":{\"@id\":\"http:\\\/\\\/iai.pt\\\/web\\\/#organization\"}}]}\n\t\t<\/script>\n\t\t<!-- All in One SEO -->\n\n","aioseo_head_json":{"title":"Oficinas de Prepara\u00e7\u00e3o \u2014 Erasmus+ - IAI","description":"No \u00e2mbito das pr\u00e1ticas de prepara\u00e7\u00e3o da Mobilidade Erasmus+ e do envolvimento dos alunos na constru\u00e7\u00e3o do Europass apreciou-se que seria uma mais valia os alunos desenvolverem uma prepara\u00e7\u00e3o pr\u00e9via no IAI permitindo aos alunos, por um lado, criarem uma din\u00e2mica de grupo antes da mobilidade e, por outro, apoiarem no desenvolvimento de um conjunto","canonical_url":"http:\/\/iai.pt\/web\/arquivos\/16434","robots":"max-image-preview:large","keywords":"","webmasterTools":{"miscellaneous":""},"schema":{"@context":"https:\/\/schema.org","@graph":[{"@type":"BlogPosting","@id":"http:\/\/iai.pt\/web\/arquivos\/16434#blogposting","name":"Oficinas de Prepara\u00e7\u00e3o \u2014 Erasmus+ - IAI","headline":"Oficinas de Prepara\u00e7\u00e3o \u2014 Erasmus+","author":{"@id":"http:\/\/iai.pt\/web\/arquivos\/author\/admin#author"},"publisher":{"@id":"http:\/\/iai.pt\/web\/#organization"},"image":{"@type":"ImageObject","url":"http:\/\/iai.pt\/web\/wp-content\/uploads\/2025\/05\/20250409_143858-scaled.jpg","width":2560,"height":1152},"datePublished":"2025-04-09T11:15:43+01:00","dateModified":"2025-05-02T11:17:02+01:00","inLanguage":"pt-PT","mainEntityOfPage":{"@id":"http:\/\/iai.pt\/web\/arquivos\/16434#webpage"},"isPartOf":{"@id":"http:\/\/iai.pt\/web\/arquivos\/16434#webpage"},"articleSection":"Noticias"},{"@type":"BreadcrumbList","@id":"http:\/\/iai.pt\/web\/arquivos\/16434#breadcrumblist","itemListElement":[{"@type":"ListItem","@id":"http:\/\/iai.pt\/web#listItem","position":1,"name":"In\u00edcio","item":"http:\/\/iai.pt\/web","nextItem":{"@type":"ListItem","@id":"http:\/\/iai.pt\/web\/arquivos\/category\/noticias#listItem","name":"Noticias"}},{"@type":"ListItem","@id":"http:\/\/iai.pt\/web\/arquivos\/category\/noticias#listItem","position":2,"name":"Noticias","item":"http:\/\/iai.pt\/web\/arquivos\/category\/noticias","nextItem":{"@type":"ListItem","@id":"http:\/\/iai.pt\/web\/arquivos\/16434#listItem","name":"Oficinas de Prepara\u00e7\u00e3o \u2014 Erasmus+"},"previousItem":{"@type":"ListItem","@id":"http:\/\/iai.pt\/web#listItem","name":"In\u00edcio"}},{"@type":"ListItem","@id":"http:\/\/iai.pt\/web\/arquivos\/16434#listItem","position":3,"name":"Oficinas de Prepara\u00e7\u00e3o \u2014 Erasmus+","previousItem":{"@type":"ListItem","@id":"http:\/\/iai.pt\/web\/arquivos\/category\/noticias#listItem","name":"Noticias"}}]},{"@type":"Organization","@id":"http:\/\/iai.pt\/web\/#organization","name":"Instituto das Artes e da Imagem","description":"Escola Art\u00edstica","url":"http:\/\/iai.pt\/web\/","telephone":"+351222000757","logo":{"@type":"ImageObject","url":"http:\/\/iai.pt\/web\/wp-content\/uploads\/2023\/05\/seo-logo.png","@id":"http:\/\/iai.pt\/web\/arquivos\/16434\/#organizationLogo","width":105,"height":112},"image":{"@id":"http:\/\/iai.pt\/web\/arquivos\/16434\/#organizationLogo"},"sameAs":["https:\/\/www.facebook.com\/instituto.das.artes.imagem","https:\/\/www.instagram.com\/iai_escola_de_artes\/","https:\/\/www.youtube.com\/iaiwebmaster"]},{"@type":"Person","@id":"http:\/\/iai.pt\/web\/arquivos\/author\/admin#author","url":"http:\/\/iai.pt\/web\/arquivos\/author\/admin","name":"admin","image":{"@type":"ImageObject","@id":"http:\/\/iai.pt\/web\/arquivos\/16434#authorImage","url":"https:\/\/secure.gravatar.com\/avatar\/bad9c1ed8261989cbd54cb5e8fc92988405a8dc9925b0838cc9c034113770b1e?s=96&d=mm&r=g","width":96,"height":96,"caption":"admin"}},{"@type":"WebPage","@id":"http:\/\/iai.pt\/web\/arquivos\/16434#webpage","url":"http:\/\/iai.pt\/web\/arquivos\/16434","name":"Oficinas de Prepara\u00e7\u00e3o \u2014 Erasmus+ - IAI","description":"No \u00e2mbito das pr\u00e1ticas de prepara\u00e7\u00e3o da Mobilidade Erasmus+ e do envolvimento dos alunos na constru\u00e7\u00e3o do Europass apreciou-se que seria uma mais valia os alunos desenvolverem uma prepara\u00e7\u00e3o pr\u00e9via no IAI permitindo aos alunos, por um lado, criarem uma din\u00e2mica de grupo antes da mobilidade e, por outro, apoiarem no desenvolvimento de um conjunto","inLanguage":"pt-PT","isPartOf":{"@id":"http:\/\/iai.pt\/web\/#website"},"breadcrumb":{"@id":"http:\/\/iai.pt\/web\/arquivos\/16434#breadcrumblist"},"author":{"@id":"http:\/\/iai.pt\/web\/arquivos\/author\/admin#author"},"creator":{"@id":"http:\/\/iai.pt\/web\/arquivos\/author\/admin#author"},"image":{"@type":"ImageObject","url":"http:\/\/iai.pt\/web\/wp-content\/uploads\/2025\/05\/20250409_143858-scaled.jpg","@id":"http:\/\/iai.pt\/web\/arquivos\/16434\/#mainImage","width":2560,"height":1152},"primaryImageOfPage":{"@id":"http:\/\/iai.pt\/web\/arquivos\/16434#mainImage"},"datePublished":"2025-04-09T11:15:43+01:00","dateModified":"2025-05-02T11:17:02+01:00"},{"@type":"WebSite","@id":"http:\/\/iai.pt\/web\/#website","url":"http:\/\/iai.pt\/web\/","name":"IAI","alternateName":"iai","description":"Escola Art\u00edstica","inLanguage":"pt-PT","publisher":{"@id":"http:\/\/iai.pt\/web\/#organization"}}]},"og:locale":"pt_PT","og:site_name":"IAI - Escola Art\u00edstica","og:type":"article","og:title":"Oficinas de Prepara\u00e7\u00e3o \u2014 Erasmus+ - IAI","og:description":"No \u00e2mbito das pr\u00e1ticas de prepara\u00e7\u00e3o da Mobilidade Erasmus+ e do envolvimento dos alunos na constru\u00e7\u00e3o do Europass apreciou-se que seria uma mais valia os alunos desenvolverem uma prepara\u00e7\u00e3o pr\u00e9via no IAI permitindo aos alunos, por um lado, criarem uma din\u00e2mica de grupo antes da mobilidade e, por outro, apoiarem no desenvolvimento de um conjunto","og:url":"http:\/\/iai.pt\/web\/arquivos\/16434","og:image":"http:\/\/iai.pt\/web\/wp-content\/uploads\/2023\/05\/seo-logo.png","og:image:width":105,"og:image:height":112,"article:published_time":"2025-04-09T10:15:43+00:00","article:modified_time":"2025-05-02T10:17:02+00:00","article:publisher":"https:\/\/www.facebook.com\/instituto.das.artes.imagem","twitter:card":"summary_large_image","twitter:title":"Oficinas de Prepara\u00e7\u00e3o \u2014 Erasmus+ - IAI","twitter:description":"No \u00e2mbito das pr\u00e1ticas de prepara\u00e7\u00e3o da Mobilidade Erasmus+ e do envolvimento dos alunos na constru\u00e7\u00e3o do Europass apreciou-se que seria uma mais valia os alunos desenvolverem uma prepara\u00e7\u00e3o pr\u00e9via no IAI permitindo aos alunos, por um lado, criarem uma din\u00e2mica de grupo antes da mobilidade e, por outro, apoiarem no desenvolvimento de um conjunto","twitter:image":"http:\/\/iai.pt\/web\/wp-content\/uploads\/2023\/05\/seo-logo.png"},"aioseo_meta_data":{"post_id":"16434","title":null,"description":null,"keywords":[],"keyphrases":{"focus":{"keyphrase":"","score":0,"analysis":{"keyphraseInTitle":{"score":0,"maxScore":9,"error":1}}},"additional":[]},"primary_term":null,"canonical_url":null,"og_title":null,"og_description":null,"og_object_type":"default","og_image_type":"default","og_image_url":null,"og_image_width":null,"og_image_height":null,"og_image_custom_url":null,"og_image_custom_fields":null,"og_video":"","og_custom_url":null,"og_article_section":null,"og_article_tags":[],"twitter_use_og":false,"twitter_card":"default","twitter_image_type":"default","twitter_image_url":null,"twitter_image_custom_url":null,"twitter_image_custom_fields":null,"twitter_title":null,"twitter_description":null,"schema":{"blockGraphs":[],"customGraphs":[],"default":{"data":{"Article":[],"Course":[],"Dataset":[],"FAQPage":[],"Movie":[],"Person":[],"Product":[],"ProductReview":[],"Car":[],"Recipe":[],"Service":[],"SoftwareApplication":[],"WebPage":[]},"graphName":"BlogPosting","isEnabled":true},"graphs":[]},"schema_type":"default","schema_type_options":null,"pillar_content":false,"robots_default":true,"robots_noindex":false,"robots_noarchive":false,"robots_nosnippet":false,"robots_nofollow":false,"robots_noimageindex":false,"robots_noodp":false,"robots_notranslate":false,"robots_max_snippet":"-1","robots_max_videopreview":"-1","robots_max_imagepreview":"large","priority":null,"frequency":"default","local_seo":null,"breadcrumb_settings":null,"limit_modified_date":false,"ai":null,"created":"2025-05-02 10:16:19","updated":"2025-06-09 21:58:32","seo_analyzer_scan_date":null},"aioseo_breadcrumb":"<div class=\"aioseo-breadcrumbs\"><span class=\"aioseo-breadcrumb\">\n\t\t\t<a href=\"http:\/\/iai.pt\/web\" title=\"In\u00edcio\">In\u00edcio<\/a>\n\t\t<\/span><span class=\"aioseo-breadcrumb-separator\">\u00bb<\/span><span class=\"aioseo-breadcrumb\">\n\t\t\t<a href=\"http:\/\/iai.pt\/web\/arquivos\/category\/noticias\" title=\"Noticias\">Noticias<\/a>\n\t\t<\/span><span class=\"aioseo-breadcrumb-separator\">\u00bb<\/span><span class=\"aioseo-breadcrumb\">\n\t\t\tOficinas de Prepara\u00e7\u00e3o \u2014 Erasmus+\n\t\t<\/span><\/div>","aioseo_breadcrumb_json":[{"label":"In\u00edcio","link":"http:\/\/iai.pt\/web"},{"label":"Noticias","link":"http:\/\/iai.pt\/web\/arquivos\/category\/noticias"},{"label":"Oficinas de Prepara\u00e7\u00e3o \u2014 Erasmus+","link":"http:\/\/iai.pt\/web\/arquivos\/16434"}],"_links":{"self":[{"href":"http:\/\/iai.pt\/web\/wp-json\/wp\/v2\/posts\/16434","targetHints":{"allow":["GET"]}}],"collection":[{"href":"http:\/\/iai.pt\/web\/wp-json\/wp\/v2\/posts"}],"about":[{"href":"http:\/\/iai.pt\/web\/wp-json\/wp\/v2\/types\/post"}],"author":[{"embeddable":true,"href":"http:\/\/iai.pt\/web\/wp-json\/wp\/v2\/users\/1"}],"replies":[{"embeddable":true,"href":"http:\/\/iai.pt\/web\/wp-json\/wp\/v2\/comments?post=16434"}],"version-history":[{"count":1,"href":"http:\/\/iai.pt\/web\/wp-json\/wp\/v2\/posts\/16434\/revisions"}],"predecessor-version":[{"id":16435,"href":"http:\/\/iai.pt\/web\/wp-json\/wp\/v2\/posts\/16434\/revisions\/16435"}],"wp:featuredmedia":[{"embeddable":true,"href":"http:\/\/iai.pt\/web\/wp-json\/wp\/v2\/media\/16433"}],"wp:attachment":[{"href":"http:\/\/iai.pt\/web\/wp-json\/wp\/v2\/media?parent=16434"}],"wp:term":[{"taxonomy":"category","embeddable":true,"href":"http:\/\/iai.pt\/web\/wp-json\/wp\/v2\/categories?post=16434"},{"taxonomy":"post_tag","embeddable":true,"href":"http:\/\/iai.pt\/web\/wp-json\/wp\/v2\/tags?post=16434"}],"curies":[{"name":"wp","href":"https:\/\/api.w.org\/{rel}","templated":true}]}}