{"id":16472,"date":"2025-05-02T10:41:16","date_gmt":"2025-05-02T09:41:16","guid":{"rendered":"https:\/\/iai.pt\/web\/?p=16472"},"modified":"2025-05-07T10:43:24","modified_gmt":"2025-05-07T09:43:24","slug":"a-conversa-com-carlos-coelho-costa-realizador-e-produtor-de-cinema-e-televisao","status":"publish","type":"post","link":"http:\/\/iai.pt\/web\/arquivos\/16472","title":{"rendered":"\u00c0 Conversa com\u2026 Carlos Coelho Costa, Realizador e Produtor de Cinema e Televis\u00e3o"},"content":{"rendered":"<p>[et_pb_section fb_built=&#8221;1&#8243; _builder_version=&#8221;4.23.4&#8243; _module_preset=&#8221;default&#8221; global_colors_info=&#8221;{}&#8221; theme_builder_area=&#8221;post_content&#8221;][et_pb_row _builder_version=&#8221;4.23.4&#8243; _module_preset=&#8221;default&#8221; global_colors_info=&#8221;{}&#8221; theme_builder_area=&#8221;post_content&#8221;][et_pb_column type=&#8221;4_4&#8243; _builder_version=&#8221;4.23.4&#8243; _module_preset=&#8221;default&#8221; global_colors_info=&#8221;{}&#8221; theme_builder_area=&#8221;post_content&#8221;][et_pb_text _builder_version=&#8221;4.23.4&#8243; _module_preset=&#8221;default&#8221; global_colors_info=&#8221;{}&#8221; theme_builder_area=&#8221;post_content&#8221;]<\/p>\n<div class=\"\" data-block=\"true\" data-editor=\"5g3e9\" data-offset-key=\"c03au-0-0\">\n<div data-offset-key=\"c03au-0-0\" class=\"_1mf _1mj\">\n<div class=\"\" data-block=\"true\" data-editor=\"60bkn\" data-offset-key=\"9j394-0-0\">\n<div data-offset-key=\"9j394-0-0\" class=\"_1mf _1mj\">\n<div class=\"\" data-block=\"true\" data-editor=\"80o6a\" data-offset-key=\"cm5cj-0-0\">\n<div data-offset-key=\"cm5cj-0-0\" class=\"_1mf _1mj\">\n<p><span style=\"font-weight: 400;\">O Ciclo<\/span><b> A Conversa Com\u2026 <\/b><span style=\"font-weight: 400;\">continua neste 3.\u00ba per\u00edodo repleto de personalidades e profissionais que se associam ao projeto IAI para partilhar, com os alunos, experi\u00eancias profissionais e art\u00edsticas que, em muito, refor\u00e7am o processo de ensino e aprendizagem.<\/span><\/p>\n<p><span style=\"font-weight: 400;\">O ciclo retomou com a grandiosa e cativante partilha do\u00a0 <\/span><b>Realizador e produtor de Cinema e Televis\u00e3o Carlos Coelho Costa <\/b><span style=\"font-weight: 400;\">que, generosamente, acedeu ao nosso convite para falar com os alunos acerca do\u00a0 seu percurso,<\/span> <span style=\"font-weight: 400;\">partilhando ensinamentos e desafios da sua profiss\u00e3o; exibindo uma mostra de trabalhos e filmes, tendo por refer\u00eancia os mais de 350 pr\u00e9mios internacionais de cinema recebidos; e, respondendo a quest\u00f5es e d\u00favidas que foram permeando a conversa.\u00a0<\/span><\/p>\n<p><span style=\"font-weight: 400;\">Durante a conversa, como mote os temas dos v\u00eddeos e trabalhos apresentados pelo Realizador houve ainda oportunidade de refletir sobre o papel do cinema na abordagem de temas sens\u00edveis e transversais \u00e0 sociedade.\u00a0<\/span><\/p>\n<p><span style=\"font-weight: 400;\">A experi\u00eancia do <\/span><b>Realizador\u00a0 Carlos Coelho Costa<\/b><\/p>\n<p><span style=\"font-weight: 400;\">como<\/span> <span style=\"font-weight: 400;\">docente na Universidade da Maia (UMAIA) foi tamb\u00e9m uma mais valia na medida em que permitiu aos alunos vislumbrar o prosseguimento de estudos em \u00e1reas afins ao curso que frequentam.\u00a0<\/span><\/p>\n<p><span style=\"font-weight: 400;\">Agradecemos ao <\/span><b>Realizador\u00a0 Carlos Coelho Costa <\/b><span style=\"font-weight: 400;\">a partilha e desejamos, muito em breve, podermos rir com o seu trabalho\u2026 <\/span><\/p>\n<\/div>\n<\/div>\n<\/div>\n<\/div>\n<\/div>\n<\/div>\n<div class=\"\" data-block=\"true\" data-editor=\"5g3e9\" data-offset-key=\"8knvv-0-0\"><\/div>\n<p>[\/et_pb_text][\/et_pb_column][\/et_pb_row][et_pb_row _builder_version=&#8221;4.23.4&#8243; _module_preset=&#8221;default&#8221; global_colors_info=&#8221;{}&#8221; theme_builder_area=&#8221;post_content&#8221;][et_pb_column type=&#8221;4_4&#8243; _builder_version=&#8221;4.23.4&#8243; _module_preset=&#8221;default&#8221; global_colors_info=&#8221;{}&#8221; theme_builder_area=&#8221;post_content&#8221;][et_pb_image src=&#8221;http:\/\/iai.pt\/web\/wp-content\/uploads\/2025\/05\/IMG_6781-min-scaled.jpg&#8221; title_text=&#8221;IMG_6781-min&#8221; _builder_version=&#8221;4.23.4&#8243; _module_preset=&#8221;default&#8221; hover_enabled=&#8221;0&#8243; global_colors_info=&#8221;{}&#8221; theme_builder_area=&#8221;post_content&#8221; sticky_enabled=&#8221;0&#8243;][\/et_pb_image][\/et_pb_column][\/et_pb_row][\/et_pb_section]<\/p>\n","protected":false},"excerpt":{"rendered":"<p>O Ciclo A Conversa Com\u2026 continua neste 3.\u00ba per\u00edodo repleto de personalidades e profissionais que se associam ao projeto IAI para partilhar, com os alunos, experi\u00eancias profissionais e art\u00edsticas que, em muito, refor\u00e7am o processo de ensino e aprendizagem. O ciclo retomou com a grandiosa e cativante partilha do\u00a0 Realizador e produtor de Cinema e [&hellip;]<\/p>\n","protected":false},"author":1,"featured_media":16470,"comment_status":"open","ping_status":"open","sticky":false,"template":"","format":"standard","meta":{"_et_pb_use_builder":"on","_et_pb_old_content":"","_et_gb_content_width":"","footnotes":"","_members_access_role":[],"_members_access_error":""},"categories":[60,123],"tags":[],"class_list":["post-16472","post","type-post","status-publish","format-standard","has-post-thumbnail","hentry","category-noticias","category-uma-hora-de-conversa-com"],"aioseo_notices":[],"aioseo_head":"\n\t\t<!-- All in One SEO 4.9.10 - aioseo.com -->\n\t<meta name=\"description\" content=\"O Ciclo A Conversa Com\u2026 continua neste 3.\u00ba per\u00edodo repleto de personalidades e profissionais que se associam ao projeto IAI para partilhar, com os alunos, experi\u00eancias profissionais e art\u00edsticas que, em muito, refor\u00e7am o processo de ensino e aprendizagem. O ciclo retomou com a grandiosa e cativante partilha do Realizador e produtor de Cinema e\" \/>\n\t<meta name=\"robots\" content=\"max-image-preview:large\" \/>\n\t<meta name=\"author\" content=\"admin\"\/>\n\t<link rel=\"canonical\" href=\"http:\/\/iai.pt\/web\/arquivos\/16472\" \/>\n\t<meta name=\"generator\" content=\"All in One SEO (AIOSEO) 4.9.10\" \/>\n\t\t<meta property=\"og:locale\" content=\"pt_PT\" \/>\n\t\t<meta property=\"og:site_name\" content=\"IAI - Escola Art\u00edstica\" \/>\n\t\t<meta property=\"og:type\" content=\"article\" \/>\n\t\t<meta property=\"og:title\" content=\"\u00c0 Conversa com\u2026 Carlos Coelho Costa, Realizador e Produtor de Cinema e Televis\u00e3o - IAI\" \/>\n\t\t<meta property=\"og:description\" content=\"O Ciclo A Conversa Com\u2026 continua neste 3.\u00ba per\u00edodo repleto de personalidades e profissionais que se associam ao projeto IAI para partilhar, com os alunos, experi\u00eancias profissionais e art\u00edsticas que, em muito, refor\u00e7am o processo de ensino e aprendizagem. O ciclo retomou com a grandiosa e cativante partilha do Realizador e produtor de Cinema e\" \/>\n\t\t<meta property=\"og:url\" content=\"http:\/\/iai.pt\/web\/arquivos\/16472\" \/>\n\t\t<meta property=\"og:image\" content=\"http:\/\/iai.pt\/web\/wp-content\/uploads\/2023\/05\/seo-logo.png\" \/>\n\t\t<meta property=\"og:image:width\" content=\"105\" \/>\n\t\t<meta property=\"og:image:height\" content=\"112\" \/>\n\t\t<meta property=\"article:published_time\" content=\"2025-05-02T09:41:16+00:00\" \/>\n\t\t<meta property=\"article:modified_time\" content=\"2025-05-07T09:43:24+00:00\" \/>\n\t\t<meta property=\"article:publisher\" content=\"https:\/\/www.facebook.com\/instituto.das.artes.imagem\" \/>\n\t\t<meta name=\"twitter:card\" content=\"summary_large_image\" \/>\n\t\t<meta name=\"twitter:title\" content=\"\u00c0 Conversa com\u2026 Carlos Coelho Costa, Realizador e Produtor de Cinema e Televis\u00e3o - IAI\" \/>\n\t\t<meta name=\"twitter:description\" content=\"O Ciclo A Conversa Com\u2026 continua neste 3.\u00ba per\u00edodo repleto de personalidades e profissionais que se associam ao projeto IAI para partilhar, com os alunos, experi\u00eancias profissionais e art\u00edsticas que, em muito, refor\u00e7am o processo de ensino e aprendizagem. O ciclo retomou com a grandiosa e cativante partilha do Realizador e produtor de Cinema e\" \/>\n\t\t<meta name=\"twitter:image\" content=\"http:\/\/iai.pt\/web\/wp-content\/uploads\/2023\/05\/seo-logo.png\" \/>\n\t\t<script type=\"application\/ld+json\" class=\"aioseo-schema\">\n\t\t\t{\"@context\":\"https:\\\/\\\/schema.org\",\"@graph\":[{\"@type\":\"BlogPosting\",\"@id\":\"http:\\\/\\\/iai.pt\\\/web\\\/arquivos\\\/16472#blogposting\",\"name\":\"\\u00c0 Conversa com\\u2026 Carlos Coelho Costa, Realizador e Produtor de Cinema e Televis\\u00e3o - IAI\",\"headline\":\"\\u00c0 Conversa com\\u2026 Carlos Coelho Costa, Realizador e Produtor de Cinema e Televis\\u00e3o\",\"author\":{\"@id\":\"http:\\\/\\\/iai.pt\\\/web\\\/arquivos\\\/author\\\/admin#author\"},\"publisher\":{\"@id\":\"http:\\\/\\\/iai.pt\\\/web\\\/#organization\"},\"image\":{\"@type\":\"ImageObject\",\"url\":\"http:\\\/\\\/iai.pt\\\/web\\\/wp-content\\\/uploads\\\/2025\\\/05\\\/IMG_6781-min-scaled.jpg\",\"width\":2560,\"height\":1920},\"datePublished\":\"2025-05-02T10:41:16+01:00\",\"dateModified\":\"2025-05-07T10:43:24+01:00\",\"inLanguage\":\"pt-PT\",\"mainEntityOfPage\":{\"@id\":\"http:\\\/\\\/iai.pt\\\/web\\\/arquivos\\\/16472#webpage\"},\"isPartOf\":{\"@id\":\"http:\\\/\\\/iai.pt\\\/web\\\/arquivos\\\/16472#webpage\"},\"articleSection\":\"Noticias, Uma Hora de Conversa com...\"},{\"@type\":\"BreadcrumbList\",\"@id\":\"http:\\\/\\\/iai.pt\\\/web\\\/arquivos\\\/16472#breadcrumblist\",\"itemListElement\":[{\"@type\":\"ListItem\",\"@id\":\"http:\\\/\\\/iai.pt\\\/web#listItem\",\"position\":1,\"name\":\"In\\u00edcio\",\"item\":\"http:\\\/\\\/iai.pt\\\/web\",\"nextItem\":{\"@type\":\"ListItem\",\"@id\":\"http:\\\/\\\/iai.pt\\\/web\\\/arquivos\\\/category\\\/noticias#listItem\",\"name\":\"Noticias\"}},{\"@type\":\"ListItem\",\"@id\":\"http:\\\/\\\/iai.pt\\\/web\\\/arquivos\\\/category\\\/noticias#listItem\",\"position\":2,\"name\":\"Noticias\",\"item\":\"http:\\\/\\\/iai.pt\\\/web\\\/arquivos\\\/category\\\/noticias\",\"nextItem\":{\"@type\":\"ListItem\",\"@id\":\"http:\\\/\\\/iai.pt\\\/web\\\/arquivos\\\/16472#listItem\",\"name\":\"\\u00c0 Conversa com\\u2026 Carlos Coelho Costa, Realizador e Produtor de Cinema e Televis\\u00e3o\"},\"previousItem\":{\"@type\":\"ListItem\",\"@id\":\"http:\\\/\\\/iai.pt\\\/web#listItem\",\"name\":\"In\\u00edcio\"}},{\"@type\":\"ListItem\",\"@id\":\"http:\\\/\\\/iai.pt\\\/web\\\/arquivos\\\/16472#listItem\",\"position\":3,\"name\":\"\\u00c0 Conversa com\\u2026 Carlos Coelho Costa, Realizador e Produtor de Cinema e Televis\\u00e3o\",\"previousItem\":{\"@type\":\"ListItem\",\"@id\":\"http:\\\/\\\/iai.pt\\\/web\\\/arquivos\\\/category\\\/noticias#listItem\",\"name\":\"Noticias\"}}]},{\"@type\":\"Organization\",\"@id\":\"http:\\\/\\\/iai.pt\\\/web\\\/#organization\",\"name\":\"Instituto das Artes e da Imagem\",\"description\":\"Escola Art\\u00edstica\",\"url\":\"http:\\\/\\\/iai.pt\\\/web\\\/\",\"telephone\":\"+351222000757\",\"logo\":{\"@type\":\"ImageObject\",\"url\":\"http:\\\/\\\/iai.pt\\\/web\\\/wp-content\\\/uploads\\\/2023\\\/05\\\/seo-logo.png\",\"@id\":\"http:\\\/\\\/iai.pt\\\/web\\\/arquivos\\\/16472\\\/#organizationLogo\",\"width\":105,\"height\":112},\"image\":{\"@id\":\"http:\\\/\\\/iai.pt\\\/web\\\/arquivos\\\/16472\\\/#organizationLogo\"},\"sameAs\":[\"https:\\\/\\\/www.facebook.com\\\/instituto.das.artes.imagem\",\"https:\\\/\\\/www.instagram.com\\\/iai_escola_de_artes\\\/\",\"https:\\\/\\\/www.youtube.com\\\/iaiwebmaster\"]},{\"@type\":\"Person\",\"@id\":\"http:\\\/\\\/iai.pt\\\/web\\\/arquivos\\\/author\\\/admin#author\",\"url\":\"http:\\\/\\\/iai.pt\\\/web\\\/arquivos\\\/author\\\/admin\",\"name\":\"admin\",\"image\":{\"@type\":\"ImageObject\",\"@id\":\"http:\\\/\\\/iai.pt\\\/web\\\/arquivos\\\/16472#authorImage\",\"url\":\"https:\\\/\\\/secure.gravatar.com\\\/avatar\\\/bad9c1ed8261989cbd54cb5e8fc92988405a8dc9925b0838cc9c034113770b1e?s=96&d=mm&r=g\",\"width\":96,\"height\":96,\"caption\":\"admin\"}},{\"@type\":\"WebPage\",\"@id\":\"http:\\\/\\\/iai.pt\\\/web\\\/arquivos\\\/16472#webpage\",\"url\":\"http:\\\/\\\/iai.pt\\\/web\\\/arquivos\\\/16472\",\"name\":\"\\u00c0 Conversa com\\u2026 Carlos Coelho Costa, Realizador e Produtor de Cinema e Televis\\u00e3o - IAI\",\"description\":\"O Ciclo A Conversa Com\\u2026 continua neste 3.\\u00ba per\\u00edodo repleto de personalidades e profissionais que se associam ao projeto IAI para partilhar, com os alunos, experi\\u00eancias profissionais e art\\u00edsticas que, em muito, refor\\u00e7am o processo de ensino e aprendizagem. O ciclo retomou com a grandiosa e cativante partilha do Realizador e produtor de Cinema e\",\"inLanguage\":\"pt-PT\",\"isPartOf\":{\"@id\":\"http:\\\/\\\/iai.pt\\\/web\\\/#website\"},\"breadcrumb\":{\"@id\":\"http:\\\/\\\/iai.pt\\\/web\\\/arquivos\\\/16472#breadcrumblist\"},\"author\":{\"@id\":\"http:\\\/\\\/iai.pt\\\/web\\\/arquivos\\\/author\\\/admin#author\"},\"creator\":{\"@id\":\"http:\\\/\\\/iai.pt\\\/web\\\/arquivos\\\/author\\\/admin#author\"},\"image\":{\"@type\":\"ImageObject\",\"url\":\"http:\\\/\\\/iai.pt\\\/web\\\/wp-content\\\/uploads\\\/2025\\\/05\\\/IMG_6781-min-scaled.jpg\",\"@id\":\"http:\\\/\\\/iai.pt\\\/web\\\/arquivos\\\/16472\\\/#mainImage\",\"width\":2560,\"height\":1920},\"primaryImageOfPage\":{\"@id\":\"http:\\\/\\\/iai.pt\\\/web\\\/arquivos\\\/16472#mainImage\"},\"datePublished\":\"2025-05-02T10:41:16+01:00\",\"dateModified\":\"2025-05-07T10:43:24+01:00\"},{\"@type\":\"WebSite\",\"@id\":\"http:\\\/\\\/iai.pt\\\/web\\\/#website\",\"url\":\"http:\\\/\\\/iai.pt\\\/web\\\/\",\"name\":\"IAI\",\"alternateName\":\"iai\",\"description\":\"Escola Art\\u00edstica\",\"inLanguage\":\"pt-PT\",\"publisher\":{\"@id\":\"http:\\\/\\\/iai.pt\\\/web\\\/#organization\"}}]}\n\t\t<\/script>\n\t\t<!-- All in One SEO -->\n\n","aioseo_head_json":{"title":"\u00c0 Conversa com\u2026 Carlos Coelho Costa, Realizador e Produtor de Cinema e Televis\u00e3o - IAI","description":"O Ciclo A Conversa Com\u2026 continua neste 3.\u00ba per\u00edodo repleto de personalidades e profissionais que se associam ao projeto IAI para partilhar, com os alunos, experi\u00eancias profissionais e art\u00edsticas que, em muito, refor\u00e7am o processo de ensino e aprendizagem. O ciclo retomou com a grandiosa e cativante partilha do Realizador e produtor de Cinema e","canonical_url":"http:\/\/iai.pt\/web\/arquivos\/16472","robots":"max-image-preview:large","keywords":"","webmasterTools":{"miscellaneous":""},"schema":{"@context":"https:\/\/schema.org","@graph":[{"@type":"BlogPosting","@id":"http:\/\/iai.pt\/web\/arquivos\/16472#blogposting","name":"\u00c0 Conversa com\u2026 Carlos Coelho Costa, Realizador e Produtor de Cinema e Televis\u00e3o - IAI","headline":"\u00c0 Conversa com\u2026 Carlos Coelho Costa, Realizador e Produtor de Cinema e Televis\u00e3o","author":{"@id":"http:\/\/iai.pt\/web\/arquivos\/author\/admin#author"},"publisher":{"@id":"http:\/\/iai.pt\/web\/#organization"},"image":{"@type":"ImageObject","url":"http:\/\/iai.pt\/web\/wp-content\/uploads\/2025\/05\/IMG_6781-min-scaled.jpg","width":2560,"height":1920},"datePublished":"2025-05-02T10:41:16+01:00","dateModified":"2025-05-07T10:43:24+01:00","inLanguage":"pt-PT","mainEntityOfPage":{"@id":"http:\/\/iai.pt\/web\/arquivos\/16472#webpage"},"isPartOf":{"@id":"http:\/\/iai.pt\/web\/arquivos\/16472#webpage"},"articleSection":"Noticias, Uma Hora de Conversa com..."},{"@type":"BreadcrumbList","@id":"http:\/\/iai.pt\/web\/arquivos\/16472#breadcrumblist","itemListElement":[{"@type":"ListItem","@id":"http:\/\/iai.pt\/web#listItem","position":1,"name":"In\u00edcio","item":"http:\/\/iai.pt\/web","nextItem":{"@type":"ListItem","@id":"http:\/\/iai.pt\/web\/arquivos\/category\/noticias#listItem","name":"Noticias"}},{"@type":"ListItem","@id":"http:\/\/iai.pt\/web\/arquivos\/category\/noticias#listItem","position":2,"name":"Noticias","item":"http:\/\/iai.pt\/web\/arquivos\/category\/noticias","nextItem":{"@type":"ListItem","@id":"http:\/\/iai.pt\/web\/arquivos\/16472#listItem","name":"\u00c0 Conversa com\u2026 Carlos Coelho Costa, Realizador e Produtor de Cinema e Televis\u00e3o"},"previousItem":{"@type":"ListItem","@id":"http:\/\/iai.pt\/web#listItem","name":"In\u00edcio"}},{"@type":"ListItem","@id":"http:\/\/iai.pt\/web\/arquivos\/16472#listItem","position":3,"name":"\u00c0 Conversa com\u2026 Carlos Coelho Costa, Realizador e Produtor de Cinema e Televis\u00e3o","previousItem":{"@type":"ListItem","@id":"http:\/\/iai.pt\/web\/arquivos\/category\/noticias#listItem","name":"Noticias"}}]},{"@type":"Organization","@id":"http:\/\/iai.pt\/web\/#organization","name":"Instituto das Artes e da Imagem","description":"Escola Art\u00edstica","url":"http:\/\/iai.pt\/web\/","telephone":"+351222000757","logo":{"@type":"ImageObject","url":"http:\/\/iai.pt\/web\/wp-content\/uploads\/2023\/05\/seo-logo.png","@id":"http:\/\/iai.pt\/web\/arquivos\/16472\/#organizationLogo","width":105,"height":112},"image":{"@id":"http:\/\/iai.pt\/web\/arquivos\/16472\/#organizationLogo"},"sameAs":["https:\/\/www.facebook.com\/instituto.das.artes.imagem","https:\/\/www.instagram.com\/iai_escola_de_artes\/","https:\/\/www.youtube.com\/iaiwebmaster"]},{"@type":"Person","@id":"http:\/\/iai.pt\/web\/arquivos\/author\/admin#author","url":"http:\/\/iai.pt\/web\/arquivos\/author\/admin","name":"admin","image":{"@type":"ImageObject","@id":"http:\/\/iai.pt\/web\/arquivos\/16472#authorImage","url":"https:\/\/secure.gravatar.com\/avatar\/bad9c1ed8261989cbd54cb5e8fc92988405a8dc9925b0838cc9c034113770b1e?s=96&d=mm&r=g","width":96,"height":96,"caption":"admin"}},{"@type":"WebPage","@id":"http:\/\/iai.pt\/web\/arquivos\/16472#webpage","url":"http:\/\/iai.pt\/web\/arquivos\/16472","name":"\u00c0 Conversa com\u2026 Carlos Coelho Costa, Realizador e Produtor de Cinema e Televis\u00e3o - IAI","description":"O Ciclo A Conversa Com\u2026 continua neste 3.\u00ba per\u00edodo repleto de personalidades e profissionais que se associam ao projeto IAI para partilhar, com os alunos, experi\u00eancias profissionais e art\u00edsticas que, em muito, refor\u00e7am o processo de ensino e aprendizagem. O ciclo retomou com a grandiosa e cativante partilha do Realizador e produtor de Cinema e","inLanguage":"pt-PT","isPartOf":{"@id":"http:\/\/iai.pt\/web\/#website"},"breadcrumb":{"@id":"http:\/\/iai.pt\/web\/arquivos\/16472#breadcrumblist"},"author":{"@id":"http:\/\/iai.pt\/web\/arquivos\/author\/admin#author"},"creator":{"@id":"http:\/\/iai.pt\/web\/arquivos\/author\/admin#author"},"image":{"@type":"ImageObject","url":"http:\/\/iai.pt\/web\/wp-content\/uploads\/2025\/05\/IMG_6781-min-scaled.jpg","@id":"http:\/\/iai.pt\/web\/arquivos\/16472\/#mainImage","width":2560,"height":1920},"primaryImageOfPage":{"@id":"http:\/\/iai.pt\/web\/arquivos\/16472#mainImage"},"datePublished":"2025-05-02T10:41:16+01:00","dateModified":"2025-05-07T10:43:24+01:00"},{"@type":"WebSite","@id":"http:\/\/iai.pt\/web\/#website","url":"http:\/\/iai.pt\/web\/","name":"IAI","alternateName":"iai","description":"Escola Art\u00edstica","inLanguage":"pt-PT","publisher":{"@id":"http:\/\/iai.pt\/web\/#organization"}}]},"og:locale":"pt_PT","og:site_name":"IAI - Escola Art\u00edstica","og:type":"article","og:title":"\u00c0 Conversa com\u2026 Carlos Coelho Costa, Realizador e Produtor de Cinema e Televis\u00e3o - IAI","og:description":"O Ciclo A Conversa Com\u2026 continua neste 3.\u00ba per\u00edodo repleto de personalidades e profissionais que se associam ao projeto IAI para partilhar, com os alunos, experi\u00eancias profissionais e art\u00edsticas que, em muito, refor\u00e7am o processo de ensino e aprendizagem. O ciclo retomou com a grandiosa e cativante partilha do Realizador e produtor de Cinema e","og:url":"http:\/\/iai.pt\/web\/arquivos\/16472","og:image":"http:\/\/iai.pt\/web\/wp-content\/uploads\/2023\/05\/seo-logo.png","og:image:width":105,"og:image:height":112,"article:published_time":"2025-05-02T09:41:16+00:00","article:modified_time":"2025-05-07T09:43:24+00:00","article:publisher":"https:\/\/www.facebook.com\/instituto.das.artes.imagem","twitter:card":"summary_large_image","twitter:title":"\u00c0 Conversa com\u2026 Carlos Coelho Costa, Realizador e Produtor de Cinema e Televis\u00e3o - IAI","twitter:description":"O Ciclo A Conversa Com\u2026 continua neste 3.\u00ba per\u00edodo repleto de personalidades e profissionais que se associam ao projeto IAI para partilhar, com os alunos, experi\u00eancias profissionais e art\u00edsticas que, em muito, refor\u00e7am o processo de ensino e aprendizagem. O ciclo retomou com a grandiosa e cativante partilha do Realizador e produtor de Cinema e","twitter:image":"http:\/\/iai.pt\/web\/wp-content\/uploads\/2023\/05\/seo-logo.png"},"aioseo_meta_data":{"post_id":"16472","title":null,"description":null,"keywords":[],"keyphrases":{"focus":{"keyphrase":"","score":0,"analysis":{"keyphraseInTitle":{"score":0,"maxScore":9,"error":1}}},"additional":[]},"primary_term":null,"canonical_url":null,"og_title":null,"og_description":null,"og_object_type":"default","og_image_type":"default","og_image_url":null,"og_image_width":null,"og_image_height":null,"og_image_custom_url":null,"og_image_custom_fields":null,"og_video":"","og_custom_url":null,"og_article_section":null,"og_article_tags":[],"twitter_use_og":false,"twitter_card":"default","twitter_image_type":"default","twitter_image_url":null,"twitter_image_custom_url":null,"twitter_image_custom_fields":null,"twitter_title":null,"twitter_description":null,"schema":{"blockGraphs":[],"customGraphs":[],"default":{"data":{"Article":[],"Course":[],"Dataset":[],"FAQPage":[],"Movie":[],"Person":[],"Product":[],"ProductReview":[],"Car":[],"Recipe":[],"Service":[],"SoftwareApplication":[],"WebPage":[]},"graphName":"BlogPosting","isEnabled":true},"graphs":[]},"schema_type":"default","schema_type_options":null,"pillar_content":false,"robots_default":true,"robots_noindex":false,"robots_noarchive":false,"robots_nosnippet":false,"robots_nofollow":false,"robots_noimageindex":false,"robots_noodp":false,"robots_notranslate":false,"robots_max_snippet":"-1","robots_max_videopreview":"-1","robots_max_imagepreview":"large","priority":null,"frequency":"default","local_seo":null,"breadcrumb_settings":null,"limit_modified_date":false,"ai":null,"created":"2025-05-07 09:42:15","updated":"2025-06-09 22:00:19","seo_analyzer_scan_date":null},"aioseo_breadcrumb":"<div class=\"aioseo-breadcrumbs\"><span class=\"aioseo-breadcrumb\">\n\t\t\t<a href=\"http:\/\/iai.pt\/web\" title=\"In\u00edcio\">In\u00edcio<\/a>\n\t\t<\/span><span class=\"aioseo-breadcrumb-separator\">\u00bb<\/span><span class=\"aioseo-breadcrumb\">\n\t\t\t<a href=\"http:\/\/iai.pt\/web\/arquivos\/category\/noticias\" title=\"Noticias\">Noticias<\/a>\n\t\t<\/span><span class=\"aioseo-breadcrumb-separator\">\u00bb<\/span><span class=\"aioseo-breadcrumb\">\n\t\t\t\u00c0 Conversa com\u2026 Carlos Coelho Costa, Realizador e Produtor de Cinema e Televis\u00e3o\n\t\t<\/span><\/div>","aioseo_breadcrumb_json":[{"label":"In\u00edcio","link":"http:\/\/iai.pt\/web"},{"label":"Noticias","link":"http:\/\/iai.pt\/web\/arquivos\/category\/noticias"},{"label":"\u00c0 Conversa com\u2026 Carlos Coelho Costa, Realizador e Produtor de Cinema e Televis\u00e3o","link":"http:\/\/iai.pt\/web\/arquivos\/16472"}],"_links":{"self":[{"href":"http:\/\/iai.pt\/web\/wp-json\/wp\/v2\/posts\/16472","targetHints":{"allow":["GET"]}}],"collection":[{"href":"http:\/\/iai.pt\/web\/wp-json\/wp\/v2\/posts"}],"about":[{"href":"http:\/\/iai.pt\/web\/wp-json\/wp\/v2\/types\/post"}],"author":[{"embeddable":true,"href":"http:\/\/iai.pt\/web\/wp-json\/wp\/v2\/users\/1"}],"replies":[{"embeddable":true,"href":"http:\/\/iai.pt\/web\/wp-json\/wp\/v2\/comments?post=16472"}],"version-history":[{"count":1,"href":"http:\/\/iai.pt\/web\/wp-json\/wp\/v2\/posts\/16472\/revisions"}],"predecessor-version":[{"id":16474,"href":"http:\/\/iai.pt\/web\/wp-json\/wp\/v2\/posts\/16472\/revisions\/16474"}],"wp:featuredmedia":[{"embeddable":true,"href":"http:\/\/iai.pt\/web\/wp-json\/wp\/v2\/media\/16470"}],"wp:attachment":[{"href":"http:\/\/iai.pt\/web\/wp-json\/wp\/v2\/media?parent=16472"}],"wp:term":[{"taxonomy":"category","embeddable":true,"href":"http:\/\/iai.pt\/web\/wp-json\/wp\/v2\/categories?post=16472"},{"taxonomy":"post_tag","embeddable":true,"href":"http:\/\/iai.pt\/web\/wp-json\/wp\/v2\/tags?post=16472"}],"curies":[{"name":"wp","href":"https:\/\/api.w.org\/{rel}","templated":true}]}}