{"id":16475,"date":"2025-05-02T10:43:41","date_gmt":"2025-05-02T09:43:41","guid":{"rendered":"https:\/\/iai.pt\/web\/?p=16475"},"modified":"2025-05-07T10:47:14","modified_gmt":"2025-05-07T09:47:14","slug":"roteiro-literario-e-historico-ao-porto","status":"publish","type":"post","link":"http:\/\/iai.pt\/web\/arquivos\/16475","title":{"rendered":"Roteiro Liter\u00e1rio e Hist\u00f3rico ao Porto"},"content":{"rendered":"<p>[et_pb_section fb_built=&#8221;1&#8243; _builder_version=&#8221;4.23.4&#8243; _module_preset=&#8221;default&#8221; global_colors_info=&#8221;{}&#8221; theme_builder_area=&#8221;post_content&#8221;][et_pb_row _builder_version=&#8221;4.23.4&#8243; _module_preset=&#8221;default&#8221; global_colors_info=&#8221;{}&#8221; theme_builder_area=&#8221;post_content&#8221;][et_pb_column type=&#8221;4_4&#8243; _builder_version=&#8221;4.23.4&#8243; _module_preset=&#8221;default&#8221; global_colors_info=&#8221;{}&#8221; theme_builder_area=&#8221;post_content&#8221;][et_pb_text _builder_version=&#8221;4.23.4&#8243; _module_preset=&#8221;default&#8221; global_colors_info=&#8221;{}&#8221; theme_builder_area=&#8221;post_content&#8221;]<\/p>\n<div class=\"\" data-block=\"true\" data-editor=\"5g3e9\" data-offset-key=\"c03au-0-0\">\n<div data-offset-key=\"c03au-0-0\" class=\"_1mf _1mj\">\n<div class=\"\" data-block=\"true\" data-editor=\"60bkn\" data-offset-key=\"9j394-0-0\">\n<div data-offset-key=\"9j394-0-0\" class=\"_1mf _1mj\">\n<div class=\"\" data-block=\"true\" data-editor=\"80o6a\" data-offset-key=\"cm5cj-0-0\">\n<div data-offset-key=\"cm5cj-0-0\" class=\"_1mf _1mj\">\n<p><span style=\"font-weight: 400;\">Na tarde do dia 2 de maio, os alunos do 11.\u00ba ano do Curso Profissional realizaram uma enriquecedora visita de estudo, no \u00e2mbito da disciplina de Portugu\u00eas, percorrendo alguns dos espa\u00e7os culturais mais emblem\u00e1ticos da cidade do Porto. O itiner\u00e1rio proporcionou momentos de descoberta, de reflex\u00e3o e de liga\u00e7\u00e3o com o patrim\u00f3nio liter\u00e1rio e art\u00edstico portugu\u00eas. O percurso teve in\u00edcio com a visita \u00e0 Igreja dos Cl\u00e9rigos, um s\u00edmbolo do barroco portuense, onde os alunos puderam apreciar a arquitetura imponente, bem como a decora\u00e7\u00e3o do seu interior. De seguida, um dos pontos altos da tarde foi a entrada na antiga Cadeia da Rela\u00e7\u00e3o do Porto, na qual os alunos exploraram a hist\u00f3rica cela de Camilo Castelo Branco, um dos maiores vultos da literatura portuguesa. A visita incluiu ainda uma exposi\u00e7\u00e3o de fotografia da artista B\u00e1rbara Morais, na qual se observou um conjunto de obras em que foram aplicadas v\u00e1rias t\u00e9cnicas fotogr\u00e1ficas alternativas. Logo depois, passaram pela Casa de Almeida Garrett, dedicada \u00e0 mem\u00f3ria do escritor e a caminhada cultural prosseguiu at\u00e9 \u00e0 Cooperativa \u00c1rvore, onde os alunos visitaram uma exposi\u00e7\u00e3o contempor\u00e2nea, refletindo sobre a intera\u00e7\u00e3o entre a arte, a sociedade e a identidade. O itiner\u00e1rio culminou na intrigante Casa Escondida, um espa\u00e7o com hist\u00f3ria que despertou a curiosidade da turma.\u00a0<\/span><\/p>\n<p><span style=\"font-weight: 400;\">Esta atividade permitiu aos alunos mergulhar na riqueza liter\u00e1ria e art\u00edstica da cidade, promovendo n\u00e3o s\u00f3 o conhecimento curricular, mas tamb\u00e9m o esp\u00edrito cr\u00edtico e a sensibilidade cultural.<\/span><\/p>\n<\/div>\n<\/div>\n<\/div>\n<\/div>\n<\/div>\n<\/div>\n<div class=\"\" data-block=\"true\" data-editor=\"5g3e9\" data-offset-key=\"8knvv-0-0\"><\/div>\n<p>[\/et_pb_text][\/et_pb_column][\/et_pb_row][et_pb_row _builder_version=&#8221;4.23.4&#8243; _module_preset=&#8221;default&#8221; global_colors_info=&#8221;{}&#8221; theme_builder_area=&#8221;post_content&#8221;][et_pb_column type=&#8221;4_4&#8243; _builder_version=&#8221;4.23.4&#8243; _module_preset=&#8221;default&#8221; global_colors_info=&#8221;{}&#8221; theme_builder_area=&#8221;post_content&#8221;][et_pb_image src=&#8221;http:\/\/iai.pt\/web\/wp-content\/uploads\/2025\/05\/WhatsApp-Image-2025-05-06-at-17.08.11-2-min.jpeg&#8221; title_text=&#8221;WhatsApp Image 2025-05-06 at 17.08.11 (2)-min&#8221; _builder_version=&#8221;4.23.4&#8243; _module_preset=&#8221;default&#8221; hover_enabled=&#8221;0&#8243; global_colors_info=&#8221;{}&#8221; theme_builder_area=&#8221;post_content&#8221; sticky_enabled=&#8221;0&#8243;][\/et_pb_image][\/et_pb_column][\/et_pb_row][\/et_pb_section]<\/p>\n","protected":false},"excerpt":{"rendered":"<p>Na tarde do dia 2 de maio, os alunos do 11.\u00ba ano do Curso Profissional realizaram uma enriquecedora visita de estudo, no \u00e2mbito da disciplina de Portugu\u00eas, percorrendo alguns dos espa\u00e7os culturais mais emblem\u00e1ticos da cidade do Porto. O itiner\u00e1rio proporcionou momentos de descoberta, de reflex\u00e3o e de liga\u00e7\u00e3o com o patrim\u00f3nio liter\u00e1rio e art\u00edstico [&hellip;]<\/p>\n","protected":false},"author":1,"featured_media":16473,"comment_status":"open","ping_status":"open","sticky":false,"template":"","format":"standard","meta":{"_et_pb_use_builder":"on","_et_pb_old_content":"","_et_gb_content_width":"","footnotes":""},"categories":[60],"tags":[],"class_list":["post-16475","post","type-post","status-publish","format-standard","has-post-thumbnail","hentry","category-noticias"],"aioseo_notices":[],"_links":{"self":[{"href":"http:\/\/iai.pt\/web\/wp-json\/wp\/v2\/posts\/16475","targetHints":{"allow":["GET"]}}],"collection":[{"href":"http:\/\/iai.pt\/web\/wp-json\/wp\/v2\/posts"}],"about":[{"href":"http:\/\/iai.pt\/web\/wp-json\/wp\/v2\/types\/post"}],"author":[{"embeddable":true,"href":"http:\/\/iai.pt\/web\/wp-json\/wp\/v2\/users\/1"}],"replies":[{"embeddable":true,"href":"http:\/\/iai.pt\/web\/wp-json\/wp\/v2\/comments?post=16475"}],"version-history":[{"count":1,"href":"http:\/\/iai.pt\/web\/wp-json\/wp\/v2\/posts\/16475\/revisions"}],"predecessor-version":[{"id":16476,"href":"http:\/\/iai.pt\/web\/wp-json\/wp\/v2\/posts\/16475\/revisions\/16476"}],"wp:featuredmedia":[{"embeddable":true,"href":"http:\/\/iai.pt\/web\/wp-json\/wp\/v2\/media\/16473"}],"wp:attachment":[{"href":"http:\/\/iai.pt\/web\/wp-json\/wp\/v2\/media?parent=16475"}],"wp:term":[{"taxonomy":"category","embeddable":true,"href":"http:\/\/iai.pt\/web\/wp-json\/wp\/v2\/categories?post=16475"},{"taxonomy":"post_tag","embeddable":true,"href":"http:\/\/iai.pt\/web\/wp-json\/wp\/v2\/tags?post=16475"}],"curies":[{"name":"wp","href":"https:\/\/api.w.org\/{rel}","templated":true}]}}