{"id":16526,"date":"2025-05-13T09:46:16","date_gmt":"2025-05-13T08:46:16","guid":{"rendered":"https:\/\/iai.pt\/web\/?p=16526"},"modified":"2025-05-15T09:51:32","modified_gmt":"2025-05-15T08:51:32","slug":"a-conversa-com-jorge-guimaraes-silva-sonorizador-na-tsf-radio-noticias","status":"publish","type":"post","link":"http:\/\/iai.pt\/web\/arquivos\/16526","title":{"rendered":"\u00c0 Conversa Com&#8230; Jorge Guimar\u00e3es Silva, Sonorizador na TSF-Radio Not\u00edcias"},"content":{"rendered":"<p>[et_pb_section fb_built=&#8221;1&#8243; _builder_version=&#8221;4.23.4&#8243; _module_preset=&#8221;default&#8221; global_colors_info=&#8221;{}&#8221; theme_builder_area=&#8221;post_content&#8221;][et_pb_row _builder_version=&#8221;4.23.4&#8243; _module_preset=&#8221;default&#8221; global_colors_info=&#8221;{}&#8221; theme_builder_area=&#8221;post_content&#8221;][et_pb_column type=&#8221;4_4&#8243; _builder_version=&#8221;4.23.4&#8243; _module_preset=&#8221;default&#8221; global_colors_info=&#8221;{}&#8221; theme_builder_area=&#8221;post_content&#8221;][et_pb_text _builder_version=&#8221;4.23.4&#8243; _module_preset=&#8221;default&#8221; global_colors_info=&#8221;{}&#8221; theme_builder_area=&#8221;post_content&#8221;]<\/p>\n<div class=\"\" data-block=\"true\" data-editor=\"5g3e9\" data-offset-key=\"c03au-0-0\">\n<div data-offset-key=\"c03au-0-0\" class=\"_1mf _1mj\">\n<div class=\"\" data-block=\"true\" data-editor=\"60bkn\" data-offset-key=\"9j394-0-0\">\n<div data-offset-key=\"9j394-0-0\" class=\"_1mf _1mj\">\n<div class=\"\" data-block=\"true\" data-editor=\"80o6a\" data-offset-key=\"cm5cj-0-0\">\n<div data-offset-key=\"cm5cj-0-0\" class=\"_1mf _1mj\">\n<p><b>\u00c0 Conversa Com\u2026 Jorge Guimar\u00e3es Silva<\/b><span style=\"font-weight: 400;\">, Sonorizador na TSF- Radio Noticias\u00a0 foi uma importante iniciativa para sensibilizar os alunos para a import\u00e2ncia da sonoriza\u00e7\u00e3o e sonoplastia, assim como do trabalho exigente que imp\u00f5e sobretudo porque tem de criar rea\u00e7\u00f5es e sensa\u00e7\u00f5es.<\/span><\/p>\n<p><span style=\"font-weight: 400;\">A forma simples mas cuidada e rigorosa com que o <\/span><b>Sonorizador Jorge Guimar\u00e3es Silva<\/b><span style=\"font-weight: 400;\"> nos falou do papel da sonoriza\u00e7\u00e3o e sonoplastia na r\u00e1dio, cinema, teatro, televis\u00e3o, marketing como condi\u00e7\u00e3o essencial para\u00a0 enriquecer uma experi\u00eancia sensorial e sonora; e, ao mesmo tempo, nos transportou, por meio de visualiza\u00e7\u00f5es e audi\u00e7\u00f5es, para <\/span><i><span style=\"font-weight: 400;\">essa experi\u00eancia,<\/span><\/i><span style=\"font-weight: 400;\"> foi sem sombra de d\u00favida um riqu\u00edssimo momento de aprendizagem e sensibiliza\u00e7\u00e3o. <\/span><span style=\"font-size: 14px;\">\u00a0<\/span><\/p>\n<p><b>Agradecemos ao Sonorizador Jorge Guimar\u00e3es Silva<\/b><span style=\"font-weight: 400;\"> e desejamos que t\u00e3o breve quanto poss\u00edvel possamos aceder ao convite que amavelmente nos dirigiu e, visitar a sua exposi\u00e7\u00e3o de equipamentos. Obrigada.<\/span><\/p>\n<\/div>\n<\/div>\n<\/div>\n<\/div>\n<\/div>\n<\/div>\n<div class=\"\" data-block=\"true\" data-editor=\"5g3e9\" data-offset-key=\"8knvv-0-0\"><\/div>\n<p>[\/et_pb_text][\/et_pb_column][\/et_pb_row][et_pb_row _builder_version=&#8221;4.23.4&#8243; _module_preset=&#8221;default&#8221; global_colors_info=&#8221;{}&#8221; theme_builder_area=&#8221;post_content&#8221;][et_pb_column type=&#8221;4_4&#8243; _builder_version=&#8221;4.23.4&#8243; _module_preset=&#8221;default&#8221; global_colors_info=&#8221;{}&#8221; theme_builder_area=&#8221;post_content&#8221;][et_pb_image src=&#8221;http:\/\/iai.pt\/web\/wp-content\/uploads\/2025\/05\/IMG_7385-scaled.jpg&#8221; title_text=&#8221;IMG_7385&#8243; _builder_version=&#8221;4.23.4&#8243; _module_preset=&#8221;default&#8221; hover_enabled=&#8221;0&#8243; global_colors_info=&#8221;{}&#8221; theme_builder_area=&#8221;post_content&#8221; sticky_enabled=&#8221;0&#8243;][\/et_pb_image][\/et_pb_column][\/et_pb_row][\/et_pb_section]<\/p>\n","protected":false},"excerpt":{"rendered":"<p>\u00c0 Conversa Com\u2026 Jorge Guimar\u00e3es Silva, Sonorizador na TSF- Radio Noticias\u00a0 foi uma importante iniciativa para sensibilizar os alunos para a import\u00e2ncia da sonoriza\u00e7\u00e3o e sonoplastia, assim como do trabalho exigente que imp\u00f5e sobretudo porque tem de criar rea\u00e7\u00f5es e sensa\u00e7\u00f5es. A forma simples mas cuidada e rigorosa com que o Sonorizador Jorge Guimar\u00e3es Silva [&hellip;]<\/p>\n","protected":false},"author":1,"featured_media":16525,"comment_status":"open","ping_status":"open","sticky":false,"template":"","format":"standard","meta":{"_et_pb_use_builder":"on","_et_pb_old_content":"","_et_gb_content_width":"","footnotes":"","_members_access_role":[],"_members_access_error":""},"categories":[60,123],"tags":[],"class_list":["post-16526","post","type-post","status-publish","format-standard","has-post-thumbnail","hentry","category-noticias","category-uma-hora-de-conversa-com"],"aioseo_notices":[],"aioseo_head":"\n\t\t<!-- All in One SEO 4.9.10 - aioseo.com -->\n\t<meta name=\"description\" content=\"\u00c0 Conversa Com\u2026 Jorge Guimar\u00e3es Silva, Sonorizador na TSF- Radio Noticias foi uma importante iniciativa para sensibilizar os alunos para a import\u00e2ncia da sonoriza\u00e7\u00e3o e sonoplastia, assim como do trabalho exigente que imp\u00f5e sobretudo porque tem de criar rea\u00e7\u00f5es e sensa\u00e7\u00f5es. A forma simples mas cuidada e rigorosa com que o Sonorizador Jorge Guimar\u00e3es Silva\" \/>\n\t<meta name=\"robots\" content=\"max-image-preview:large\" \/>\n\t<meta name=\"author\" content=\"admin\"\/>\n\t<link rel=\"canonical\" href=\"http:\/\/iai.pt\/web\/arquivos\/16526\" \/>\n\t<meta name=\"generator\" content=\"All in One SEO (AIOSEO) 4.9.10\" \/>\n\t\t<meta property=\"og:locale\" content=\"pt_PT\" \/>\n\t\t<meta property=\"og:site_name\" content=\"IAI - Escola Art\u00edstica\" \/>\n\t\t<meta property=\"og:type\" content=\"article\" \/>\n\t\t<meta property=\"og:title\" content=\"\u00c0 Conversa Com\u2026 Jorge Guimar\u00e3es Silva, Sonorizador na TSF-Radio Not\u00edcias - IAI\" \/>\n\t\t<meta property=\"og:description\" content=\"\u00c0 Conversa Com\u2026 Jorge Guimar\u00e3es Silva, Sonorizador na TSF- Radio Noticias foi uma importante iniciativa para sensibilizar os alunos para a import\u00e2ncia da sonoriza\u00e7\u00e3o e sonoplastia, assim como do trabalho exigente que imp\u00f5e sobretudo porque tem de criar rea\u00e7\u00f5es e sensa\u00e7\u00f5es. A forma simples mas cuidada e rigorosa com que o Sonorizador Jorge Guimar\u00e3es Silva\" \/>\n\t\t<meta property=\"og:url\" content=\"http:\/\/iai.pt\/web\/arquivos\/16526\" \/>\n\t\t<meta property=\"og:image\" content=\"http:\/\/iai.pt\/web\/wp-content\/uploads\/2023\/05\/seo-logo.png\" \/>\n\t\t<meta property=\"og:image:width\" content=\"105\" \/>\n\t\t<meta property=\"og:image:height\" content=\"112\" \/>\n\t\t<meta property=\"article:published_time\" content=\"2025-05-13T08:46:16+00:00\" \/>\n\t\t<meta property=\"article:modified_time\" content=\"2025-05-15T08:51:32+00:00\" \/>\n\t\t<meta property=\"article:publisher\" content=\"https:\/\/www.facebook.com\/instituto.das.artes.imagem\" \/>\n\t\t<meta name=\"twitter:card\" content=\"summary_large_image\" \/>\n\t\t<meta name=\"twitter:title\" content=\"\u00c0 Conversa Com\u2026 Jorge Guimar\u00e3es Silva, Sonorizador na TSF-Radio Not\u00edcias - IAI\" \/>\n\t\t<meta name=\"twitter:description\" content=\"\u00c0 Conversa Com\u2026 Jorge Guimar\u00e3es Silva, Sonorizador na TSF- Radio Noticias foi uma importante iniciativa para sensibilizar os alunos para a import\u00e2ncia da sonoriza\u00e7\u00e3o e sonoplastia, assim como do trabalho exigente que imp\u00f5e sobretudo porque tem de criar rea\u00e7\u00f5es e sensa\u00e7\u00f5es. A forma simples mas cuidada e rigorosa com que o Sonorizador Jorge Guimar\u00e3es Silva\" \/>\n\t\t<meta name=\"twitter:image\" content=\"http:\/\/iai.pt\/web\/wp-content\/uploads\/2023\/05\/seo-logo.png\" \/>\n\t\t<script type=\"application\/ld+json\" class=\"aioseo-schema\">\n\t\t\t{\"@context\":\"https:\\\/\\\/schema.org\",\"@graph\":[{\"@type\":\"BlogPosting\",\"@id\":\"http:\\\/\\\/iai.pt\\\/web\\\/arquivos\\\/16526#blogposting\",\"name\":\"\\u00c0 Conversa Com\\u2026 Jorge Guimar\\u00e3es Silva, Sonorizador na TSF-Radio Not\\u00edcias - IAI\",\"headline\":\"\\u00c0 Conversa Com&#8230; Jorge Guimar\\u00e3es Silva, Sonorizador na TSF-Radio Not\\u00edcias\",\"author\":{\"@id\":\"http:\\\/\\\/iai.pt\\\/web\\\/arquivos\\\/author\\\/admin#author\"},\"publisher\":{\"@id\":\"http:\\\/\\\/iai.pt\\\/web\\\/#organization\"},\"image\":{\"@type\":\"ImageObject\",\"url\":\"http:\\\/\\\/iai.pt\\\/web\\\/wp-content\\\/uploads\\\/2025\\\/05\\\/IMG_7385-scaled.jpg\",\"width\":2560,\"height\":1920},\"datePublished\":\"2025-05-13T09:46:16+01:00\",\"dateModified\":\"2025-05-15T09:51:32+01:00\",\"inLanguage\":\"pt-PT\",\"mainEntityOfPage\":{\"@id\":\"http:\\\/\\\/iai.pt\\\/web\\\/arquivos\\\/16526#webpage\"},\"isPartOf\":{\"@id\":\"http:\\\/\\\/iai.pt\\\/web\\\/arquivos\\\/16526#webpage\"},\"articleSection\":\"Noticias, Uma Hora de Conversa com...\"},{\"@type\":\"BreadcrumbList\",\"@id\":\"http:\\\/\\\/iai.pt\\\/web\\\/arquivos\\\/16526#breadcrumblist\",\"itemListElement\":[{\"@type\":\"ListItem\",\"@id\":\"http:\\\/\\\/iai.pt\\\/web#listItem\",\"position\":1,\"name\":\"In\\u00edcio\",\"item\":\"http:\\\/\\\/iai.pt\\\/web\",\"nextItem\":{\"@type\":\"ListItem\",\"@id\":\"http:\\\/\\\/iai.pt\\\/web\\\/arquivos\\\/category\\\/noticias#listItem\",\"name\":\"Noticias\"}},{\"@type\":\"ListItem\",\"@id\":\"http:\\\/\\\/iai.pt\\\/web\\\/arquivos\\\/category\\\/noticias#listItem\",\"position\":2,\"name\":\"Noticias\",\"item\":\"http:\\\/\\\/iai.pt\\\/web\\\/arquivos\\\/category\\\/noticias\",\"nextItem\":{\"@type\":\"ListItem\",\"@id\":\"http:\\\/\\\/iai.pt\\\/web\\\/arquivos\\\/16526#listItem\",\"name\":\"\\u00c0 Conversa Com&#8230; Jorge Guimar\\u00e3es Silva, Sonorizador na TSF-Radio Not\\u00edcias\"},\"previousItem\":{\"@type\":\"ListItem\",\"@id\":\"http:\\\/\\\/iai.pt\\\/web#listItem\",\"name\":\"In\\u00edcio\"}},{\"@type\":\"ListItem\",\"@id\":\"http:\\\/\\\/iai.pt\\\/web\\\/arquivos\\\/16526#listItem\",\"position\":3,\"name\":\"\\u00c0 Conversa Com&#8230; Jorge Guimar\\u00e3es Silva, Sonorizador na TSF-Radio Not\\u00edcias\",\"previousItem\":{\"@type\":\"ListItem\",\"@id\":\"http:\\\/\\\/iai.pt\\\/web\\\/arquivos\\\/category\\\/noticias#listItem\",\"name\":\"Noticias\"}}]},{\"@type\":\"Organization\",\"@id\":\"http:\\\/\\\/iai.pt\\\/web\\\/#organization\",\"name\":\"Instituto das Artes e da Imagem\",\"description\":\"Escola Art\\u00edstica\",\"url\":\"http:\\\/\\\/iai.pt\\\/web\\\/\",\"telephone\":\"+351222000757\",\"logo\":{\"@type\":\"ImageObject\",\"url\":\"http:\\\/\\\/iai.pt\\\/web\\\/wp-content\\\/uploads\\\/2023\\\/05\\\/seo-logo.png\",\"@id\":\"http:\\\/\\\/iai.pt\\\/web\\\/arquivos\\\/16526\\\/#organizationLogo\",\"width\":105,\"height\":112},\"image\":{\"@id\":\"http:\\\/\\\/iai.pt\\\/web\\\/arquivos\\\/16526\\\/#organizationLogo\"},\"sameAs\":[\"https:\\\/\\\/www.facebook.com\\\/instituto.das.artes.imagem\",\"https:\\\/\\\/www.instagram.com\\\/iai_escola_de_artes\\\/\",\"https:\\\/\\\/www.youtube.com\\\/iaiwebmaster\"]},{\"@type\":\"Person\",\"@id\":\"http:\\\/\\\/iai.pt\\\/web\\\/arquivos\\\/author\\\/admin#author\",\"url\":\"http:\\\/\\\/iai.pt\\\/web\\\/arquivos\\\/author\\\/admin\",\"name\":\"admin\",\"image\":{\"@type\":\"ImageObject\",\"@id\":\"http:\\\/\\\/iai.pt\\\/web\\\/arquivos\\\/16526#authorImage\",\"url\":\"https:\\\/\\\/secure.gravatar.com\\\/avatar\\\/bad9c1ed8261989cbd54cb5e8fc92988405a8dc9925b0838cc9c034113770b1e?s=96&d=mm&r=g\",\"width\":96,\"height\":96,\"caption\":\"admin\"}},{\"@type\":\"WebPage\",\"@id\":\"http:\\\/\\\/iai.pt\\\/web\\\/arquivos\\\/16526#webpage\",\"url\":\"http:\\\/\\\/iai.pt\\\/web\\\/arquivos\\\/16526\",\"name\":\"\\u00c0 Conversa Com\\u2026 Jorge Guimar\\u00e3es Silva, Sonorizador na TSF-Radio Not\\u00edcias - IAI\",\"description\":\"\\u00c0 Conversa Com\\u2026 Jorge Guimar\\u00e3es Silva, Sonorizador na TSF- Radio Noticias foi uma importante iniciativa para sensibilizar os alunos para a import\\u00e2ncia da sonoriza\\u00e7\\u00e3o e sonoplastia, assim como do trabalho exigente que imp\\u00f5e sobretudo porque tem de criar rea\\u00e7\\u00f5es e sensa\\u00e7\\u00f5es. A forma simples mas cuidada e rigorosa com que o Sonorizador Jorge Guimar\\u00e3es Silva\",\"inLanguage\":\"pt-PT\",\"isPartOf\":{\"@id\":\"http:\\\/\\\/iai.pt\\\/web\\\/#website\"},\"breadcrumb\":{\"@id\":\"http:\\\/\\\/iai.pt\\\/web\\\/arquivos\\\/16526#breadcrumblist\"},\"author\":{\"@id\":\"http:\\\/\\\/iai.pt\\\/web\\\/arquivos\\\/author\\\/admin#author\"},\"creator\":{\"@id\":\"http:\\\/\\\/iai.pt\\\/web\\\/arquivos\\\/author\\\/admin#author\"},\"image\":{\"@type\":\"ImageObject\",\"url\":\"http:\\\/\\\/iai.pt\\\/web\\\/wp-content\\\/uploads\\\/2025\\\/05\\\/IMG_7385-scaled.jpg\",\"@id\":\"http:\\\/\\\/iai.pt\\\/web\\\/arquivos\\\/16526\\\/#mainImage\",\"width\":2560,\"height\":1920},\"primaryImageOfPage\":{\"@id\":\"http:\\\/\\\/iai.pt\\\/web\\\/arquivos\\\/16526#mainImage\"},\"datePublished\":\"2025-05-13T09:46:16+01:00\",\"dateModified\":\"2025-05-15T09:51:32+01:00\"},{\"@type\":\"WebSite\",\"@id\":\"http:\\\/\\\/iai.pt\\\/web\\\/#website\",\"url\":\"http:\\\/\\\/iai.pt\\\/web\\\/\",\"name\":\"IAI\",\"alternateName\":\"iai\",\"description\":\"Escola Art\\u00edstica\",\"inLanguage\":\"pt-PT\",\"publisher\":{\"@id\":\"http:\\\/\\\/iai.pt\\\/web\\\/#organization\"}}]}\n\t\t<\/script>\n\t\t<!-- All in One SEO -->\n\n","aioseo_head_json":{"title":"\u00c0 Conversa Com\u2026 Jorge Guimar\u00e3es Silva, Sonorizador na TSF-Radio Not\u00edcias - IAI","description":"\u00c0 Conversa Com\u2026 Jorge Guimar\u00e3es Silva, Sonorizador na TSF- Radio Noticias foi uma importante iniciativa para sensibilizar os alunos para a import\u00e2ncia da sonoriza\u00e7\u00e3o e sonoplastia, assim como do trabalho exigente que imp\u00f5e sobretudo porque tem de criar rea\u00e7\u00f5es e sensa\u00e7\u00f5es. A forma simples mas cuidada e rigorosa com que o Sonorizador Jorge Guimar\u00e3es Silva","canonical_url":"http:\/\/iai.pt\/web\/arquivos\/16526","robots":"max-image-preview:large","keywords":"","webmasterTools":{"miscellaneous":""},"schema":{"@context":"https:\/\/schema.org","@graph":[{"@type":"BlogPosting","@id":"http:\/\/iai.pt\/web\/arquivos\/16526#blogposting","name":"\u00c0 Conversa Com\u2026 Jorge Guimar\u00e3es Silva, Sonorizador na TSF-Radio Not\u00edcias - IAI","headline":"\u00c0 Conversa Com&#8230; Jorge Guimar\u00e3es Silva, Sonorizador na TSF-Radio Not\u00edcias","author":{"@id":"http:\/\/iai.pt\/web\/arquivos\/author\/admin#author"},"publisher":{"@id":"http:\/\/iai.pt\/web\/#organization"},"image":{"@type":"ImageObject","url":"http:\/\/iai.pt\/web\/wp-content\/uploads\/2025\/05\/IMG_7385-scaled.jpg","width":2560,"height":1920},"datePublished":"2025-05-13T09:46:16+01:00","dateModified":"2025-05-15T09:51:32+01:00","inLanguage":"pt-PT","mainEntityOfPage":{"@id":"http:\/\/iai.pt\/web\/arquivos\/16526#webpage"},"isPartOf":{"@id":"http:\/\/iai.pt\/web\/arquivos\/16526#webpage"},"articleSection":"Noticias, Uma Hora de Conversa com..."},{"@type":"BreadcrumbList","@id":"http:\/\/iai.pt\/web\/arquivos\/16526#breadcrumblist","itemListElement":[{"@type":"ListItem","@id":"http:\/\/iai.pt\/web#listItem","position":1,"name":"In\u00edcio","item":"http:\/\/iai.pt\/web","nextItem":{"@type":"ListItem","@id":"http:\/\/iai.pt\/web\/arquivos\/category\/noticias#listItem","name":"Noticias"}},{"@type":"ListItem","@id":"http:\/\/iai.pt\/web\/arquivos\/category\/noticias#listItem","position":2,"name":"Noticias","item":"http:\/\/iai.pt\/web\/arquivos\/category\/noticias","nextItem":{"@type":"ListItem","@id":"http:\/\/iai.pt\/web\/arquivos\/16526#listItem","name":"\u00c0 Conversa Com&#8230; Jorge Guimar\u00e3es Silva, Sonorizador na TSF-Radio Not\u00edcias"},"previousItem":{"@type":"ListItem","@id":"http:\/\/iai.pt\/web#listItem","name":"In\u00edcio"}},{"@type":"ListItem","@id":"http:\/\/iai.pt\/web\/arquivos\/16526#listItem","position":3,"name":"\u00c0 Conversa Com&#8230; Jorge Guimar\u00e3es Silva, Sonorizador na TSF-Radio Not\u00edcias","previousItem":{"@type":"ListItem","@id":"http:\/\/iai.pt\/web\/arquivos\/category\/noticias#listItem","name":"Noticias"}}]},{"@type":"Organization","@id":"http:\/\/iai.pt\/web\/#organization","name":"Instituto das Artes e da Imagem","description":"Escola Art\u00edstica","url":"http:\/\/iai.pt\/web\/","telephone":"+351222000757","logo":{"@type":"ImageObject","url":"http:\/\/iai.pt\/web\/wp-content\/uploads\/2023\/05\/seo-logo.png","@id":"http:\/\/iai.pt\/web\/arquivos\/16526\/#organizationLogo","width":105,"height":112},"image":{"@id":"http:\/\/iai.pt\/web\/arquivos\/16526\/#organizationLogo"},"sameAs":["https:\/\/www.facebook.com\/instituto.das.artes.imagem","https:\/\/www.instagram.com\/iai_escola_de_artes\/","https:\/\/www.youtube.com\/iaiwebmaster"]},{"@type":"Person","@id":"http:\/\/iai.pt\/web\/arquivos\/author\/admin#author","url":"http:\/\/iai.pt\/web\/arquivos\/author\/admin","name":"admin","image":{"@type":"ImageObject","@id":"http:\/\/iai.pt\/web\/arquivos\/16526#authorImage","url":"https:\/\/secure.gravatar.com\/avatar\/bad9c1ed8261989cbd54cb5e8fc92988405a8dc9925b0838cc9c034113770b1e?s=96&d=mm&r=g","width":96,"height":96,"caption":"admin"}},{"@type":"WebPage","@id":"http:\/\/iai.pt\/web\/arquivos\/16526#webpage","url":"http:\/\/iai.pt\/web\/arquivos\/16526","name":"\u00c0 Conversa Com\u2026 Jorge Guimar\u00e3es Silva, Sonorizador na TSF-Radio Not\u00edcias - IAI","description":"\u00c0 Conversa Com\u2026 Jorge Guimar\u00e3es Silva, Sonorizador na TSF- Radio Noticias foi uma importante iniciativa para sensibilizar os alunos para a import\u00e2ncia da sonoriza\u00e7\u00e3o e sonoplastia, assim como do trabalho exigente que imp\u00f5e sobretudo porque tem de criar rea\u00e7\u00f5es e sensa\u00e7\u00f5es. A forma simples mas cuidada e rigorosa com que o Sonorizador Jorge Guimar\u00e3es Silva","inLanguage":"pt-PT","isPartOf":{"@id":"http:\/\/iai.pt\/web\/#website"},"breadcrumb":{"@id":"http:\/\/iai.pt\/web\/arquivos\/16526#breadcrumblist"},"author":{"@id":"http:\/\/iai.pt\/web\/arquivos\/author\/admin#author"},"creator":{"@id":"http:\/\/iai.pt\/web\/arquivos\/author\/admin#author"},"image":{"@type":"ImageObject","url":"http:\/\/iai.pt\/web\/wp-content\/uploads\/2025\/05\/IMG_7385-scaled.jpg","@id":"http:\/\/iai.pt\/web\/arquivos\/16526\/#mainImage","width":2560,"height":1920},"primaryImageOfPage":{"@id":"http:\/\/iai.pt\/web\/arquivos\/16526#mainImage"},"datePublished":"2025-05-13T09:46:16+01:00","dateModified":"2025-05-15T09:51:32+01:00"},{"@type":"WebSite","@id":"http:\/\/iai.pt\/web\/#website","url":"http:\/\/iai.pt\/web\/","name":"IAI","alternateName":"iai","description":"Escola Art\u00edstica","inLanguage":"pt-PT","publisher":{"@id":"http:\/\/iai.pt\/web\/#organization"}}]},"og:locale":"pt_PT","og:site_name":"IAI - Escola Art\u00edstica","og:type":"article","og:title":"\u00c0 Conversa Com\u2026 Jorge Guimar\u00e3es Silva, Sonorizador na TSF-Radio Not\u00edcias - IAI","og:description":"\u00c0 Conversa Com\u2026 Jorge Guimar\u00e3es Silva, Sonorizador na TSF- Radio Noticias foi uma importante iniciativa para sensibilizar os alunos para a import\u00e2ncia da sonoriza\u00e7\u00e3o e sonoplastia, assim como do trabalho exigente que imp\u00f5e sobretudo porque tem de criar rea\u00e7\u00f5es e sensa\u00e7\u00f5es. A forma simples mas cuidada e rigorosa com que o Sonorizador Jorge Guimar\u00e3es Silva","og:url":"http:\/\/iai.pt\/web\/arquivos\/16526","og:image":"http:\/\/iai.pt\/web\/wp-content\/uploads\/2023\/05\/seo-logo.png","og:image:width":105,"og:image:height":112,"article:published_time":"2025-05-13T08:46:16+00:00","article:modified_time":"2025-05-15T08:51:32+00:00","article:publisher":"https:\/\/www.facebook.com\/instituto.das.artes.imagem","twitter:card":"summary_large_image","twitter:title":"\u00c0 Conversa Com\u2026 Jorge Guimar\u00e3es Silva, Sonorizador na TSF-Radio Not\u00edcias - IAI","twitter:description":"\u00c0 Conversa Com\u2026 Jorge Guimar\u00e3es Silva, Sonorizador na TSF- Radio Noticias foi uma importante iniciativa para sensibilizar os alunos para a import\u00e2ncia da sonoriza\u00e7\u00e3o e sonoplastia, assim como do trabalho exigente que imp\u00f5e sobretudo porque tem de criar rea\u00e7\u00f5es e sensa\u00e7\u00f5es. A forma simples mas cuidada e rigorosa com que o Sonorizador Jorge Guimar\u00e3es Silva","twitter:image":"http:\/\/iai.pt\/web\/wp-content\/uploads\/2023\/05\/seo-logo.png"},"aioseo_meta_data":{"post_id":"16526","title":null,"description":null,"keywords":[],"keyphrases":{"focus":{"keyphrase":"","score":0,"analysis":{"keyphraseInTitle":{"score":0,"maxScore":9,"error":1}}},"additional":[]},"primary_term":null,"canonical_url":null,"og_title":null,"og_description":null,"og_object_type":"default","og_image_type":"default","og_image_url":null,"og_image_width":null,"og_image_height":null,"og_image_custom_url":null,"og_image_custom_fields":null,"og_video":"","og_custom_url":null,"og_article_section":null,"og_article_tags":[],"twitter_use_og":false,"twitter_card":"default","twitter_image_type":"default","twitter_image_url":null,"twitter_image_custom_url":null,"twitter_image_custom_fields":null,"twitter_title":null,"twitter_description":null,"schema":{"blockGraphs":[],"customGraphs":[],"default":{"data":{"Article":[],"Course":[],"Dataset":[],"FAQPage":[],"Movie":[],"Person":[],"Product":[],"ProductReview":[],"Car":[],"Recipe":[],"Service":[],"SoftwareApplication":[],"WebPage":[]},"graphName":"BlogPosting","isEnabled":true},"graphs":[]},"schema_type":"default","schema_type_options":null,"pillar_content":false,"robots_default":true,"robots_noindex":false,"robots_noarchive":false,"robots_nosnippet":false,"robots_nofollow":false,"robots_noimageindex":false,"robots_noodp":false,"robots_notranslate":false,"robots_max_snippet":"-1","robots_max_videopreview":"-1","robots_max_imagepreview":"large","priority":null,"frequency":"default","local_seo":null,"breadcrumb_settings":null,"limit_modified_date":false,"ai":null,"created":"2025-05-15 08:47:31","updated":"2025-06-09 22:06:32","seo_analyzer_scan_date":null},"aioseo_breadcrumb":"<div class=\"aioseo-breadcrumbs\"><span class=\"aioseo-breadcrumb\">\n\t\t\t<a href=\"http:\/\/iai.pt\/web\" title=\"In\u00edcio\">In\u00edcio<\/a>\n\t\t<\/span><span class=\"aioseo-breadcrumb-separator\">\u00bb<\/span><span class=\"aioseo-breadcrumb\">\n\t\t\t<a href=\"http:\/\/iai.pt\/web\/arquivos\/category\/noticias\" title=\"Noticias\">Noticias<\/a>\n\t\t<\/span><span class=\"aioseo-breadcrumb-separator\">\u00bb<\/span><span class=\"aioseo-breadcrumb\">\n\t\t\t\u00c0 Conversa Com\u2026 Jorge Guimar\u00e3es Silva, Sonorizador na TSF-Radio Not\u00edcias\n\t\t<\/span><\/div>","aioseo_breadcrumb_json":[{"label":"In\u00edcio","link":"http:\/\/iai.pt\/web"},{"label":"Noticias","link":"http:\/\/iai.pt\/web\/arquivos\/category\/noticias"},{"label":"\u00c0 Conversa Com&#8230; Jorge Guimar\u00e3es Silva, Sonorizador na TSF-Radio Not\u00edcias","link":"http:\/\/iai.pt\/web\/arquivos\/16526"}],"_links":{"self":[{"href":"http:\/\/iai.pt\/web\/wp-json\/wp\/v2\/posts\/16526","targetHints":{"allow":["GET"]}}],"collection":[{"href":"http:\/\/iai.pt\/web\/wp-json\/wp\/v2\/posts"}],"about":[{"href":"http:\/\/iai.pt\/web\/wp-json\/wp\/v2\/types\/post"}],"author":[{"embeddable":true,"href":"http:\/\/iai.pt\/web\/wp-json\/wp\/v2\/users\/1"}],"replies":[{"embeddable":true,"href":"http:\/\/iai.pt\/web\/wp-json\/wp\/v2\/comments?post=16526"}],"version-history":[{"count":1,"href":"http:\/\/iai.pt\/web\/wp-json\/wp\/v2\/posts\/16526\/revisions"}],"predecessor-version":[{"id":16527,"href":"http:\/\/iai.pt\/web\/wp-json\/wp\/v2\/posts\/16526\/revisions\/16527"}],"wp:featuredmedia":[{"embeddable":true,"href":"http:\/\/iai.pt\/web\/wp-json\/wp\/v2\/media\/16525"}],"wp:attachment":[{"href":"http:\/\/iai.pt\/web\/wp-json\/wp\/v2\/media?parent=16526"}],"wp:term":[{"taxonomy":"category","embeddable":true,"href":"http:\/\/iai.pt\/web\/wp-json\/wp\/v2\/categories?post=16526"},{"taxonomy":"post_tag","embeddable":true,"href":"http:\/\/iai.pt\/web\/wp-json\/wp\/v2\/tags?post=16526"}],"curies":[{"name":"wp","href":"https:\/\/api.w.org\/{rel}","templated":true}]}}