{"id":16536,"date":"2025-05-14T14:43:01","date_gmt":"2025-05-14T13:43:01","guid":{"rendered":"https:\/\/iai.pt\/web\/?p=16536"},"modified":"2025-05-15T14:47:00","modified_gmt":"2025-05-15T13:47:00","slug":"a-conversa-com-joao-henrique-vieira-fotojornalista-desportivo","status":"publish","type":"post","link":"http:\/\/iai.pt\/web\/arquivos\/16536","title":{"rendered":"\u00c0 Conversa com&#8230; Jo\u00e3o Henrique Vieira, Fotojornalista Desportivo"},"content":{"rendered":"<p>[et_pb_section fb_built=&#8221;1&#8243; _builder_version=&#8221;4.23.4&#8243; _module_preset=&#8221;default&#8221; global_colors_info=&#8221;{}&#8221; theme_builder_area=&#8221;post_content&#8221;][et_pb_row _builder_version=&#8221;4.23.4&#8243; _module_preset=&#8221;default&#8221; global_colors_info=&#8221;{}&#8221; theme_builder_area=&#8221;post_content&#8221;][et_pb_column type=&#8221;4_4&#8243; _builder_version=&#8221;4.23.4&#8243; _module_preset=&#8221;default&#8221; global_colors_info=&#8221;{}&#8221; theme_builder_area=&#8221;post_content&#8221;][et_pb_text _builder_version=&#8221;4.23.4&#8243; _module_preset=&#8221;default&#8221; global_colors_info=&#8221;{}&#8221; theme_builder_area=&#8221;post_content&#8221;]<\/p>\n<div class=\"\" data-block=\"true\" data-editor=\"5g3e9\" data-offset-key=\"c03au-0-0\">\n<div data-offset-key=\"c03au-0-0\" class=\"_1mf _1mj\">\n<div class=\"\" data-block=\"true\" data-editor=\"60bkn\" data-offset-key=\"9j394-0-0\">\n<div data-offset-key=\"9j394-0-0\" class=\"_1mf _1mj\">\n<div class=\"\" data-block=\"true\" data-editor=\"80o6a\" data-offset-key=\"cm5cj-0-0\">\n<div data-offset-key=\"cm5cj-0-0\" class=\"_1mf _1mj\">\n<p><span style=\"font-weight: 400;\">O Ciclo<\/span><b> A Conversa Com\u2026<\/b><span style=\"font-weight: 400;\"> continua ao longo do m\u00eas de maio, sendo marcado por um painel\u00a0 de especialistas e profissionais que partilham, de forma gratuita, sentida e emotiva o que sabem e como vivem o quotidiano profissional.<\/span><\/p>\n<p><span style=\"font-weight: 400;\">Na iniciativa do dia de hoje com o <\/span><b>Fotojornalista Jo\u00e3o Henrique<\/b><span style=\"font-weight: 400;\"> <\/span><b>Vieira<\/b><span style=\"font-weight: 400;\"> estivemos como que a ouvir um ex\u00edmio\u00a0 contador de hist\u00f3rias capaz de nos transportar para lugares e pessoas, sensa\u00e7\u00f5es e experi\u00eancias, desafios e obst\u00e1culos, sorrisos e tristezas, erros e supera\u00e7\u00f5es e, sempre, sempre moral e ensinamentos .\u00a0<\/span><\/p>\n<p><span style=\"font-weight: 400;\">Na sua forma cativante, din\u00e2mica e apaixonada o <\/span><b>Fotojornalista Jo\u00e3o Henrique<\/b><span style=\"font-weight: 400;\"> <\/span><b>Vieira <\/b><span style=\"font-weight: 400;\">falou-nos, ao mesmo tempo que exibia in\u00fameros exemplos de trabalhos fotogr\u00e1ficos e\/ou equipamentos que usa no seu quotidiano,\u00a0 da exig\u00eancia da profiss\u00e3o, do rigor e dedica\u00e7\u00e3o que \u00e9 fundamental colocarmos em tudo o que fazemos, assim como das compet\u00eancias transversais que s\u00e3o essenciais no mercado profissional\u00a0 do fotojornalismo, tais como:\u00a0 discri\u00e7\u00e3o, rigor e exig\u00eancia, conhecimento t\u00e9cnico\u00a0 e tem\u00e1tico, capacidade de trabalho, sensibilidade, m\u00e9todo e planeamento, olhar atento e amplo.<\/span><\/p>\n<p><span style=\"font-weight: 400;\">Esta sess\u00e3o teve um especial significado porque revela, tamb\u00e9m, o envolvimento dos pais e encarregados de educa\u00e7\u00e3o na vida do IAI. Estamos gratos ao <\/span><b>Fotojornalista Jo\u00e3o Henrique Vieira <\/b><span style=\"font-weight: 400;\">pela partilha, pela emo\u00e7\u00e3o que foi capaz de nos fazer sentir e, por nos ter feito &#8216;<\/span><b><i>Olhar para a linha do horizonte&#8217;<\/i><\/b><b>. OBRIGADA.<\/b><\/p>\n<\/div>\n<\/div>\n<\/div>\n<\/div>\n<\/div>\n<\/div>\n<div class=\"\" data-block=\"true\" data-editor=\"5g3e9\" data-offset-key=\"8knvv-0-0\"><\/div>\n<p>[\/et_pb_text][\/et_pb_column][\/et_pb_row][et_pb_row _builder_version=&#8221;4.23.4&#8243; _module_preset=&#8221;default&#8221; global_colors_info=&#8221;{}&#8221; theme_builder_area=&#8221;post_content&#8221;][et_pb_column type=&#8221;4_4&#8243; _builder_version=&#8221;4.23.4&#8243; _module_preset=&#8221;default&#8221; global_colors_info=&#8221;{}&#8221; theme_builder_area=&#8221;post_content&#8221;][et_pb_image src=&#8221;http:\/\/iai.pt\/web\/wp-content\/uploads\/2025\/05\/IMG_7415-scaled.jpg&#8221; title_text=&#8221;IMG_7415&#8243; _builder_version=&#8221;4.23.4&#8243; _module_preset=&#8221;default&#8221; hover_enabled=&#8221;0&#8243; global_colors_info=&#8221;{}&#8221; theme_builder_area=&#8221;post_content&#8221; sticky_enabled=&#8221;0&#8243;][\/et_pb_image][\/et_pb_column][\/et_pb_row][\/et_pb_section]<\/p>\n","protected":false},"excerpt":{"rendered":"<p>O Ciclo A Conversa Com\u2026 continua ao longo do m\u00eas de maio, sendo marcado por um painel\u00a0 de especialistas e profissionais que partilham, de forma gratuita, sentida e emotiva o que sabem e como vivem o quotidiano profissional. Na iniciativa do dia de hoje com o Fotojornalista Jo\u00e3o Henrique Vieira estivemos como que a ouvir [&hellip;]<\/p>\n","protected":false},"author":1,"featured_media":16537,"comment_status":"open","ping_status":"open","sticky":false,"template":"","format":"standard","meta":{"_et_pb_use_builder":"on","_et_pb_old_content":"","_et_gb_content_width":"","footnotes":""},"categories":[60,123],"tags":[],"class_list":["post-16536","post","type-post","status-publish","format-standard","has-post-thumbnail","hentry","category-noticias","category-uma-hora-de-conversa-com"],"aioseo_notices":[],"_links":{"self":[{"href":"http:\/\/iai.pt\/web\/wp-json\/wp\/v2\/posts\/16536","targetHints":{"allow":["GET"]}}],"collection":[{"href":"http:\/\/iai.pt\/web\/wp-json\/wp\/v2\/posts"}],"about":[{"href":"http:\/\/iai.pt\/web\/wp-json\/wp\/v2\/types\/post"}],"author":[{"embeddable":true,"href":"http:\/\/iai.pt\/web\/wp-json\/wp\/v2\/users\/1"}],"replies":[{"embeddable":true,"href":"http:\/\/iai.pt\/web\/wp-json\/wp\/v2\/comments?post=16536"}],"version-history":[{"count":1,"href":"http:\/\/iai.pt\/web\/wp-json\/wp\/v2\/posts\/16536\/revisions"}],"predecessor-version":[{"id":16538,"href":"http:\/\/iai.pt\/web\/wp-json\/wp\/v2\/posts\/16536\/revisions\/16538"}],"wp:featuredmedia":[{"embeddable":true,"href":"http:\/\/iai.pt\/web\/wp-json\/wp\/v2\/media\/16537"}],"wp:attachment":[{"href":"http:\/\/iai.pt\/web\/wp-json\/wp\/v2\/media?parent=16536"}],"wp:term":[{"taxonomy":"category","embeddable":true,"href":"http:\/\/iai.pt\/web\/wp-json\/wp\/v2\/categories?post=16536"},{"taxonomy":"post_tag","embeddable":true,"href":"http:\/\/iai.pt\/web\/wp-json\/wp\/v2\/tags?post=16536"}],"curies":[{"name":"wp","href":"https:\/\/api.w.org\/{rel}","templated":true}]}}