{"id":16553,"date":"2025-05-16T17:18:31","date_gmt":"2025-05-16T16:18:31","guid":{"rendered":"https:\/\/iai.pt\/web\/?p=16553"},"modified":"2025-05-22T17:21:45","modified_gmt":"2025-05-22T16:21:45","slug":"visita-de-estudo-a-igreja-de-santa-clara-no-porto","status":"publish","type":"post","link":"http:\/\/iai.pt\/web\/arquivos\/16553","title":{"rendered":"Visita de Estudo \u00e0 Igreja de Santa Clara, no Porto"},"content":{"rendered":"<p>[et_pb_section fb_built=&#8221;1&#8243; _builder_version=&#8221;4.23.4&#8243; _module_preset=&#8221;default&#8221; global_colors_info=&#8221;{}&#8221; theme_builder_area=&#8221;post_content&#8221;][et_pb_row _builder_version=&#8221;4.23.4&#8243; _module_preset=&#8221;default&#8221; global_colors_info=&#8221;{}&#8221; theme_builder_area=&#8221;post_content&#8221;][et_pb_column type=&#8221;4_4&#8243; _builder_version=&#8221;4.23.4&#8243; _module_preset=&#8221;default&#8221; global_colors_info=&#8221;{}&#8221; theme_builder_area=&#8221;post_content&#8221;][et_pb_text _builder_version=&#8221;4.23.4&#8243; _module_preset=&#8221;default&#8221; global_colors_info=&#8221;{}&#8221; theme_builder_area=&#8221;post_content&#8221;]<\/p>\n<div class=\"\" data-block=\"true\" data-editor=\"5g3e9\" data-offset-key=\"c03au-0-0\">\n<div data-offset-key=\"c03au-0-0\" class=\"_1mf _1mj\">\n<div class=\"\" data-block=\"true\" data-editor=\"60bkn\" data-offset-key=\"9j394-0-0\">\n<div data-offset-key=\"9j394-0-0\" class=\"_1mf _1mj\">\n<div class=\"\" data-block=\"true\" data-editor=\"80o6a\" data-offset-key=\"cm5cj-0-0\">\n<div data-offset-key=\"cm5cj-0-0\" class=\"_1mf _1mj\">\n<p><span style=\"font-weight: 400;\">No passado dia 16 de Maio, os alunos do 11\u00ba ano do Ensino Art\u00edstico Especializado do Curso de Desenho de Arquitetura, realizaram uma visita de estudo \u00e0 deslumbrante Igreja de Santa Clara, no cora\u00e7\u00e3o do Porto. Uma experi\u00eancia \u00fanica de contacto com o patrim\u00f3nio hist\u00f3rico e art\u00edstico da cidade, onde se destacam os magn\u00edficos interiores em talha dourada, exemplo marcante do barroco portugu\u00eas.<\/span><\/p>\n<p><span style=\"font-weight: 400;\">Foi uma tarde de descoberta, aprendizagem e valoriza\u00e7\u00e3o da nossa heran\u00e7a cultural.<\/span><\/p>\n<\/div>\n<\/div>\n<\/div>\n<\/div>\n<\/div>\n<\/div>\n<div class=\"\" data-block=\"true\" data-editor=\"5g3e9\" data-offset-key=\"8knvv-0-0\"><\/div>\n<p>[\/et_pb_text][\/et_pb_column][\/et_pb_row][et_pb_row _builder_version=&#8221;4.23.4&#8243; _module_preset=&#8221;default&#8221; global_colors_info=&#8221;{}&#8221; theme_builder_area=&#8221;post_content&#8221;][et_pb_column type=&#8221;4_4&#8243; _builder_version=&#8221;4.23.4&#8243; _module_preset=&#8221;default&#8221; global_colors_info=&#8221;{}&#8221; theme_builder_area=&#8221;post_content&#8221;][et_pb_image src=&#8221;http:\/\/iai.pt\/web\/wp-content\/uploads\/2025\/05\/20250516_150125-min-scaled.jpg&#8221; title_text=&#8221;20250516_150125-min&#8221; _builder_version=&#8221;4.23.4&#8243; _module_preset=&#8221;default&#8221; hover_enabled=&#8221;0&#8243; global_colors_info=&#8221;{}&#8221; theme_builder_area=&#8221;post_content&#8221; sticky_enabled=&#8221;0&#8243;][\/et_pb_image][\/et_pb_column][\/et_pb_row][\/et_pb_section]<\/p>\n","protected":false},"excerpt":{"rendered":"<p>No passado dia 16 de Maio, os alunos do 11\u00ba ano do Ensino Art\u00edstico Especializado do Curso de Desenho de Arquitetura, realizaram uma visita de estudo \u00e0 deslumbrante Igreja de Santa Clara, no cora\u00e7\u00e3o do Porto. Uma experi\u00eancia \u00fanica de contacto com o patrim\u00f3nio hist\u00f3rico e art\u00edstico da cidade, onde se destacam os magn\u00edficos interiores [&hellip;]<\/p>\n","protected":false},"author":1,"featured_media":16552,"comment_status":"open","ping_status":"open","sticky":false,"template":"","format":"standard","meta":{"_et_pb_use_builder":"on","_et_pb_old_content":"","_et_gb_content_width":"","footnotes":""},"categories":[60],"tags":[],"class_list":["post-16553","post","type-post","status-publish","format-standard","has-post-thumbnail","hentry","category-noticias"],"aioseo_notices":[],"_links":{"self":[{"href":"http:\/\/iai.pt\/web\/wp-json\/wp\/v2\/posts\/16553","targetHints":{"allow":["GET"]}}],"collection":[{"href":"http:\/\/iai.pt\/web\/wp-json\/wp\/v2\/posts"}],"about":[{"href":"http:\/\/iai.pt\/web\/wp-json\/wp\/v2\/types\/post"}],"author":[{"embeddable":true,"href":"http:\/\/iai.pt\/web\/wp-json\/wp\/v2\/users\/1"}],"replies":[{"embeddable":true,"href":"http:\/\/iai.pt\/web\/wp-json\/wp\/v2\/comments?post=16553"}],"version-history":[{"count":1,"href":"http:\/\/iai.pt\/web\/wp-json\/wp\/v2\/posts\/16553\/revisions"}],"predecessor-version":[{"id":16554,"href":"http:\/\/iai.pt\/web\/wp-json\/wp\/v2\/posts\/16553\/revisions\/16554"}],"wp:featuredmedia":[{"embeddable":true,"href":"http:\/\/iai.pt\/web\/wp-json\/wp\/v2\/media\/16552"}],"wp:attachment":[{"href":"http:\/\/iai.pt\/web\/wp-json\/wp\/v2\/media?parent=16553"}],"wp:term":[{"taxonomy":"category","embeddable":true,"href":"http:\/\/iai.pt\/web\/wp-json\/wp\/v2\/categories?post=16553"},{"taxonomy":"post_tag","embeddable":true,"href":"http:\/\/iai.pt\/web\/wp-json\/wp\/v2\/tags?post=16553"}],"curies":[{"name":"wp","href":"https:\/\/api.w.org\/{rel}","templated":true}]}}