{"id":16602,"date":"2025-05-27T12:14:38","date_gmt":"2025-05-27T11:14:38","guid":{"rendered":"https:\/\/iai.pt\/web\/?p=16602"},"modified":"2025-06-09T11:49:14","modified_gmt":"2025-06-09T10:49:14","slug":"termino-da-experiencia-erasmus-programa-de-mobilidade","status":"publish","type":"post","link":"http:\/\/iai.pt\/web\/arquivos\/16602","title":{"rendered":"T\u00e9rmino da Experi\u00eancia Erasmus+ \u2014 Programa de Mobilidade"},"content":{"rendered":"<p>[et_pb_section fb_built=&#8221;1&#8243; theme_builder_area=&#8221;post_content&#8221; _builder_version=&#8221;4.27.4&#8243; _module_preset=&#8221;default&#8221;][et_pb_row _builder_version=&#8221;4.27.4&#8243; _module_preset=&#8221;default&#8221; theme_builder_area=&#8221;post_content&#8221;][et_pb_column _builder_version=&#8221;4.27.4&#8243; _module_preset=&#8221;default&#8221; type=&#8221;4_4&#8243; theme_builder_area=&#8221;post_content&#8221;][et_pb_text _builder_version=&#8221;4.27.4&#8243; _module_preset=&#8221;default&#8221; theme_builder_area=&#8221;post_content&#8221; hover_enabled=&#8221;0&#8243; sticky_enabled=&#8221;0&#8243;]<\/p>\n<p><span style=\"font-weight: 400;\">Chegou hoje ao fim a experi\u00eancia Erasmus + para os nossos alunos. A viv\u00eancia em It\u00e1lia ao longo deste mais de 40 dias abriu portas a experi\u00eancias e oportunidades m\u00faltiplas, mas tamb\u00e9m implicou ultrapassar desafios e, sobretudo, gerir as emo\u00e7\u00f5es e saudades de casa.<\/span><\/p>\n<p><span style=\"font-weight: 400;\">Os alunos realizaram os seus est\u00e1gios, tiveram de adaptar-se a comunicar numa l\u00edngua diferente da sua e puderam viajar e conhecer muitas das refer\u00eancias art\u00edsticas (cidades, museus e obras de arte) que s\u00f3 conheciam atrav\u00e9s dos livros.\u00a0<\/span><\/p>\n<p><span style=\"font-weight: 400;\">De facto, depois de uma experi\u00eancia Erasmus j\u00e1 ningu\u00e9m \u00e9 igual, tudo se transforma porque o \u00a0 \u201cErasmus + enriquece vidas e alarga horizontes&#8230;\u201d.<\/span><\/p>\n<p>[\/et_pb_text][et_pb_image src=&#8221;http:\/\/iai.pt\/web\/wp-content\/uploads\/2025\/05\/Erasmus-_chegadaII-min-scaled.jpg&#8221; _builder_version=&#8221;4.27.4&#8243; _module_preset=&#8221;default&#8221; theme_builder_area=&#8221;post_content&#8221; title_text=&#8221;Erasmus+ _chegadaII-min&#8221; hover_enabled=&#8221;0&#8243; sticky_enabled=&#8221;0&#8243;][\/et_pb_image][\/et_pb_column][\/et_pb_row][\/et_pb_section]<\/p>\n","protected":false},"excerpt":{"rendered":"<p>Chegou hoje ao fim a experi\u00eancia Erasmus + para os nossos alunos. A viv\u00eancia em It\u00e1lia ao longo deste mais de 40 dias abriu portas a experi\u00eancias e oportunidades m\u00faltiplas, mas tamb\u00e9m implicou ultrapassar desafios e, sobretudo, gerir as emo\u00e7\u00f5es e saudades de casa. Os alunos realizaram os seus est\u00e1gios, tiveram de adaptar-se a comunicar [&hellip;]<\/p>\n","protected":false},"author":1,"featured_media":16588,"comment_status":"open","ping_status":"open","sticky":false,"template":"","format":"standard","meta":{"_et_pb_use_builder":"on","_et_pb_old_content":"","_et_gb_content_width":"","footnotes":""},"categories":[60],"tags":[],"class_list":["post-16602","post","type-post","status-publish","format-standard","has-post-thumbnail","hentry","category-noticias"],"aioseo_notices":[],"_links":{"self":[{"href":"http:\/\/iai.pt\/web\/wp-json\/wp\/v2\/posts\/16602","targetHints":{"allow":["GET"]}}],"collection":[{"href":"http:\/\/iai.pt\/web\/wp-json\/wp\/v2\/posts"}],"about":[{"href":"http:\/\/iai.pt\/web\/wp-json\/wp\/v2\/types\/post"}],"author":[{"embeddable":true,"href":"http:\/\/iai.pt\/web\/wp-json\/wp\/v2\/users\/1"}],"replies":[{"embeddable":true,"href":"http:\/\/iai.pt\/web\/wp-json\/wp\/v2\/comments?post=16602"}],"version-history":[{"count":1,"href":"http:\/\/iai.pt\/web\/wp-json\/wp\/v2\/posts\/16602\/revisions"}],"predecessor-version":[{"id":16603,"href":"http:\/\/iai.pt\/web\/wp-json\/wp\/v2\/posts\/16602\/revisions\/16603"}],"wp:featuredmedia":[{"embeddable":true,"href":"http:\/\/iai.pt\/web\/wp-json\/wp\/v2\/media\/16588"}],"wp:attachment":[{"href":"http:\/\/iai.pt\/web\/wp-json\/wp\/v2\/media?parent=16602"}],"wp:term":[{"taxonomy":"category","embeddable":true,"href":"http:\/\/iai.pt\/web\/wp-json\/wp\/v2\/categories?post=16602"},{"taxonomy":"post_tag","embeddable":true,"href":"http:\/\/iai.pt\/web\/wp-json\/wp\/v2\/tags?post=16602"}],"curies":[{"name":"wp","href":"https:\/\/api.w.org\/{rel}","templated":true}]}}