{"id":16681,"date":"2025-06-05T16:44:12","date_gmt":"2025-06-05T15:44:12","guid":{"rendered":"https:\/\/iai.pt\/web\/?p=16681"},"modified":"2025-06-11T16:45:44","modified_gmt":"2025-06-11T15:45:44","slug":"visita-de-estudo-ao-museu-do-holocausto-no-porto","status":"publish","type":"post","link":"http:\/\/iai.pt\/web\/arquivos\/16681","title":{"rendered":"Visita de Estudo ao Museu do Holocausto no Porto"},"content":{"rendered":"<p>[et_pb_section fb_built=&#8221;1&#8243; theme_builder_area=&#8221;post_content&#8221; _builder_version=&#8221;4.27.4&#8243; _module_preset=&#8221;default&#8221;][et_pb_row _builder_version=&#8221;4.27.4&#8243; _module_preset=&#8221;default&#8221; theme_builder_area=&#8221;post_content&#8221;][et_pb_column _builder_version=&#8221;4.27.4&#8243; _module_preset=&#8221;default&#8221; type=&#8221;4_4&#8243; theme_builder_area=&#8221;post_content&#8221;][et_pb_text _builder_version=&#8221;4.27.4&#8243; _module_preset=&#8221;default&#8221; theme_builder_area=&#8221;post_content&#8221; hover_enabled=&#8221;0&#8243; sticky_enabled=&#8221;0&#8243;]<\/p>\n<p><span style=\"font-weight: 400;\">No dia 05 de junho, pelas 14h30, os alunos do 10.\u00ba ano dos cursos de Imagem Interativa e de Desenho de Arquitetura realizaram uma visita de estudo ao Museu do Holocausto do Porto e \u00e0 Sinagoga Kadoorie Mekor Haim, situados na zona do Campo Alegre.<\/span><\/p>\n<p><span style=\"font-weight: 400;\">Esta experi\u00eancia teve como principal objetivo proporcionar uma reflex\u00e3o cr\u00edtica sobre os direitos humanos, a intoler\u00e2ncia e as consequ\u00eancias da discrimina\u00e7\u00e3o, promovendo uma abordagem transversal entre a hist\u00f3ria, a arte, a comunica\u00e7\u00e3o visual e a arquitetura.<\/span><\/p>\n<p><span style=\"font-weight: 400;\">No Museu do Holocausto, os alunos percorreram exposi\u00e7\u00f5es com objetos, documentos, testemunhos e imagens que evocam a mem\u00f3ria das v\u00edtimas do regime nazi, tendo ainda oportunidade de visitar a reprodu\u00e7\u00e3o simb\u00f3lica de um dormit\u00f3rio de campo de concentra\u00e7\u00e3o. A visita guiada incentivou o di\u00e1logo e o pensamento cr\u00edtico sobre o papel da mem\u00f3ria na constru\u00e7\u00e3o de uma sociedade mais justa.\u200b A visita \u00e0 Sinagoga permitiu aos \u200ba\u200blunos conhecer o espa\u00e7o de culto judaico, o seu simbolismo arquitet\u00f3nico e o papel da comunidade judaica na hist\u00f3ria da cidade do Porto.<\/span><\/p>\n<p>[\/et_pb_text][et_pb_image src=&#8221;http:\/\/iai.pt\/web\/wp-content\/uploads\/2025\/06\/WhatsApp-Image-2025-06-06-at-17.34.33.jpeg&#8221; _builder_version=&#8221;4.27.4&#8243; _module_preset=&#8221;default&#8221; theme_builder_area=&#8221;post_content&#8221; title_text=&#8221;WhatsApp Image 2025-06-06 at 17.34.33&#8243; hover_enabled=&#8221;0&#8243; sticky_enabled=&#8221;0&#8243;][\/et_pb_image][\/et_pb_column][\/et_pb_row][\/et_pb_section]<\/p>\n","protected":false},"excerpt":{"rendered":"<p>No dia 05 de junho, pelas 14h30, os alunos do 10.\u00ba ano dos cursos de Imagem Interativa e de Desenho de Arquitetura realizaram uma visita de estudo ao Museu do Holocausto do Porto e \u00e0 Sinagoga Kadoorie Mekor Haim, situados na zona do Campo Alegre. Esta experi\u00eancia teve como principal objetivo proporcionar uma reflex\u00e3o cr\u00edtica [&hellip;]<\/p>\n","protected":false},"author":1,"featured_media":16666,"comment_status":"open","ping_status":"open","sticky":false,"template":"","format":"standard","meta":{"_et_pb_use_builder":"on","_et_pb_old_content":"","_et_gb_content_width":"","footnotes":"","_members_access_role":[],"_members_access_error":""},"categories":[60],"tags":[],"class_list":["post-16681","post","type-post","status-publish","format-standard","has-post-thumbnail","hentry","category-noticias"],"aioseo_notices":[],"aioseo_head":"\n\t\t<!-- All in One SEO 4.9.10 - aioseo.com -->\n\t<meta name=\"description\" content=\"No dia 05 de junho, pelas 14h30, os alunos do 10.\u00ba ano dos cursos de Imagem Interativa e de Desenho de Arquitetura realizaram uma visita de estudo ao Museu do Holocausto do Porto e \u00e0 Sinagoga Kadoorie Mekor Haim, situados na zona do Campo Alegre. Esta experi\u00eancia teve como principal objetivo proporcionar uma reflex\u00e3o cr\u00edtica\" \/>\n\t<meta name=\"robots\" content=\"max-image-preview:large\" \/>\n\t<meta name=\"author\" content=\"admin\"\/>\n\t<link rel=\"canonical\" href=\"http:\/\/iai.pt\/web\/arquivos\/16681\" \/>\n\t<meta name=\"generator\" content=\"All in One SEO (AIOSEO) 4.9.10\" \/>\n\t\t<meta property=\"og:locale\" content=\"pt_PT\" \/>\n\t\t<meta property=\"og:site_name\" content=\"IAI - Escola Art\u00edstica\" \/>\n\t\t<meta property=\"og:type\" content=\"article\" \/>\n\t\t<meta property=\"og:title\" content=\"Visita de Estudo ao Museu do Holocausto no Porto - IAI\" \/>\n\t\t<meta property=\"og:description\" content=\"No dia 05 de junho, pelas 14h30, os alunos do 10.\u00ba ano dos cursos de Imagem Interativa e de Desenho de Arquitetura realizaram uma visita de estudo ao Museu do Holocausto do Porto e \u00e0 Sinagoga Kadoorie Mekor Haim, situados na zona do Campo Alegre. Esta experi\u00eancia teve como principal objetivo proporcionar uma reflex\u00e3o cr\u00edtica\" \/>\n\t\t<meta property=\"og:url\" content=\"http:\/\/iai.pt\/web\/arquivos\/16681\" \/>\n\t\t<meta property=\"og:image\" content=\"http:\/\/iai.pt\/web\/wp-content\/uploads\/2023\/05\/seo-logo.png\" \/>\n\t\t<meta property=\"og:image:width\" content=\"105\" \/>\n\t\t<meta property=\"og:image:height\" content=\"112\" \/>\n\t\t<meta property=\"article:published_time\" content=\"2025-06-05T15:44:12+00:00\" \/>\n\t\t<meta property=\"article:modified_time\" content=\"2025-06-11T15:45:44+00:00\" \/>\n\t\t<meta property=\"article:publisher\" content=\"https:\/\/www.facebook.com\/instituto.das.artes.imagem\" \/>\n\t\t<meta name=\"twitter:card\" content=\"summary_large_image\" \/>\n\t\t<meta name=\"twitter:title\" content=\"Visita de Estudo ao Museu do Holocausto no Porto - IAI\" \/>\n\t\t<meta name=\"twitter:description\" content=\"No dia 05 de junho, pelas 14h30, os alunos do 10.\u00ba ano dos cursos de Imagem Interativa e de Desenho de Arquitetura realizaram uma visita de estudo ao Museu do Holocausto do Porto e \u00e0 Sinagoga Kadoorie Mekor Haim, situados na zona do Campo Alegre. Esta experi\u00eancia teve como principal objetivo proporcionar uma reflex\u00e3o cr\u00edtica\" \/>\n\t\t<meta name=\"twitter:image\" content=\"http:\/\/iai.pt\/web\/wp-content\/uploads\/2023\/05\/seo-logo.png\" \/>\n\t\t<script type=\"application\/ld+json\" class=\"aioseo-schema\">\n\t\t\t{\"@context\":\"https:\\\/\\\/schema.org\",\"@graph\":[{\"@type\":\"BlogPosting\",\"@id\":\"http:\\\/\\\/iai.pt\\\/web\\\/arquivos\\\/16681#blogposting\",\"name\":\"Visita de Estudo ao Museu do Holocausto no Porto - IAI\",\"headline\":\"Visita de Estudo ao Museu do Holocausto no Porto\",\"author\":{\"@id\":\"http:\\\/\\\/iai.pt\\\/web\\\/arquivos\\\/author\\\/admin#author\"},\"publisher\":{\"@id\":\"http:\\\/\\\/iai.pt\\\/web\\\/#organization\"},\"image\":{\"@type\":\"ImageObject\",\"url\":\"http:\\\/\\\/iai.pt\\\/web\\\/wp-content\\\/uploads\\\/2025\\\/06\\\/WhatsApp-Image-2025-06-06-at-17.34.33.jpeg\",\"width\":1600,\"height\":719},\"datePublished\":\"2025-06-05T16:44:12+01:00\",\"dateModified\":\"2025-06-11T16:45:44+01:00\",\"inLanguage\":\"pt-PT\",\"mainEntityOfPage\":{\"@id\":\"http:\\\/\\\/iai.pt\\\/web\\\/arquivos\\\/16681#webpage\"},\"isPartOf\":{\"@id\":\"http:\\\/\\\/iai.pt\\\/web\\\/arquivos\\\/16681#webpage\"},\"articleSection\":\"Noticias\"},{\"@type\":\"BreadcrumbList\",\"@id\":\"http:\\\/\\\/iai.pt\\\/web\\\/arquivos\\\/16681#breadcrumblist\",\"itemListElement\":[{\"@type\":\"ListItem\",\"@id\":\"http:\\\/\\\/iai.pt\\\/web#listItem\",\"position\":1,\"name\":\"In\\u00edcio\",\"item\":\"http:\\\/\\\/iai.pt\\\/web\",\"nextItem\":{\"@type\":\"ListItem\",\"@id\":\"http:\\\/\\\/iai.pt\\\/web\\\/arquivos\\\/category\\\/noticias#listItem\",\"name\":\"Noticias\"}},{\"@type\":\"ListItem\",\"@id\":\"http:\\\/\\\/iai.pt\\\/web\\\/arquivos\\\/category\\\/noticias#listItem\",\"position\":2,\"name\":\"Noticias\",\"item\":\"http:\\\/\\\/iai.pt\\\/web\\\/arquivos\\\/category\\\/noticias\",\"nextItem\":{\"@type\":\"ListItem\",\"@id\":\"http:\\\/\\\/iai.pt\\\/web\\\/arquivos\\\/16681#listItem\",\"name\":\"Visita de Estudo ao Museu do Holocausto no Porto\"},\"previousItem\":{\"@type\":\"ListItem\",\"@id\":\"http:\\\/\\\/iai.pt\\\/web#listItem\",\"name\":\"In\\u00edcio\"}},{\"@type\":\"ListItem\",\"@id\":\"http:\\\/\\\/iai.pt\\\/web\\\/arquivos\\\/16681#listItem\",\"position\":3,\"name\":\"Visita de Estudo ao Museu do Holocausto no Porto\",\"previousItem\":{\"@type\":\"ListItem\",\"@id\":\"http:\\\/\\\/iai.pt\\\/web\\\/arquivos\\\/category\\\/noticias#listItem\",\"name\":\"Noticias\"}}]},{\"@type\":\"Organization\",\"@id\":\"http:\\\/\\\/iai.pt\\\/web\\\/#organization\",\"name\":\"Instituto das Artes e da Imagem\",\"description\":\"Escola Art\\u00edstica\",\"url\":\"http:\\\/\\\/iai.pt\\\/web\\\/\",\"telephone\":\"+351222000757\",\"logo\":{\"@type\":\"ImageObject\",\"url\":\"http:\\\/\\\/iai.pt\\\/web\\\/wp-content\\\/uploads\\\/2023\\\/05\\\/seo-logo.png\",\"@id\":\"http:\\\/\\\/iai.pt\\\/web\\\/arquivos\\\/16681\\\/#organizationLogo\",\"width\":105,\"height\":112},\"image\":{\"@id\":\"http:\\\/\\\/iai.pt\\\/web\\\/arquivos\\\/16681\\\/#organizationLogo\"},\"sameAs\":[\"https:\\\/\\\/www.facebook.com\\\/instituto.das.artes.imagem\",\"https:\\\/\\\/www.instagram.com\\\/iai_escola_de_artes\\\/\",\"https:\\\/\\\/www.youtube.com\\\/iaiwebmaster\"]},{\"@type\":\"Person\",\"@id\":\"http:\\\/\\\/iai.pt\\\/web\\\/arquivos\\\/author\\\/admin#author\",\"url\":\"http:\\\/\\\/iai.pt\\\/web\\\/arquivos\\\/author\\\/admin\",\"name\":\"admin\",\"image\":{\"@type\":\"ImageObject\",\"@id\":\"http:\\\/\\\/iai.pt\\\/web\\\/arquivos\\\/16681#authorImage\",\"url\":\"https:\\\/\\\/secure.gravatar.com\\\/avatar\\\/bad9c1ed8261989cbd54cb5e8fc92988405a8dc9925b0838cc9c034113770b1e?s=96&d=mm&r=g\",\"width\":96,\"height\":96,\"caption\":\"admin\"}},{\"@type\":\"WebPage\",\"@id\":\"http:\\\/\\\/iai.pt\\\/web\\\/arquivos\\\/16681#webpage\",\"url\":\"http:\\\/\\\/iai.pt\\\/web\\\/arquivos\\\/16681\",\"name\":\"Visita de Estudo ao Museu do Holocausto no Porto - IAI\",\"description\":\"No dia 05 de junho, pelas 14h30, os alunos do 10.\\u00ba ano dos cursos de Imagem Interativa e de Desenho de Arquitetura realizaram uma visita de estudo ao Museu do Holocausto do Porto e \\u00e0 Sinagoga Kadoorie Mekor Haim, situados na zona do Campo Alegre. Esta experi\\u00eancia teve como principal objetivo proporcionar uma reflex\\u00e3o cr\\u00edtica\",\"inLanguage\":\"pt-PT\",\"isPartOf\":{\"@id\":\"http:\\\/\\\/iai.pt\\\/web\\\/#website\"},\"breadcrumb\":{\"@id\":\"http:\\\/\\\/iai.pt\\\/web\\\/arquivos\\\/16681#breadcrumblist\"},\"author\":{\"@id\":\"http:\\\/\\\/iai.pt\\\/web\\\/arquivos\\\/author\\\/admin#author\"},\"creator\":{\"@id\":\"http:\\\/\\\/iai.pt\\\/web\\\/arquivos\\\/author\\\/admin#author\"},\"image\":{\"@type\":\"ImageObject\",\"url\":\"http:\\\/\\\/iai.pt\\\/web\\\/wp-content\\\/uploads\\\/2025\\\/06\\\/WhatsApp-Image-2025-06-06-at-17.34.33.jpeg\",\"@id\":\"http:\\\/\\\/iai.pt\\\/web\\\/arquivos\\\/16681\\\/#mainImage\",\"width\":1600,\"height\":719},\"primaryImageOfPage\":{\"@id\":\"http:\\\/\\\/iai.pt\\\/web\\\/arquivos\\\/16681#mainImage\"},\"datePublished\":\"2025-06-05T16:44:12+01:00\",\"dateModified\":\"2025-06-11T16:45:44+01:00\"},{\"@type\":\"WebSite\",\"@id\":\"http:\\\/\\\/iai.pt\\\/web\\\/#website\",\"url\":\"http:\\\/\\\/iai.pt\\\/web\\\/\",\"name\":\"IAI\",\"alternateName\":\"iai\",\"description\":\"Escola Art\\u00edstica\",\"inLanguage\":\"pt-PT\",\"publisher\":{\"@id\":\"http:\\\/\\\/iai.pt\\\/web\\\/#organization\"}}]}\n\t\t<\/script>\n\t\t<!-- All in One SEO -->\n\n","aioseo_head_json":{"title":"Visita de Estudo ao Museu do Holocausto no Porto - IAI","description":"No dia 05 de junho, pelas 14h30, os alunos do 10.\u00ba ano dos cursos de Imagem Interativa e de Desenho de Arquitetura realizaram uma visita de estudo ao Museu do Holocausto do Porto e \u00e0 Sinagoga Kadoorie Mekor Haim, situados na zona do Campo Alegre. Esta experi\u00eancia teve como principal objetivo proporcionar uma reflex\u00e3o cr\u00edtica","canonical_url":"http:\/\/iai.pt\/web\/arquivos\/16681","robots":"max-image-preview:large","keywords":"","webmasterTools":{"miscellaneous":""},"schema":{"@context":"https:\/\/schema.org","@graph":[{"@type":"BlogPosting","@id":"http:\/\/iai.pt\/web\/arquivos\/16681#blogposting","name":"Visita de Estudo ao Museu do Holocausto no Porto - IAI","headline":"Visita de Estudo ao Museu do Holocausto no Porto","author":{"@id":"http:\/\/iai.pt\/web\/arquivos\/author\/admin#author"},"publisher":{"@id":"http:\/\/iai.pt\/web\/#organization"},"image":{"@type":"ImageObject","url":"http:\/\/iai.pt\/web\/wp-content\/uploads\/2025\/06\/WhatsApp-Image-2025-06-06-at-17.34.33.jpeg","width":1600,"height":719},"datePublished":"2025-06-05T16:44:12+01:00","dateModified":"2025-06-11T16:45:44+01:00","inLanguage":"pt-PT","mainEntityOfPage":{"@id":"http:\/\/iai.pt\/web\/arquivos\/16681#webpage"},"isPartOf":{"@id":"http:\/\/iai.pt\/web\/arquivos\/16681#webpage"},"articleSection":"Noticias"},{"@type":"BreadcrumbList","@id":"http:\/\/iai.pt\/web\/arquivos\/16681#breadcrumblist","itemListElement":[{"@type":"ListItem","@id":"http:\/\/iai.pt\/web#listItem","position":1,"name":"In\u00edcio","item":"http:\/\/iai.pt\/web","nextItem":{"@type":"ListItem","@id":"http:\/\/iai.pt\/web\/arquivos\/category\/noticias#listItem","name":"Noticias"}},{"@type":"ListItem","@id":"http:\/\/iai.pt\/web\/arquivos\/category\/noticias#listItem","position":2,"name":"Noticias","item":"http:\/\/iai.pt\/web\/arquivos\/category\/noticias","nextItem":{"@type":"ListItem","@id":"http:\/\/iai.pt\/web\/arquivos\/16681#listItem","name":"Visita de Estudo ao Museu do Holocausto no Porto"},"previousItem":{"@type":"ListItem","@id":"http:\/\/iai.pt\/web#listItem","name":"In\u00edcio"}},{"@type":"ListItem","@id":"http:\/\/iai.pt\/web\/arquivos\/16681#listItem","position":3,"name":"Visita de Estudo ao Museu do Holocausto no Porto","previousItem":{"@type":"ListItem","@id":"http:\/\/iai.pt\/web\/arquivos\/category\/noticias#listItem","name":"Noticias"}}]},{"@type":"Organization","@id":"http:\/\/iai.pt\/web\/#organization","name":"Instituto das Artes e da Imagem","description":"Escola Art\u00edstica","url":"http:\/\/iai.pt\/web\/","telephone":"+351222000757","logo":{"@type":"ImageObject","url":"http:\/\/iai.pt\/web\/wp-content\/uploads\/2023\/05\/seo-logo.png","@id":"http:\/\/iai.pt\/web\/arquivos\/16681\/#organizationLogo","width":105,"height":112},"image":{"@id":"http:\/\/iai.pt\/web\/arquivos\/16681\/#organizationLogo"},"sameAs":["https:\/\/www.facebook.com\/instituto.das.artes.imagem","https:\/\/www.instagram.com\/iai_escola_de_artes\/","https:\/\/www.youtube.com\/iaiwebmaster"]},{"@type":"Person","@id":"http:\/\/iai.pt\/web\/arquivos\/author\/admin#author","url":"http:\/\/iai.pt\/web\/arquivos\/author\/admin","name":"admin","image":{"@type":"ImageObject","@id":"http:\/\/iai.pt\/web\/arquivos\/16681#authorImage","url":"https:\/\/secure.gravatar.com\/avatar\/bad9c1ed8261989cbd54cb5e8fc92988405a8dc9925b0838cc9c034113770b1e?s=96&d=mm&r=g","width":96,"height":96,"caption":"admin"}},{"@type":"WebPage","@id":"http:\/\/iai.pt\/web\/arquivos\/16681#webpage","url":"http:\/\/iai.pt\/web\/arquivos\/16681","name":"Visita de Estudo ao Museu do Holocausto no Porto - IAI","description":"No dia 05 de junho, pelas 14h30, os alunos do 10.\u00ba ano dos cursos de Imagem Interativa e de Desenho de Arquitetura realizaram uma visita de estudo ao Museu do Holocausto do Porto e \u00e0 Sinagoga Kadoorie Mekor Haim, situados na zona do Campo Alegre. Esta experi\u00eancia teve como principal objetivo proporcionar uma reflex\u00e3o cr\u00edtica","inLanguage":"pt-PT","isPartOf":{"@id":"http:\/\/iai.pt\/web\/#website"},"breadcrumb":{"@id":"http:\/\/iai.pt\/web\/arquivos\/16681#breadcrumblist"},"author":{"@id":"http:\/\/iai.pt\/web\/arquivos\/author\/admin#author"},"creator":{"@id":"http:\/\/iai.pt\/web\/arquivos\/author\/admin#author"},"image":{"@type":"ImageObject","url":"http:\/\/iai.pt\/web\/wp-content\/uploads\/2025\/06\/WhatsApp-Image-2025-06-06-at-17.34.33.jpeg","@id":"http:\/\/iai.pt\/web\/arquivos\/16681\/#mainImage","width":1600,"height":719},"primaryImageOfPage":{"@id":"http:\/\/iai.pt\/web\/arquivos\/16681#mainImage"},"datePublished":"2025-06-05T16:44:12+01:00","dateModified":"2025-06-11T16:45:44+01:00"},{"@type":"WebSite","@id":"http:\/\/iai.pt\/web\/#website","url":"http:\/\/iai.pt\/web\/","name":"IAI","alternateName":"iai","description":"Escola Art\u00edstica","inLanguage":"pt-PT","publisher":{"@id":"http:\/\/iai.pt\/web\/#organization"}}]},"og:locale":"pt_PT","og:site_name":"IAI - Escola Art\u00edstica","og:type":"article","og:title":"Visita de Estudo ao Museu do Holocausto no Porto - IAI","og:description":"No dia 05 de junho, pelas 14h30, os alunos do 10.\u00ba ano dos cursos de Imagem Interativa e de Desenho de Arquitetura realizaram uma visita de estudo ao Museu do Holocausto do Porto e \u00e0 Sinagoga Kadoorie Mekor Haim, situados na zona do Campo Alegre. Esta experi\u00eancia teve como principal objetivo proporcionar uma reflex\u00e3o cr\u00edtica","og:url":"http:\/\/iai.pt\/web\/arquivos\/16681","og:image":"http:\/\/iai.pt\/web\/wp-content\/uploads\/2023\/05\/seo-logo.png","og:image:width":105,"og:image:height":112,"article:published_time":"2025-06-05T15:44:12+00:00","article:modified_time":"2025-06-11T15:45:44+00:00","article:publisher":"https:\/\/www.facebook.com\/instituto.das.artes.imagem","twitter:card":"summary_large_image","twitter:title":"Visita de Estudo ao Museu do Holocausto no Porto - IAI","twitter:description":"No dia 05 de junho, pelas 14h30, os alunos do 10.\u00ba ano dos cursos de Imagem Interativa e de Desenho de Arquitetura realizaram uma visita de estudo ao Museu do Holocausto do Porto e \u00e0 Sinagoga Kadoorie Mekor Haim, situados na zona do Campo Alegre. Esta experi\u00eancia teve como principal objetivo proporcionar uma reflex\u00e3o cr\u00edtica","twitter:image":"http:\/\/iai.pt\/web\/wp-content\/uploads\/2023\/05\/seo-logo.png"},"aioseo_meta_data":{"post_id":"16681","title":null,"description":null,"keywords":null,"keyphrases":{"focus":{"keyphrase":"","score":0,"analysis":{"keyphraseInTitle":{"score":0,"maxScore":9,"error":1}}},"additional":[]},"primary_term":null,"canonical_url":null,"og_title":null,"og_description":null,"og_object_type":"default","og_image_type":"default","og_image_url":null,"og_image_width":null,"og_image_height":null,"og_image_custom_url":null,"og_image_custom_fields":null,"og_video":"","og_custom_url":null,"og_article_section":null,"og_article_tags":null,"twitter_use_og":false,"twitter_card":"default","twitter_image_type":"default","twitter_image_url":null,"twitter_image_custom_url":null,"twitter_image_custom_fields":null,"twitter_title":null,"twitter_description":null,"schema":{"blockGraphs":[],"customGraphs":[],"default":{"data":{"Article":[],"Course":[],"Dataset":[],"FAQPage":[],"Movie":[],"Person":[],"Product":[],"ProductReview":[],"Car":[],"Recipe":[],"Service":[],"SoftwareApplication":[],"WebPage":[]},"graphName":"BlogPosting","isEnabled":true},"graphs":[]},"schema_type":"default","schema_type_options":null,"pillar_content":false,"robots_default":true,"robots_noindex":false,"robots_noarchive":false,"robots_nosnippet":false,"robots_nofollow":false,"robots_noimageindex":false,"robots_noodp":false,"robots_notranslate":false,"robots_max_snippet":"-1","robots_max_videopreview":"-1","robots_max_imagepreview":"large","priority":null,"frequency":"default","local_seo":null,"breadcrumb_settings":null,"limit_modified_date":false,"ai":null,"created":"2025-06-11 15:44:33","updated":"2025-06-11 15:50:37","seo_analyzer_scan_date":null},"aioseo_breadcrumb":"<div class=\"aioseo-breadcrumbs\"><span class=\"aioseo-breadcrumb\">\n\t\t\t<a href=\"http:\/\/iai.pt\/web\" title=\"In\u00edcio\">In\u00edcio<\/a>\n\t\t<\/span><span class=\"aioseo-breadcrumb-separator\">\u00bb<\/span><span class=\"aioseo-breadcrumb\">\n\t\t\t<a href=\"http:\/\/iai.pt\/web\/arquivos\/category\/noticias\" title=\"Noticias\">Noticias<\/a>\n\t\t<\/span><span class=\"aioseo-breadcrumb-separator\">\u00bb<\/span><span class=\"aioseo-breadcrumb\">\n\t\t\tVisita de Estudo ao Museu do Holocausto no Porto\n\t\t<\/span><\/div>","aioseo_breadcrumb_json":[{"label":"In\u00edcio","link":"http:\/\/iai.pt\/web"},{"label":"Noticias","link":"http:\/\/iai.pt\/web\/arquivos\/category\/noticias"},{"label":"Visita de Estudo ao Museu do Holocausto no Porto","link":"http:\/\/iai.pt\/web\/arquivos\/16681"}],"_links":{"self":[{"href":"http:\/\/iai.pt\/web\/wp-json\/wp\/v2\/posts\/16681","targetHints":{"allow":["GET"]}}],"collection":[{"href":"http:\/\/iai.pt\/web\/wp-json\/wp\/v2\/posts"}],"about":[{"href":"http:\/\/iai.pt\/web\/wp-json\/wp\/v2\/types\/post"}],"author":[{"embeddable":true,"href":"http:\/\/iai.pt\/web\/wp-json\/wp\/v2\/users\/1"}],"replies":[{"embeddable":true,"href":"http:\/\/iai.pt\/web\/wp-json\/wp\/v2\/comments?post=16681"}],"version-history":[{"count":2,"href":"http:\/\/iai.pt\/web\/wp-json\/wp\/v2\/posts\/16681\/revisions"}],"predecessor-version":[{"id":16683,"href":"http:\/\/iai.pt\/web\/wp-json\/wp\/v2\/posts\/16681\/revisions\/16683"}],"wp:featuredmedia":[{"embeddable":true,"href":"http:\/\/iai.pt\/web\/wp-json\/wp\/v2\/media\/16666"}],"wp:attachment":[{"href":"http:\/\/iai.pt\/web\/wp-json\/wp\/v2\/media?parent=16681"}],"wp:term":[{"taxonomy":"category","embeddable":true,"href":"http:\/\/iai.pt\/web\/wp-json\/wp\/v2\/categories?post=16681"},{"taxonomy":"post_tag","embeddable":true,"href":"http:\/\/iai.pt\/web\/wp-json\/wp\/v2\/tags?post=16681"}],"curies":[{"name":"wp","href":"https:\/\/api.w.org\/{rel}","templated":true}]}}