{"id":16756,"date":"2025-06-27T12:29:46","date_gmt":"2025-06-27T11:29:46","guid":{"rendered":"https:\/\/iai.pt\/web\/?p=16756"},"modified":"2025-07-03T12:32:33","modified_gmt":"2025-07-03T11:32:33","slug":"visita-ao-centro-portugues-de-fotografia-4","status":"publish","type":"post","link":"http:\/\/iai.pt\/web\/arquivos\/16756","title":{"rendered":"Visita ao Centro Portugu\u00eas de Fotografia"},"content":{"rendered":"<p>[et_pb_section fb_built=&#8221;1&#8243; _builder_version=&#8221;4.27.4&#8243; _module_preset=&#8221;default&#8221; custom_padding=&#8221;35px|||||&#8221; global_colors_info=&#8221;{}&#8221; theme_builder_area=&#8221;post_content&#8221;][et_pb_row _builder_version=&#8221;4.27.4&#8243; _module_preset=&#8221;default&#8221; global_colors_info=&#8221;{}&#8221; theme_builder_area=&#8221;post_content&#8221;][et_pb_column type=&#8221;4_4&#8243; _builder_version=&#8221;4.27.4&#8243; _module_preset=&#8221;default&#8221; global_colors_info=&#8221;{}&#8221; theme_builder_area=&#8221;post_content&#8221;][et_pb_text _builder_version=&#8221;4.27.4&#8243; _module_preset=&#8221;default&#8221; global_colors_info=&#8221;{}&#8221; theme_builder_area=&#8221;post_content&#8221;]<\/p>\n<p><span style=\"font-weight: 400;\">Os alunos do curso Profissional de Design Gr\u00e1fico do 10.\u00ba ano deram in\u00edcio do seu percurso na UFCD de Fotografia Anal\u00f3gica com uma visita ao Centro Portugu\u00eas de Fotografia, onde, para al\u00e9m de terem contacto com a evolu\u00e7\u00e3o dos processos e mecanismos de cria\u00e7\u00e3o de imagem fotogr\u00e1fica, descobriram atrav\u00e9s de duas das exposi\u00e7\u00f5es tempor\u00e1rias, abordagens documentais, espaciais e hol\u00edsticas que esta pot\u00eancia.\u00a0 <\/span><\/p>\n<p>[\/et_pb_text][et_pb_image src=&#8221;http:\/\/iai.pt\/web\/wp-content\/uploads\/2025\/07\/IMG_8649-scaled.jpg&#8221; title_text=&#8221;IMG_8649&#8243; _builder_version=&#8221;4.27.4&#8243; _module_preset=&#8221;default&#8221; hover_enabled=&#8221;0&#8243; global_colors_info=&#8221;{}&#8221; theme_builder_area=&#8221;post_content&#8221; sticky_enabled=&#8221;0&#8243;][\/et_pb_image][et_pb_image src=&#8221;http:\/\/iai.pt\/web\/wp-content\/uploads\/2025\/07\/IMG_8660-scaled.jpg&#8221; title_text=&#8221;IMG_8660&#8243; _builder_version=&#8221;4.27.4&#8243; _module_preset=&#8221;default&#8221; hover_enabled=&#8221;0&#8243; global_colors_info=&#8221;{}&#8221; theme_builder_area=&#8221;post_content&#8221; sticky_enabled=&#8221;0&#8243;][\/et_pb_image][\/et_pb_column][\/et_pb_row][\/et_pb_section]<\/p>\n","protected":false},"excerpt":{"rendered":"<p>Os alunos do curso Profissional de Design Gr\u00e1fico do 10.\u00ba ano deram in\u00edcio do seu percurso na UFCD de Fotografia Anal\u00f3gica com uma visita ao Centro Portugu\u00eas de Fotografia, onde, para al\u00e9m de terem contacto com a evolu\u00e7\u00e3o dos processos e mecanismos de cria\u00e7\u00e3o de imagem fotogr\u00e1fica, descobriram atrav\u00e9s de duas das exposi\u00e7\u00f5es tempor\u00e1rias, abordagens [&hellip;]<\/p>\n","protected":false},"author":1,"featured_media":16748,"comment_status":"open","ping_status":"open","sticky":false,"template":"","format":"standard","meta":{"_et_pb_use_builder":"on","_et_pb_old_content":"","_et_gb_content_width":"","footnotes":"","_members_access_role":[],"_members_access_error":""},"categories":[60],"tags":[96,82,98],"class_list":["post-16756","post","type-post","status-publish","format-standard","has-post-thumbnail","hentry","category-noticias","tag-atividades","tag-iai","tag-noticias"],"aioseo_notices":[],"aioseo_head":"\n\t\t<!-- All in One SEO 4.9.10 - aioseo.com -->\n\t<meta name=\"description\" content=\"Os alunos do curso Profissional de Design Gr\u00e1fico do 10.\u00ba ano deram in\u00edcio do seu percurso na UFCD de Fotografia Anal\u00f3gica com uma visita ao Centro Portugu\u00eas de Fotografia, onde, para al\u00e9m de terem contacto com a evolu\u00e7\u00e3o dos processos e mecanismos de cria\u00e7\u00e3o de imagem fotogr\u00e1fica, descobriram atrav\u00e9s de duas das exposi\u00e7\u00f5es tempor\u00e1rias, abordagens\" \/>\n\t<meta name=\"robots\" content=\"max-image-preview:large\" \/>\n\t<meta name=\"author\" content=\"admin\"\/>\n\t<link rel=\"canonical\" href=\"http:\/\/iai.pt\/web\/arquivos\/16756\" \/>\n\t<meta name=\"generator\" content=\"All in One SEO (AIOSEO) 4.9.10\" \/>\n\t\t<meta property=\"og:locale\" content=\"pt_PT\" \/>\n\t\t<meta property=\"og:site_name\" content=\"IAI - Escola Art\u00edstica\" \/>\n\t\t<meta property=\"og:type\" content=\"article\" \/>\n\t\t<meta property=\"og:title\" content=\"Visita ao Centro Portugu\u00eas de Fotografia - IAI\" \/>\n\t\t<meta property=\"og:description\" content=\"Os alunos do curso Profissional de Design Gr\u00e1fico do 10.\u00ba ano deram in\u00edcio do seu percurso na UFCD de Fotografia Anal\u00f3gica com uma visita ao Centro Portugu\u00eas de Fotografia, onde, para al\u00e9m de terem contacto com a evolu\u00e7\u00e3o dos processos e mecanismos de cria\u00e7\u00e3o de imagem fotogr\u00e1fica, descobriram atrav\u00e9s de duas das exposi\u00e7\u00f5es tempor\u00e1rias, abordagens\" \/>\n\t\t<meta property=\"og:url\" content=\"http:\/\/iai.pt\/web\/arquivos\/16756\" \/>\n\t\t<meta property=\"og:image\" content=\"http:\/\/iai.pt\/web\/wp-content\/uploads\/2023\/05\/seo-logo.png\" \/>\n\t\t<meta property=\"og:image:width\" content=\"105\" \/>\n\t\t<meta property=\"og:image:height\" content=\"112\" \/>\n\t\t<meta property=\"article:published_time\" content=\"2025-06-27T11:29:46+00:00\" \/>\n\t\t<meta property=\"article:modified_time\" content=\"2025-07-03T11:32:33+00:00\" \/>\n\t\t<meta property=\"article:publisher\" content=\"https:\/\/www.facebook.com\/instituto.das.artes.imagem\" \/>\n\t\t<meta name=\"twitter:card\" content=\"summary_large_image\" \/>\n\t\t<meta name=\"twitter:title\" content=\"Visita ao Centro Portugu\u00eas de Fotografia - IAI\" \/>\n\t\t<meta name=\"twitter:description\" content=\"Os alunos do curso Profissional de Design Gr\u00e1fico do 10.\u00ba ano deram in\u00edcio do seu percurso na UFCD de Fotografia Anal\u00f3gica com uma visita ao Centro Portugu\u00eas de Fotografia, onde, para al\u00e9m de terem contacto com a evolu\u00e7\u00e3o dos processos e mecanismos de cria\u00e7\u00e3o de imagem fotogr\u00e1fica, descobriram atrav\u00e9s de duas das exposi\u00e7\u00f5es tempor\u00e1rias, abordagens\" \/>\n\t\t<meta name=\"twitter:image\" content=\"http:\/\/iai.pt\/web\/wp-content\/uploads\/2023\/05\/seo-logo.png\" \/>\n\t\t<script type=\"application\/ld+json\" class=\"aioseo-schema\">\n\t\t\t{\"@context\":\"https:\\\/\\\/schema.org\",\"@graph\":[{\"@type\":\"BlogPosting\",\"@id\":\"http:\\\/\\\/iai.pt\\\/web\\\/arquivos\\\/16756#blogposting\",\"name\":\"Visita ao Centro Portugu\\u00eas de Fotografia - IAI\",\"headline\":\"Visita ao Centro Portugu\\u00eas de Fotografia\",\"author\":{\"@id\":\"http:\\\/\\\/iai.pt\\\/web\\\/arquivos\\\/author\\\/admin#author\"},\"publisher\":{\"@id\":\"http:\\\/\\\/iai.pt\\\/web\\\/#organization\"},\"image\":{\"@type\":\"ImageObject\",\"url\":\"http:\\\/\\\/iai.pt\\\/web\\\/wp-content\\\/uploads\\\/2025\\\/07\\\/IMG_8649-scaled.jpg\",\"width\":2560,\"height\":1920},\"datePublished\":\"2025-06-27T12:29:46+01:00\",\"dateModified\":\"2025-07-03T12:32:33+01:00\",\"inLanguage\":\"pt-PT\",\"mainEntityOfPage\":{\"@id\":\"http:\\\/\\\/iai.pt\\\/web\\\/arquivos\\\/16756#webpage\"},\"isPartOf\":{\"@id\":\"http:\\\/\\\/iai.pt\\\/web\\\/arquivos\\\/16756#webpage\"},\"articleSection\":\"Noticias, atividades, iai, not\\u00edcias\"},{\"@type\":\"BreadcrumbList\",\"@id\":\"http:\\\/\\\/iai.pt\\\/web\\\/arquivos\\\/16756#breadcrumblist\",\"itemListElement\":[{\"@type\":\"ListItem\",\"@id\":\"http:\\\/\\\/iai.pt\\\/web#listItem\",\"position\":1,\"name\":\"In\\u00edcio\",\"item\":\"http:\\\/\\\/iai.pt\\\/web\",\"nextItem\":{\"@type\":\"ListItem\",\"@id\":\"http:\\\/\\\/iai.pt\\\/web\\\/arquivos\\\/category\\\/noticias#listItem\",\"name\":\"Noticias\"}},{\"@type\":\"ListItem\",\"@id\":\"http:\\\/\\\/iai.pt\\\/web\\\/arquivos\\\/category\\\/noticias#listItem\",\"position\":2,\"name\":\"Noticias\",\"item\":\"http:\\\/\\\/iai.pt\\\/web\\\/arquivos\\\/category\\\/noticias\",\"nextItem\":{\"@type\":\"ListItem\",\"@id\":\"http:\\\/\\\/iai.pt\\\/web\\\/arquivos\\\/16756#listItem\",\"name\":\"Visita ao Centro Portugu\\u00eas de Fotografia\"},\"previousItem\":{\"@type\":\"ListItem\",\"@id\":\"http:\\\/\\\/iai.pt\\\/web#listItem\",\"name\":\"In\\u00edcio\"}},{\"@type\":\"ListItem\",\"@id\":\"http:\\\/\\\/iai.pt\\\/web\\\/arquivos\\\/16756#listItem\",\"position\":3,\"name\":\"Visita ao Centro Portugu\\u00eas de Fotografia\",\"previousItem\":{\"@type\":\"ListItem\",\"@id\":\"http:\\\/\\\/iai.pt\\\/web\\\/arquivos\\\/category\\\/noticias#listItem\",\"name\":\"Noticias\"}}]},{\"@type\":\"Organization\",\"@id\":\"http:\\\/\\\/iai.pt\\\/web\\\/#organization\",\"name\":\"Instituto das Artes e da Imagem\",\"description\":\"Escola Art\\u00edstica\",\"url\":\"http:\\\/\\\/iai.pt\\\/web\\\/\",\"telephone\":\"+351222000757\",\"logo\":{\"@type\":\"ImageObject\",\"url\":\"http:\\\/\\\/iai.pt\\\/web\\\/wp-content\\\/uploads\\\/2023\\\/05\\\/seo-logo.png\",\"@id\":\"http:\\\/\\\/iai.pt\\\/web\\\/arquivos\\\/16756\\\/#organizationLogo\",\"width\":105,\"height\":112},\"image\":{\"@id\":\"http:\\\/\\\/iai.pt\\\/web\\\/arquivos\\\/16756\\\/#organizationLogo\"},\"sameAs\":[\"https:\\\/\\\/www.facebook.com\\\/instituto.das.artes.imagem\",\"https:\\\/\\\/www.instagram.com\\\/iai_escola_de_artes\\\/\",\"https:\\\/\\\/www.youtube.com\\\/iaiwebmaster\"]},{\"@type\":\"Person\",\"@id\":\"http:\\\/\\\/iai.pt\\\/web\\\/arquivos\\\/author\\\/admin#author\",\"url\":\"http:\\\/\\\/iai.pt\\\/web\\\/arquivos\\\/author\\\/admin\",\"name\":\"admin\",\"image\":{\"@type\":\"ImageObject\",\"@id\":\"http:\\\/\\\/iai.pt\\\/web\\\/arquivos\\\/16756#authorImage\",\"url\":\"https:\\\/\\\/secure.gravatar.com\\\/avatar\\\/bad9c1ed8261989cbd54cb5e8fc92988405a8dc9925b0838cc9c034113770b1e?s=96&d=mm&r=g\",\"width\":96,\"height\":96,\"caption\":\"admin\"}},{\"@type\":\"WebPage\",\"@id\":\"http:\\\/\\\/iai.pt\\\/web\\\/arquivos\\\/16756#webpage\",\"url\":\"http:\\\/\\\/iai.pt\\\/web\\\/arquivos\\\/16756\",\"name\":\"Visita ao Centro Portugu\\u00eas de Fotografia - IAI\",\"description\":\"Os alunos do curso Profissional de Design Gr\\u00e1fico do 10.\\u00ba ano deram in\\u00edcio do seu percurso na UFCD de Fotografia Anal\\u00f3gica com uma visita ao Centro Portugu\\u00eas de Fotografia, onde, para al\\u00e9m de terem contacto com a evolu\\u00e7\\u00e3o dos processos e mecanismos de cria\\u00e7\\u00e3o de imagem fotogr\\u00e1fica, descobriram atrav\\u00e9s de duas das exposi\\u00e7\\u00f5es tempor\\u00e1rias, abordagens\",\"inLanguage\":\"pt-PT\",\"isPartOf\":{\"@id\":\"http:\\\/\\\/iai.pt\\\/web\\\/#website\"},\"breadcrumb\":{\"@id\":\"http:\\\/\\\/iai.pt\\\/web\\\/arquivos\\\/16756#breadcrumblist\"},\"author\":{\"@id\":\"http:\\\/\\\/iai.pt\\\/web\\\/arquivos\\\/author\\\/admin#author\"},\"creator\":{\"@id\":\"http:\\\/\\\/iai.pt\\\/web\\\/arquivos\\\/author\\\/admin#author\"},\"image\":{\"@type\":\"ImageObject\",\"url\":\"http:\\\/\\\/iai.pt\\\/web\\\/wp-content\\\/uploads\\\/2025\\\/07\\\/IMG_8649-scaled.jpg\",\"@id\":\"http:\\\/\\\/iai.pt\\\/web\\\/arquivos\\\/16756\\\/#mainImage\",\"width\":2560,\"height\":1920},\"primaryImageOfPage\":{\"@id\":\"http:\\\/\\\/iai.pt\\\/web\\\/arquivos\\\/16756#mainImage\"},\"datePublished\":\"2025-06-27T12:29:46+01:00\",\"dateModified\":\"2025-07-03T12:32:33+01:00\"},{\"@type\":\"WebSite\",\"@id\":\"http:\\\/\\\/iai.pt\\\/web\\\/#website\",\"url\":\"http:\\\/\\\/iai.pt\\\/web\\\/\",\"name\":\"IAI\",\"alternateName\":\"iai\",\"description\":\"Escola Art\\u00edstica\",\"inLanguage\":\"pt-PT\",\"publisher\":{\"@id\":\"http:\\\/\\\/iai.pt\\\/web\\\/#organization\"}}]}\n\t\t<\/script>\n\t\t<!-- All in One SEO -->\n\n","aioseo_head_json":{"title":"Visita ao Centro Portugu\u00eas de Fotografia - IAI","description":"Os alunos do curso Profissional de Design Gr\u00e1fico do 10.\u00ba ano deram in\u00edcio do seu percurso na UFCD de Fotografia Anal\u00f3gica com uma visita ao Centro Portugu\u00eas de Fotografia, onde, para al\u00e9m de terem contacto com a evolu\u00e7\u00e3o dos processos e mecanismos de cria\u00e7\u00e3o de imagem fotogr\u00e1fica, descobriram atrav\u00e9s de duas das exposi\u00e7\u00f5es tempor\u00e1rias, abordagens","canonical_url":"http:\/\/iai.pt\/web\/arquivos\/16756","robots":"max-image-preview:large","keywords":"","webmasterTools":{"miscellaneous":""},"schema":{"@context":"https:\/\/schema.org","@graph":[{"@type":"BlogPosting","@id":"http:\/\/iai.pt\/web\/arquivos\/16756#blogposting","name":"Visita ao Centro Portugu\u00eas de Fotografia - IAI","headline":"Visita ao Centro Portugu\u00eas de Fotografia","author":{"@id":"http:\/\/iai.pt\/web\/arquivos\/author\/admin#author"},"publisher":{"@id":"http:\/\/iai.pt\/web\/#organization"},"image":{"@type":"ImageObject","url":"http:\/\/iai.pt\/web\/wp-content\/uploads\/2025\/07\/IMG_8649-scaled.jpg","width":2560,"height":1920},"datePublished":"2025-06-27T12:29:46+01:00","dateModified":"2025-07-03T12:32:33+01:00","inLanguage":"pt-PT","mainEntityOfPage":{"@id":"http:\/\/iai.pt\/web\/arquivos\/16756#webpage"},"isPartOf":{"@id":"http:\/\/iai.pt\/web\/arquivos\/16756#webpage"},"articleSection":"Noticias, atividades, iai, not\u00edcias"},{"@type":"BreadcrumbList","@id":"http:\/\/iai.pt\/web\/arquivos\/16756#breadcrumblist","itemListElement":[{"@type":"ListItem","@id":"http:\/\/iai.pt\/web#listItem","position":1,"name":"In\u00edcio","item":"http:\/\/iai.pt\/web","nextItem":{"@type":"ListItem","@id":"http:\/\/iai.pt\/web\/arquivos\/category\/noticias#listItem","name":"Noticias"}},{"@type":"ListItem","@id":"http:\/\/iai.pt\/web\/arquivos\/category\/noticias#listItem","position":2,"name":"Noticias","item":"http:\/\/iai.pt\/web\/arquivos\/category\/noticias","nextItem":{"@type":"ListItem","@id":"http:\/\/iai.pt\/web\/arquivos\/16756#listItem","name":"Visita ao Centro Portugu\u00eas de Fotografia"},"previousItem":{"@type":"ListItem","@id":"http:\/\/iai.pt\/web#listItem","name":"In\u00edcio"}},{"@type":"ListItem","@id":"http:\/\/iai.pt\/web\/arquivos\/16756#listItem","position":3,"name":"Visita ao Centro Portugu\u00eas de Fotografia","previousItem":{"@type":"ListItem","@id":"http:\/\/iai.pt\/web\/arquivos\/category\/noticias#listItem","name":"Noticias"}}]},{"@type":"Organization","@id":"http:\/\/iai.pt\/web\/#organization","name":"Instituto das Artes e da Imagem","description":"Escola Art\u00edstica","url":"http:\/\/iai.pt\/web\/","telephone":"+351222000757","logo":{"@type":"ImageObject","url":"http:\/\/iai.pt\/web\/wp-content\/uploads\/2023\/05\/seo-logo.png","@id":"http:\/\/iai.pt\/web\/arquivos\/16756\/#organizationLogo","width":105,"height":112},"image":{"@id":"http:\/\/iai.pt\/web\/arquivos\/16756\/#organizationLogo"},"sameAs":["https:\/\/www.facebook.com\/instituto.das.artes.imagem","https:\/\/www.instagram.com\/iai_escola_de_artes\/","https:\/\/www.youtube.com\/iaiwebmaster"]},{"@type":"Person","@id":"http:\/\/iai.pt\/web\/arquivos\/author\/admin#author","url":"http:\/\/iai.pt\/web\/arquivos\/author\/admin","name":"admin","image":{"@type":"ImageObject","@id":"http:\/\/iai.pt\/web\/arquivos\/16756#authorImage","url":"https:\/\/secure.gravatar.com\/avatar\/bad9c1ed8261989cbd54cb5e8fc92988405a8dc9925b0838cc9c034113770b1e?s=96&d=mm&r=g","width":96,"height":96,"caption":"admin"}},{"@type":"WebPage","@id":"http:\/\/iai.pt\/web\/arquivos\/16756#webpage","url":"http:\/\/iai.pt\/web\/arquivos\/16756","name":"Visita ao Centro Portugu\u00eas de Fotografia - IAI","description":"Os alunos do curso Profissional de Design Gr\u00e1fico do 10.\u00ba ano deram in\u00edcio do seu percurso na UFCD de Fotografia Anal\u00f3gica com uma visita ao Centro Portugu\u00eas de Fotografia, onde, para al\u00e9m de terem contacto com a evolu\u00e7\u00e3o dos processos e mecanismos de cria\u00e7\u00e3o de imagem fotogr\u00e1fica, descobriram atrav\u00e9s de duas das exposi\u00e7\u00f5es tempor\u00e1rias, abordagens","inLanguage":"pt-PT","isPartOf":{"@id":"http:\/\/iai.pt\/web\/#website"},"breadcrumb":{"@id":"http:\/\/iai.pt\/web\/arquivos\/16756#breadcrumblist"},"author":{"@id":"http:\/\/iai.pt\/web\/arquivos\/author\/admin#author"},"creator":{"@id":"http:\/\/iai.pt\/web\/arquivos\/author\/admin#author"},"image":{"@type":"ImageObject","url":"http:\/\/iai.pt\/web\/wp-content\/uploads\/2025\/07\/IMG_8649-scaled.jpg","@id":"http:\/\/iai.pt\/web\/arquivos\/16756\/#mainImage","width":2560,"height":1920},"primaryImageOfPage":{"@id":"http:\/\/iai.pt\/web\/arquivos\/16756#mainImage"},"datePublished":"2025-06-27T12:29:46+01:00","dateModified":"2025-07-03T12:32:33+01:00"},{"@type":"WebSite","@id":"http:\/\/iai.pt\/web\/#website","url":"http:\/\/iai.pt\/web\/","name":"IAI","alternateName":"iai","description":"Escola Art\u00edstica","inLanguage":"pt-PT","publisher":{"@id":"http:\/\/iai.pt\/web\/#organization"}}]},"og:locale":"pt_PT","og:site_name":"IAI - Escola Art\u00edstica","og:type":"article","og:title":"Visita ao Centro Portugu\u00eas de Fotografia - IAI","og:description":"Os alunos do curso Profissional de Design Gr\u00e1fico do 10.\u00ba ano deram in\u00edcio do seu percurso na UFCD de Fotografia Anal\u00f3gica com uma visita ao Centro Portugu\u00eas de Fotografia, onde, para al\u00e9m de terem contacto com a evolu\u00e7\u00e3o dos processos e mecanismos de cria\u00e7\u00e3o de imagem fotogr\u00e1fica, descobriram atrav\u00e9s de duas das exposi\u00e7\u00f5es tempor\u00e1rias, abordagens","og:url":"http:\/\/iai.pt\/web\/arquivos\/16756","og:image":"http:\/\/iai.pt\/web\/wp-content\/uploads\/2023\/05\/seo-logo.png","og:image:width":105,"og:image:height":112,"article:published_time":"2025-06-27T11:29:46+00:00","article:modified_time":"2025-07-03T11:32:33+00:00","article:publisher":"https:\/\/www.facebook.com\/instituto.das.artes.imagem","twitter:card":"summary_large_image","twitter:title":"Visita ao Centro Portugu\u00eas de Fotografia - IAI","twitter:description":"Os alunos do curso Profissional de Design Gr\u00e1fico do 10.\u00ba ano deram in\u00edcio do seu percurso na UFCD de Fotografia Anal\u00f3gica com uma visita ao Centro Portugu\u00eas de Fotografia, onde, para al\u00e9m de terem contacto com a evolu\u00e7\u00e3o dos processos e mecanismos de cria\u00e7\u00e3o de imagem fotogr\u00e1fica, descobriram atrav\u00e9s de duas das exposi\u00e7\u00f5es tempor\u00e1rias, abordagens","twitter:image":"http:\/\/iai.pt\/web\/wp-content\/uploads\/2023\/05\/seo-logo.png"},"aioseo_meta_data":{"post_id":"16756","title":null,"description":null,"keywords":null,"keyphrases":{"focus":{"keyphrase":"","score":0,"analysis":{"keyphraseInTitle":{"score":0,"maxScore":9,"error":1}}},"additional":[]},"primary_term":null,"canonical_url":null,"og_title":null,"og_description":null,"og_object_type":"default","og_image_type":"default","og_image_url":null,"og_image_width":null,"og_image_height":null,"og_image_custom_url":null,"og_image_custom_fields":null,"og_video":"","og_custom_url":null,"og_article_section":null,"og_article_tags":null,"twitter_use_og":false,"twitter_card":"default","twitter_image_type":"default","twitter_image_url":null,"twitter_image_custom_url":null,"twitter_image_custom_fields":null,"twitter_title":null,"twitter_description":null,"schema":{"blockGraphs":[],"customGraphs":[],"default":{"data":{"Article":[],"Course":[],"Dataset":[],"FAQPage":[],"Movie":[],"Person":[],"Product":[],"ProductReview":[],"Car":[],"Recipe":[],"Service":[],"SoftwareApplication":[],"WebPage":[]},"graphName":"BlogPosting","isEnabled":true},"graphs":[]},"schema_type":"default","schema_type_options":null,"pillar_content":false,"robots_default":true,"robots_noindex":false,"robots_noarchive":false,"robots_nosnippet":false,"robots_nofollow":false,"robots_noimageindex":false,"robots_noodp":false,"robots_notranslate":false,"robots_max_snippet":"-1","robots_max_videopreview":"-1","robots_max_imagepreview":"large","priority":null,"frequency":"default","local_seo":null,"breadcrumb_settings":null,"limit_modified_date":false,"ai":null,"created":"2025-07-03 11:30:54","updated":"2025-07-03 11:35:18","seo_analyzer_scan_date":null},"aioseo_breadcrumb":"<div class=\"aioseo-breadcrumbs\"><span class=\"aioseo-breadcrumb\">\n\t\t\t<a href=\"http:\/\/iai.pt\/web\" title=\"In\u00edcio\">In\u00edcio<\/a>\n\t\t<\/span><span class=\"aioseo-breadcrumb-separator\">\u00bb<\/span><span class=\"aioseo-breadcrumb\">\n\t\t\t<a href=\"http:\/\/iai.pt\/web\/arquivos\/category\/noticias\" title=\"Noticias\">Noticias<\/a>\n\t\t<\/span><span class=\"aioseo-breadcrumb-separator\">\u00bb<\/span><span class=\"aioseo-breadcrumb\">\n\t\t\tVisita ao Centro Portugu\u00eas de Fotografia\n\t\t<\/span><\/div>","aioseo_breadcrumb_json":[{"label":"In\u00edcio","link":"http:\/\/iai.pt\/web"},{"label":"Noticias","link":"http:\/\/iai.pt\/web\/arquivos\/category\/noticias"},{"label":"Visita ao Centro Portugu\u00eas de Fotografia","link":"http:\/\/iai.pt\/web\/arquivos\/16756"}],"_links":{"self":[{"href":"http:\/\/iai.pt\/web\/wp-json\/wp\/v2\/posts\/16756","targetHints":{"allow":["GET"]}}],"collection":[{"href":"http:\/\/iai.pt\/web\/wp-json\/wp\/v2\/posts"}],"about":[{"href":"http:\/\/iai.pt\/web\/wp-json\/wp\/v2\/types\/post"}],"author":[{"embeddable":true,"href":"http:\/\/iai.pt\/web\/wp-json\/wp\/v2\/users\/1"}],"replies":[{"embeddable":true,"href":"http:\/\/iai.pt\/web\/wp-json\/wp\/v2\/comments?post=16756"}],"version-history":[{"count":2,"href":"http:\/\/iai.pt\/web\/wp-json\/wp\/v2\/posts\/16756\/revisions"}],"predecessor-version":[{"id":16759,"href":"http:\/\/iai.pt\/web\/wp-json\/wp\/v2\/posts\/16756\/revisions\/16759"}],"wp:featuredmedia":[{"embeddable":true,"href":"http:\/\/iai.pt\/web\/wp-json\/wp\/v2\/media\/16748"}],"wp:attachment":[{"href":"http:\/\/iai.pt\/web\/wp-json\/wp\/v2\/media?parent=16756"}],"wp:term":[{"taxonomy":"category","embeddable":true,"href":"http:\/\/iai.pt\/web\/wp-json\/wp\/v2\/categories?post=16756"},{"taxonomy":"post_tag","embeddable":true,"href":"http:\/\/iai.pt\/web\/wp-json\/wp\/v2\/tags?post=16756"}],"curies":[{"name":"wp","href":"https:\/\/api.w.org\/{rel}","templated":true}]}}