{"id":16816,"date":"2025-07-01T12:07:56","date_gmt":"2025-07-01T11:07:56","guid":{"rendered":"https:\/\/iai.pt\/web\/?p=16816"},"modified":"2025-07-09T12:10:19","modified_gmt":"2025-07-09T11:10:19","slug":"apresentacao-e-defesa-das-provas-de-aptidao-artistica-imagem-interativa","status":"publish","type":"post","link":"http:\/\/iai.pt\/web\/arquivos\/16816","title":{"rendered":"Apresenta\u00e7\u00e3o e Defesa das Provas de Aptid\u00e3o Art\u00edstica, Imagem Interativa"},"content":{"rendered":"<p>[et_pb_section fb_built=&#8221;1&#8243; _builder_version=&#8221;4.27.4&#8243; _module_preset=&#8221;default&#8221; custom_padding=&#8221;35px|||||&#8221; global_colors_info=&#8221;{}&#8221; theme_builder_area=&#8221;post_content&#8221;][et_pb_row _builder_version=&#8221;4.27.4&#8243; _module_preset=&#8221;default&#8221; global_colors_info=&#8221;{}&#8221; theme_builder_area=&#8221;post_content&#8221;][et_pb_column type=&#8221;4_4&#8243; _builder_version=&#8221;4.27.4&#8243; _module_preset=&#8221;default&#8221; global_colors_info=&#8221;{}&#8221; theme_builder_area=&#8221;post_content&#8221;][et_pb_text _builder_version=&#8221;4.27.4&#8243; _module_preset=&#8221;default&#8221; global_colors_info=&#8221;{}&#8221; theme_builder_area=&#8221;post_content&#8221;]<\/p>\n<div dir=\"auto\">No dia 1 de julho, os alunos do curso de Imagem Interativa do IAI apresentaram e defenderam com grande profissionalismo as suas Provas de Aptid\u00e3o Art\u00edstica \u2013 o <span class=\"html-span xdj266r x14z9mp xat24cr x1lziwak xexx8yu xyri2b x18d9i69 x1c1uobl x1hl2dhg x16tdsg8 x1vvkbs\"><a class=\"html-a xdj266r x14z9mp xat24cr x1lziwak xexx8yu xyri2b x18d9i69 x1c1uobl x1hl2dhg x16tdsg8 x1vvkbs\" tabindex=\"-1\"><\/a><\/span>culminar de um percurso intenso de aprendizagem, criatividade e dedica\u00e7\u00e3o.<\/div>\n<div dir=\"auto\">Foi um dia repleto de talento, inova\u00e7\u00e3o e emo\u00e7\u00e3o. As apresenta\u00e7\u00f5es decorreram de forma exemplar e demonstraram o compromisso e a paix\u00e3o de cada aluno pelo seu trabalho.<\/div>\n<p>[\/et_pb_text][et_pb_image src=&#8221;http:\/\/iai.pt\/web\/wp-content\/uploads\/2025\/07\/515259406_1290561093077491_1316405370874494758_n.jpg&#8221; title_text=&#8221;515259406_1290561093077491_1316405370874494758_n&#8221; _builder_version=&#8221;4.27.4&#8243; _module_preset=&#8221;default&#8221; hover_enabled=&#8221;0&#8243; global_colors_info=&#8221;{}&#8221; theme_builder_area=&#8221;post_content&#8221; sticky_enabled=&#8221;0&#8243;][\/et_pb_image][\/et_pb_column][\/et_pb_row][\/et_pb_section]<\/p>\n","protected":false},"excerpt":{"rendered":"<p>No dia 1 de julho, os alunos do curso de Imagem Interativa do IAI apresentaram e defenderam com grande profissionalismo as suas Provas de Aptid\u00e3o Art\u00edstica \u2013 o culminar de um percurso intenso de aprendizagem, criatividade e dedica\u00e7\u00e3o. Foi um dia repleto de talento, inova\u00e7\u00e3o e emo\u00e7\u00e3o. As apresenta\u00e7\u00f5es decorreram de forma exemplar e demonstraram [&hellip;]<\/p>\n","protected":false},"author":1,"featured_media":16814,"comment_status":"open","ping_status":"open","sticky":false,"template":"","format":"standard","meta":{"_et_pb_use_builder":"on","_et_pb_old_content":"","_et_gb_content_width":"","footnotes":""},"categories":[60],"tags":[82,98],"class_list":["post-16816","post","type-post","status-publish","format-standard","has-post-thumbnail","hentry","category-noticias","tag-iai","tag-noticias"],"aioseo_notices":[],"_links":{"self":[{"href":"http:\/\/iai.pt\/web\/wp-json\/wp\/v2\/posts\/16816","targetHints":{"allow":["GET"]}}],"collection":[{"href":"http:\/\/iai.pt\/web\/wp-json\/wp\/v2\/posts"}],"about":[{"href":"http:\/\/iai.pt\/web\/wp-json\/wp\/v2\/types\/post"}],"author":[{"embeddable":true,"href":"http:\/\/iai.pt\/web\/wp-json\/wp\/v2\/users\/1"}],"replies":[{"embeddable":true,"href":"http:\/\/iai.pt\/web\/wp-json\/wp\/v2\/comments?post=16816"}],"version-history":[{"count":2,"href":"http:\/\/iai.pt\/web\/wp-json\/wp\/v2\/posts\/16816\/revisions"}],"predecessor-version":[{"id":16818,"href":"http:\/\/iai.pt\/web\/wp-json\/wp\/v2\/posts\/16816\/revisions\/16818"}],"wp:featuredmedia":[{"embeddable":true,"href":"http:\/\/iai.pt\/web\/wp-json\/wp\/v2\/media\/16814"}],"wp:attachment":[{"href":"http:\/\/iai.pt\/web\/wp-json\/wp\/v2\/media?parent=16816"}],"wp:term":[{"taxonomy":"category","embeddable":true,"href":"http:\/\/iai.pt\/web\/wp-json\/wp\/v2\/categories?post=16816"},{"taxonomy":"post_tag","embeddable":true,"href":"http:\/\/iai.pt\/web\/wp-json\/wp\/v2\/tags?post=16816"}],"curies":[{"name":"wp","href":"https:\/\/api.w.org\/{rel}","templated":true}]}}