{"id":16825,"date":"2025-07-04T12:16:31","date_gmt":"2025-07-04T11:16:31","guid":{"rendered":"https:\/\/iai.pt\/web\/?p=16825"},"modified":"2025-07-09T12:19:32","modified_gmt":"2025-07-09T11:19:32","slug":"apresentacao-e-defesa-das-provas-de-aptidao-profissional-tecnico-a-de-design-de-equipamento","status":"publish","type":"post","link":"http:\/\/iai.pt\/web\/arquivos\/16825","title":{"rendered":"Apresenta\u00e7\u00e3o e Defesa das Provas de Aptid\u00e3o Profissional, T\u00e9cnico\/a de Design de Equipamento"},"content":{"rendered":"<p>[et_pb_section fb_built=&#8221;1&#8243; _builder_version=&#8221;4.27.4&#8243; _module_preset=&#8221;default&#8221; custom_padding=&#8221;35px|||||&#8221; global_colors_info=&#8221;{}&#8221; theme_builder_area=&#8221;post_content&#8221;][et_pb_row _builder_version=&#8221;4.27.4&#8243; _module_preset=&#8221;default&#8221; global_colors_info=&#8221;{}&#8221; theme_builder_area=&#8221;post_content&#8221;][et_pb_column type=&#8221;4_4&#8243; _builder_version=&#8221;4.27.4&#8243; _module_preset=&#8221;default&#8221; global_colors_info=&#8221;{}&#8221; theme_builder_area=&#8221;post_content&#8221;][et_pb_text _builder_version=&#8221;4.27.4&#8243; _module_preset=&#8221;default&#8221; global_colors_info=&#8221;{}&#8221; theme_builder_area=&#8221;post_content&#8221;]<\/p>\n<div dir=\"auto\">\n<div dir=\"auto\">\n<div dir=\"auto\">\n<div dir=\"auto\">No dia 4 de julho, os alunos finalistas do Curso Profissional T\u00e9cnico de Design de Equipamento do IAI apresentaram com sucesso as suas Provas de Aptid\u00e3o Profissional, <span class=\"html-span xdj266r x14z9mp xat24cr x1lziwak xexx8yu xyri2b x18d9i69 x1c1uobl x1hl2dhg x16tdsg8 x1vvkbs\"><a class=\"html-a xdj266r x14z9mp xat24cr x1lziwak xexx8yu xyri2b x18d9i69 x1c1uobl x1hl2dhg x16tdsg8 x1vvkbs\" tabindex=\"-1\"><\/a><\/span>demonstrando todo o conhecimento e compet\u00eancias adquiridas ao longo do curso.<\/div>\n<div dir=\"auto\">Durante a sess\u00e3o, foram apresentados projetos gr\u00e1ficos, identidades visuais e prot\u00f3tipos criativos em cer\u00e2mica, desenvolvidos pelos pr\u00f3prios alunos, refletindo a sua criatividade, dom\u00ednio t\u00e9cnico e capacidade de responder a desafios reais do mundo do design.<\/div>\n<\/div>\n<\/div>\n<\/div>\n<p>[\/et_pb_text][et_pb_image src=&#8221;http:\/\/iai.pt\/web\/wp-content\/uploads\/2025\/07\/517107655_1296014859198781_4309253796180903433_n.jpg&#8221; title_text=&#8221;517107655_1296014859198781_4309253796180903433_n&#8221; _builder_version=&#8221;4.27.4&#8243; _module_preset=&#8221;default&#8221; hover_enabled=&#8221;0&#8243; global_colors_info=&#8221;{}&#8221; theme_builder_area=&#8221;post_content&#8221; sticky_enabled=&#8221;0&#8243;][\/et_pb_image][\/et_pb_column][\/et_pb_row][\/et_pb_section]<\/p>\n","protected":false},"excerpt":{"rendered":"<p>No dia 4 de julho, os alunos finalistas do Curso Profissional T\u00e9cnico de Design de Equipamento do IAI apresentaram com sucesso as suas Provas de Aptid\u00e3o Profissional, demonstrando todo o conhecimento e compet\u00eancias adquiridas ao longo do curso. Durante a sess\u00e3o, foram apresentados projetos gr\u00e1ficos, identidades visuais e prot\u00f3tipos criativos em cer\u00e2mica, desenvolvidos pelos pr\u00f3prios [&hellip;]<\/p>\n","protected":false},"author":1,"featured_media":16826,"comment_status":"open","ping_status":"open","sticky":false,"template":"","format":"standard","meta":{"_et_pb_use_builder":"on","_et_pb_old_content":"","_et_gb_content_width":"","footnotes":"","_members_access_role":[],"_members_access_error":""},"categories":[60],"tags":[98],"class_list":["post-16825","post","type-post","status-publish","format-standard","has-post-thumbnail","hentry","category-noticias","tag-noticias"],"aioseo_notices":[],"aioseo_head":"\n\t\t<!-- All in One SEO 4.9.10 - aioseo.com -->\n\t<meta name=\"description\" content=\"No dia 4 de julho, os alunos finalistas do Curso Profissional T\u00e9cnico de Design de Equipamento do IAI apresentaram com sucesso as suas Provas de Aptid\u00e3o Profissional, demonstrando todo o conhecimento e compet\u00eancias adquiridas ao longo do curso. Durante a sess\u00e3o, foram apresentados projetos gr\u00e1ficos, identidades visuais e prot\u00f3tipos criativos em cer\u00e2mica, desenvolvidos pelos pr\u00f3prios\" \/>\n\t<meta name=\"robots\" content=\"max-image-preview:large\" \/>\n\t<meta name=\"author\" content=\"admin\"\/>\n\t<link rel=\"canonical\" href=\"http:\/\/iai.pt\/web\/arquivos\/16825\" \/>\n\t<meta name=\"generator\" content=\"All in One SEO (AIOSEO) 4.9.10\" \/>\n\t\t<meta property=\"og:locale\" content=\"pt_PT\" \/>\n\t\t<meta property=\"og:site_name\" content=\"IAI - Escola Art\u00edstica\" \/>\n\t\t<meta property=\"og:type\" content=\"article\" \/>\n\t\t<meta property=\"og:title\" content=\"Apresenta\u00e7\u00e3o e Defesa das Provas de Aptid\u00e3o Profissional, T\u00e9cnico\/a de Design de Equipamento - IAI\" \/>\n\t\t<meta property=\"og:description\" content=\"No dia 4 de julho, os alunos finalistas do Curso Profissional T\u00e9cnico de Design de Equipamento do IAI apresentaram com sucesso as suas Provas de Aptid\u00e3o Profissional, demonstrando todo o conhecimento e compet\u00eancias adquiridas ao longo do curso. Durante a sess\u00e3o, foram apresentados projetos gr\u00e1ficos, identidades visuais e prot\u00f3tipos criativos em cer\u00e2mica, desenvolvidos pelos pr\u00f3prios\" \/>\n\t\t<meta property=\"og:url\" content=\"http:\/\/iai.pt\/web\/arquivos\/16825\" \/>\n\t\t<meta property=\"og:image\" content=\"http:\/\/iai.pt\/web\/wp-content\/uploads\/2023\/05\/seo-logo.png\" \/>\n\t\t<meta property=\"og:image:width\" content=\"105\" \/>\n\t\t<meta property=\"og:image:height\" content=\"112\" \/>\n\t\t<meta property=\"article:published_time\" content=\"2025-07-04T11:16:31+00:00\" \/>\n\t\t<meta property=\"article:modified_time\" content=\"2025-07-09T11:19:32+00:00\" \/>\n\t\t<meta property=\"article:publisher\" content=\"https:\/\/www.facebook.com\/instituto.das.artes.imagem\" \/>\n\t\t<meta name=\"twitter:card\" content=\"summary_large_image\" \/>\n\t\t<meta name=\"twitter:title\" content=\"Apresenta\u00e7\u00e3o e Defesa das Provas de Aptid\u00e3o Profissional, T\u00e9cnico\/a de Design de Equipamento - IAI\" \/>\n\t\t<meta name=\"twitter:description\" content=\"No dia 4 de julho, os alunos finalistas do Curso Profissional T\u00e9cnico de Design de Equipamento do IAI apresentaram com sucesso as suas Provas de Aptid\u00e3o Profissional, demonstrando todo o conhecimento e compet\u00eancias adquiridas ao longo do curso. Durante a sess\u00e3o, foram apresentados projetos gr\u00e1ficos, identidades visuais e prot\u00f3tipos criativos em cer\u00e2mica, desenvolvidos pelos pr\u00f3prios\" \/>\n\t\t<meta name=\"twitter:image\" content=\"http:\/\/iai.pt\/web\/wp-content\/uploads\/2023\/05\/seo-logo.png\" \/>\n\t\t<script type=\"application\/ld+json\" class=\"aioseo-schema\">\n\t\t\t{\"@context\":\"https:\\\/\\\/schema.org\",\"@graph\":[{\"@type\":\"BlogPosting\",\"@id\":\"http:\\\/\\\/iai.pt\\\/web\\\/arquivos\\\/16825#blogposting\",\"name\":\"Apresenta\\u00e7\\u00e3o e Defesa das Provas de Aptid\\u00e3o Profissional, T\\u00e9cnico\\\/a de Design de Equipamento - IAI\",\"headline\":\"Apresenta\\u00e7\\u00e3o e Defesa das Provas de Aptid\\u00e3o Profissional, T\\u00e9cnico\\\/a de Design de Equipamento\",\"author\":{\"@id\":\"http:\\\/\\\/iai.pt\\\/web\\\/arquivos\\\/author\\\/admin#author\"},\"publisher\":{\"@id\":\"http:\\\/\\\/iai.pt\\\/web\\\/#organization\"},\"image\":{\"@type\":\"ImageObject\",\"url\":\"http:\\\/\\\/iai.pt\\\/web\\\/wp-content\\\/uploads\\\/2025\\\/07\\\/517107655_1296014859198781_4309253796180903433_n.jpg\",\"width\":1229,\"height\":1536},\"datePublished\":\"2025-07-04T12:16:31+01:00\",\"dateModified\":\"2025-07-09T12:19:32+01:00\",\"inLanguage\":\"pt-PT\",\"mainEntityOfPage\":{\"@id\":\"http:\\\/\\\/iai.pt\\\/web\\\/arquivos\\\/16825#webpage\"},\"isPartOf\":{\"@id\":\"http:\\\/\\\/iai.pt\\\/web\\\/arquivos\\\/16825#webpage\"},\"articleSection\":\"Noticias, not\\u00edcias\"},{\"@type\":\"BreadcrumbList\",\"@id\":\"http:\\\/\\\/iai.pt\\\/web\\\/arquivos\\\/16825#breadcrumblist\",\"itemListElement\":[{\"@type\":\"ListItem\",\"@id\":\"http:\\\/\\\/iai.pt\\\/web#listItem\",\"position\":1,\"name\":\"In\\u00edcio\",\"item\":\"http:\\\/\\\/iai.pt\\\/web\",\"nextItem\":{\"@type\":\"ListItem\",\"@id\":\"http:\\\/\\\/iai.pt\\\/web\\\/arquivos\\\/category\\\/noticias#listItem\",\"name\":\"Noticias\"}},{\"@type\":\"ListItem\",\"@id\":\"http:\\\/\\\/iai.pt\\\/web\\\/arquivos\\\/category\\\/noticias#listItem\",\"position\":2,\"name\":\"Noticias\",\"item\":\"http:\\\/\\\/iai.pt\\\/web\\\/arquivos\\\/category\\\/noticias\",\"nextItem\":{\"@type\":\"ListItem\",\"@id\":\"http:\\\/\\\/iai.pt\\\/web\\\/arquivos\\\/16825#listItem\",\"name\":\"Apresenta\\u00e7\\u00e3o e Defesa das Provas de Aptid\\u00e3o Profissional, T\\u00e9cnico\\\/a de Design de Equipamento\"},\"previousItem\":{\"@type\":\"ListItem\",\"@id\":\"http:\\\/\\\/iai.pt\\\/web#listItem\",\"name\":\"In\\u00edcio\"}},{\"@type\":\"ListItem\",\"@id\":\"http:\\\/\\\/iai.pt\\\/web\\\/arquivos\\\/16825#listItem\",\"position\":3,\"name\":\"Apresenta\\u00e7\\u00e3o e Defesa das Provas de Aptid\\u00e3o Profissional, T\\u00e9cnico\\\/a de Design de Equipamento\",\"previousItem\":{\"@type\":\"ListItem\",\"@id\":\"http:\\\/\\\/iai.pt\\\/web\\\/arquivos\\\/category\\\/noticias#listItem\",\"name\":\"Noticias\"}}]},{\"@type\":\"Organization\",\"@id\":\"http:\\\/\\\/iai.pt\\\/web\\\/#organization\",\"name\":\"Instituto das Artes e da Imagem\",\"description\":\"Escola Art\\u00edstica\",\"url\":\"http:\\\/\\\/iai.pt\\\/web\\\/\",\"telephone\":\"+351222000757\",\"logo\":{\"@type\":\"ImageObject\",\"url\":\"http:\\\/\\\/iai.pt\\\/web\\\/wp-content\\\/uploads\\\/2023\\\/05\\\/seo-logo.png\",\"@id\":\"http:\\\/\\\/iai.pt\\\/web\\\/arquivos\\\/16825\\\/#organizationLogo\",\"width\":105,\"height\":112},\"image\":{\"@id\":\"http:\\\/\\\/iai.pt\\\/web\\\/arquivos\\\/16825\\\/#organizationLogo\"},\"sameAs\":[\"https:\\\/\\\/www.facebook.com\\\/instituto.das.artes.imagem\",\"https:\\\/\\\/www.instagram.com\\\/iai_escola_de_artes\\\/\",\"https:\\\/\\\/www.youtube.com\\\/iaiwebmaster\"]},{\"@type\":\"Person\",\"@id\":\"http:\\\/\\\/iai.pt\\\/web\\\/arquivos\\\/author\\\/admin#author\",\"url\":\"http:\\\/\\\/iai.pt\\\/web\\\/arquivos\\\/author\\\/admin\",\"name\":\"admin\",\"image\":{\"@type\":\"ImageObject\",\"@id\":\"http:\\\/\\\/iai.pt\\\/web\\\/arquivos\\\/16825#authorImage\",\"url\":\"https:\\\/\\\/secure.gravatar.com\\\/avatar\\\/bad9c1ed8261989cbd54cb5e8fc92988405a8dc9925b0838cc9c034113770b1e?s=96&d=mm&r=g\",\"width\":96,\"height\":96,\"caption\":\"admin\"}},{\"@type\":\"WebPage\",\"@id\":\"http:\\\/\\\/iai.pt\\\/web\\\/arquivos\\\/16825#webpage\",\"url\":\"http:\\\/\\\/iai.pt\\\/web\\\/arquivos\\\/16825\",\"name\":\"Apresenta\\u00e7\\u00e3o e Defesa das Provas de Aptid\\u00e3o Profissional, T\\u00e9cnico\\\/a de Design de Equipamento - IAI\",\"description\":\"No dia 4 de julho, os alunos finalistas do Curso Profissional T\\u00e9cnico de Design de Equipamento do IAI apresentaram com sucesso as suas Provas de Aptid\\u00e3o Profissional, demonstrando todo o conhecimento e compet\\u00eancias adquiridas ao longo do curso. Durante a sess\\u00e3o, foram apresentados projetos gr\\u00e1ficos, identidades visuais e prot\\u00f3tipos criativos em cer\\u00e2mica, desenvolvidos pelos pr\\u00f3prios\",\"inLanguage\":\"pt-PT\",\"isPartOf\":{\"@id\":\"http:\\\/\\\/iai.pt\\\/web\\\/#website\"},\"breadcrumb\":{\"@id\":\"http:\\\/\\\/iai.pt\\\/web\\\/arquivos\\\/16825#breadcrumblist\"},\"author\":{\"@id\":\"http:\\\/\\\/iai.pt\\\/web\\\/arquivos\\\/author\\\/admin#author\"},\"creator\":{\"@id\":\"http:\\\/\\\/iai.pt\\\/web\\\/arquivos\\\/author\\\/admin#author\"},\"image\":{\"@type\":\"ImageObject\",\"url\":\"http:\\\/\\\/iai.pt\\\/web\\\/wp-content\\\/uploads\\\/2025\\\/07\\\/517107655_1296014859198781_4309253796180903433_n.jpg\",\"@id\":\"http:\\\/\\\/iai.pt\\\/web\\\/arquivos\\\/16825\\\/#mainImage\",\"width\":1229,\"height\":1536},\"primaryImageOfPage\":{\"@id\":\"http:\\\/\\\/iai.pt\\\/web\\\/arquivos\\\/16825#mainImage\"},\"datePublished\":\"2025-07-04T12:16:31+01:00\",\"dateModified\":\"2025-07-09T12:19:32+01:00\"},{\"@type\":\"WebSite\",\"@id\":\"http:\\\/\\\/iai.pt\\\/web\\\/#website\",\"url\":\"http:\\\/\\\/iai.pt\\\/web\\\/\",\"name\":\"IAI\",\"alternateName\":\"iai\",\"description\":\"Escola Art\\u00edstica\",\"inLanguage\":\"pt-PT\",\"publisher\":{\"@id\":\"http:\\\/\\\/iai.pt\\\/web\\\/#organization\"}}]}\n\t\t<\/script>\n\t\t<!-- All in One SEO -->\n\n","aioseo_head_json":{"title":"Apresenta\u00e7\u00e3o e Defesa das Provas de Aptid\u00e3o Profissional, T\u00e9cnico\/a de Design de Equipamento - IAI","description":"No dia 4 de julho, os alunos finalistas do Curso Profissional T\u00e9cnico de Design de Equipamento do IAI apresentaram com sucesso as suas Provas de Aptid\u00e3o Profissional, demonstrando todo o conhecimento e compet\u00eancias adquiridas ao longo do curso. Durante a sess\u00e3o, foram apresentados projetos gr\u00e1ficos, identidades visuais e prot\u00f3tipos criativos em cer\u00e2mica, desenvolvidos pelos pr\u00f3prios","canonical_url":"http:\/\/iai.pt\/web\/arquivos\/16825","robots":"max-image-preview:large","keywords":"","webmasterTools":{"miscellaneous":""},"schema":{"@context":"https:\/\/schema.org","@graph":[{"@type":"BlogPosting","@id":"http:\/\/iai.pt\/web\/arquivos\/16825#blogposting","name":"Apresenta\u00e7\u00e3o e Defesa das Provas de Aptid\u00e3o Profissional, T\u00e9cnico\/a de Design de Equipamento - IAI","headline":"Apresenta\u00e7\u00e3o e Defesa das Provas de Aptid\u00e3o Profissional, T\u00e9cnico\/a de Design de Equipamento","author":{"@id":"http:\/\/iai.pt\/web\/arquivos\/author\/admin#author"},"publisher":{"@id":"http:\/\/iai.pt\/web\/#organization"},"image":{"@type":"ImageObject","url":"http:\/\/iai.pt\/web\/wp-content\/uploads\/2025\/07\/517107655_1296014859198781_4309253796180903433_n.jpg","width":1229,"height":1536},"datePublished":"2025-07-04T12:16:31+01:00","dateModified":"2025-07-09T12:19:32+01:00","inLanguage":"pt-PT","mainEntityOfPage":{"@id":"http:\/\/iai.pt\/web\/arquivos\/16825#webpage"},"isPartOf":{"@id":"http:\/\/iai.pt\/web\/arquivos\/16825#webpage"},"articleSection":"Noticias, not\u00edcias"},{"@type":"BreadcrumbList","@id":"http:\/\/iai.pt\/web\/arquivos\/16825#breadcrumblist","itemListElement":[{"@type":"ListItem","@id":"http:\/\/iai.pt\/web#listItem","position":1,"name":"In\u00edcio","item":"http:\/\/iai.pt\/web","nextItem":{"@type":"ListItem","@id":"http:\/\/iai.pt\/web\/arquivos\/category\/noticias#listItem","name":"Noticias"}},{"@type":"ListItem","@id":"http:\/\/iai.pt\/web\/arquivos\/category\/noticias#listItem","position":2,"name":"Noticias","item":"http:\/\/iai.pt\/web\/arquivos\/category\/noticias","nextItem":{"@type":"ListItem","@id":"http:\/\/iai.pt\/web\/arquivos\/16825#listItem","name":"Apresenta\u00e7\u00e3o e Defesa das Provas de Aptid\u00e3o Profissional, T\u00e9cnico\/a de Design de Equipamento"},"previousItem":{"@type":"ListItem","@id":"http:\/\/iai.pt\/web#listItem","name":"In\u00edcio"}},{"@type":"ListItem","@id":"http:\/\/iai.pt\/web\/arquivos\/16825#listItem","position":3,"name":"Apresenta\u00e7\u00e3o e Defesa das Provas de Aptid\u00e3o Profissional, T\u00e9cnico\/a de Design de Equipamento","previousItem":{"@type":"ListItem","@id":"http:\/\/iai.pt\/web\/arquivos\/category\/noticias#listItem","name":"Noticias"}}]},{"@type":"Organization","@id":"http:\/\/iai.pt\/web\/#organization","name":"Instituto das Artes e da Imagem","description":"Escola Art\u00edstica","url":"http:\/\/iai.pt\/web\/","telephone":"+351222000757","logo":{"@type":"ImageObject","url":"http:\/\/iai.pt\/web\/wp-content\/uploads\/2023\/05\/seo-logo.png","@id":"http:\/\/iai.pt\/web\/arquivos\/16825\/#organizationLogo","width":105,"height":112},"image":{"@id":"http:\/\/iai.pt\/web\/arquivos\/16825\/#organizationLogo"},"sameAs":["https:\/\/www.facebook.com\/instituto.das.artes.imagem","https:\/\/www.instagram.com\/iai_escola_de_artes\/","https:\/\/www.youtube.com\/iaiwebmaster"]},{"@type":"Person","@id":"http:\/\/iai.pt\/web\/arquivos\/author\/admin#author","url":"http:\/\/iai.pt\/web\/arquivos\/author\/admin","name":"admin","image":{"@type":"ImageObject","@id":"http:\/\/iai.pt\/web\/arquivos\/16825#authorImage","url":"https:\/\/secure.gravatar.com\/avatar\/bad9c1ed8261989cbd54cb5e8fc92988405a8dc9925b0838cc9c034113770b1e?s=96&d=mm&r=g","width":96,"height":96,"caption":"admin"}},{"@type":"WebPage","@id":"http:\/\/iai.pt\/web\/arquivos\/16825#webpage","url":"http:\/\/iai.pt\/web\/arquivos\/16825","name":"Apresenta\u00e7\u00e3o e Defesa das Provas de Aptid\u00e3o Profissional, T\u00e9cnico\/a de Design de Equipamento - IAI","description":"No dia 4 de julho, os alunos finalistas do Curso Profissional T\u00e9cnico de Design de Equipamento do IAI apresentaram com sucesso as suas Provas de Aptid\u00e3o Profissional, demonstrando todo o conhecimento e compet\u00eancias adquiridas ao longo do curso. Durante a sess\u00e3o, foram apresentados projetos gr\u00e1ficos, identidades visuais e prot\u00f3tipos criativos em cer\u00e2mica, desenvolvidos pelos pr\u00f3prios","inLanguage":"pt-PT","isPartOf":{"@id":"http:\/\/iai.pt\/web\/#website"},"breadcrumb":{"@id":"http:\/\/iai.pt\/web\/arquivos\/16825#breadcrumblist"},"author":{"@id":"http:\/\/iai.pt\/web\/arquivos\/author\/admin#author"},"creator":{"@id":"http:\/\/iai.pt\/web\/arquivos\/author\/admin#author"},"image":{"@type":"ImageObject","url":"http:\/\/iai.pt\/web\/wp-content\/uploads\/2025\/07\/517107655_1296014859198781_4309253796180903433_n.jpg","@id":"http:\/\/iai.pt\/web\/arquivos\/16825\/#mainImage","width":1229,"height":1536},"primaryImageOfPage":{"@id":"http:\/\/iai.pt\/web\/arquivos\/16825#mainImage"},"datePublished":"2025-07-04T12:16:31+01:00","dateModified":"2025-07-09T12:19:32+01:00"},{"@type":"WebSite","@id":"http:\/\/iai.pt\/web\/#website","url":"http:\/\/iai.pt\/web\/","name":"IAI","alternateName":"iai","description":"Escola Art\u00edstica","inLanguage":"pt-PT","publisher":{"@id":"http:\/\/iai.pt\/web\/#organization"}}]},"og:locale":"pt_PT","og:site_name":"IAI - Escola Art\u00edstica","og:type":"article","og:title":"Apresenta\u00e7\u00e3o e Defesa das Provas de Aptid\u00e3o Profissional, T\u00e9cnico\/a de Design de Equipamento - IAI","og:description":"No dia 4 de julho, os alunos finalistas do Curso Profissional T\u00e9cnico de Design de Equipamento do IAI apresentaram com sucesso as suas Provas de Aptid\u00e3o Profissional, demonstrando todo o conhecimento e compet\u00eancias adquiridas ao longo do curso. Durante a sess\u00e3o, foram apresentados projetos gr\u00e1ficos, identidades visuais e prot\u00f3tipos criativos em cer\u00e2mica, desenvolvidos pelos pr\u00f3prios","og:url":"http:\/\/iai.pt\/web\/arquivos\/16825","og:image":"http:\/\/iai.pt\/web\/wp-content\/uploads\/2023\/05\/seo-logo.png","og:image:width":105,"og:image:height":112,"article:published_time":"2025-07-04T11:16:31+00:00","article:modified_time":"2025-07-09T11:19:32+00:00","article:publisher":"https:\/\/www.facebook.com\/instituto.das.artes.imagem","twitter:card":"summary_large_image","twitter:title":"Apresenta\u00e7\u00e3o e Defesa das Provas de Aptid\u00e3o Profissional, T\u00e9cnico\/a de Design de Equipamento - IAI","twitter:description":"No dia 4 de julho, os alunos finalistas do Curso Profissional T\u00e9cnico de Design de Equipamento do IAI apresentaram com sucesso as suas Provas de Aptid\u00e3o Profissional, demonstrando todo o conhecimento e compet\u00eancias adquiridas ao longo do curso. Durante a sess\u00e3o, foram apresentados projetos gr\u00e1ficos, identidades visuais e prot\u00f3tipos criativos em cer\u00e2mica, desenvolvidos pelos pr\u00f3prios","twitter:image":"http:\/\/iai.pt\/web\/wp-content\/uploads\/2023\/05\/seo-logo.png"},"aioseo_meta_data":{"post_id":"16825","title":null,"description":null,"keywords":null,"keyphrases":{"focus":{"keyphrase":"","score":0,"analysis":{"keyphraseInTitle":{"score":0,"maxScore":9,"error":1}}},"additional":[]},"primary_term":null,"canonical_url":null,"og_title":null,"og_description":null,"og_object_type":"default","og_image_type":"default","og_image_url":null,"og_image_width":null,"og_image_height":null,"og_image_custom_url":null,"og_image_custom_fields":null,"og_video":"","og_custom_url":null,"og_article_section":null,"og_article_tags":null,"twitter_use_og":false,"twitter_card":"default","twitter_image_type":"default","twitter_image_url":null,"twitter_image_custom_url":null,"twitter_image_custom_fields":null,"twitter_title":null,"twitter_description":null,"schema":{"blockGraphs":[],"customGraphs":[],"default":{"data":{"Article":[],"Course":[],"Dataset":[],"FAQPage":[],"Movie":[],"Person":[],"Product":[],"ProductReview":[],"Car":[],"Recipe":[],"Service":[],"SoftwareApplication":[],"WebPage":[]},"graphName":"BlogPosting","isEnabled":true},"graphs":[]},"schema_type":"default","schema_type_options":null,"pillar_content":false,"robots_default":true,"robots_noindex":false,"robots_noarchive":false,"robots_nosnippet":false,"robots_nofollow":false,"robots_noimageindex":false,"robots_noodp":false,"robots_notranslate":false,"robots_max_snippet":"-1","robots_max_videopreview":"-1","robots_max_imagepreview":"large","priority":null,"frequency":"default","local_seo":null,"breadcrumb_settings":null,"limit_modified_date":false,"ai":null,"created":"2025-07-09 11:18:43","updated":"2025-07-09 11:27:27","seo_analyzer_scan_date":null},"aioseo_breadcrumb":"<div class=\"aioseo-breadcrumbs\"><span class=\"aioseo-breadcrumb\">\n\t\t\t<a href=\"http:\/\/iai.pt\/web\" title=\"In\u00edcio\">In\u00edcio<\/a>\n\t\t<\/span><span class=\"aioseo-breadcrumb-separator\">\u00bb<\/span><span class=\"aioseo-breadcrumb\">\n\t\t\t<a href=\"http:\/\/iai.pt\/web\/arquivos\/category\/noticias\" title=\"Noticias\">Noticias<\/a>\n\t\t<\/span><span class=\"aioseo-breadcrumb-separator\">\u00bb<\/span><span class=\"aioseo-breadcrumb\">\n\t\t\tApresenta\u00e7\u00e3o e Defesa das Provas de Aptid\u00e3o Profissional, T\u00e9cnico\/a de Design de Equipamento\n\t\t<\/span><\/div>","aioseo_breadcrumb_json":[{"label":"In\u00edcio","link":"http:\/\/iai.pt\/web"},{"label":"Noticias","link":"http:\/\/iai.pt\/web\/arquivos\/category\/noticias"},{"label":"Apresenta\u00e7\u00e3o e Defesa das Provas de Aptid\u00e3o Profissional, T\u00e9cnico\/a de Design de Equipamento","link":"http:\/\/iai.pt\/web\/arquivos\/16825"}],"_links":{"self":[{"href":"http:\/\/iai.pt\/web\/wp-json\/wp\/v2\/posts\/16825","targetHints":{"allow":["GET"]}}],"collection":[{"href":"http:\/\/iai.pt\/web\/wp-json\/wp\/v2\/posts"}],"about":[{"href":"http:\/\/iai.pt\/web\/wp-json\/wp\/v2\/types\/post"}],"author":[{"embeddable":true,"href":"http:\/\/iai.pt\/web\/wp-json\/wp\/v2\/users\/1"}],"replies":[{"embeddable":true,"href":"http:\/\/iai.pt\/web\/wp-json\/wp\/v2\/comments?post=16825"}],"version-history":[{"count":2,"href":"http:\/\/iai.pt\/web\/wp-json\/wp\/v2\/posts\/16825\/revisions"}],"predecessor-version":[{"id":16828,"href":"http:\/\/iai.pt\/web\/wp-json\/wp\/v2\/posts\/16825\/revisions\/16828"}],"wp:featuredmedia":[{"embeddable":true,"href":"http:\/\/iai.pt\/web\/wp-json\/wp\/v2\/media\/16826"}],"wp:attachment":[{"href":"http:\/\/iai.pt\/web\/wp-json\/wp\/v2\/media?parent=16825"}],"wp:term":[{"taxonomy":"category","embeddable":true,"href":"http:\/\/iai.pt\/web\/wp-json\/wp\/v2\/categories?post=16825"},{"taxonomy":"post_tag","embeddable":true,"href":"http:\/\/iai.pt\/web\/wp-json\/wp\/v2\/tags?post=16825"}],"curies":[{"name":"wp","href":"https:\/\/api.w.org\/{rel}","templated":true}]}}