{"id":16885,"date":"2025-07-23T11:47:03","date_gmt":"2025-07-23T10:47:03","guid":{"rendered":"https:\/\/iai.pt\/web\/?p=16885"},"modified":"2025-07-23T11:47:04","modified_gmt":"2025-07-23T10:47:04","slug":"mostra-de-atividades-unesco-2024-2025-video","status":"publish","type":"post","link":"http:\/\/iai.pt\/web\/arquivos\/16885","title":{"rendered":"Mostra de Atividades UNESCO 2024\/2025 \u2014 V\u00eddeo"},"content":{"rendered":"<p>[et_pb_section fb_built=&#8221;1&#8243; _builder_version=&#8221;4.27.4&#8243; _module_preset=&#8221;default&#8221; custom_padding=&#8221;35px|||||&#8221; global_colors_info=&#8221;{}&#8221; theme_builder_area=&#8221;post_content&#8221;][et_pb_row _builder_version=&#8221;4.27.4&#8243; _module_preset=&#8221;default&#8221; global_colors_info=&#8221;{}&#8221; theme_builder_area=&#8221;post_content&#8221;][et_pb_column type=&#8221;4_4&#8243; _builder_version=&#8221;4.27.4&#8243; _module_preset=&#8221;default&#8221; global_colors_info=&#8221;{}&#8221; theme_builder_area=&#8221;post_content&#8221;][et_pb_button button_url=&#8221;https:\/\/www.facebook.com\/share\/r\/1EgmEbxu9c\/&#8221; url_new_window=&#8221;on&#8221; button_text=&#8221;Ver v\u00eddeo&#8221; _builder_version=&#8221;4.27.4&#8243; _module_preset=&#8221;default&#8221; hover_enabled=&#8221;0&#8243; global_colors_info=&#8221;{}&#8221; theme_builder_area=&#8221;post_content&#8221; sticky_enabled=&#8221;0&#8243;][\/et_pb_button][et_pb_text _builder_version=&#8221;4.27.4&#8243; _module_preset=&#8221;default&#8221; global_colors_info=&#8221;{}&#8221; theme_builder_area=&#8221;post_content&#8221;]<\/p>\n<div class=\"xdj266r x14z9mp xat24cr x1lziwak x1vvkbs x126k92a\">Ao longo do ano letivo 2024\/2025, o IAI afirmou-se, mais uma vez, como uma Escola Associada \u00e0 UNESCO ativa, comprometida e criativa!<\/div>\n<div class=\"x14z9mp xat24cr x1lziwak x1vvkbs xtlvy1s x126k92a\">Neste v\u00eddeo (clicar no bot\u00e3o acima), partilhamos um pouco das m\u00faltiplas atividades que marcaram o nosso percurso: desde iniciativas em prol da paz, sustentabilidade, educa\u00e7\u00e3o de qualidade e cidadania global, at\u00e9 projetos art\u00edsticos que unem culturas, vozes e gera\u00e7\u00f5es.<\/div>\n<div class=\"x14z9mp xat24cr x1lziwak x1vvkbs xtlvy1s x126k92a\">Porque educar \u00e9 transformar, e transformar \u00e9 agir \u2014 e foi isso que fizemos. Em cada gesto, em cada projeto, em cada ideia colocada em pr\u00e1tica, deix\u00e1mos a nossa marca.<\/div>\n<div class=\"x14z9mp xat24cr x1lziwak x1vvkbs xtlvy1s x126k92a\">Vem (re)descobrir connosco tudo o que constru\u00edmos, juntos, este ano!<\/div>\n<p>[\/et_pb_text][et_pb_image src=&#8221;http:\/\/iai.pt\/web\/wp-content\/uploads\/2025\/07\/unesco_iai_video-scaled.png&#8221; title_text=&#8221;unesco_iai_video&#8221; _builder_version=&#8221;4.27.4&#8243; _module_preset=&#8221;default&#8221; hover_enabled=&#8221;0&#8243; global_colors_info=&#8221;{}&#8221; theme_builder_area=&#8221;post_content&#8221; sticky_enabled=&#8221;0&#8243;][\/et_pb_image][\/et_pb_column][\/et_pb_row][\/et_pb_section]<\/p>\n","protected":false},"excerpt":{"rendered":"<p>Ao longo do ano letivo 2024\/2025, o IAI afirmou-se, mais uma vez, como uma Escola Associada \u00e0 UNESCO ativa, comprometida e criativa! Neste v\u00eddeo (clicar no bot\u00e3o acima), partilhamos um pouco das m\u00faltiplas atividades que marcaram o nosso percurso: desde iniciativas em prol da paz, sustentabilidade, educa\u00e7\u00e3o de qualidade e cidadania global, at\u00e9 projetos art\u00edsticos [&hellip;]<\/p>\n","protected":false},"author":1,"featured_media":16884,"comment_status":"open","ping_status":"open","sticky":false,"template":"","format":"standard","meta":{"_et_pb_use_builder":"on","_et_pb_old_content":"","_et_gb_content_width":"","footnotes":""},"categories":[60],"tags":[],"class_list":["post-16885","post","type-post","status-publish","format-standard","has-post-thumbnail","hentry","category-noticias"],"aioseo_notices":[],"_links":{"self":[{"href":"http:\/\/iai.pt\/web\/wp-json\/wp\/v2\/posts\/16885","targetHints":{"allow":["GET"]}}],"collection":[{"href":"http:\/\/iai.pt\/web\/wp-json\/wp\/v2\/posts"}],"about":[{"href":"http:\/\/iai.pt\/web\/wp-json\/wp\/v2\/types\/post"}],"author":[{"embeddable":true,"href":"http:\/\/iai.pt\/web\/wp-json\/wp\/v2\/users\/1"}],"replies":[{"embeddable":true,"href":"http:\/\/iai.pt\/web\/wp-json\/wp\/v2\/comments?post=16885"}],"version-history":[{"count":2,"href":"http:\/\/iai.pt\/web\/wp-json\/wp\/v2\/posts\/16885\/revisions"}],"predecessor-version":[{"id":16888,"href":"http:\/\/iai.pt\/web\/wp-json\/wp\/v2\/posts\/16885\/revisions\/16888"}],"wp:featuredmedia":[{"embeddable":true,"href":"http:\/\/iai.pt\/web\/wp-json\/wp\/v2\/media\/16884"}],"wp:attachment":[{"href":"http:\/\/iai.pt\/web\/wp-json\/wp\/v2\/media?parent=16885"}],"wp:term":[{"taxonomy":"category","embeddable":true,"href":"http:\/\/iai.pt\/web\/wp-json\/wp\/v2\/categories?post=16885"},{"taxonomy":"post_tag","embeddable":true,"href":"http:\/\/iai.pt\/web\/wp-json\/wp\/v2\/tags?post=16885"}],"curies":[{"name":"wp","href":"https:\/\/api.w.org\/{rel}","templated":true}]}}