{"id":17589,"date":"2025-10-06T13:03:50","date_gmt":"2025-10-06T12:03:50","guid":{"rendered":"https:\/\/iai.pt\/web\/?p=17589"},"modified":"2025-10-13T13:04:31","modified_gmt":"2025-10-13T12:04:31","slug":"a-conversa-com-arquitetos-inspira-alunos-no-dia-mundial-da-arquitetura","status":"publish","type":"post","link":"http:\/\/iai.pt\/web\/arquivos\/17589","title":{"rendered":"\u2018\u00c0 conversa com\u2026 Arquitetos\u2019 inspira alunos no Dia Mundial da Arquitetura"},"content":{"rendered":"\n[et_pb_section fb_built=&#8221;1&#8243; _builder_version=&#8221;4.27.4&#8243; _module_preset=&#8221;default&#8221; global_colors_info=&#8221;{}&#8221; theme_builder_area=&#8221;post_content&#8221;][et_pb_row _builder_version=&#8221;4.27.4&#8243; _module_preset=&#8221;default&#8221; global_colors_info=&#8221;{}&#8221; theme_builder_area=&#8221;post_content&#8221;][et_pb_column type=&#8221;4_4&#8243; _builder_version=&#8221;4.27.4&#8243; _module_preset=&#8221;default&#8221; global_colors_info=&#8221;{}&#8221; theme_builder_area=&#8221;post_content&#8221;][et_pb_text _builder_version=&#8221;4.27.4&#8243; _module_preset=&#8221;default&#8221; global_colors_info=&#8221;{}&#8221; theme_builder_area=&#8221;post_content&#8221;]<p>\u00c0 conversa com\u2026 \u2014 IAI assinala o Dia Internacional da Arquitetura com debate inspirador<\/p>\n<p>Arquitetos convidados e antigos alunos partilharam experi\u00eancias e vis\u00f5es sobre os desafios<br \/>da arquitetura enquanto profiss\u00e3o.<br \/>No \u00e2mbito das comemora\u00e7\u00f5es do Dia Internacional da Arquitetura, celebrado na primeira<br \/>segunda-feira do m\u00eas de outubro, o Instituto de Artes e Imagem (IAI) promoveu a iniciativa<br \/>\u201c\u00c0 conversa com\u2026\u201d, que teve lugar no passado dia 6 de outubro de 2025, pelas 10h30, no<br \/>Audit\u00f3rio do IAI.<br \/>A sess\u00e3o contou com a presen\u00e7a da Arq.\u00aa Andreia Oliveira, Presidente da Ordem dos<br \/>Arquitetos, e do Arq. Pedro Gomes, tamb\u00e9m membro da Ordem. Participaram igualmente<br \/>dois ex-alunos do IAI \u2014 o Arq. Daniel Alves, que j\u00e1 integrou o corpo docente do Instituto na<br \/>\u00e1rea do Desenho, e a Arq.\u00aa Margarida Ribeiro \u2014 bem como o Arq\u00ba Diogo Pereira, professor<br \/>da institui\u00e7\u00e3o.<br \/>A conversa foi moderada pelo Arq. Jos\u00e9 Magalh\u00e3es, Diretor da Escola, e contou com a<br \/>abertura e apresenta\u00e7\u00e3o da Dr.\u00aa Gisela, Diretora Pedag\u00f3gica do IAI.<br \/>O encontro destacou-se pelo car\u00e1ter informal e din\u00e2mico, proporcionando aos alunos a<br \/>oportunidade de dialogar diretamente com os arquitetos convidados, colocando quest\u00f5es e<br \/>partilhando curiosidades sobre a profiss\u00e3o.<br \/>Cada participante ofereceu uma reflex\u00e3o inspiradora sobre o percurso profissional e os<br \/>desafios atuais da arquitetura contempor\u00e2nea, promovendo um debate enriquecedor sobre<br \/>o papel do arquiteto na sociedade e a import\u00e2ncia da criatividade, \u00e9tica e inova\u00e7\u00e3o no<br \/>exerc\u00edcio da profiss\u00e3o.<br \/>Esta iniciativa refor\u00e7ou o compromisso do IAI em fomentar o di\u00e1logo entre a escola e o<br \/>contexto profissional, inspirando as novas gera\u00e7\u00f5es de arquitetos a pensar de forma cr\u00edtica e criativa sobre o futuro da arquitetura.<\/p>[\/et_pb_text][et_pb_image src=&#8221;http:\/\/iai.pt\/web\/wp-content\/uploads\/2025\/10\/8.jpeg&#8221; title_text=&#8221;8&#8243; _builder_version=&#8221;4.27.4&#8243; _module_preset=&#8221;default&#8221; hover_enabled=&#8221;0&#8243; global_colors_info=&#8221;{}&#8221; theme_builder_area=&#8221;post_content&#8221; sticky_enabled=&#8221;0&#8243;][\/et_pb_image][\/et_pb_column][\/et_pb_row][\/et_pb_section]\n","protected":false},"excerpt":{"rendered":"<p>\u00c0 conversa com\u2026 \u2014 IAI assinala o Dia Internacional da Arquitetura com debate inspirador Arquitetos convidados e antigos alunos partilharam experi\u00eancias e vis\u00f5es sobre os desafiosda arquitetura enquanto profiss\u00e3o.No \u00e2mbito das comemora\u00e7\u00f5es do Dia Internacional da Arquitetura, celebrado na primeirasegunda-feira do m\u00eas de outubro, o Instituto de Artes e Imagem (IAI) promoveu a iniciativa\u201c\u00c0 conversa [&hellip;]<\/p>\n","protected":false},"author":1,"featured_media":17588,"comment_status":"open","ping_status":"open","sticky":false,"template":"","format":"standard","meta":{"_et_pb_use_builder":"on","_et_pb_old_content":"","_et_gb_content_width":"","footnotes":"","_members_access_role":[],"_members_access_error":""},"categories":[60],"tags":[],"class_list":["post-17589","post","type-post","status-publish","format-standard","has-post-thumbnail","hentry","category-noticias"],"aioseo_notices":[],"aioseo_head":"\n\t\t<!-- All in One SEO 4.9.10 - aioseo.com -->\n\t<meta name=\"description\" content=\"\u00c0 conversa com\u2026 \u2014 IAI assinala o Dia Internacional da Arquitetura com debate inspirador Arquitetos convidados e antigos alunos partilharam experi\u00eancias e vis\u00f5es sobre os desafiosda arquitetura enquanto profiss\u00e3o.No \u00e2mbito das comemora\u00e7\u00f5es do Dia Internacional da Arquitetura, celebrado na primeirasegunda-feira do m\u00eas de outubro, o Instituto de Artes e Imagem (IAI) promoveu a iniciativa\u201c\u00c0 conversa\" \/>\n\t<meta name=\"robots\" content=\"max-image-preview:large\" \/>\n\t<meta name=\"author\" content=\"admin\"\/>\n\t<link rel=\"canonical\" href=\"http:\/\/iai.pt\/web\/arquivos\/17589\" \/>\n\t<meta name=\"generator\" content=\"All in One SEO (AIOSEO) 4.9.10\" \/>\n\t\t<meta property=\"og:locale\" content=\"pt_PT\" \/>\n\t\t<meta property=\"og:site_name\" content=\"IAI - Escola Art\u00edstica\" \/>\n\t\t<meta property=\"og:type\" content=\"article\" \/>\n\t\t<meta property=\"og:title\" content=\"\u2018\u00c0 conversa com\u2026 Arquitetos\u2019 inspira alunos no Dia Mundial da Arquitetura - IAI\" \/>\n\t\t<meta property=\"og:description\" content=\"\u00c0 conversa com\u2026 \u2014 IAI assinala o Dia Internacional da Arquitetura com debate inspirador Arquitetos convidados e antigos alunos partilharam experi\u00eancias e vis\u00f5es sobre os desafiosda arquitetura enquanto profiss\u00e3o.No \u00e2mbito das comemora\u00e7\u00f5es do Dia Internacional da Arquitetura, celebrado na primeirasegunda-feira do m\u00eas de outubro, o Instituto de Artes e Imagem (IAI) promoveu a iniciativa\u201c\u00c0 conversa\" \/>\n\t\t<meta property=\"og:url\" content=\"http:\/\/iai.pt\/web\/arquivos\/17589\" \/>\n\t\t<meta property=\"og:image\" content=\"http:\/\/iai.pt\/web\/wp-content\/uploads\/2023\/05\/seo-logo.png\" \/>\n\t\t<meta property=\"og:image:width\" content=\"105\" \/>\n\t\t<meta property=\"og:image:height\" content=\"112\" \/>\n\t\t<meta property=\"article:published_time\" content=\"2025-10-06T12:03:50+00:00\" \/>\n\t\t<meta property=\"article:modified_time\" content=\"2025-10-13T12:04:31+00:00\" \/>\n\t\t<meta property=\"article:publisher\" content=\"https:\/\/www.facebook.com\/instituto.das.artes.imagem\" \/>\n\t\t<meta name=\"twitter:card\" content=\"summary_large_image\" \/>\n\t\t<meta name=\"twitter:title\" content=\"\u2018\u00c0 conversa com\u2026 Arquitetos\u2019 inspira alunos no Dia Mundial da Arquitetura - IAI\" \/>\n\t\t<meta name=\"twitter:description\" content=\"\u00c0 conversa com\u2026 \u2014 IAI assinala o Dia Internacional da Arquitetura com debate inspirador Arquitetos convidados e antigos alunos partilharam experi\u00eancias e vis\u00f5es sobre os desafiosda arquitetura enquanto profiss\u00e3o.No \u00e2mbito das comemora\u00e7\u00f5es do Dia Internacional da Arquitetura, celebrado na primeirasegunda-feira do m\u00eas de outubro, o Instituto de Artes e Imagem (IAI) promoveu a iniciativa\u201c\u00c0 conversa\" \/>\n\t\t<meta name=\"twitter:image\" content=\"http:\/\/iai.pt\/web\/wp-content\/uploads\/2023\/05\/seo-logo.png\" \/>\n\t\t<script type=\"application\/ld+json\" class=\"aioseo-schema\">\n\t\t\t{\"@context\":\"https:\\\/\\\/schema.org\",\"@graph\":[{\"@type\":\"BlogPosting\",\"@id\":\"http:\\\/\\\/iai.pt\\\/web\\\/arquivos\\\/17589#blogposting\",\"name\":\"\\u2018\\u00c0 conversa com\\u2026 Arquitetos\\u2019 inspira alunos no Dia Mundial da Arquitetura - IAI\",\"headline\":\"\\u2018\\u00c0 conversa com\\u2026 Arquitetos\\u2019 inspira alunos no Dia Mundial da Arquitetura\",\"author\":{\"@id\":\"http:\\\/\\\/iai.pt\\\/web\\\/arquivos\\\/author\\\/admin#author\"},\"publisher\":{\"@id\":\"http:\\\/\\\/iai.pt\\\/web\\\/#organization\"},\"image\":{\"@type\":\"ImageObject\",\"url\":\"http:\\\/\\\/iai.pt\\\/web\\\/wp-content\\\/uploads\\\/2025\\\/10\\\/8.jpeg\",\"width\":1600,\"height\":900},\"datePublished\":\"2025-10-06T13:03:50+01:00\",\"dateModified\":\"2025-10-13T13:04:31+01:00\",\"inLanguage\":\"pt-PT\",\"mainEntityOfPage\":{\"@id\":\"http:\\\/\\\/iai.pt\\\/web\\\/arquivos\\\/17589#webpage\"},\"isPartOf\":{\"@id\":\"http:\\\/\\\/iai.pt\\\/web\\\/arquivos\\\/17589#webpage\"},\"articleSection\":\"Noticias\"},{\"@type\":\"BreadcrumbList\",\"@id\":\"http:\\\/\\\/iai.pt\\\/web\\\/arquivos\\\/17589#breadcrumblist\",\"itemListElement\":[{\"@type\":\"ListItem\",\"@id\":\"http:\\\/\\\/iai.pt\\\/web#listItem\",\"position\":1,\"name\":\"In\\u00edcio\",\"item\":\"http:\\\/\\\/iai.pt\\\/web\",\"nextItem\":{\"@type\":\"ListItem\",\"@id\":\"http:\\\/\\\/iai.pt\\\/web\\\/arquivos\\\/category\\\/noticias#listItem\",\"name\":\"Noticias\"}},{\"@type\":\"ListItem\",\"@id\":\"http:\\\/\\\/iai.pt\\\/web\\\/arquivos\\\/category\\\/noticias#listItem\",\"position\":2,\"name\":\"Noticias\",\"item\":\"http:\\\/\\\/iai.pt\\\/web\\\/arquivos\\\/category\\\/noticias\",\"nextItem\":{\"@type\":\"ListItem\",\"@id\":\"http:\\\/\\\/iai.pt\\\/web\\\/arquivos\\\/17589#listItem\",\"name\":\"\\u2018\\u00c0 conversa com\\u2026 Arquitetos\\u2019 inspira alunos no Dia Mundial da Arquitetura\"},\"previousItem\":{\"@type\":\"ListItem\",\"@id\":\"http:\\\/\\\/iai.pt\\\/web#listItem\",\"name\":\"In\\u00edcio\"}},{\"@type\":\"ListItem\",\"@id\":\"http:\\\/\\\/iai.pt\\\/web\\\/arquivos\\\/17589#listItem\",\"position\":3,\"name\":\"\\u2018\\u00c0 conversa com\\u2026 Arquitetos\\u2019 inspira alunos no Dia Mundial da Arquitetura\",\"previousItem\":{\"@type\":\"ListItem\",\"@id\":\"http:\\\/\\\/iai.pt\\\/web\\\/arquivos\\\/category\\\/noticias#listItem\",\"name\":\"Noticias\"}}]},{\"@type\":\"Organization\",\"@id\":\"http:\\\/\\\/iai.pt\\\/web\\\/#organization\",\"name\":\"Instituto das Artes e da Imagem\",\"description\":\"Escola Art\\u00edstica\",\"url\":\"http:\\\/\\\/iai.pt\\\/web\\\/\",\"telephone\":\"+351222000757\",\"logo\":{\"@type\":\"ImageObject\",\"url\":\"http:\\\/\\\/iai.pt\\\/web\\\/wp-content\\\/uploads\\\/2023\\\/05\\\/seo-logo.png\",\"@id\":\"http:\\\/\\\/iai.pt\\\/web\\\/arquivos\\\/17589\\\/#organizationLogo\",\"width\":105,\"height\":112},\"image\":{\"@id\":\"http:\\\/\\\/iai.pt\\\/web\\\/arquivos\\\/17589\\\/#organizationLogo\"},\"sameAs\":[\"https:\\\/\\\/www.facebook.com\\\/instituto.das.artes.imagem\",\"https:\\\/\\\/www.instagram.com\\\/iai_escola_de_artes\\\/\",\"https:\\\/\\\/www.youtube.com\\\/iaiwebmaster\"]},{\"@type\":\"Person\",\"@id\":\"http:\\\/\\\/iai.pt\\\/web\\\/arquivos\\\/author\\\/admin#author\",\"url\":\"http:\\\/\\\/iai.pt\\\/web\\\/arquivos\\\/author\\\/admin\",\"name\":\"admin\",\"image\":{\"@type\":\"ImageObject\",\"@id\":\"http:\\\/\\\/iai.pt\\\/web\\\/arquivos\\\/17589#authorImage\",\"url\":\"https:\\\/\\\/secure.gravatar.com\\\/avatar\\\/bad9c1ed8261989cbd54cb5e8fc92988405a8dc9925b0838cc9c034113770b1e?s=96&d=mm&r=g\",\"width\":96,\"height\":96,\"caption\":\"admin\"}},{\"@type\":\"WebPage\",\"@id\":\"http:\\\/\\\/iai.pt\\\/web\\\/arquivos\\\/17589#webpage\",\"url\":\"http:\\\/\\\/iai.pt\\\/web\\\/arquivos\\\/17589\",\"name\":\"\\u2018\\u00c0 conversa com\\u2026 Arquitetos\\u2019 inspira alunos no Dia Mundial da Arquitetura - IAI\",\"description\":\"\\u00c0 conversa com\\u2026 \\u2014 IAI assinala o Dia Internacional da Arquitetura com debate inspirador Arquitetos convidados e antigos alunos partilharam experi\\u00eancias e vis\\u00f5es sobre os desafiosda arquitetura enquanto profiss\\u00e3o.No \\u00e2mbito das comemora\\u00e7\\u00f5es do Dia Internacional da Arquitetura, celebrado na primeirasegunda-feira do m\\u00eas de outubro, o Instituto de Artes e Imagem (IAI) promoveu a iniciativa\\u201c\\u00c0 conversa\",\"inLanguage\":\"pt-PT\",\"isPartOf\":{\"@id\":\"http:\\\/\\\/iai.pt\\\/web\\\/#website\"},\"breadcrumb\":{\"@id\":\"http:\\\/\\\/iai.pt\\\/web\\\/arquivos\\\/17589#breadcrumblist\"},\"author\":{\"@id\":\"http:\\\/\\\/iai.pt\\\/web\\\/arquivos\\\/author\\\/admin#author\"},\"creator\":{\"@id\":\"http:\\\/\\\/iai.pt\\\/web\\\/arquivos\\\/author\\\/admin#author\"},\"image\":{\"@type\":\"ImageObject\",\"url\":\"http:\\\/\\\/iai.pt\\\/web\\\/wp-content\\\/uploads\\\/2025\\\/10\\\/8.jpeg\",\"@id\":\"http:\\\/\\\/iai.pt\\\/web\\\/arquivos\\\/17589\\\/#mainImage\",\"width\":1600,\"height\":900},\"primaryImageOfPage\":{\"@id\":\"http:\\\/\\\/iai.pt\\\/web\\\/arquivos\\\/17589#mainImage\"},\"datePublished\":\"2025-10-06T13:03:50+01:00\",\"dateModified\":\"2025-10-13T13:04:31+01:00\"},{\"@type\":\"WebSite\",\"@id\":\"http:\\\/\\\/iai.pt\\\/web\\\/#website\",\"url\":\"http:\\\/\\\/iai.pt\\\/web\\\/\",\"name\":\"IAI\",\"alternateName\":\"iai\",\"description\":\"Escola Art\\u00edstica\",\"inLanguage\":\"pt-PT\",\"publisher\":{\"@id\":\"http:\\\/\\\/iai.pt\\\/web\\\/#organization\"}}]}\n\t\t<\/script>\n\t\t<!-- All in One SEO -->\n\n","aioseo_head_json":{"title":"\u2018\u00c0 conversa com\u2026 Arquitetos\u2019 inspira alunos no Dia Mundial da Arquitetura - IAI","description":"\u00c0 conversa com\u2026 \u2014 IAI assinala o Dia Internacional da Arquitetura com debate inspirador Arquitetos convidados e antigos alunos partilharam experi\u00eancias e vis\u00f5es sobre os desafiosda arquitetura enquanto profiss\u00e3o.No \u00e2mbito das comemora\u00e7\u00f5es do Dia Internacional da Arquitetura, celebrado na primeirasegunda-feira do m\u00eas de outubro, o Instituto de Artes e Imagem (IAI) promoveu a iniciativa\u201c\u00c0 conversa","canonical_url":"http:\/\/iai.pt\/web\/arquivos\/17589","robots":"max-image-preview:large","keywords":"","webmasterTools":{"miscellaneous":""},"schema":{"@context":"https:\/\/schema.org","@graph":[{"@type":"BlogPosting","@id":"http:\/\/iai.pt\/web\/arquivos\/17589#blogposting","name":"\u2018\u00c0 conversa com\u2026 Arquitetos\u2019 inspira alunos no Dia Mundial da Arquitetura - IAI","headline":"\u2018\u00c0 conversa com\u2026 Arquitetos\u2019 inspira alunos no Dia Mundial da Arquitetura","author":{"@id":"http:\/\/iai.pt\/web\/arquivos\/author\/admin#author"},"publisher":{"@id":"http:\/\/iai.pt\/web\/#organization"},"image":{"@type":"ImageObject","url":"http:\/\/iai.pt\/web\/wp-content\/uploads\/2025\/10\/8.jpeg","width":1600,"height":900},"datePublished":"2025-10-06T13:03:50+01:00","dateModified":"2025-10-13T13:04:31+01:00","inLanguage":"pt-PT","mainEntityOfPage":{"@id":"http:\/\/iai.pt\/web\/arquivos\/17589#webpage"},"isPartOf":{"@id":"http:\/\/iai.pt\/web\/arquivos\/17589#webpage"},"articleSection":"Noticias"},{"@type":"BreadcrumbList","@id":"http:\/\/iai.pt\/web\/arquivos\/17589#breadcrumblist","itemListElement":[{"@type":"ListItem","@id":"http:\/\/iai.pt\/web#listItem","position":1,"name":"In\u00edcio","item":"http:\/\/iai.pt\/web","nextItem":{"@type":"ListItem","@id":"http:\/\/iai.pt\/web\/arquivos\/category\/noticias#listItem","name":"Noticias"}},{"@type":"ListItem","@id":"http:\/\/iai.pt\/web\/arquivos\/category\/noticias#listItem","position":2,"name":"Noticias","item":"http:\/\/iai.pt\/web\/arquivos\/category\/noticias","nextItem":{"@type":"ListItem","@id":"http:\/\/iai.pt\/web\/arquivos\/17589#listItem","name":"\u2018\u00c0 conversa com\u2026 Arquitetos\u2019 inspira alunos no Dia Mundial da Arquitetura"},"previousItem":{"@type":"ListItem","@id":"http:\/\/iai.pt\/web#listItem","name":"In\u00edcio"}},{"@type":"ListItem","@id":"http:\/\/iai.pt\/web\/arquivos\/17589#listItem","position":3,"name":"\u2018\u00c0 conversa com\u2026 Arquitetos\u2019 inspira alunos no Dia Mundial da Arquitetura","previousItem":{"@type":"ListItem","@id":"http:\/\/iai.pt\/web\/arquivos\/category\/noticias#listItem","name":"Noticias"}}]},{"@type":"Organization","@id":"http:\/\/iai.pt\/web\/#organization","name":"Instituto das Artes e da Imagem","description":"Escola Art\u00edstica","url":"http:\/\/iai.pt\/web\/","telephone":"+351222000757","logo":{"@type":"ImageObject","url":"http:\/\/iai.pt\/web\/wp-content\/uploads\/2023\/05\/seo-logo.png","@id":"http:\/\/iai.pt\/web\/arquivos\/17589\/#organizationLogo","width":105,"height":112},"image":{"@id":"http:\/\/iai.pt\/web\/arquivos\/17589\/#organizationLogo"},"sameAs":["https:\/\/www.facebook.com\/instituto.das.artes.imagem","https:\/\/www.instagram.com\/iai_escola_de_artes\/","https:\/\/www.youtube.com\/iaiwebmaster"]},{"@type":"Person","@id":"http:\/\/iai.pt\/web\/arquivos\/author\/admin#author","url":"http:\/\/iai.pt\/web\/arquivos\/author\/admin","name":"admin","image":{"@type":"ImageObject","@id":"http:\/\/iai.pt\/web\/arquivos\/17589#authorImage","url":"https:\/\/secure.gravatar.com\/avatar\/bad9c1ed8261989cbd54cb5e8fc92988405a8dc9925b0838cc9c034113770b1e?s=96&d=mm&r=g","width":96,"height":96,"caption":"admin"}},{"@type":"WebPage","@id":"http:\/\/iai.pt\/web\/arquivos\/17589#webpage","url":"http:\/\/iai.pt\/web\/arquivos\/17589","name":"\u2018\u00c0 conversa com\u2026 Arquitetos\u2019 inspira alunos no Dia Mundial da Arquitetura - IAI","description":"\u00c0 conversa com\u2026 \u2014 IAI assinala o Dia Internacional da Arquitetura com debate inspirador Arquitetos convidados e antigos alunos partilharam experi\u00eancias e vis\u00f5es sobre os desafiosda arquitetura enquanto profiss\u00e3o.No \u00e2mbito das comemora\u00e7\u00f5es do Dia Internacional da Arquitetura, celebrado na primeirasegunda-feira do m\u00eas de outubro, o Instituto de Artes e Imagem (IAI) promoveu a iniciativa\u201c\u00c0 conversa","inLanguage":"pt-PT","isPartOf":{"@id":"http:\/\/iai.pt\/web\/#website"},"breadcrumb":{"@id":"http:\/\/iai.pt\/web\/arquivos\/17589#breadcrumblist"},"author":{"@id":"http:\/\/iai.pt\/web\/arquivos\/author\/admin#author"},"creator":{"@id":"http:\/\/iai.pt\/web\/arquivos\/author\/admin#author"},"image":{"@type":"ImageObject","url":"http:\/\/iai.pt\/web\/wp-content\/uploads\/2025\/10\/8.jpeg","@id":"http:\/\/iai.pt\/web\/arquivos\/17589\/#mainImage","width":1600,"height":900},"primaryImageOfPage":{"@id":"http:\/\/iai.pt\/web\/arquivos\/17589#mainImage"},"datePublished":"2025-10-06T13:03:50+01:00","dateModified":"2025-10-13T13:04:31+01:00"},{"@type":"WebSite","@id":"http:\/\/iai.pt\/web\/#website","url":"http:\/\/iai.pt\/web\/","name":"IAI","alternateName":"iai","description":"Escola Art\u00edstica","inLanguage":"pt-PT","publisher":{"@id":"http:\/\/iai.pt\/web\/#organization"}}]},"og:locale":"pt_PT","og:site_name":"IAI - Escola Art\u00edstica","og:type":"article","og:title":"\u2018\u00c0 conversa com\u2026 Arquitetos\u2019 inspira alunos no Dia Mundial da Arquitetura - IAI","og:description":"\u00c0 conversa com\u2026 \u2014 IAI assinala o Dia Internacional da Arquitetura com debate inspirador Arquitetos convidados e antigos alunos partilharam experi\u00eancias e vis\u00f5es sobre os desafiosda arquitetura enquanto profiss\u00e3o.No \u00e2mbito das comemora\u00e7\u00f5es do Dia Internacional da Arquitetura, celebrado na primeirasegunda-feira do m\u00eas de outubro, o Instituto de Artes e Imagem (IAI) promoveu a iniciativa\u201c\u00c0 conversa","og:url":"http:\/\/iai.pt\/web\/arquivos\/17589","og:image":"http:\/\/iai.pt\/web\/wp-content\/uploads\/2023\/05\/seo-logo.png","og:image:width":105,"og:image:height":112,"article:published_time":"2025-10-06T12:03:50+00:00","article:modified_time":"2025-10-13T12:04:31+00:00","article:publisher":"https:\/\/www.facebook.com\/instituto.das.artes.imagem","twitter:card":"summary_large_image","twitter:title":"\u2018\u00c0 conversa com\u2026 Arquitetos\u2019 inspira alunos no Dia Mundial da Arquitetura - IAI","twitter:description":"\u00c0 conversa com\u2026 \u2014 IAI assinala o Dia Internacional da Arquitetura com debate inspirador Arquitetos convidados e antigos alunos partilharam experi\u00eancias e vis\u00f5es sobre os desafiosda arquitetura enquanto profiss\u00e3o.No \u00e2mbito das comemora\u00e7\u00f5es do Dia Internacional da Arquitetura, celebrado na primeirasegunda-feira do m\u00eas de outubro, o Instituto de Artes e Imagem (IAI) promoveu a iniciativa\u201c\u00c0 conversa","twitter:image":"http:\/\/iai.pt\/web\/wp-content\/uploads\/2023\/05\/seo-logo.png"},"aioseo_meta_data":{"post_id":"17589","title":null,"description":null,"keywords":null,"keyphrases":{"focus":{"keyphrase":"","score":0,"analysis":{"keyphraseInTitle":{"score":0,"maxScore":9,"error":1}}},"additional":[]},"primary_term":null,"canonical_url":null,"og_title":null,"og_description":null,"og_object_type":"default","og_image_type":"default","og_image_url":null,"og_image_width":null,"og_image_height":null,"og_image_custom_url":null,"og_image_custom_fields":null,"og_video":"","og_custom_url":null,"og_article_section":null,"og_article_tags":null,"twitter_use_og":false,"twitter_card":"default","twitter_image_type":"default","twitter_image_url":null,"twitter_image_custom_url":null,"twitter_image_custom_fields":null,"twitter_title":null,"twitter_description":null,"schema":{"blockGraphs":[],"customGraphs":[],"default":{"data":{"Article":[],"Course":[],"Dataset":[],"FAQPage":[],"Movie":[],"Person":[],"Product":[],"ProductReview":[],"Car":[],"Recipe":[],"Service":[],"SoftwareApplication":[],"WebPage":[]},"graphName":"BlogPosting","isEnabled":true},"graphs":[]},"schema_type":"default","schema_type_options":null,"pillar_content":false,"robots_default":true,"robots_noindex":false,"robots_noarchive":false,"robots_nosnippet":false,"robots_nofollow":false,"robots_noimageindex":false,"robots_noodp":false,"robots_notranslate":false,"robots_max_snippet":"-1","robots_max_videopreview":"-1","robots_max_imagepreview":"large","priority":null,"frequency":"default","local_seo":null,"breadcrumb_settings":null,"limit_modified_date":false,"ai":{"faqs":[],"keyPoints":[],"titles":[],"descriptions":[],"socialPosts":{"email":[],"linkedin":[],"twitter":[],"facebook":[],"instagram":[]}},"created":"2025-10-13 12:02:27","updated":"2025-10-13 12:18:58","seo_analyzer_scan_date":null},"aioseo_breadcrumb":"<div class=\"aioseo-breadcrumbs\"><span class=\"aioseo-breadcrumb\">\n\t\t\t<a href=\"http:\/\/iai.pt\/web\" title=\"In\u00edcio\">In\u00edcio<\/a>\n\t\t<\/span><span class=\"aioseo-breadcrumb-separator\">\u00bb<\/span><span class=\"aioseo-breadcrumb\">\n\t\t\t<a href=\"http:\/\/iai.pt\/web\/arquivos\/category\/noticias\" title=\"Noticias\">Noticias<\/a>\n\t\t<\/span><span class=\"aioseo-breadcrumb-separator\">\u00bb<\/span><span class=\"aioseo-breadcrumb\">\n\t\t\t\u2018\u00c0 conversa com\u2026 Arquitetos\u2019 inspira alunos no Dia Mundial da Arquitetura\n\t\t<\/span><\/div>","aioseo_breadcrumb_json":[{"label":"In\u00edcio","link":"http:\/\/iai.pt\/web"},{"label":"Noticias","link":"http:\/\/iai.pt\/web\/arquivos\/category\/noticias"},{"label":"\u2018\u00c0 conversa com\u2026 Arquitetos\u2019 inspira alunos no Dia Mundial da Arquitetura","link":"http:\/\/iai.pt\/web\/arquivos\/17589"}],"_links":{"self":[{"href":"http:\/\/iai.pt\/web\/wp-json\/wp\/v2\/posts\/17589","targetHints":{"allow":["GET"]}}],"collection":[{"href":"http:\/\/iai.pt\/web\/wp-json\/wp\/v2\/posts"}],"about":[{"href":"http:\/\/iai.pt\/web\/wp-json\/wp\/v2\/types\/post"}],"author":[{"embeddable":true,"href":"http:\/\/iai.pt\/web\/wp-json\/wp\/v2\/users\/1"}],"replies":[{"embeddable":true,"href":"http:\/\/iai.pt\/web\/wp-json\/wp\/v2\/comments?post=17589"}],"version-history":[{"count":3,"href":"http:\/\/iai.pt\/web\/wp-json\/wp\/v2\/posts\/17589\/revisions"}],"predecessor-version":[{"id":17593,"href":"http:\/\/iai.pt\/web\/wp-json\/wp\/v2\/posts\/17589\/revisions\/17593"}],"wp:featuredmedia":[{"embeddable":true,"href":"http:\/\/iai.pt\/web\/wp-json\/wp\/v2\/media\/17588"}],"wp:attachment":[{"href":"http:\/\/iai.pt\/web\/wp-json\/wp\/v2\/media?parent=17589"}],"wp:term":[{"taxonomy":"category","embeddable":true,"href":"http:\/\/iai.pt\/web\/wp-json\/wp\/v2\/categories?post=17589"},{"taxonomy":"post_tag","embeddable":true,"href":"http:\/\/iai.pt\/web\/wp-json\/wp\/v2\/tags?post=17589"}],"curies":[{"name":"wp","href":"https:\/\/api.w.org\/{rel}","templated":true}]}}