{"id":17630,"date":"2025-10-16T12:49:44","date_gmt":"2025-10-16T11:49:44","guid":{"rendered":"https:\/\/iai.pt\/web\/?p=17630"},"modified":"2025-10-21T15:30:06","modified_gmt":"2025-10-21T14:30:06","slug":"julia-guerreiro-distinguida-pelo-rotary-club","status":"publish","type":"post","link":"http:\/\/iai.pt\/web\/arquivos\/17630","title":{"rendered":"J\u00falia Guerreiro distinguida pelo Rotary Club"},"content":{"rendered":"\n[et_pb_section fb_built=&#8221;1&#8243; _builder_version=&#8221;4.27.4&#8243; _module_preset=&#8221;default&#8221; global_colors_info=&#8221;{}&#8221; theme_builder_area=&#8221;post_content&#8221;][et_pb_row _builder_version=&#8221;4.27.4&#8243; _module_preset=&#8221;default&#8221; global_colors_info=&#8221;{}&#8221; theme_builder_area=&#8221;post_content&#8221;][et_pb_column type=&#8221;4_4&#8243; _builder_version=&#8221;4.27.4&#8243; _module_preset=&#8221;default&#8221; global_colors_info=&#8221;{}&#8221; theme_builder_area=&#8221;post_content&#8221;][et_pb_text _builder_version=&#8221;4.27.4&#8243; _module_preset=&#8221;default&#8221; global_colors_info=&#8221;{}&#8221; theme_builder_area=&#8221;post_content&#8221;]<p data-start=\"210\" data-end=\"599\"><span>No dia 16 de Outubro, na Escola Secund\u00e1ria Ant\u00f3nio S\u00e9rgio, teve lugar a cerim\u00f3nia de entrega dos Pr\u00e9mios de M\u00e9rito do Rotary Club de Vila Nova de Gaia, que distinguem os alunos de excel\u00eancia do concelho. O Instituto das Artes e da Imagem felicita com enorme orgulho a aluna J\u00falia Guerreiro pela merecida distin\u00e7\u00e3o, resultado do seu empenho, dedica\u00e7\u00e3o e talento demonstrados ao longo de todo o seu percurso no ensino secund\u00e1rio. Esta conquista \u00e9 motivo de grande orgulho para toda a comunidade educativa do IAI.<\/span><br \/><br \/><span>Parab\u00e9ns, J\u00falia! Muito sucesso!<\/span><\/p>[\/et_pb_text][et_pb_image src=&#8221;http:\/\/iai.pt\/web\/wp-content\/uploads\/2025\/10\/WhatsApp-Image-2025-10-16-at-22.42.48.jpeg&#8221; title_text=&#8221;WhatsApp Image 2025-10-16 at 22.42.48&#8243; _builder_version=&#8221;4.27.4&#8243; _module_preset=&#8221;default&#8221; hover_enabled=&#8221;0&#8243; global_colors_info=&#8221;{}&#8221; theme_builder_area=&#8221;post_content&#8221; sticky_enabled=&#8221;0&#8243;][\/et_pb_image][\/et_pb_column][\/et_pb_row][\/et_pb_section]\n","protected":false},"excerpt":{"rendered":"<p>No dia 16 de Outubro, na Escola Secund\u00e1ria Ant\u00f3nio S\u00e9rgio, teve lugar a cerim\u00f3nia de entrega dos Pr\u00e9mios de M\u00e9rito do Rotary Club de Vila Nova de Gaia, que distinguem os alunos de excel\u00eancia do concelho. O Instituto das Artes e da Imagem felicita com enorme orgulho a aluna J\u00falia Guerreiro pela merecida distin\u00e7\u00e3o, resultado [&hellip;]<\/p>\n","protected":false},"author":1,"featured_media":17629,"comment_status":"open","ping_status":"open","sticky":false,"template":"","format":"standard","meta":{"_et_pb_use_builder":"on","_et_pb_old_content":"","_et_gb_content_width":"","footnotes":""},"categories":[60,99],"tags":[],"class_list":["post-17630","post","type-post","status-publish","format-standard","has-post-thumbnail","hentry","category-noticias","category-premios"],"aioseo_notices":[],"_links":{"self":[{"href":"http:\/\/iai.pt\/web\/wp-json\/wp\/v2\/posts\/17630","targetHints":{"allow":["GET"]}}],"collection":[{"href":"http:\/\/iai.pt\/web\/wp-json\/wp\/v2\/posts"}],"about":[{"href":"http:\/\/iai.pt\/web\/wp-json\/wp\/v2\/types\/post"}],"author":[{"embeddable":true,"href":"http:\/\/iai.pt\/web\/wp-json\/wp\/v2\/users\/1"}],"replies":[{"embeddable":true,"href":"http:\/\/iai.pt\/web\/wp-json\/wp\/v2\/comments?post=17630"}],"version-history":[{"count":3,"href":"http:\/\/iai.pt\/web\/wp-json\/wp\/v2\/posts\/17630\/revisions"}],"predecessor-version":[{"id":17640,"href":"http:\/\/iai.pt\/web\/wp-json\/wp\/v2\/posts\/17630\/revisions\/17640"}],"wp:featuredmedia":[{"embeddable":true,"href":"http:\/\/iai.pt\/web\/wp-json\/wp\/v2\/media\/17629"}],"wp:attachment":[{"href":"http:\/\/iai.pt\/web\/wp-json\/wp\/v2\/media?parent=17630"}],"wp:term":[{"taxonomy":"category","embeddable":true,"href":"http:\/\/iai.pt\/web\/wp-json\/wp\/v2\/categories?post=17630"},{"taxonomy":"post_tag","embeddable":true,"href":"http:\/\/iai.pt\/web\/wp-json\/wp\/v2\/tags?post=17630"}],"curies":[{"name":"wp","href":"https:\/\/api.w.org\/{rel}","templated":true}]}}