{"id":17633,"date":"2025-10-19T12:52:30","date_gmt":"2025-10-19T11:52:30","guid":{"rendered":"https:\/\/iai.pt\/web\/?p=17633"},"modified":"2025-10-21T13:24:00","modified_gmt":"2025-10-21T12:24:00","slug":"almada-e-pessoa-ganham-vida-no-teatro-nacional-de-sao-joao","status":"publish","type":"post","link":"http:\/\/iai.pt\/web\/arquivos\/17633","title":{"rendered":"Almada e Pessoa ganham vida no Teatro Nacional de S\u00e3o Jo\u00e3o"},"content":{"rendered":"<p>[et_pb_section fb_built=&#8221;1&#8243; _builder_version=&#8221;4.27.4&#8243; _module_preset=&#8221;default&#8221; global_colors_info=&#8221;{}&#8221; theme_builder_area=&#8221;post_content&#8221;][et_pb_row _builder_version=&#8221;4.27.4&#8243; _module_preset=&#8221;default&#8221; global_colors_info=&#8221;{}&#8221; theme_builder_area=&#8221;post_content&#8221;][et_pb_column type=&#8221;4_4&#8243; _builder_version=&#8221;4.27.4&#8243; _module_preset=&#8221;default&#8221; global_colors_info=&#8221;{}&#8221; theme_builder_area=&#8221;post_content&#8221;][et_pb_text _builder_version=&#8221;4.27.4&#8243; _module_preset=&#8221;default&#8221; global_colors_info=&#8221;{}&#8221; theme_builder_area=&#8221;post_content&#8221;]<\/p>\n<p data-start=\"210\" data-end=\"599\">Nos dias 16 e 19 de outubro, as turmas do 12.\u00ba ano tiveram a oportunidade de ir ao Teatro Nacional S. Jo\u00e3o e de assistir a duas pe\u00e7as: \u201cAl ma da nada\u201d e \u201cTurismo Infinito\u201d, respetivamente. Estas duas produ\u00e7\u00f5es, encenadas por Ricardo Pais, um dos encenadores mais reconhecidos do panorama nacional que comemora os seus 80 anos, mostraram como se v\u00ea, ouve e sente o imagin\u00e1rio destes dois grandes vultos da literatura, Almada Negreiros e Fernando Pessoa. Esta iniciativa faz parte das atividades culturais promovidas pelo IAI, com o objetivo de despertar nos alunos o gosto pelas artes performativas e pela literatura portuguesa. Ambas as pe\u00e7as proporcionaram momentos intensos de reflex\u00e3o e de emo\u00e7\u00e3o, num cen\u00e1rio, cuja simplicidade contracenava com a dimens\u00e3o po\u00e9tica e pl\u00e1stica das palavras.<\/p>\n<p>[\/et_pb_text][et_pb_image src=&#8221;http:\/\/iai.pt\/web\/wp-content\/uploads\/2025\/10\/WhatsApp-Image-2025-10-19-at-21.28.27-1.jpeg&#8221; title_text=&#8221;WhatsApp Image 2025-10-19 at 21.28.27 (1)&#8221; _builder_version=&#8221;4.27.4&#8243; _module_preset=&#8221;default&#8221; hover_enabled=&#8221;0&#8243; global_colors_info=&#8221;{}&#8221; theme_builder_area=&#8221;post_content&#8221; sticky_enabled=&#8221;0&#8243;][\/et_pb_image][\/et_pb_column][\/et_pb_row][\/et_pb_section]<\/p>\n","protected":false},"excerpt":{"rendered":"<p>Nos dias 16 e 19 de outubro, as turmas do 12.\u00ba ano tiveram a oportunidade de ir ao Teatro Nacional S. Jo\u00e3o e de assistir a duas pe\u00e7as: \u201cAl ma da nada\u201d e \u201cTurismo Infinito\u201d, respetivamente. Estas duas produ\u00e7\u00f5es, encenadas por Ricardo Pais, um dos encenadores mais reconhecidos do panorama nacional que comemora os seus [&hellip;]<\/p>\n","protected":false},"author":1,"featured_media":17628,"comment_status":"open","ping_status":"open","sticky":false,"template":"","format":"standard","meta":{"_et_pb_use_builder":"on","_et_pb_old_content":"","_et_gb_content_width":"","footnotes":"","_members_access_role":[],"_members_access_error":""},"categories":[60],"tags":[],"class_list":["post-17633","post","type-post","status-publish","format-standard","has-post-thumbnail","hentry","category-noticias"],"aioseo_notices":[],"aioseo_head":"\n\t\t<!-- All in One SEO 4.9.10 - aioseo.com -->\n\t<meta name=\"description\" content=\"Nos dias 16 e 19 de outubro, as turmas do 12.\u00ba ano tiveram a oportunidade de ir ao Teatro Nacional S. Jo\u00e3o e de assistir a duas pe\u00e7as: \u201cAl ma da nada\u201d e \u201cTurismo Infinito\u201d, respetivamente. Estas duas produ\u00e7\u00f5es, encenadas por Ricardo Pais, um dos encenadores mais reconhecidos do panorama nacional que comemora os seus\" \/>\n\t<meta name=\"robots\" content=\"max-image-preview:large\" \/>\n\t<meta name=\"author\" content=\"admin\"\/>\n\t<link rel=\"canonical\" href=\"http:\/\/iai.pt\/web\/arquivos\/17633\" \/>\n\t<meta name=\"generator\" content=\"All in One SEO (AIOSEO) 4.9.10\" \/>\n\t\t<meta property=\"og:locale\" content=\"pt_PT\" \/>\n\t\t<meta property=\"og:site_name\" content=\"IAI - Escola Art\u00edstica\" \/>\n\t\t<meta property=\"og:type\" content=\"article\" \/>\n\t\t<meta property=\"og:title\" content=\"Almada e Pessoa ganham vida no Teatro Nacional de S\u00e3o Jo\u00e3o - IAI\" \/>\n\t\t<meta property=\"og:description\" content=\"Nos dias 16 e 19 de outubro, as turmas do 12.\u00ba ano tiveram a oportunidade de ir ao Teatro Nacional S. Jo\u00e3o e de assistir a duas pe\u00e7as: \u201cAl ma da nada\u201d e \u201cTurismo Infinito\u201d, respetivamente. Estas duas produ\u00e7\u00f5es, encenadas por Ricardo Pais, um dos encenadores mais reconhecidos do panorama nacional que comemora os seus\" \/>\n\t\t<meta property=\"og:url\" content=\"http:\/\/iai.pt\/web\/arquivos\/17633\" \/>\n\t\t<meta property=\"og:image\" content=\"http:\/\/iai.pt\/web\/wp-content\/uploads\/2023\/05\/seo-logo.png\" \/>\n\t\t<meta property=\"og:image:width\" content=\"105\" \/>\n\t\t<meta property=\"og:image:height\" content=\"112\" \/>\n\t\t<meta property=\"article:published_time\" content=\"2025-10-19T11:52:30+00:00\" \/>\n\t\t<meta property=\"article:modified_time\" content=\"2025-10-21T12:24:00+00:00\" \/>\n\t\t<meta property=\"article:publisher\" content=\"https:\/\/www.facebook.com\/instituto.das.artes.imagem\" \/>\n\t\t<meta name=\"twitter:card\" content=\"summary_large_image\" \/>\n\t\t<meta name=\"twitter:title\" content=\"Almada e Pessoa ganham vida no Teatro Nacional de S\u00e3o Jo\u00e3o - IAI\" \/>\n\t\t<meta name=\"twitter:description\" content=\"Nos dias 16 e 19 de outubro, as turmas do 12.\u00ba ano tiveram a oportunidade de ir ao Teatro Nacional S. Jo\u00e3o e de assistir a duas pe\u00e7as: \u201cAl ma da nada\u201d e \u201cTurismo Infinito\u201d, respetivamente. Estas duas produ\u00e7\u00f5es, encenadas por Ricardo Pais, um dos encenadores mais reconhecidos do panorama nacional que comemora os seus\" \/>\n\t\t<meta name=\"twitter:image\" content=\"http:\/\/iai.pt\/web\/wp-content\/uploads\/2023\/05\/seo-logo.png\" \/>\n\t\t<script type=\"application\/ld+json\" class=\"aioseo-schema\">\n\t\t\t{\"@context\":\"https:\\\/\\\/schema.org\",\"@graph\":[{\"@type\":\"BlogPosting\",\"@id\":\"http:\\\/\\\/iai.pt\\\/web\\\/arquivos\\\/17633#blogposting\",\"name\":\"Almada e Pessoa ganham vida no Teatro Nacional de S\\u00e3o Jo\\u00e3o - IAI\",\"headline\":\"Almada e Pessoa ganham vida no Teatro Nacional de S\\u00e3o Jo\\u00e3o\",\"author\":{\"@id\":\"http:\\\/\\\/iai.pt\\\/web\\\/arquivos\\\/author\\\/admin#author\"},\"publisher\":{\"@id\":\"http:\\\/\\\/iai.pt\\\/web\\\/#organization\"},\"image\":{\"@type\":\"ImageObject\",\"url\":\"http:\\\/\\\/iai.pt\\\/web\\\/wp-content\\\/uploads\\\/2025\\\/10\\\/WhatsApp-Image-2025-10-19-at-21.28.27-1.jpeg\",\"width\":1600,\"height\":1204},\"datePublished\":\"2025-10-19T12:52:30+01:00\",\"dateModified\":\"2025-10-21T13:24:00+01:00\",\"inLanguage\":\"pt-PT\",\"mainEntityOfPage\":{\"@id\":\"http:\\\/\\\/iai.pt\\\/web\\\/arquivos\\\/17633#webpage\"},\"isPartOf\":{\"@id\":\"http:\\\/\\\/iai.pt\\\/web\\\/arquivos\\\/17633#webpage\"},\"articleSection\":\"Noticias\"},{\"@type\":\"BreadcrumbList\",\"@id\":\"http:\\\/\\\/iai.pt\\\/web\\\/arquivos\\\/17633#breadcrumblist\",\"itemListElement\":[{\"@type\":\"ListItem\",\"@id\":\"http:\\\/\\\/iai.pt\\\/web#listItem\",\"position\":1,\"name\":\"In\\u00edcio\",\"item\":\"http:\\\/\\\/iai.pt\\\/web\",\"nextItem\":{\"@type\":\"ListItem\",\"@id\":\"http:\\\/\\\/iai.pt\\\/web\\\/arquivos\\\/category\\\/noticias#listItem\",\"name\":\"Noticias\"}},{\"@type\":\"ListItem\",\"@id\":\"http:\\\/\\\/iai.pt\\\/web\\\/arquivos\\\/category\\\/noticias#listItem\",\"position\":2,\"name\":\"Noticias\",\"item\":\"http:\\\/\\\/iai.pt\\\/web\\\/arquivos\\\/category\\\/noticias\",\"nextItem\":{\"@type\":\"ListItem\",\"@id\":\"http:\\\/\\\/iai.pt\\\/web\\\/arquivos\\\/17633#listItem\",\"name\":\"Almada e Pessoa ganham vida no Teatro Nacional de S\\u00e3o Jo\\u00e3o\"},\"previousItem\":{\"@type\":\"ListItem\",\"@id\":\"http:\\\/\\\/iai.pt\\\/web#listItem\",\"name\":\"In\\u00edcio\"}},{\"@type\":\"ListItem\",\"@id\":\"http:\\\/\\\/iai.pt\\\/web\\\/arquivos\\\/17633#listItem\",\"position\":3,\"name\":\"Almada e Pessoa ganham vida no Teatro Nacional de S\\u00e3o Jo\\u00e3o\",\"previousItem\":{\"@type\":\"ListItem\",\"@id\":\"http:\\\/\\\/iai.pt\\\/web\\\/arquivos\\\/category\\\/noticias#listItem\",\"name\":\"Noticias\"}}]},{\"@type\":\"Organization\",\"@id\":\"http:\\\/\\\/iai.pt\\\/web\\\/#organization\",\"name\":\"Instituto das Artes e da Imagem\",\"description\":\"Escola Art\\u00edstica\",\"url\":\"http:\\\/\\\/iai.pt\\\/web\\\/\",\"telephone\":\"+351222000757\",\"logo\":{\"@type\":\"ImageObject\",\"url\":\"http:\\\/\\\/iai.pt\\\/web\\\/wp-content\\\/uploads\\\/2023\\\/05\\\/seo-logo.png\",\"@id\":\"http:\\\/\\\/iai.pt\\\/web\\\/arquivos\\\/17633\\\/#organizationLogo\",\"width\":105,\"height\":112},\"image\":{\"@id\":\"http:\\\/\\\/iai.pt\\\/web\\\/arquivos\\\/17633\\\/#organizationLogo\"},\"sameAs\":[\"https:\\\/\\\/www.facebook.com\\\/instituto.das.artes.imagem\",\"https:\\\/\\\/www.instagram.com\\\/iai_escola_de_artes\\\/\",\"https:\\\/\\\/www.youtube.com\\\/iaiwebmaster\"]},{\"@type\":\"Person\",\"@id\":\"http:\\\/\\\/iai.pt\\\/web\\\/arquivos\\\/author\\\/admin#author\",\"url\":\"http:\\\/\\\/iai.pt\\\/web\\\/arquivos\\\/author\\\/admin\",\"name\":\"admin\",\"image\":{\"@type\":\"ImageObject\",\"@id\":\"http:\\\/\\\/iai.pt\\\/web\\\/arquivos\\\/17633#authorImage\",\"url\":\"https:\\\/\\\/secure.gravatar.com\\\/avatar\\\/bad9c1ed8261989cbd54cb5e8fc92988405a8dc9925b0838cc9c034113770b1e?s=96&d=mm&r=g\",\"width\":96,\"height\":96,\"caption\":\"admin\"}},{\"@type\":\"WebPage\",\"@id\":\"http:\\\/\\\/iai.pt\\\/web\\\/arquivos\\\/17633#webpage\",\"url\":\"http:\\\/\\\/iai.pt\\\/web\\\/arquivos\\\/17633\",\"name\":\"Almada e Pessoa ganham vida no Teatro Nacional de S\\u00e3o Jo\\u00e3o - IAI\",\"description\":\"Nos dias 16 e 19 de outubro, as turmas do 12.\\u00ba ano tiveram a oportunidade de ir ao Teatro Nacional S. Jo\\u00e3o e de assistir a duas pe\\u00e7as: \\u201cAl ma da nada\\u201d e \\u201cTurismo Infinito\\u201d, respetivamente. Estas duas produ\\u00e7\\u00f5es, encenadas por Ricardo Pais, um dos encenadores mais reconhecidos do panorama nacional que comemora os seus\",\"inLanguage\":\"pt-PT\",\"isPartOf\":{\"@id\":\"http:\\\/\\\/iai.pt\\\/web\\\/#website\"},\"breadcrumb\":{\"@id\":\"http:\\\/\\\/iai.pt\\\/web\\\/arquivos\\\/17633#breadcrumblist\"},\"author\":{\"@id\":\"http:\\\/\\\/iai.pt\\\/web\\\/arquivos\\\/author\\\/admin#author\"},\"creator\":{\"@id\":\"http:\\\/\\\/iai.pt\\\/web\\\/arquivos\\\/author\\\/admin#author\"},\"image\":{\"@type\":\"ImageObject\",\"url\":\"http:\\\/\\\/iai.pt\\\/web\\\/wp-content\\\/uploads\\\/2025\\\/10\\\/WhatsApp-Image-2025-10-19-at-21.28.27-1.jpeg\",\"@id\":\"http:\\\/\\\/iai.pt\\\/web\\\/arquivos\\\/17633\\\/#mainImage\",\"width\":1600,\"height\":1204},\"primaryImageOfPage\":{\"@id\":\"http:\\\/\\\/iai.pt\\\/web\\\/arquivos\\\/17633#mainImage\"},\"datePublished\":\"2025-10-19T12:52:30+01:00\",\"dateModified\":\"2025-10-21T13:24:00+01:00\"},{\"@type\":\"WebSite\",\"@id\":\"http:\\\/\\\/iai.pt\\\/web\\\/#website\",\"url\":\"http:\\\/\\\/iai.pt\\\/web\\\/\",\"name\":\"IAI\",\"alternateName\":\"iai\",\"description\":\"Escola Art\\u00edstica\",\"inLanguage\":\"pt-PT\",\"publisher\":{\"@id\":\"http:\\\/\\\/iai.pt\\\/web\\\/#organization\"}}]}\n\t\t<\/script>\n\t\t<!-- All in One SEO -->\n\n","aioseo_head_json":{"title":"Almada e Pessoa ganham vida no Teatro Nacional de S\u00e3o Jo\u00e3o - IAI","description":"Nos dias 16 e 19 de outubro, as turmas do 12.\u00ba ano tiveram a oportunidade de ir ao Teatro Nacional S. Jo\u00e3o e de assistir a duas pe\u00e7as: \u201cAl ma da nada\u201d e \u201cTurismo Infinito\u201d, respetivamente. Estas duas produ\u00e7\u00f5es, encenadas por Ricardo Pais, um dos encenadores mais reconhecidos do panorama nacional que comemora os seus","canonical_url":"http:\/\/iai.pt\/web\/arquivos\/17633","robots":"max-image-preview:large","keywords":"","webmasterTools":{"miscellaneous":""},"schema":{"@context":"https:\/\/schema.org","@graph":[{"@type":"BlogPosting","@id":"http:\/\/iai.pt\/web\/arquivos\/17633#blogposting","name":"Almada e Pessoa ganham vida no Teatro Nacional de S\u00e3o Jo\u00e3o - IAI","headline":"Almada e Pessoa ganham vida no Teatro Nacional de S\u00e3o Jo\u00e3o","author":{"@id":"http:\/\/iai.pt\/web\/arquivos\/author\/admin#author"},"publisher":{"@id":"http:\/\/iai.pt\/web\/#organization"},"image":{"@type":"ImageObject","url":"http:\/\/iai.pt\/web\/wp-content\/uploads\/2025\/10\/WhatsApp-Image-2025-10-19-at-21.28.27-1.jpeg","width":1600,"height":1204},"datePublished":"2025-10-19T12:52:30+01:00","dateModified":"2025-10-21T13:24:00+01:00","inLanguage":"pt-PT","mainEntityOfPage":{"@id":"http:\/\/iai.pt\/web\/arquivos\/17633#webpage"},"isPartOf":{"@id":"http:\/\/iai.pt\/web\/arquivos\/17633#webpage"},"articleSection":"Noticias"},{"@type":"BreadcrumbList","@id":"http:\/\/iai.pt\/web\/arquivos\/17633#breadcrumblist","itemListElement":[{"@type":"ListItem","@id":"http:\/\/iai.pt\/web#listItem","position":1,"name":"In\u00edcio","item":"http:\/\/iai.pt\/web","nextItem":{"@type":"ListItem","@id":"http:\/\/iai.pt\/web\/arquivos\/category\/noticias#listItem","name":"Noticias"}},{"@type":"ListItem","@id":"http:\/\/iai.pt\/web\/arquivos\/category\/noticias#listItem","position":2,"name":"Noticias","item":"http:\/\/iai.pt\/web\/arquivos\/category\/noticias","nextItem":{"@type":"ListItem","@id":"http:\/\/iai.pt\/web\/arquivos\/17633#listItem","name":"Almada e Pessoa ganham vida no Teatro Nacional de S\u00e3o Jo\u00e3o"},"previousItem":{"@type":"ListItem","@id":"http:\/\/iai.pt\/web#listItem","name":"In\u00edcio"}},{"@type":"ListItem","@id":"http:\/\/iai.pt\/web\/arquivos\/17633#listItem","position":3,"name":"Almada e Pessoa ganham vida no Teatro Nacional de S\u00e3o Jo\u00e3o","previousItem":{"@type":"ListItem","@id":"http:\/\/iai.pt\/web\/arquivos\/category\/noticias#listItem","name":"Noticias"}}]},{"@type":"Organization","@id":"http:\/\/iai.pt\/web\/#organization","name":"Instituto das Artes e da Imagem","description":"Escola Art\u00edstica","url":"http:\/\/iai.pt\/web\/","telephone":"+351222000757","logo":{"@type":"ImageObject","url":"http:\/\/iai.pt\/web\/wp-content\/uploads\/2023\/05\/seo-logo.png","@id":"http:\/\/iai.pt\/web\/arquivos\/17633\/#organizationLogo","width":105,"height":112},"image":{"@id":"http:\/\/iai.pt\/web\/arquivos\/17633\/#organizationLogo"},"sameAs":["https:\/\/www.facebook.com\/instituto.das.artes.imagem","https:\/\/www.instagram.com\/iai_escola_de_artes\/","https:\/\/www.youtube.com\/iaiwebmaster"]},{"@type":"Person","@id":"http:\/\/iai.pt\/web\/arquivos\/author\/admin#author","url":"http:\/\/iai.pt\/web\/arquivos\/author\/admin","name":"admin","image":{"@type":"ImageObject","@id":"http:\/\/iai.pt\/web\/arquivos\/17633#authorImage","url":"https:\/\/secure.gravatar.com\/avatar\/bad9c1ed8261989cbd54cb5e8fc92988405a8dc9925b0838cc9c034113770b1e?s=96&d=mm&r=g","width":96,"height":96,"caption":"admin"}},{"@type":"WebPage","@id":"http:\/\/iai.pt\/web\/arquivos\/17633#webpage","url":"http:\/\/iai.pt\/web\/arquivos\/17633","name":"Almada e Pessoa ganham vida no Teatro Nacional de S\u00e3o Jo\u00e3o - IAI","description":"Nos dias 16 e 19 de outubro, as turmas do 12.\u00ba ano tiveram a oportunidade de ir ao Teatro Nacional S. Jo\u00e3o e de assistir a duas pe\u00e7as: \u201cAl ma da nada\u201d e \u201cTurismo Infinito\u201d, respetivamente. Estas duas produ\u00e7\u00f5es, encenadas por Ricardo Pais, um dos encenadores mais reconhecidos do panorama nacional que comemora os seus","inLanguage":"pt-PT","isPartOf":{"@id":"http:\/\/iai.pt\/web\/#website"},"breadcrumb":{"@id":"http:\/\/iai.pt\/web\/arquivos\/17633#breadcrumblist"},"author":{"@id":"http:\/\/iai.pt\/web\/arquivos\/author\/admin#author"},"creator":{"@id":"http:\/\/iai.pt\/web\/arquivos\/author\/admin#author"},"image":{"@type":"ImageObject","url":"http:\/\/iai.pt\/web\/wp-content\/uploads\/2025\/10\/WhatsApp-Image-2025-10-19-at-21.28.27-1.jpeg","@id":"http:\/\/iai.pt\/web\/arquivos\/17633\/#mainImage","width":1600,"height":1204},"primaryImageOfPage":{"@id":"http:\/\/iai.pt\/web\/arquivos\/17633#mainImage"},"datePublished":"2025-10-19T12:52:30+01:00","dateModified":"2025-10-21T13:24:00+01:00"},{"@type":"WebSite","@id":"http:\/\/iai.pt\/web\/#website","url":"http:\/\/iai.pt\/web\/","name":"IAI","alternateName":"iai","description":"Escola Art\u00edstica","inLanguage":"pt-PT","publisher":{"@id":"http:\/\/iai.pt\/web\/#organization"}}]},"og:locale":"pt_PT","og:site_name":"IAI - Escola Art\u00edstica","og:type":"article","og:title":"Almada e Pessoa ganham vida no Teatro Nacional de S\u00e3o Jo\u00e3o - IAI","og:description":"Nos dias 16 e 19 de outubro, as turmas do 12.\u00ba ano tiveram a oportunidade de ir ao Teatro Nacional S. Jo\u00e3o e de assistir a duas pe\u00e7as: \u201cAl ma da nada\u201d e \u201cTurismo Infinito\u201d, respetivamente. Estas duas produ\u00e7\u00f5es, encenadas por Ricardo Pais, um dos encenadores mais reconhecidos do panorama nacional que comemora os seus","og:url":"http:\/\/iai.pt\/web\/arquivos\/17633","og:image":"http:\/\/iai.pt\/web\/wp-content\/uploads\/2023\/05\/seo-logo.png","og:image:width":105,"og:image:height":112,"article:published_time":"2025-10-19T11:52:30+00:00","article:modified_time":"2025-10-21T12:24:00+00:00","article:publisher":"https:\/\/www.facebook.com\/instituto.das.artes.imagem","twitter:card":"summary_large_image","twitter:title":"Almada e Pessoa ganham vida no Teatro Nacional de S\u00e3o Jo\u00e3o - IAI","twitter:description":"Nos dias 16 e 19 de outubro, as turmas do 12.\u00ba ano tiveram a oportunidade de ir ao Teatro Nacional S. Jo\u00e3o e de assistir a duas pe\u00e7as: \u201cAl ma da nada\u201d e \u201cTurismo Infinito\u201d, respetivamente. Estas duas produ\u00e7\u00f5es, encenadas por Ricardo Pais, um dos encenadores mais reconhecidos do panorama nacional que comemora os seus","twitter:image":"http:\/\/iai.pt\/web\/wp-content\/uploads\/2023\/05\/seo-logo.png"},"aioseo_meta_data":{"post_id":"17633","title":null,"description":null,"keywords":null,"keyphrases":{"focus":{"keyphrase":"","score":0,"analysis":{"keyphraseInTitle":{"score":0,"maxScore":9,"error":1}}},"additional":[]},"primary_term":null,"canonical_url":null,"og_title":null,"og_description":null,"og_object_type":"default","og_image_type":"default","og_image_url":null,"og_image_width":null,"og_image_height":null,"og_image_custom_url":null,"og_image_custom_fields":null,"og_video":"","og_custom_url":null,"og_article_section":null,"og_article_tags":null,"twitter_use_og":false,"twitter_card":"default","twitter_image_type":"default","twitter_image_url":null,"twitter_image_custom_url":null,"twitter_image_custom_fields":null,"twitter_title":null,"twitter_description":null,"schema":{"blockGraphs":[],"customGraphs":[],"default":{"data":{"Article":[],"Course":[],"Dataset":[],"FAQPage":[],"Movie":[],"Person":[],"Product":[],"ProductReview":[],"Car":[],"Recipe":[],"Service":[],"SoftwareApplication":[],"WebPage":[]},"graphName":"BlogPosting","isEnabled":true},"graphs":[]},"schema_type":"default","schema_type_options":null,"pillar_content":false,"robots_default":true,"robots_noindex":false,"robots_noarchive":false,"robots_nosnippet":false,"robots_nofollow":false,"robots_noimageindex":false,"robots_noodp":false,"robots_notranslate":false,"robots_max_snippet":"-1","robots_max_videopreview":"-1","robots_max_imagepreview":"large","priority":null,"frequency":"default","local_seo":null,"breadcrumb_settings":null,"limit_modified_date":false,"ai":{"faqs":[],"keyPoints":[],"titles":[],"descriptions":[],"socialPosts":{"email":[],"linkedin":[],"twitter":[],"facebook":[],"instagram":[]}},"created":"2025-10-21 12:11:13","updated":"2025-10-21 12:36:45","seo_analyzer_scan_date":null},"aioseo_breadcrumb":"<div class=\"aioseo-breadcrumbs\"><span class=\"aioseo-breadcrumb\">\n\t\t\t<a href=\"http:\/\/iai.pt\/web\" title=\"In\u00edcio\">In\u00edcio<\/a>\n\t\t<\/span><span class=\"aioseo-breadcrumb-separator\">\u00bb<\/span><span class=\"aioseo-breadcrumb\">\n\t\t\t<a href=\"http:\/\/iai.pt\/web\/arquivos\/category\/noticias\" title=\"Noticias\">Noticias<\/a>\n\t\t<\/span><span class=\"aioseo-breadcrumb-separator\">\u00bb<\/span><span class=\"aioseo-breadcrumb\">\n\t\t\tAlmada e Pessoa ganham vida no Teatro Nacional de S\u00e3o Jo\u00e3o\n\t\t<\/span><\/div>","aioseo_breadcrumb_json":[{"label":"In\u00edcio","link":"http:\/\/iai.pt\/web"},{"label":"Noticias","link":"http:\/\/iai.pt\/web\/arquivos\/category\/noticias"},{"label":"Almada e Pessoa ganham vida no Teatro Nacional de S\u00e3o Jo\u00e3o","link":"http:\/\/iai.pt\/web\/arquivos\/17633"}],"_links":{"self":[{"href":"http:\/\/iai.pt\/web\/wp-json\/wp\/v2\/posts\/17633","targetHints":{"allow":["GET"]}}],"collection":[{"href":"http:\/\/iai.pt\/web\/wp-json\/wp\/v2\/posts"}],"about":[{"href":"http:\/\/iai.pt\/web\/wp-json\/wp\/v2\/types\/post"}],"author":[{"embeddable":true,"href":"http:\/\/iai.pt\/web\/wp-json\/wp\/v2\/users\/1"}],"replies":[{"embeddable":true,"href":"http:\/\/iai.pt\/web\/wp-json\/wp\/v2\/comments?post=17633"}],"version-history":[{"count":2,"href":"http:\/\/iai.pt\/web\/wp-json\/wp\/v2\/posts\/17633\/revisions"}],"predecessor-version":[{"id":17635,"href":"http:\/\/iai.pt\/web\/wp-json\/wp\/v2\/posts\/17633\/revisions\/17635"}],"wp:featuredmedia":[{"embeddable":true,"href":"http:\/\/iai.pt\/web\/wp-json\/wp\/v2\/media\/17628"}],"wp:attachment":[{"href":"http:\/\/iai.pt\/web\/wp-json\/wp\/v2\/media?parent=17633"}],"wp:term":[{"taxonomy":"category","embeddable":true,"href":"http:\/\/iai.pt\/web\/wp-json\/wp\/v2\/categories?post=17633"},{"taxonomy":"post_tag","embeddable":true,"href":"http:\/\/iai.pt\/web\/wp-json\/wp\/v2\/tags?post=17633"}],"curies":[{"name":"wp","href":"https:\/\/api.w.org\/{rel}","templated":true}]}}