{"id":17645,"date":"2025-10-20T11:28:06","date_gmt":"2025-10-20T10:28:06","guid":{"rendered":"https:\/\/iai.pt\/web\/?p=17645"},"modified":"2025-10-23T11:36:57","modified_gmt":"2025-10-23T10:36:57","slug":"iai-assinala-dia-mundial-de-combate-ao-bullying","status":"publish","type":"post","link":"http:\/\/iai.pt\/web\/arquivos\/17645","title":{"rendered":"IAI assinala Dia Mundial de Combate ao Bullying"},"content":{"rendered":"<p>[et_pb_section fb_built=&#8221;1&#8243; _builder_version=&#8221;4.27.4&#8243; _module_preset=&#8221;default&#8221; global_colors_info=&#8221;{}&#8221; theme_builder_area=&#8221;post_content&#8221;][et_pb_row _builder_version=&#8221;4.27.4&#8243; _module_preset=&#8221;default&#8221; global_colors_info=&#8221;{}&#8221; theme_builder_area=&#8221;post_content&#8221;][et_pb_column type=&#8221;4_4&#8243; _builder_version=&#8221;4.27.4&#8243; _module_preset=&#8221;default&#8221; global_colors_info=&#8221;{}&#8221; theme_builder_area=&#8221;post_content&#8221;][et_pb_text _builder_version=&#8221;4.27.4&#8243; _module_preset=&#8221;default&#8221; global_colors_info=&#8221;{}&#8221; theme_builder_area=&#8221;post_content&#8221;]<\/p>\n<p data-start=\"210\" data-end=\"599\">Nos dias 20 e 21 de outubro, o Instituto das Artes e da Imagem (IAI), no \u00e2mbito do Plano Estrat\u00e9gico de Educa\u00e7\u00e3o para a Cidadania, promoveu uma atividade de sensibiliza\u00e7\u00e3o dedicada ao Dia Mundial do combate ao Bullying. Com o objetivo de fomentar a reflex\u00e3o e o di\u00e1logo em torno desta tem\u00e1tica, foi exibido o filme \u201cRecreio\u201d \u00e0s turmas do ensino b\u00e1sico e secund\u00e1rio.<br \/>Atrav\u00e9s desta iniciativa, pretendeu-se alertar os alunos para as diferentes formas de viol\u00eancia e exclus\u00e3o que podem ocorrer no contexto escolar, bem como promover valores de respeito, empatia e solidariedade.<\/p>\n<p>[\/et_pb_text][et_pb_image src=&#8221;http:\/\/iai.pt\/web\/wp-content\/uploads\/2025\/10\/WhatsApp-Image-2025-10-21-at-12.16.54-1.jpeg&#8221; title_text=&#8221;WhatsApp Image 2025-10-21 at 12.16.54&#8243; _builder_version=&#8221;4.27.4&#8243; _module_preset=&#8221;default&#8221; hover_enabled=&#8221;0&#8243; global_colors_info=&#8221;{}&#8221; theme_builder_area=&#8221;post_content&#8221; sticky_enabled=&#8221;0&#8243;][\/et_pb_image][\/et_pb_column][\/et_pb_row][\/et_pb_section]<\/p>\n","protected":false},"excerpt":{"rendered":"<p>Nos dias 20 e 21 de outubro, o Instituto das Artes e da Imagem (IAI), no \u00e2mbito do Plano Estrat\u00e9gico de Educa\u00e7\u00e3o para a Cidadania, promoveu uma atividade de sensibiliza\u00e7\u00e3o dedicada ao Dia Mundial do combate ao Bullying. Com o objetivo de fomentar a reflex\u00e3o e o di\u00e1logo em torno desta tem\u00e1tica, foi exibido o [&hellip;]<\/p>\n","protected":false},"author":1,"featured_media":17644,"comment_status":"open","ping_status":"open","sticky":false,"template":"","format":"standard","meta":{"_et_pb_use_builder":"on","_et_pb_old_content":"","_et_gb_content_width":"","footnotes":"","_members_access_role":[],"_members_access_error":""},"categories":[60],"tags":[],"class_list":["post-17645","post","type-post","status-publish","format-standard","has-post-thumbnail","hentry","category-noticias"],"aioseo_notices":[],"aioseo_head":"\n\t\t<!-- All in One SEO 4.9.10 - aioseo.com -->\n\t<meta name=\"description\" content=\"Nos dias 20 e 21 de outubro, o Instituto das Artes e da Imagem (IAI), no \u00e2mbito do Plano Estrat\u00e9gico de Educa\u00e7\u00e3o para a Cidadania, promoveu uma atividade de sensibiliza\u00e7\u00e3o dedicada ao Dia Mundial do combate ao Bullying. Com o objetivo de fomentar a reflex\u00e3o e o di\u00e1logo em torno desta tem\u00e1tica, foi exibido o\" \/>\n\t<meta name=\"robots\" content=\"max-image-preview:large\" \/>\n\t<meta name=\"author\" content=\"admin\"\/>\n\t<link rel=\"canonical\" href=\"http:\/\/iai.pt\/web\/arquivos\/17645\" \/>\n\t<meta name=\"generator\" content=\"All in One SEO (AIOSEO) 4.9.10\" \/>\n\t\t<meta property=\"og:locale\" content=\"pt_PT\" \/>\n\t\t<meta property=\"og:site_name\" content=\"IAI - Escola Art\u00edstica\" \/>\n\t\t<meta property=\"og:type\" content=\"article\" \/>\n\t\t<meta property=\"og:title\" content=\"IAI assinala Dia Mundial de Combate ao Bullying - IAI\" \/>\n\t\t<meta property=\"og:description\" content=\"Nos dias 20 e 21 de outubro, o Instituto das Artes e da Imagem (IAI), no \u00e2mbito do Plano Estrat\u00e9gico de Educa\u00e7\u00e3o para a Cidadania, promoveu uma atividade de sensibiliza\u00e7\u00e3o dedicada ao Dia Mundial do combate ao Bullying. Com o objetivo de fomentar a reflex\u00e3o e o di\u00e1logo em torno desta tem\u00e1tica, foi exibido o\" \/>\n\t\t<meta property=\"og:url\" content=\"http:\/\/iai.pt\/web\/arquivos\/17645\" \/>\n\t\t<meta property=\"og:image\" content=\"http:\/\/iai.pt\/web\/wp-content\/uploads\/2023\/05\/seo-logo.png\" \/>\n\t\t<meta property=\"og:image:width\" content=\"105\" \/>\n\t\t<meta property=\"og:image:height\" content=\"112\" \/>\n\t\t<meta property=\"article:published_time\" content=\"2025-10-20T10:28:06+00:00\" \/>\n\t\t<meta property=\"article:modified_time\" content=\"2025-10-23T10:36:57+00:00\" \/>\n\t\t<meta property=\"article:publisher\" content=\"https:\/\/www.facebook.com\/instituto.das.artes.imagem\" \/>\n\t\t<meta name=\"twitter:card\" content=\"summary_large_image\" \/>\n\t\t<meta name=\"twitter:title\" content=\"IAI assinala Dia Mundial de Combate ao Bullying - IAI\" \/>\n\t\t<meta name=\"twitter:description\" content=\"Nos dias 20 e 21 de outubro, o Instituto das Artes e da Imagem (IAI), no \u00e2mbito do Plano Estrat\u00e9gico de Educa\u00e7\u00e3o para a Cidadania, promoveu uma atividade de sensibiliza\u00e7\u00e3o dedicada ao Dia Mundial do combate ao Bullying. Com o objetivo de fomentar a reflex\u00e3o e o di\u00e1logo em torno desta tem\u00e1tica, foi exibido o\" \/>\n\t\t<meta name=\"twitter:image\" content=\"http:\/\/iai.pt\/web\/wp-content\/uploads\/2023\/05\/seo-logo.png\" \/>\n\t\t<script type=\"application\/ld+json\" class=\"aioseo-schema\">\n\t\t\t{\"@context\":\"https:\\\/\\\/schema.org\",\"@graph\":[{\"@type\":\"BlogPosting\",\"@id\":\"http:\\\/\\\/iai.pt\\\/web\\\/arquivos\\\/17645#blogposting\",\"name\":\"IAI assinala Dia Mundial de Combate ao Bullying - IAI\",\"headline\":\"IAI assinala Dia Mundial de Combate ao Bullying\",\"author\":{\"@id\":\"http:\\\/\\\/iai.pt\\\/web\\\/arquivos\\\/author\\\/admin#author\"},\"publisher\":{\"@id\":\"http:\\\/\\\/iai.pt\\\/web\\\/#organization\"},\"image\":{\"@type\":\"ImageObject\",\"url\":\"http:\\\/\\\/iai.pt\\\/web\\\/wp-content\\\/uploads\\\/2025\\\/10\\\/WhatsApp-Image-2025-10-21-at-12.16.54-1.jpeg\",\"width\":1536,\"height\":2048},\"datePublished\":\"2025-10-20T11:28:06+01:00\",\"dateModified\":\"2025-10-23T11:36:57+01:00\",\"inLanguage\":\"pt-PT\",\"mainEntityOfPage\":{\"@id\":\"http:\\\/\\\/iai.pt\\\/web\\\/arquivos\\\/17645#webpage\"},\"isPartOf\":{\"@id\":\"http:\\\/\\\/iai.pt\\\/web\\\/arquivos\\\/17645#webpage\"},\"articleSection\":\"Noticias\"},{\"@type\":\"BreadcrumbList\",\"@id\":\"http:\\\/\\\/iai.pt\\\/web\\\/arquivos\\\/17645#breadcrumblist\",\"itemListElement\":[{\"@type\":\"ListItem\",\"@id\":\"http:\\\/\\\/iai.pt\\\/web#listItem\",\"position\":1,\"name\":\"In\\u00edcio\",\"item\":\"http:\\\/\\\/iai.pt\\\/web\",\"nextItem\":{\"@type\":\"ListItem\",\"@id\":\"http:\\\/\\\/iai.pt\\\/web\\\/arquivos\\\/category\\\/noticias#listItem\",\"name\":\"Noticias\"}},{\"@type\":\"ListItem\",\"@id\":\"http:\\\/\\\/iai.pt\\\/web\\\/arquivos\\\/category\\\/noticias#listItem\",\"position\":2,\"name\":\"Noticias\",\"item\":\"http:\\\/\\\/iai.pt\\\/web\\\/arquivos\\\/category\\\/noticias\",\"nextItem\":{\"@type\":\"ListItem\",\"@id\":\"http:\\\/\\\/iai.pt\\\/web\\\/arquivos\\\/17645#listItem\",\"name\":\"IAI assinala Dia Mundial de Combate ao Bullying\"},\"previousItem\":{\"@type\":\"ListItem\",\"@id\":\"http:\\\/\\\/iai.pt\\\/web#listItem\",\"name\":\"In\\u00edcio\"}},{\"@type\":\"ListItem\",\"@id\":\"http:\\\/\\\/iai.pt\\\/web\\\/arquivos\\\/17645#listItem\",\"position\":3,\"name\":\"IAI assinala Dia Mundial de Combate ao Bullying\",\"previousItem\":{\"@type\":\"ListItem\",\"@id\":\"http:\\\/\\\/iai.pt\\\/web\\\/arquivos\\\/category\\\/noticias#listItem\",\"name\":\"Noticias\"}}]},{\"@type\":\"Organization\",\"@id\":\"http:\\\/\\\/iai.pt\\\/web\\\/#organization\",\"name\":\"Instituto das Artes e da Imagem\",\"description\":\"Escola Art\\u00edstica\",\"url\":\"http:\\\/\\\/iai.pt\\\/web\\\/\",\"telephone\":\"+351222000757\",\"logo\":{\"@type\":\"ImageObject\",\"url\":\"http:\\\/\\\/iai.pt\\\/web\\\/wp-content\\\/uploads\\\/2023\\\/05\\\/seo-logo.png\",\"@id\":\"http:\\\/\\\/iai.pt\\\/web\\\/arquivos\\\/17645\\\/#organizationLogo\",\"width\":105,\"height\":112},\"image\":{\"@id\":\"http:\\\/\\\/iai.pt\\\/web\\\/arquivos\\\/17645\\\/#organizationLogo\"},\"sameAs\":[\"https:\\\/\\\/www.facebook.com\\\/instituto.das.artes.imagem\",\"https:\\\/\\\/www.instagram.com\\\/iai_escola_de_artes\\\/\",\"https:\\\/\\\/www.youtube.com\\\/iaiwebmaster\"]},{\"@type\":\"Person\",\"@id\":\"http:\\\/\\\/iai.pt\\\/web\\\/arquivos\\\/author\\\/admin#author\",\"url\":\"http:\\\/\\\/iai.pt\\\/web\\\/arquivos\\\/author\\\/admin\",\"name\":\"admin\",\"image\":{\"@type\":\"ImageObject\",\"@id\":\"http:\\\/\\\/iai.pt\\\/web\\\/arquivos\\\/17645#authorImage\",\"url\":\"https:\\\/\\\/secure.gravatar.com\\\/avatar\\\/bad9c1ed8261989cbd54cb5e8fc92988405a8dc9925b0838cc9c034113770b1e?s=96&d=mm&r=g\",\"width\":96,\"height\":96,\"caption\":\"admin\"}},{\"@type\":\"WebPage\",\"@id\":\"http:\\\/\\\/iai.pt\\\/web\\\/arquivos\\\/17645#webpage\",\"url\":\"http:\\\/\\\/iai.pt\\\/web\\\/arquivos\\\/17645\",\"name\":\"IAI assinala Dia Mundial de Combate ao Bullying - IAI\",\"description\":\"Nos dias 20 e 21 de outubro, o Instituto das Artes e da Imagem (IAI), no \\u00e2mbito do Plano Estrat\\u00e9gico de Educa\\u00e7\\u00e3o para a Cidadania, promoveu uma atividade de sensibiliza\\u00e7\\u00e3o dedicada ao Dia Mundial do combate ao Bullying. Com o objetivo de fomentar a reflex\\u00e3o e o di\\u00e1logo em torno desta tem\\u00e1tica, foi exibido o\",\"inLanguage\":\"pt-PT\",\"isPartOf\":{\"@id\":\"http:\\\/\\\/iai.pt\\\/web\\\/#website\"},\"breadcrumb\":{\"@id\":\"http:\\\/\\\/iai.pt\\\/web\\\/arquivos\\\/17645#breadcrumblist\"},\"author\":{\"@id\":\"http:\\\/\\\/iai.pt\\\/web\\\/arquivos\\\/author\\\/admin#author\"},\"creator\":{\"@id\":\"http:\\\/\\\/iai.pt\\\/web\\\/arquivos\\\/author\\\/admin#author\"},\"image\":{\"@type\":\"ImageObject\",\"url\":\"http:\\\/\\\/iai.pt\\\/web\\\/wp-content\\\/uploads\\\/2025\\\/10\\\/WhatsApp-Image-2025-10-21-at-12.16.54-1.jpeg\",\"@id\":\"http:\\\/\\\/iai.pt\\\/web\\\/arquivos\\\/17645\\\/#mainImage\",\"width\":1536,\"height\":2048},\"primaryImageOfPage\":{\"@id\":\"http:\\\/\\\/iai.pt\\\/web\\\/arquivos\\\/17645#mainImage\"},\"datePublished\":\"2025-10-20T11:28:06+01:00\",\"dateModified\":\"2025-10-23T11:36:57+01:00\"},{\"@type\":\"WebSite\",\"@id\":\"http:\\\/\\\/iai.pt\\\/web\\\/#website\",\"url\":\"http:\\\/\\\/iai.pt\\\/web\\\/\",\"name\":\"IAI\",\"alternateName\":\"iai\",\"description\":\"Escola Art\\u00edstica\",\"inLanguage\":\"pt-PT\",\"publisher\":{\"@id\":\"http:\\\/\\\/iai.pt\\\/web\\\/#organization\"}}]}\n\t\t<\/script>\n\t\t<!-- All in One SEO -->\n\n","aioseo_head_json":{"title":"IAI assinala Dia Mundial de Combate ao Bullying - IAI","description":"Nos dias 20 e 21 de outubro, o Instituto das Artes e da Imagem (IAI), no \u00e2mbito do Plano Estrat\u00e9gico de Educa\u00e7\u00e3o para a Cidadania, promoveu uma atividade de sensibiliza\u00e7\u00e3o dedicada ao Dia Mundial do combate ao Bullying. Com o objetivo de fomentar a reflex\u00e3o e o di\u00e1logo em torno desta tem\u00e1tica, foi exibido o","canonical_url":"http:\/\/iai.pt\/web\/arquivos\/17645","robots":"max-image-preview:large","keywords":"","webmasterTools":{"miscellaneous":""},"schema":{"@context":"https:\/\/schema.org","@graph":[{"@type":"BlogPosting","@id":"http:\/\/iai.pt\/web\/arquivos\/17645#blogposting","name":"IAI assinala Dia Mundial de Combate ao Bullying - IAI","headline":"IAI assinala Dia Mundial de Combate ao Bullying","author":{"@id":"http:\/\/iai.pt\/web\/arquivos\/author\/admin#author"},"publisher":{"@id":"http:\/\/iai.pt\/web\/#organization"},"image":{"@type":"ImageObject","url":"http:\/\/iai.pt\/web\/wp-content\/uploads\/2025\/10\/WhatsApp-Image-2025-10-21-at-12.16.54-1.jpeg","width":1536,"height":2048},"datePublished":"2025-10-20T11:28:06+01:00","dateModified":"2025-10-23T11:36:57+01:00","inLanguage":"pt-PT","mainEntityOfPage":{"@id":"http:\/\/iai.pt\/web\/arquivos\/17645#webpage"},"isPartOf":{"@id":"http:\/\/iai.pt\/web\/arquivos\/17645#webpage"},"articleSection":"Noticias"},{"@type":"BreadcrumbList","@id":"http:\/\/iai.pt\/web\/arquivos\/17645#breadcrumblist","itemListElement":[{"@type":"ListItem","@id":"http:\/\/iai.pt\/web#listItem","position":1,"name":"In\u00edcio","item":"http:\/\/iai.pt\/web","nextItem":{"@type":"ListItem","@id":"http:\/\/iai.pt\/web\/arquivos\/category\/noticias#listItem","name":"Noticias"}},{"@type":"ListItem","@id":"http:\/\/iai.pt\/web\/arquivos\/category\/noticias#listItem","position":2,"name":"Noticias","item":"http:\/\/iai.pt\/web\/arquivos\/category\/noticias","nextItem":{"@type":"ListItem","@id":"http:\/\/iai.pt\/web\/arquivos\/17645#listItem","name":"IAI assinala Dia Mundial de Combate ao Bullying"},"previousItem":{"@type":"ListItem","@id":"http:\/\/iai.pt\/web#listItem","name":"In\u00edcio"}},{"@type":"ListItem","@id":"http:\/\/iai.pt\/web\/arquivos\/17645#listItem","position":3,"name":"IAI assinala Dia Mundial de Combate ao Bullying","previousItem":{"@type":"ListItem","@id":"http:\/\/iai.pt\/web\/arquivos\/category\/noticias#listItem","name":"Noticias"}}]},{"@type":"Organization","@id":"http:\/\/iai.pt\/web\/#organization","name":"Instituto das Artes e da Imagem","description":"Escola Art\u00edstica","url":"http:\/\/iai.pt\/web\/","telephone":"+351222000757","logo":{"@type":"ImageObject","url":"http:\/\/iai.pt\/web\/wp-content\/uploads\/2023\/05\/seo-logo.png","@id":"http:\/\/iai.pt\/web\/arquivos\/17645\/#organizationLogo","width":105,"height":112},"image":{"@id":"http:\/\/iai.pt\/web\/arquivos\/17645\/#organizationLogo"},"sameAs":["https:\/\/www.facebook.com\/instituto.das.artes.imagem","https:\/\/www.instagram.com\/iai_escola_de_artes\/","https:\/\/www.youtube.com\/iaiwebmaster"]},{"@type":"Person","@id":"http:\/\/iai.pt\/web\/arquivos\/author\/admin#author","url":"http:\/\/iai.pt\/web\/arquivos\/author\/admin","name":"admin","image":{"@type":"ImageObject","@id":"http:\/\/iai.pt\/web\/arquivos\/17645#authorImage","url":"https:\/\/secure.gravatar.com\/avatar\/bad9c1ed8261989cbd54cb5e8fc92988405a8dc9925b0838cc9c034113770b1e?s=96&d=mm&r=g","width":96,"height":96,"caption":"admin"}},{"@type":"WebPage","@id":"http:\/\/iai.pt\/web\/arquivos\/17645#webpage","url":"http:\/\/iai.pt\/web\/arquivos\/17645","name":"IAI assinala Dia Mundial de Combate ao Bullying - IAI","description":"Nos dias 20 e 21 de outubro, o Instituto das Artes e da Imagem (IAI), no \u00e2mbito do Plano Estrat\u00e9gico de Educa\u00e7\u00e3o para a Cidadania, promoveu uma atividade de sensibiliza\u00e7\u00e3o dedicada ao Dia Mundial do combate ao Bullying. Com o objetivo de fomentar a reflex\u00e3o e o di\u00e1logo em torno desta tem\u00e1tica, foi exibido o","inLanguage":"pt-PT","isPartOf":{"@id":"http:\/\/iai.pt\/web\/#website"},"breadcrumb":{"@id":"http:\/\/iai.pt\/web\/arquivos\/17645#breadcrumblist"},"author":{"@id":"http:\/\/iai.pt\/web\/arquivos\/author\/admin#author"},"creator":{"@id":"http:\/\/iai.pt\/web\/arquivos\/author\/admin#author"},"image":{"@type":"ImageObject","url":"http:\/\/iai.pt\/web\/wp-content\/uploads\/2025\/10\/WhatsApp-Image-2025-10-21-at-12.16.54-1.jpeg","@id":"http:\/\/iai.pt\/web\/arquivos\/17645\/#mainImage","width":1536,"height":2048},"primaryImageOfPage":{"@id":"http:\/\/iai.pt\/web\/arquivos\/17645#mainImage"},"datePublished":"2025-10-20T11:28:06+01:00","dateModified":"2025-10-23T11:36:57+01:00"},{"@type":"WebSite","@id":"http:\/\/iai.pt\/web\/#website","url":"http:\/\/iai.pt\/web\/","name":"IAI","alternateName":"iai","description":"Escola Art\u00edstica","inLanguage":"pt-PT","publisher":{"@id":"http:\/\/iai.pt\/web\/#organization"}}]},"og:locale":"pt_PT","og:site_name":"IAI - Escola Art\u00edstica","og:type":"article","og:title":"IAI assinala Dia Mundial de Combate ao Bullying - IAI","og:description":"Nos dias 20 e 21 de outubro, o Instituto das Artes e da Imagem (IAI), no \u00e2mbito do Plano Estrat\u00e9gico de Educa\u00e7\u00e3o para a Cidadania, promoveu uma atividade de sensibiliza\u00e7\u00e3o dedicada ao Dia Mundial do combate ao Bullying. Com o objetivo de fomentar a reflex\u00e3o e o di\u00e1logo em torno desta tem\u00e1tica, foi exibido o","og:url":"http:\/\/iai.pt\/web\/arquivos\/17645","og:image":"http:\/\/iai.pt\/web\/wp-content\/uploads\/2023\/05\/seo-logo.png","og:image:width":105,"og:image:height":112,"article:published_time":"2025-10-20T10:28:06+00:00","article:modified_time":"2025-10-23T10:36:57+00:00","article:publisher":"https:\/\/www.facebook.com\/instituto.das.artes.imagem","twitter:card":"summary_large_image","twitter:title":"IAI assinala Dia Mundial de Combate ao Bullying - IAI","twitter:description":"Nos dias 20 e 21 de outubro, o Instituto das Artes e da Imagem (IAI), no \u00e2mbito do Plano Estrat\u00e9gico de Educa\u00e7\u00e3o para a Cidadania, promoveu uma atividade de sensibiliza\u00e7\u00e3o dedicada ao Dia Mundial do combate ao Bullying. Com o objetivo de fomentar a reflex\u00e3o e o di\u00e1logo em torno desta tem\u00e1tica, foi exibido o","twitter:image":"http:\/\/iai.pt\/web\/wp-content\/uploads\/2023\/05\/seo-logo.png"},"aioseo_meta_data":{"post_id":"17645","title":null,"description":null,"keywords":null,"keyphrases":{"focus":{"keyphrase":"","score":0,"analysis":{"keyphraseInTitle":{"score":0,"maxScore":9,"error":1}}},"additional":[]},"primary_term":null,"canonical_url":null,"og_title":null,"og_description":null,"og_object_type":"default","og_image_type":"default","og_image_url":null,"og_image_width":null,"og_image_height":null,"og_image_custom_url":null,"og_image_custom_fields":null,"og_video":"","og_custom_url":null,"og_article_section":null,"og_article_tags":null,"twitter_use_og":false,"twitter_card":"default","twitter_image_type":"default","twitter_image_url":null,"twitter_image_custom_url":null,"twitter_image_custom_fields":null,"twitter_title":null,"twitter_description":null,"schema":{"blockGraphs":[],"customGraphs":[],"default":{"data":{"Article":[],"Course":[],"Dataset":[],"FAQPage":[],"Movie":[],"Person":[],"Product":[],"ProductReview":[],"Car":[],"Recipe":[],"Service":[],"SoftwareApplication":[],"WebPage":[]},"graphName":"BlogPosting","isEnabled":true},"graphs":[]},"schema_type":"default","schema_type_options":null,"pillar_content":false,"robots_default":true,"robots_noindex":false,"robots_noarchive":false,"robots_nosnippet":false,"robots_nofollow":false,"robots_noimageindex":false,"robots_noodp":false,"robots_notranslate":false,"robots_max_snippet":"-1","robots_max_videopreview":"-1","robots_max_imagepreview":"large","priority":null,"frequency":"default","local_seo":null,"breadcrumb_settings":null,"limit_modified_date":false,"ai":{"faqs":[],"keyPoints":[],"titles":[],"descriptions":[],"socialPosts":{"email":[],"linkedin":[],"twitter":[],"facebook":[],"instagram":[]}},"created":"2025-10-23 10:30:01","updated":"2025-10-23 10:45:58","seo_analyzer_scan_date":null},"aioseo_breadcrumb":"<div class=\"aioseo-breadcrumbs\"><span class=\"aioseo-breadcrumb\">\n\t\t\t<a href=\"http:\/\/iai.pt\/web\" title=\"In\u00edcio\">In\u00edcio<\/a>\n\t\t<\/span><span class=\"aioseo-breadcrumb-separator\">\u00bb<\/span><span class=\"aioseo-breadcrumb\">\n\t\t\t<a href=\"http:\/\/iai.pt\/web\/arquivos\/category\/noticias\" title=\"Noticias\">Noticias<\/a>\n\t\t<\/span><span class=\"aioseo-breadcrumb-separator\">\u00bb<\/span><span class=\"aioseo-breadcrumb\">\n\t\t\tIAI assinala Dia Mundial de Combate ao Bullying\n\t\t<\/span><\/div>","aioseo_breadcrumb_json":[{"label":"In\u00edcio","link":"http:\/\/iai.pt\/web"},{"label":"Noticias","link":"http:\/\/iai.pt\/web\/arquivos\/category\/noticias"},{"label":"IAI assinala Dia Mundial de Combate ao Bullying","link":"http:\/\/iai.pt\/web\/arquivos\/17645"}],"_links":{"self":[{"href":"http:\/\/iai.pt\/web\/wp-json\/wp\/v2\/posts\/17645","targetHints":{"allow":["GET"]}}],"collection":[{"href":"http:\/\/iai.pt\/web\/wp-json\/wp\/v2\/posts"}],"about":[{"href":"http:\/\/iai.pt\/web\/wp-json\/wp\/v2\/types\/post"}],"author":[{"embeddable":true,"href":"http:\/\/iai.pt\/web\/wp-json\/wp\/v2\/users\/1"}],"replies":[{"embeddable":true,"href":"http:\/\/iai.pt\/web\/wp-json\/wp\/v2\/comments?post=17645"}],"version-history":[{"count":2,"href":"http:\/\/iai.pt\/web\/wp-json\/wp\/v2\/posts\/17645\/revisions"}],"predecessor-version":[{"id":17647,"href":"http:\/\/iai.pt\/web\/wp-json\/wp\/v2\/posts\/17645\/revisions\/17647"}],"wp:featuredmedia":[{"embeddable":true,"href":"http:\/\/iai.pt\/web\/wp-json\/wp\/v2\/media\/17644"}],"wp:attachment":[{"href":"http:\/\/iai.pt\/web\/wp-json\/wp\/v2\/media?parent=17645"}],"wp:term":[{"taxonomy":"category","embeddable":true,"href":"http:\/\/iai.pt\/web\/wp-json\/wp\/v2\/categories?post=17645"},{"taxonomy":"post_tag","embeddable":true,"href":"http:\/\/iai.pt\/web\/wp-json\/wp\/v2\/tags?post=17645"}],"curies":[{"name":"wp","href":"https:\/\/api.w.org\/{rel}","templated":true}]}}