{"id":17648,"date":"2025-10-01T11:36:57","date_gmt":"2025-10-01T10:36:57","guid":{"rendered":"https:\/\/iai.pt\/web\/?p=17648"},"modified":"2025-10-23T11:42:05","modified_gmt":"2025-10-23T10:42:05","slug":"recital-no-iai-celebra-carlos-paredes-e-o-dia-mundial-da-musica","status":"publish","type":"post","link":"http:\/\/iai.pt\/web\/arquivos\/17648","title":{"rendered":"Recital no IAI celebra Carlos Paredes e o Dia Mundial da M\u00fasica"},"content":{"rendered":"<p>[et_pb_section fb_built=&#8221;1&#8243; _builder_version=&#8221;4.27.4&#8243; _module_preset=&#8221;default&#8221; global_colors_info=&#8221;{}&#8221; theme_builder_area=&#8221;post_content&#8221;][et_pb_row _builder_version=&#8221;4.27.4&#8243; _module_preset=&#8221;default&#8221; global_colors_info=&#8221;{}&#8221; theme_builder_area=&#8221;post_content&#8221;][et_pb_column type=&#8221;4_4&#8243; _builder_version=&#8221;4.27.4&#8243; _module_preset=&#8221;default&#8221; global_colors_info=&#8221;{}&#8221; theme_builder_area=&#8221;post_content&#8221;][et_pb_text _builder_version=&#8221;4.27.4&#8243; _module_preset=&#8221;default&#8221; global_colors_info=&#8221;{}&#8221; theme_builder_area=&#8221;post_content&#8221;]<\/p>\n<p data-start=\"210\" data-end=\"599\">No passado dia 1 de outubro, dia mundial da m\u00fasica, o docente Armando Castro Bento de modo a comemorar esta data aproveitou o centen\u00e1rio do nascimento do guitarrista Carlos Paredes, para no atrio da escola fazer um pequeno recital com pe\u00e7as musicais deste compositor. Para al\u00e9m dos momentos musicais, aproveitou para interligar o tema de presente ano letivo, a celebra\u00e7\u00e3o dos 100 anos da exposi\u00e7\u00e3o de artes decorativas e industriais de Paris de 1925, com a evolu\u00e7\u00e3o do instrumento que tocava Carlos Paredes, mas que foi redesenhado pelo seu pai Artur Paredes. Para al\u00e9m deste pequeno recital foi criado um separador para colocar na Radio IAI.<\/p>\n<p>[\/et_pb_text][et_pb_image src=&#8221;http:\/\/iai.pt\/web\/wp-content\/uploads\/2025\/10\/dia-mundial-da-musica.png&#8221; title_text=&#8221;dia-mundial-da-musica&#8221; _builder_version=&#8221;4.27.4&#8243; _module_preset=&#8221;default&#8221; hover_enabled=&#8221;0&#8243; global_colors_info=&#8221;{}&#8221; theme_builder_area=&#8221;post_content&#8221; sticky_enabled=&#8221;0&#8243;][\/et_pb_image][\/et_pb_column][\/et_pb_row][\/et_pb_section]<\/p>\n","protected":false},"excerpt":{"rendered":"<p>No passado dia 1 de outubro, dia mundial da m\u00fasica, o docente Armando Castro Bento de modo a comemorar esta data aproveitou o centen\u00e1rio do nascimento do guitarrista Carlos Paredes, para no atrio da escola fazer um pequeno recital com pe\u00e7as musicais deste compositor. Para al\u00e9m dos momentos musicais, aproveitou para interligar o tema de [&hellip;]<\/p>\n","protected":false},"author":1,"featured_media":17643,"comment_status":"open","ping_status":"open","sticky":false,"template":"","format":"standard","meta":{"_et_pb_use_builder":"on","_et_pb_old_content":"","_et_gb_content_width":"","footnotes":"","_members_access_role":[],"_members_access_error":""},"categories":[60],"tags":[],"class_list":["post-17648","post","type-post","status-publish","format-standard","has-post-thumbnail","hentry","category-noticias"],"aioseo_notices":[],"aioseo_head":"\n\t\t<!-- All in One SEO 4.9.10 - aioseo.com -->\n\t<meta name=\"description\" content=\"No passado dia 1 de outubro, dia mundial da m\u00fasica, o docente Armando Castro Bento de modo a comemorar esta data aproveitou o centen\u00e1rio do nascimento do guitarrista Carlos Paredes, para no atrio da escola fazer um pequeno recital com pe\u00e7as musicais deste compositor. Para al\u00e9m dos momentos musicais, aproveitou para interligar o tema de\" \/>\n\t<meta name=\"robots\" content=\"max-image-preview:large\" \/>\n\t<meta name=\"author\" content=\"admin\"\/>\n\t<link rel=\"canonical\" href=\"http:\/\/iai.pt\/web\/arquivos\/17648\" \/>\n\t<meta name=\"generator\" content=\"All in One SEO (AIOSEO) 4.9.10\" \/>\n\t\t<meta property=\"og:locale\" content=\"pt_PT\" \/>\n\t\t<meta property=\"og:site_name\" content=\"IAI - Escola Art\u00edstica\" \/>\n\t\t<meta property=\"og:type\" content=\"article\" \/>\n\t\t<meta property=\"og:title\" content=\"Recital no IAI celebra Carlos Paredes e o Dia Mundial da M\u00fasica - IAI\" \/>\n\t\t<meta property=\"og:description\" content=\"No passado dia 1 de outubro, dia mundial da m\u00fasica, o docente Armando Castro Bento de modo a comemorar esta data aproveitou o centen\u00e1rio do nascimento do guitarrista Carlos Paredes, para no atrio da escola fazer um pequeno recital com pe\u00e7as musicais deste compositor. Para al\u00e9m dos momentos musicais, aproveitou para interligar o tema de\" \/>\n\t\t<meta property=\"og:url\" content=\"http:\/\/iai.pt\/web\/arquivos\/17648\" \/>\n\t\t<meta property=\"og:image\" content=\"http:\/\/iai.pt\/web\/wp-content\/uploads\/2023\/05\/seo-logo.png\" \/>\n\t\t<meta property=\"og:image:width\" content=\"105\" \/>\n\t\t<meta property=\"og:image:height\" content=\"112\" \/>\n\t\t<meta property=\"article:published_time\" content=\"2025-10-01T10:36:57+00:00\" \/>\n\t\t<meta property=\"article:modified_time\" content=\"2025-10-23T10:42:05+00:00\" \/>\n\t\t<meta property=\"article:publisher\" content=\"https:\/\/www.facebook.com\/instituto.das.artes.imagem\" \/>\n\t\t<meta name=\"twitter:card\" content=\"summary_large_image\" \/>\n\t\t<meta name=\"twitter:title\" content=\"Recital no IAI celebra Carlos Paredes e o Dia Mundial da M\u00fasica - IAI\" \/>\n\t\t<meta name=\"twitter:description\" content=\"No passado dia 1 de outubro, dia mundial da m\u00fasica, o docente Armando Castro Bento de modo a comemorar esta data aproveitou o centen\u00e1rio do nascimento do guitarrista Carlos Paredes, para no atrio da escola fazer um pequeno recital com pe\u00e7as musicais deste compositor. Para al\u00e9m dos momentos musicais, aproveitou para interligar o tema de\" \/>\n\t\t<meta name=\"twitter:image\" content=\"http:\/\/iai.pt\/web\/wp-content\/uploads\/2023\/05\/seo-logo.png\" \/>\n\t\t<script type=\"application\/ld+json\" class=\"aioseo-schema\">\n\t\t\t{\"@context\":\"https:\\\/\\\/schema.org\",\"@graph\":[{\"@type\":\"BlogPosting\",\"@id\":\"http:\\\/\\\/iai.pt\\\/web\\\/arquivos\\\/17648#blogposting\",\"name\":\"Recital no IAI celebra Carlos Paredes e o Dia Mundial da M\\u00fasica - IAI\",\"headline\":\"Recital no IAI celebra Carlos Paredes e o Dia Mundial da M\\u00fasica\",\"author\":{\"@id\":\"http:\\\/\\\/iai.pt\\\/web\\\/arquivos\\\/author\\\/admin#author\"},\"publisher\":{\"@id\":\"http:\\\/\\\/iai.pt\\\/web\\\/#organization\"},\"image\":{\"@type\":\"ImageObject\",\"url\":\"http:\\\/\\\/iai.pt\\\/web\\\/wp-content\\\/uploads\\\/2025\\\/10\\\/dia-mundial-da-musica.png\",\"width\":750,\"height\":1334},\"datePublished\":\"2025-10-01T11:36:57+01:00\",\"dateModified\":\"2025-10-23T11:42:05+01:00\",\"inLanguage\":\"pt-PT\",\"mainEntityOfPage\":{\"@id\":\"http:\\\/\\\/iai.pt\\\/web\\\/arquivos\\\/17648#webpage\"},\"isPartOf\":{\"@id\":\"http:\\\/\\\/iai.pt\\\/web\\\/arquivos\\\/17648#webpage\"},\"articleSection\":\"Noticias\"},{\"@type\":\"BreadcrumbList\",\"@id\":\"http:\\\/\\\/iai.pt\\\/web\\\/arquivos\\\/17648#breadcrumblist\",\"itemListElement\":[{\"@type\":\"ListItem\",\"@id\":\"http:\\\/\\\/iai.pt\\\/web#listItem\",\"position\":1,\"name\":\"In\\u00edcio\",\"item\":\"http:\\\/\\\/iai.pt\\\/web\",\"nextItem\":{\"@type\":\"ListItem\",\"@id\":\"http:\\\/\\\/iai.pt\\\/web\\\/arquivos\\\/category\\\/noticias#listItem\",\"name\":\"Noticias\"}},{\"@type\":\"ListItem\",\"@id\":\"http:\\\/\\\/iai.pt\\\/web\\\/arquivos\\\/category\\\/noticias#listItem\",\"position\":2,\"name\":\"Noticias\",\"item\":\"http:\\\/\\\/iai.pt\\\/web\\\/arquivos\\\/category\\\/noticias\",\"nextItem\":{\"@type\":\"ListItem\",\"@id\":\"http:\\\/\\\/iai.pt\\\/web\\\/arquivos\\\/17648#listItem\",\"name\":\"Recital no IAI celebra Carlos Paredes e o Dia Mundial da M\\u00fasica\"},\"previousItem\":{\"@type\":\"ListItem\",\"@id\":\"http:\\\/\\\/iai.pt\\\/web#listItem\",\"name\":\"In\\u00edcio\"}},{\"@type\":\"ListItem\",\"@id\":\"http:\\\/\\\/iai.pt\\\/web\\\/arquivos\\\/17648#listItem\",\"position\":3,\"name\":\"Recital no IAI celebra Carlos Paredes e o Dia Mundial da M\\u00fasica\",\"previousItem\":{\"@type\":\"ListItem\",\"@id\":\"http:\\\/\\\/iai.pt\\\/web\\\/arquivos\\\/category\\\/noticias#listItem\",\"name\":\"Noticias\"}}]},{\"@type\":\"Organization\",\"@id\":\"http:\\\/\\\/iai.pt\\\/web\\\/#organization\",\"name\":\"Instituto das Artes e da Imagem\",\"description\":\"Escola Art\\u00edstica\",\"url\":\"http:\\\/\\\/iai.pt\\\/web\\\/\",\"telephone\":\"+351222000757\",\"logo\":{\"@type\":\"ImageObject\",\"url\":\"http:\\\/\\\/iai.pt\\\/web\\\/wp-content\\\/uploads\\\/2023\\\/05\\\/seo-logo.png\",\"@id\":\"http:\\\/\\\/iai.pt\\\/web\\\/arquivos\\\/17648\\\/#organizationLogo\",\"width\":105,\"height\":112},\"image\":{\"@id\":\"http:\\\/\\\/iai.pt\\\/web\\\/arquivos\\\/17648\\\/#organizationLogo\"},\"sameAs\":[\"https:\\\/\\\/www.facebook.com\\\/instituto.das.artes.imagem\",\"https:\\\/\\\/www.instagram.com\\\/iai_escola_de_artes\\\/\",\"https:\\\/\\\/www.youtube.com\\\/iaiwebmaster\"]},{\"@type\":\"Person\",\"@id\":\"http:\\\/\\\/iai.pt\\\/web\\\/arquivos\\\/author\\\/admin#author\",\"url\":\"http:\\\/\\\/iai.pt\\\/web\\\/arquivos\\\/author\\\/admin\",\"name\":\"admin\",\"image\":{\"@type\":\"ImageObject\",\"@id\":\"http:\\\/\\\/iai.pt\\\/web\\\/arquivos\\\/17648#authorImage\",\"url\":\"https:\\\/\\\/secure.gravatar.com\\\/avatar\\\/bad9c1ed8261989cbd54cb5e8fc92988405a8dc9925b0838cc9c034113770b1e?s=96&d=mm&r=g\",\"width\":96,\"height\":96,\"caption\":\"admin\"}},{\"@type\":\"WebPage\",\"@id\":\"http:\\\/\\\/iai.pt\\\/web\\\/arquivos\\\/17648#webpage\",\"url\":\"http:\\\/\\\/iai.pt\\\/web\\\/arquivos\\\/17648\",\"name\":\"Recital no IAI celebra Carlos Paredes e o Dia Mundial da M\\u00fasica - IAI\",\"description\":\"No passado dia 1 de outubro, dia mundial da m\\u00fasica, o docente Armando Castro Bento de modo a comemorar esta data aproveitou o centen\\u00e1rio do nascimento do guitarrista Carlos Paredes, para no atrio da escola fazer um pequeno recital com pe\\u00e7as musicais deste compositor. Para al\\u00e9m dos momentos musicais, aproveitou para interligar o tema de\",\"inLanguage\":\"pt-PT\",\"isPartOf\":{\"@id\":\"http:\\\/\\\/iai.pt\\\/web\\\/#website\"},\"breadcrumb\":{\"@id\":\"http:\\\/\\\/iai.pt\\\/web\\\/arquivos\\\/17648#breadcrumblist\"},\"author\":{\"@id\":\"http:\\\/\\\/iai.pt\\\/web\\\/arquivos\\\/author\\\/admin#author\"},\"creator\":{\"@id\":\"http:\\\/\\\/iai.pt\\\/web\\\/arquivos\\\/author\\\/admin#author\"},\"image\":{\"@type\":\"ImageObject\",\"url\":\"http:\\\/\\\/iai.pt\\\/web\\\/wp-content\\\/uploads\\\/2025\\\/10\\\/dia-mundial-da-musica.png\",\"@id\":\"http:\\\/\\\/iai.pt\\\/web\\\/arquivos\\\/17648\\\/#mainImage\",\"width\":750,\"height\":1334},\"primaryImageOfPage\":{\"@id\":\"http:\\\/\\\/iai.pt\\\/web\\\/arquivos\\\/17648#mainImage\"},\"datePublished\":\"2025-10-01T11:36:57+01:00\",\"dateModified\":\"2025-10-23T11:42:05+01:00\"},{\"@type\":\"WebSite\",\"@id\":\"http:\\\/\\\/iai.pt\\\/web\\\/#website\",\"url\":\"http:\\\/\\\/iai.pt\\\/web\\\/\",\"name\":\"IAI\",\"alternateName\":\"iai\",\"description\":\"Escola Art\\u00edstica\",\"inLanguage\":\"pt-PT\",\"publisher\":{\"@id\":\"http:\\\/\\\/iai.pt\\\/web\\\/#organization\"}}]}\n\t\t<\/script>\n\t\t<!-- All in One SEO -->\n\n","aioseo_head_json":{"title":"Recital no IAI celebra Carlos Paredes e o Dia Mundial da M\u00fasica - IAI","description":"No passado dia 1 de outubro, dia mundial da m\u00fasica, o docente Armando Castro Bento de modo a comemorar esta data aproveitou o centen\u00e1rio do nascimento do guitarrista Carlos Paredes, para no atrio da escola fazer um pequeno recital com pe\u00e7as musicais deste compositor. Para al\u00e9m dos momentos musicais, aproveitou para interligar o tema de","canonical_url":"http:\/\/iai.pt\/web\/arquivos\/17648","robots":"max-image-preview:large","keywords":"","webmasterTools":{"miscellaneous":""},"schema":{"@context":"https:\/\/schema.org","@graph":[{"@type":"BlogPosting","@id":"http:\/\/iai.pt\/web\/arquivos\/17648#blogposting","name":"Recital no IAI celebra Carlos Paredes e o Dia Mundial da M\u00fasica - IAI","headline":"Recital no IAI celebra Carlos Paredes e o Dia Mundial da M\u00fasica","author":{"@id":"http:\/\/iai.pt\/web\/arquivos\/author\/admin#author"},"publisher":{"@id":"http:\/\/iai.pt\/web\/#organization"},"image":{"@type":"ImageObject","url":"http:\/\/iai.pt\/web\/wp-content\/uploads\/2025\/10\/dia-mundial-da-musica.png","width":750,"height":1334},"datePublished":"2025-10-01T11:36:57+01:00","dateModified":"2025-10-23T11:42:05+01:00","inLanguage":"pt-PT","mainEntityOfPage":{"@id":"http:\/\/iai.pt\/web\/arquivos\/17648#webpage"},"isPartOf":{"@id":"http:\/\/iai.pt\/web\/arquivos\/17648#webpage"},"articleSection":"Noticias"},{"@type":"BreadcrumbList","@id":"http:\/\/iai.pt\/web\/arquivos\/17648#breadcrumblist","itemListElement":[{"@type":"ListItem","@id":"http:\/\/iai.pt\/web#listItem","position":1,"name":"In\u00edcio","item":"http:\/\/iai.pt\/web","nextItem":{"@type":"ListItem","@id":"http:\/\/iai.pt\/web\/arquivos\/category\/noticias#listItem","name":"Noticias"}},{"@type":"ListItem","@id":"http:\/\/iai.pt\/web\/arquivos\/category\/noticias#listItem","position":2,"name":"Noticias","item":"http:\/\/iai.pt\/web\/arquivos\/category\/noticias","nextItem":{"@type":"ListItem","@id":"http:\/\/iai.pt\/web\/arquivos\/17648#listItem","name":"Recital no IAI celebra Carlos Paredes e o Dia Mundial da M\u00fasica"},"previousItem":{"@type":"ListItem","@id":"http:\/\/iai.pt\/web#listItem","name":"In\u00edcio"}},{"@type":"ListItem","@id":"http:\/\/iai.pt\/web\/arquivos\/17648#listItem","position":3,"name":"Recital no IAI celebra Carlos Paredes e o Dia Mundial da M\u00fasica","previousItem":{"@type":"ListItem","@id":"http:\/\/iai.pt\/web\/arquivos\/category\/noticias#listItem","name":"Noticias"}}]},{"@type":"Organization","@id":"http:\/\/iai.pt\/web\/#organization","name":"Instituto das Artes e da Imagem","description":"Escola Art\u00edstica","url":"http:\/\/iai.pt\/web\/","telephone":"+351222000757","logo":{"@type":"ImageObject","url":"http:\/\/iai.pt\/web\/wp-content\/uploads\/2023\/05\/seo-logo.png","@id":"http:\/\/iai.pt\/web\/arquivos\/17648\/#organizationLogo","width":105,"height":112},"image":{"@id":"http:\/\/iai.pt\/web\/arquivos\/17648\/#organizationLogo"},"sameAs":["https:\/\/www.facebook.com\/instituto.das.artes.imagem","https:\/\/www.instagram.com\/iai_escola_de_artes\/","https:\/\/www.youtube.com\/iaiwebmaster"]},{"@type":"Person","@id":"http:\/\/iai.pt\/web\/arquivos\/author\/admin#author","url":"http:\/\/iai.pt\/web\/arquivos\/author\/admin","name":"admin","image":{"@type":"ImageObject","@id":"http:\/\/iai.pt\/web\/arquivos\/17648#authorImage","url":"https:\/\/secure.gravatar.com\/avatar\/bad9c1ed8261989cbd54cb5e8fc92988405a8dc9925b0838cc9c034113770b1e?s=96&d=mm&r=g","width":96,"height":96,"caption":"admin"}},{"@type":"WebPage","@id":"http:\/\/iai.pt\/web\/arquivos\/17648#webpage","url":"http:\/\/iai.pt\/web\/arquivos\/17648","name":"Recital no IAI celebra Carlos Paredes e o Dia Mundial da M\u00fasica - IAI","description":"No passado dia 1 de outubro, dia mundial da m\u00fasica, o docente Armando Castro Bento de modo a comemorar esta data aproveitou o centen\u00e1rio do nascimento do guitarrista Carlos Paredes, para no atrio da escola fazer um pequeno recital com pe\u00e7as musicais deste compositor. Para al\u00e9m dos momentos musicais, aproveitou para interligar o tema de","inLanguage":"pt-PT","isPartOf":{"@id":"http:\/\/iai.pt\/web\/#website"},"breadcrumb":{"@id":"http:\/\/iai.pt\/web\/arquivos\/17648#breadcrumblist"},"author":{"@id":"http:\/\/iai.pt\/web\/arquivos\/author\/admin#author"},"creator":{"@id":"http:\/\/iai.pt\/web\/arquivos\/author\/admin#author"},"image":{"@type":"ImageObject","url":"http:\/\/iai.pt\/web\/wp-content\/uploads\/2025\/10\/dia-mundial-da-musica.png","@id":"http:\/\/iai.pt\/web\/arquivos\/17648\/#mainImage","width":750,"height":1334},"primaryImageOfPage":{"@id":"http:\/\/iai.pt\/web\/arquivos\/17648#mainImage"},"datePublished":"2025-10-01T11:36:57+01:00","dateModified":"2025-10-23T11:42:05+01:00"},{"@type":"WebSite","@id":"http:\/\/iai.pt\/web\/#website","url":"http:\/\/iai.pt\/web\/","name":"IAI","alternateName":"iai","description":"Escola Art\u00edstica","inLanguage":"pt-PT","publisher":{"@id":"http:\/\/iai.pt\/web\/#organization"}}]},"og:locale":"pt_PT","og:site_name":"IAI - Escola Art\u00edstica","og:type":"article","og:title":"Recital no IAI celebra Carlos Paredes e o Dia Mundial da M\u00fasica - IAI","og:description":"No passado dia 1 de outubro, dia mundial da m\u00fasica, o docente Armando Castro Bento de modo a comemorar esta data aproveitou o centen\u00e1rio do nascimento do guitarrista Carlos Paredes, para no atrio da escola fazer um pequeno recital com pe\u00e7as musicais deste compositor. Para al\u00e9m dos momentos musicais, aproveitou para interligar o tema de","og:url":"http:\/\/iai.pt\/web\/arquivos\/17648","og:image":"http:\/\/iai.pt\/web\/wp-content\/uploads\/2023\/05\/seo-logo.png","og:image:width":105,"og:image:height":112,"article:published_time":"2025-10-01T10:36:57+00:00","article:modified_time":"2025-10-23T10:42:05+00:00","article:publisher":"https:\/\/www.facebook.com\/instituto.das.artes.imagem","twitter:card":"summary_large_image","twitter:title":"Recital no IAI celebra Carlos Paredes e o Dia Mundial da M\u00fasica - IAI","twitter:description":"No passado dia 1 de outubro, dia mundial da m\u00fasica, o docente Armando Castro Bento de modo a comemorar esta data aproveitou o centen\u00e1rio do nascimento do guitarrista Carlos Paredes, para no atrio da escola fazer um pequeno recital com pe\u00e7as musicais deste compositor. Para al\u00e9m dos momentos musicais, aproveitou para interligar o tema de","twitter:image":"http:\/\/iai.pt\/web\/wp-content\/uploads\/2023\/05\/seo-logo.png"},"aioseo_meta_data":{"post_id":"17648","title":null,"description":null,"keywords":null,"keyphrases":{"focus":{"keyphrase":"","score":0,"analysis":{"keyphraseInTitle":{"score":0,"maxScore":9,"error":1}}},"additional":[]},"primary_term":null,"canonical_url":null,"og_title":null,"og_description":null,"og_object_type":"default","og_image_type":"default","og_image_url":null,"og_image_width":null,"og_image_height":null,"og_image_custom_url":null,"og_image_custom_fields":null,"og_video":"","og_custom_url":null,"og_article_section":null,"og_article_tags":null,"twitter_use_og":false,"twitter_card":"default","twitter_image_type":"default","twitter_image_url":null,"twitter_image_custom_url":null,"twitter_image_custom_fields":null,"twitter_title":null,"twitter_description":null,"schema":{"blockGraphs":[],"customGraphs":[],"default":{"data":{"Article":[],"Course":[],"Dataset":[],"FAQPage":[],"Movie":[],"Person":[],"Product":[],"ProductReview":[],"Car":[],"Recipe":[],"Service":[],"SoftwareApplication":[],"WebPage":[]},"graphName":"BlogPosting","isEnabled":true},"graphs":[]},"schema_type":"default","schema_type_options":null,"pillar_content":false,"robots_default":true,"robots_noindex":false,"robots_noarchive":false,"robots_nosnippet":false,"robots_nofollow":false,"robots_noimageindex":false,"robots_noodp":false,"robots_notranslate":false,"robots_max_snippet":"-1","robots_max_videopreview":"-1","robots_max_imagepreview":"large","priority":null,"frequency":"default","local_seo":null,"breadcrumb_settings":null,"limit_modified_date":false,"ai":{"faqs":[],"keyPoints":[],"titles":[],"descriptions":[],"socialPosts":{"email":[],"linkedin":[],"twitter":[],"facebook":[],"instagram":[]}},"created":"2025-10-23 10:38:27","updated":"2025-10-23 10:45:58","seo_analyzer_scan_date":null},"aioseo_breadcrumb":"<div class=\"aioseo-breadcrumbs\"><span class=\"aioseo-breadcrumb\">\n\t\t\t<a href=\"http:\/\/iai.pt\/web\" title=\"In\u00edcio\">In\u00edcio<\/a>\n\t\t<\/span><span class=\"aioseo-breadcrumb-separator\">\u00bb<\/span><span class=\"aioseo-breadcrumb\">\n\t\t\t<a href=\"http:\/\/iai.pt\/web\/arquivos\/category\/noticias\" title=\"Noticias\">Noticias<\/a>\n\t\t<\/span><span class=\"aioseo-breadcrumb-separator\">\u00bb<\/span><span class=\"aioseo-breadcrumb\">\n\t\t\tRecital no IAI celebra Carlos Paredes e o Dia Mundial da M\u00fasica\n\t\t<\/span><\/div>","aioseo_breadcrumb_json":[{"label":"In\u00edcio","link":"http:\/\/iai.pt\/web"},{"label":"Noticias","link":"http:\/\/iai.pt\/web\/arquivos\/category\/noticias"},{"label":"Recital no IAI celebra Carlos Paredes e o Dia Mundial da M\u00fasica","link":"http:\/\/iai.pt\/web\/arquivos\/17648"}],"_links":{"self":[{"href":"http:\/\/iai.pt\/web\/wp-json\/wp\/v2\/posts\/17648","targetHints":{"allow":["GET"]}}],"collection":[{"href":"http:\/\/iai.pt\/web\/wp-json\/wp\/v2\/posts"}],"about":[{"href":"http:\/\/iai.pt\/web\/wp-json\/wp\/v2\/types\/post"}],"author":[{"embeddable":true,"href":"http:\/\/iai.pt\/web\/wp-json\/wp\/v2\/users\/1"}],"replies":[{"embeddable":true,"href":"http:\/\/iai.pt\/web\/wp-json\/wp\/v2\/comments?post=17648"}],"version-history":[{"count":2,"href":"http:\/\/iai.pt\/web\/wp-json\/wp\/v2\/posts\/17648\/revisions"}],"predecessor-version":[{"id":17651,"href":"http:\/\/iai.pt\/web\/wp-json\/wp\/v2\/posts\/17648\/revisions\/17651"}],"wp:featuredmedia":[{"embeddable":true,"href":"http:\/\/iai.pt\/web\/wp-json\/wp\/v2\/media\/17643"}],"wp:attachment":[{"href":"http:\/\/iai.pt\/web\/wp-json\/wp\/v2\/media?parent=17648"}],"wp:term":[{"taxonomy":"category","embeddable":true,"href":"http:\/\/iai.pt\/web\/wp-json\/wp\/v2\/categories?post=17648"},{"taxonomy":"post_tag","embeddable":true,"href":"http:\/\/iai.pt\/web\/wp-json\/wp\/v2\/tags?post=17648"}],"curies":[{"name":"wp","href":"https:\/\/api.w.org\/{rel}","templated":true}]}}