{"id":17707,"date":"2025-10-31T16:44:25","date_gmt":"2025-10-31T16:44:25","guid":{"rendered":"https:\/\/iai.pt\/web\/?p=17707"},"modified":"2025-11-03T16:47:38","modified_gmt":"2025-11-03T16:47:38","slug":"halloween-no-iai-com-cinema-criatividade-e-premios-inspirados-em-coraline","status":"publish","type":"post","link":"http:\/\/iai.pt\/web\/arquivos\/17707","title":{"rendered":"Halloween no IAI com cinema, criatividade e pr\u00e9mios inspirados em &#8220;Coraline&#8221;"},"content":{"rendered":"<p>[et_pb_section fb_built=&#8221;1&#8243; _builder_version=&#8221;4.27.4&#8243; _module_preset=&#8221;default&#8221; global_colors_info=&#8221;{}&#8221; theme_builder_area=&#8221;post_content&#8221;][et_pb_row _builder_version=&#8221;4.27.4&#8243; _module_preset=&#8221;default&#8221; global_colors_info=&#8221;{}&#8221; theme_builder_area=&#8221;post_content&#8221;][et_pb_column type=&#8221;4_4&#8243; _builder_version=&#8221;4.27.4&#8243; _module_preset=&#8221;default&#8221; global_colors_info=&#8221;{}&#8221; theme_builder_area=&#8221;post_content&#8221;][et_pb_text _builder_version=&#8221;4.27.4&#8243; _module_preset=&#8221;default&#8221; global_colors_info=&#8221;{}&#8221; theme_builder_area=&#8221;post_content&#8221;]<\/p>\n<p data-start=\"210\" data-end=\"599\">Nos dias 30 e 31 de outubro, o Instituto das Artes e da Imagem celebrou o Halloween com sess\u00f5es de cinema no audit\u00f3rio, abertas a todas as turmas.<br \/>O filme escolhido foi a anima\u00e7\u00e3o em stop-motion &#8220;Coraline e a Porta Secreta&#8221;, uma hist\u00f3ria visualmente cativante e cheia de simbolismo.<br \/>Entre mundos paralelos e escolhas tentadoras, o filme deixou uma importante mensagem aos alunos: nem sempre aquilo que desejamos \u00e9 o que realmente precisamos \u2014 e, muitas vezes, o que procuramos j\u00e1 existe \u00e0 nossa volta, bastando aprendermos a valoriz\u00e1-lo.<br \/>No final da sess\u00e3o, a divers\u00e3o continuou com um jogo de roleta, onde cada aluno teve uma \u00fanica hip\u00f3tese de tentar a sorte. Os pr\u00e9mios variavam entre um bot\u00e3o, s\u00edmbolo do filme, criado pelos alunos do Curso Profissional de T\u00e9cnico de Design de Equipamento, e um marcador de livro ilustrado com imagens do filme, produzido pelos alunos do Curso CEF de Operador de Fotografia.<br \/>A atividade combinou cinema, criatividade e esp\u00edrito festivo, tornando o Halloween no IAI num momento de partilha e imagina\u00e7\u00e3o.<\/p>\n<p>[\/et_pb_text][et_pb_image src=&#8221;http:\/\/iai.pt\/web\/wp-content\/uploads\/2025\/11\/IMG_7546-scaled.jpg&#8221; title_text=&#8221;IMG_7546&#8243; _builder_version=&#8221;4.27.4&#8243; _module_preset=&#8221;default&#8221; hover_enabled=&#8221;0&#8243; global_colors_info=&#8221;{}&#8221; theme_builder_area=&#8221;post_content&#8221; sticky_enabled=&#8221;0&#8243;][\/et_pb_image][\/et_pb_column][\/et_pb_row][\/et_pb_section]<\/p>\n","protected":false},"excerpt":{"rendered":"<p>Nos dias 30 e 31 de outubro, o Instituto das Artes e da Imagem celebrou o Halloween com sess\u00f5es de cinema no audit\u00f3rio, abertas a todas as turmas.O filme escolhido foi a anima\u00e7\u00e3o em stop-motion &#8220;Coraline e a Porta Secreta&#8221;, uma hist\u00f3ria visualmente cativante e cheia de simbolismo.Entre mundos paralelos e escolhas tentadoras, o filme [&hellip;]<\/p>\n","protected":false},"author":1,"featured_media":17709,"comment_status":"open","ping_status":"open","sticky":false,"template":"","format":"standard","meta":{"_et_pb_use_builder":"on","_et_pb_old_content":"","_et_gb_content_width":"","footnotes":"","_members_access_role":[],"_members_access_error":""},"categories":[60],"tags":[],"class_list":["post-17707","post","type-post","status-publish","format-standard","has-post-thumbnail","hentry","category-noticias"],"aioseo_notices":[],"aioseo_head":"\n\t\t<!-- All in One SEO 4.9.10 - aioseo.com -->\n\t<meta name=\"description\" content=\"Nos dias 30 e 31 de outubro, o Instituto das Artes e da Imagem celebrou o Halloween com sess\u00f5es de cinema no audit\u00f3rio, abertas a todas as turmas.O filme escolhido foi a anima\u00e7\u00e3o em stop-motion \u201cCoraline e a Porta Secreta\u201d, uma hist\u00f3ria visualmente cativante e cheia de simbolismo.Entre mundos paralelos e escolhas tentadoras, o filme\" \/>\n\t<meta name=\"robots\" content=\"max-image-preview:large\" \/>\n\t<meta name=\"author\" content=\"admin\"\/>\n\t<link rel=\"canonical\" href=\"http:\/\/iai.pt\/web\/arquivos\/17707\" \/>\n\t<meta name=\"generator\" content=\"All in One SEO (AIOSEO) 4.9.10\" \/>\n\t\t<meta property=\"og:locale\" content=\"pt_PT\" \/>\n\t\t<meta property=\"og:site_name\" content=\"IAI - Escola Art\u00edstica\" \/>\n\t\t<meta property=\"og:type\" content=\"article\" \/>\n\t\t<meta property=\"og:title\" content=\"Halloween no IAI com cinema, criatividade e pr\u00e9mios inspirados em \u201cCoraline\u201d - IAI\" \/>\n\t\t<meta property=\"og:description\" content=\"Nos dias 30 e 31 de outubro, o Instituto das Artes e da Imagem celebrou o Halloween com sess\u00f5es de cinema no audit\u00f3rio, abertas a todas as turmas.O filme escolhido foi a anima\u00e7\u00e3o em stop-motion \u201cCoraline e a Porta Secreta\u201d, uma hist\u00f3ria visualmente cativante e cheia de simbolismo.Entre mundos paralelos e escolhas tentadoras, o filme\" \/>\n\t\t<meta property=\"og:url\" content=\"http:\/\/iai.pt\/web\/arquivos\/17707\" \/>\n\t\t<meta property=\"og:image\" content=\"http:\/\/iai.pt\/web\/wp-content\/uploads\/2023\/05\/seo-logo.png\" \/>\n\t\t<meta property=\"og:image:width\" content=\"105\" \/>\n\t\t<meta property=\"og:image:height\" content=\"112\" \/>\n\t\t<meta property=\"article:published_time\" content=\"2025-10-31T16:44:25+00:00\" \/>\n\t\t<meta property=\"article:modified_time\" content=\"2025-11-03T16:47:38+00:00\" \/>\n\t\t<meta property=\"article:publisher\" content=\"https:\/\/www.facebook.com\/instituto.das.artes.imagem\" \/>\n\t\t<meta name=\"twitter:card\" content=\"summary_large_image\" \/>\n\t\t<meta name=\"twitter:title\" content=\"Halloween no IAI com cinema, criatividade e pr\u00e9mios inspirados em \u201cCoraline\u201d - IAI\" \/>\n\t\t<meta name=\"twitter:description\" content=\"Nos dias 30 e 31 de outubro, o Instituto das Artes e da Imagem celebrou o Halloween com sess\u00f5es de cinema no audit\u00f3rio, abertas a todas as turmas.O filme escolhido foi a anima\u00e7\u00e3o em stop-motion \u201cCoraline e a Porta Secreta\u201d, uma hist\u00f3ria visualmente cativante e cheia de simbolismo.Entre mundos paralelos e escolhas tentadoras, o filme\" \/>\n\t\t<meta name=\"twitter:image\" content=\"http:\/\/iai.pt\/web\/wp-content\/uploads\/2023\/05\/seo-logo.png\" \/>\n\t\t<script type=\"application\/ld+json\" class=\"aioseo-schema\">\n\t\t\t{\"@context\":\"https:\\\/\\\/schema.org\",\"@graph\":[{\"@type\":\"BlogPosting\",\"@id\":\"http:\\\/\\\/iai.pt\\\/web\\\/arquivos\\\/17707#blogposting\",\"name\":\"Halloween no IAI com cinema, criatividade e pr\\u00e9mios inspirados em \\u201cCoraline\\u201d - IAI\",\"headline\":\"Halloween no IAI com cinema, criatividade e pr\\u00e9mios inspirados em &#8220;Coraline&#8221;\",\"author\":{\"@id\":\"http:\\\/\\\/iai.pt\\\/web\\\/arquivos\\\/author\\\/admin#author\"},\"publisher\":{\"@id\":\"http:\\\/\\\/iai.pt\\\/web\\\/#organization\"},\"image\":{\"@type\":\"ImageObject\",\"url\":\"http:\\\/\\\/iai.pt\\\/web\\\/wp-content\\\/uploads\\\/2025\\\/11\\\/IMG_7546-scaled.jpg\",\"width\":1920,\"height\":2560},\"datePublished\":\"2025-10-31T16:44:25+00:00\",\"dateModified\":\"2025-11-03T16:47:38+00:00\",\"inLanguage\":\"pt-PT\",\"mainEntityOfPage\":{\"@id\":\"http:\\\/\\\/iai.pt\\\/web\\\/arquivos\\\/17707#webpage\"},\"isPartOf\":{\"@id\":\"http:\\\/\\\/iai.pt\\\/web\\\/arquivos\\\/17707#webpage\"},\"articleSection\":\"Noticias\"},{\"@type\":\"BreadcrumbList\",\"@id\":\"http:\\\/\\\/iai.pt\\\/web\\\/arquivos\\\/17707#breadcrumblist\",\"itemListElement\":[{\"@type\":\"ListItem\",\"@id\":\"http:\\\/\\\/iai.pt\\\/web#listItem\",\"position\":1,\"name\":\"In\\u00edcio\",\"item\":\"http:\\\/\\\/iai.pt\\\/web\",\"nextItem\":{\"@type\":\"ListItem\",\"@id\":\"http:\\\/\\\/iai.pt\\\/web\\\/arquivos\\\/category\\\/noticias#listItem\",\"name\":\"Noticias\"}},{\"@type\":\"ListItem\",\"@id\":\"http:\\\/\\\/iai.pt\\\/web\\\/arquivos\\\/category\\\/noticias#listItem\",\"position\":2,\"name\":\"Noticias\",\"item\":\"http:\\\/\\\/iai.pt\\\/web\\\/arquivos\\\/category\\\/noticias\",\"nextItem\":{\"@type\":\"ListItem\",\"@id\":\"http:\\\/\\\/iai.pt\\\/web\\\/arquivos\\\/17707#listItem\",\"name\":\"Halloween no IAI com cinema, criatividade e pr\\u00e9mios inspirados em &#8220;Coraline&#8221;\"},\"previousItem\":{\"@type\":\"ListItem\",\"@id\":\"http:\\\/\\\/iai.pt\\\/web#listItem\",\"name\":\"In\\u00edcio\"}},{\"@type\":\"ListItem\",\"@id\":\"http:\\\/\\\/iai.pt\\\/web\\\/arquivos\\\/17707#listItem\",\"position\":3,\"name\":\"Halloween no IAI com cinema, criatividade e pr\\u00e9mios inspirados em &#8220;Coraline&#8221;\",\"previousItem\":{\"@type\":\"ListItem\",\"@id\":\"http:\\\/\\\/iai.pt\\\/web\\\/arquivos\\\/category\\\/noticias#listItem\",\"name\":\"Noticias\"}}]},{\"@type\":\"Organization\",\"@id\":\"http:\\\/\\\/iai.pt\\\/web\\\/#organization\",\"name\":\"Instituto das Artes e da Imagem\",\"description\":\"Escola Art\\u00edstica\",\"url\":\"http:\\\/\\\/iai.pt\\\/web\\\/\",\"telephone\":\"+351222000757\",\"logo\":{\"@type\":\"ImageObject\",\"url\":\"http:\\\/\\\/iai.pt\\\/web\\\/wp-content\\\/uploads\\\/2023\\\/05\\\/seo-logo.png\",\"@id\":\"http:\\\/\\\/iai.pt\\\/web\\\/arquivos\\\/17707\\\/#organizationLogo\",\"width\":105,\"height\":112},\"image\":{\"@id\":\"http:\\\/\\\/iai.pt\\\/web\\\/arquivos\\\/17707\\\/#organizationLogo\"},\"sameAs\":[\"https:\\\/\\\/www.facebook.com\\\/instituto.das.artes.imagem\",\"https:\\\/\\\/www.instagram.com\\\/iai_escola_de_artes\\\/\",\"https:\\\/\\\/www.youtube.com\\\/iaiwebmaster\"]},{\"@type\":\"Person\",\"@id\":\"http:\\\/\\\/iai.pt\\\/web\\\/arquivos\\\/author\\\/admin#author\",\"url\":\"http:\\\/\\\/iai.pt\\\/web\\\/arquivos\\\/author\\\/admin\",\"name\":\"admin\",\"image\":{\"@type\":\"ImageObject\",\"@id\":\"http:\\\/\\\/iai.pt\\\/web\\\/arquivos\\\/17707#authorImage\",\"url\":\"https:\\\/\\\/secure.gravatar.com\\\/avatar\\\/bad9c1ed8261989cbd54cb5e8fc92988405a8dc9925b0838cc9c034113770b1e?s=96&d=mm&r=g\",\"width\":96,\"height\":96,\"caption\":\"admin\"}},{\"@type\":\"WebPage\",\"@id\":\"http:\\\/\\\/iai.pt\\\/web\\\/arquivos\\\/17707#webpage\",\"url\":\"http:\\\/\\\/iai.pt\\\/web\\\/arquivos\\\/17707\",\"name\":\"Halloween no IAI com cinema, criatividade e pr\\u00e9mios inspirados em \\u201cCoraline\\u201d - IAI\",\"description\":\"Nos dias 30 e 31 de outubro, o Instituto das Artes e da Imagem celebrou o Halloween com sess\\u00f5es de cinema no audit\\u00f3rio, abertas a todas as turmas.O filme escolhido foi a anima\\u00e7\\u00e3o em stop-motion \\u201cCoraline e a Porta Secreta\\u201d, uma hist\\u00f3ria visualmente cativante e cheia de simbolismo.Entre mundos paralelos e escolhas tentadoras, o filme\",\"inLanguage\":\"pt-PT\",\"isPartOf\":{\"@id\":\"http:\\\/\\\/iai.pt\\\/web\\\/#website\"},\"breadcrumb\":{\"@id\":\"http:\\\/\\\/iai.pt\\\/web\\\/arquivos\\\/17707#breadcrumblist\"},\"author\":{\"@id\":\"http:\\\/\\\/iai.pt\\\/web\\\/arquivos\\\/author\\\/admin#author\"},\"creator\":{\"@id\":\"http:\\\/\\\/iai.pt\\\/web\\\/arquivos\\\/author\\\/admin#author\"},\"image\":{\"@type\":\"ImageObject\",\"url\":\"http:\\\/\\\/iai.pt\\\/web\\\/wp-content\\\/uploads\\\/2025\\\/11\\\/IMG_7546-scaled.jpg\",\"@id\":\"http:\\\/\\\/iai.pt\\\/web\\\/arquivos\\\/17707\\\/#mainImage\",\"width\":1920,\"height\":2560},\"primaryImageOfPage\":{\"@id\":\"http:\\\/\\\/iai.pt\\\/web\\\/arquivos\\\/17707#mainImage\"},\"datePublished\":\"2025-10-31T16:44:25+00:00\",\"dateModified\":\"2025-11-03T16:47:38+00:00\"},{\"@type\":\"WebSite\",\"@id\":\"http:\\\/\\\/iai.pt\\\/web\\\/#website\",\"url\":\"http:\\\/\\\/iai.pt\\\/web\\\/\",\"name\":\"IAI\",\"alternateName\":\"iai\",\"description\":\"Escola Art\\u00edstica\",\"inLanguage\":\"pt-PT\",\"publisher\":{\"@id\":\"http:\\\/\\\/iai.pt\\\/web\\\/#organization\"}}]}\n\t\t<\/script>\n\t\t<!-- All in One SEO -->\n\n","aioseo_head_json":{"title":"Halloween no IAI com cinema, criatividade e pr\u00e9mios inspirados em \u201cCoraline\u201d - IAI","description":"Nos dias 30 e 31 de outubro, o Instituto das Artes e da Imagem celebrou o Halloween com sess\u00f5es de cinema no audit\u00f3rio, abertas a todas as turmas.O filme escolhido foi a anima\u00e7\u00e3o em stop-motion \u201cCoraline e a Porta Secreta\u201d, uma hist\u00f3ria visualmente cativante e cheia de simbolismo.Entre mundos paralelos e escolhas tentadoras, o filme","canonical_url":"http:\/\/iai.pt\/web\/arquivos\/17707","robots":"max-image-preview:large","keywords":"","webmasterTools":{"miscellaneous":""},"schema":{"@context":"https:\/\/schema.org","@graph":[{"@type":"BlogPosting","@id":"http:\/\/iai.pt\/web\/arquivos\/17707#blogposting","name":"Halloween no IAI com cinema, criatividade e pr\u00e9mios inspirados em \u201cCoraline\u201d - IAI","headline":"Halloween no IAI com cinema, criatividade e pr\u00e9mios inspirados em &#8220;Coraline&#8221;","author":{"@id":"http:\/\/iai.pt\/web\/arquivos\/author\/admin#author"},"publisher":{"@id":"http:\/\/iai.pt\/web\/#organization"},"image":{"@type":"ImageObject","url":"http:\/\/iai.pt\/web\/wp-content\/uploads\/2025\/11\/IMG_7546-scaled.jpg","width":1920,"height":2560},"datePublished":"2025-10-31T16:44:25+00:00","dateModified":"2025-11-03T16:47:38+00:00","inLanguage":"pt-PT","mainEntityOfPage":{"@id":"http:\/\/iai.pt\/web\/arquivos\/17707#webpage"},"isPartOf":{"@id":"http:\/\/iai.pt\/web\/arquivos\/17707#webpage"},"articleSection":"Noticias"},{"@type":"BreadcrumbList","@id":"http:\/\/iai.pt\/web\/arquivos\/17707#breadcrumblist","itemListElement":[{"@type":"ListItem","@id":"http:\/\/iai.pt\/web#listItem","position":1,"name":"In\u00edcio","item":"http:\/\/iai.pt\/web","nextItem":{"@type":"ListItem","@id":"http:\/\/iai.pt\/web\/arquivos\/category\/noticias#listItem","name":"Noticias"}},{"@type":"ListItem","@id":"http:\/\/iai.pt\/web\/arquivos\/category\/noticias#listItem","position":2,"name":"Noticias","item":"http:\/\/iai.pt\/web\/arquivos\/category\/noticias","nextItem":{"@type":"ListItem","@id":"http:\/\/iai.pt\/web\/arquivos\/17707#listItem","name":"Halloween no IAI com cinema, criatividade e pr\u00e9mios inspirados em &#8220;Coraline&#8221;"},"previousItem":{"@type":"ListItem","@id":"http:\/\/iai.pt\/web#listItem","name":"In\u00edcio"}},{"@type":"ListItem","@id":"http:\/\/iai.pt\/web\/arquivos\/17707#listItem","position":3,"name":"Halloween no IAI com cinema, criatividade e pr\u00e9mios inspirados em &#8220;Coraline&#8221;","previousItem":{"@type":"ListItem","@id":"http:\/\/iai.pt\/web\/arquivos\/category\/noticias#listItem","name":"Noticias"}}]},{"@type":"Organization","@id":"http:\/\/iai.pt\/web\/#organization","name":"Instituto das Artes e da Imagem","description":"Escola Art\u00edstica","url":"http:\/\/iai.pt\/web\/","telephone":"+351222000757","logo":{"@type":"ImageObject","url":"http:\/\/iai.pt\/web\/wp-content\/uploads\/2023\/05\/seo-logo.png","@id":"http:\/\/iai.pt\/web\/arquivos\/17707\/#organizationLogo","width":105,"height":112},"image":{"@id":"http:\/\/iai.pt\/web\/arquivos\/17707\/#organizationLogo"},"sameAs":["https:\/\/www.facebook.com\/instituto.das.artes.imagem","https:\/\/www.instagram.com\/iai_escola_de_artes\/","https:\/\/www.youtube.com\/iaiwebmaster"]},{"@type":"Person","@id":"http:\/\/iai.pt\/web\/arquivos\/author\/admin#author","url":"http:\/\/iai.pt\/web\/arquivos\/author\/admin","name":"admin","image":{"@type":"ImageObject","@id":"http:\/\/iai.pt\/web\/arquivos\/17707#authorImage","url":"https:\/\/secure.gravatar.com\/avatar\/bad9c1ed8261989cbd54cb5e8fc92988405a8dc9925b0838cc9c034113770b1e?s=96&d=mm&r=g","width":96,"height":96,"caption":"admin"}},{"@type":"WebPage","@id":"http:\/\/iai.pt\/web\/arquivos\/17707#webpage","url":"http:\/\/iai.pt\/web\/arquivos\/17707","name":"Halloween no IAI com cinema, criatividade e pr\u00e9mios inspirados em \u201cCoraline\u201d - IAI","description":"Nos dias 30 e 31 de outubro, o Instituto das Artes e da Imagem celebrou o Halloween com sess\u00f5es de cinema no audit\u00f3rio, abertas a todas as turmas.O filme escolhido foi a anima\u00e7\u00e3o em stop-motion \u201cCoraline e a Porta Secreta\u201d, uma hist\u00f3ria visualmente cativante e cheia de simbolismo.Entre mundos paralelos e escolhas tentadoras, o filme","inLanguage":"pt-PT","isPartOf":{"@id":"http:\/\/iai.pt\/web\/#website"},"breadcrumb":{"@id":"http:\/\/iai.pt\/web\/arquivos\/17707#breadcrumblist"},"author":{"@id":"http:\/\/iai.pt\/web\/arquivos\/author\/admin#author"},"creator":{"@id":"http:\/\/iai.pt\/web\/arquivos\/author\/admin#author"},"image":{"@type":"ImageObject","url":"http:\/\/iai.pt\/web\/wp-content\/uploads\/2025\/11\/IMG_7546-scaled.jpg","@id":"http:\/\/iai.pt\/web\/arquivos\/17707\/#mainImage","width":1920,"height":2560},"primaryImageOfPage":{"@id":"http:\/\/iai.pt\/web\/arquivos\/17707#mainImage"},"datePublished":"2025-10-31T16:44:25+00:00","dateModified":"2025-11-03T16:47:38+00:00"},{"@type":"WebSite","@id":"http:\/\/iai.pt\/web\/#website","url":"http:\/\/iai.pt\/web\/","name":"IAI","alternateName":"iai","description":"Escola Art\u00edstica","inLanguage":"pt-PT","publisher":{"@id":"http:\/\/iai.pt\/web\/#organization"}}]},"og:locale":"pt_PT","og:site_name":"IAI - Escola Art\u00edstica","og:type":"article","og:title":"Halloween no IAI com cinema, criatividade e pr\u00e9mios inspirados em \u201cCoraline\u201d - IAI","og:description":"Nos dias 30 e 31 de outubro, o Instituto das Artes e da Imagem celebrou o Halloween com sess\u00f5es de cinema no audit\u00f3rio, abertas a todas as turmas.O filme escolhido foi a anima\u00e7\u00e3o em stop-motion \u201cCoraline e a Porta Secreta\u201d, uma hist\u00f3ria visualmente cativante e cheia de simbolismo.Entre mundos paralelos e escolhas tentadoras, o filme","og:url":"http:\/\/iai.pt\/web\/arquivos\/17707","og:image":"http:\/\/iai.pt\/web\/wp-content\/uploads\/2023\/05\/seo-logo.png","og:image:width":105,"og:image:height":112,"article:published_time":"2025-10-31T16:44:25+00:00","article:modified_time":"2025-11-03T16:47:38+00:00","article:publisher":"https:\/\/www.facebook.com\/instituto.das.artes.imagem","twitter:card":"summary_large_image","twitter:title":"Halloween no IAI com cinema, criatividade e pr\u00e9mios inspirados em \u201cCoraline\u201d - IAI","twitter:description":"Nos dias 30 e 31 de outubro, o Instituto das Artes e da Imagem celebrou o Halloween com sess\u00f5es de cinema no audit\u00f3rio, abertas a todas as turmas.O filme escolhido foi a anima\u00e7\u00e3o em stop-motion \u201cCoraline e a Porta Secreta\u201d, uma hist\u00f3ria visualmente cativante e cheia de simbolismo.Entre mundos paralelos e escolhas tentadoras, o filme","twitter:image":"http:\/\/iai.pt\/web\/wp-content\/uploads\/2023\/05\/seo-logo.png"},"aioseo_meta_data":{"post_id":"17707","title":null,"description":null,"keywords":null,"keyphrases":{"focus":{"keyphrase":"","score":0,"analysis":{"keyphraseInTitle":{"score":0,"maxScore":9,"error":1}}},"additional":[]},"primary_term":null,"canonical_url":null,"og_title":null,"og_description":null,"og_object_type":"default","og_image_type":"default","og_image_url":null,"og_image_width":null,"og_image_height":null,"og_image_custom_url":null,"og_image_custom_fields":null,"og_video":"","og_custom_url":null,"og_article_section":null,"og_article_tags":null,"twitter_use_og":false,"twitter_card":"default","twitter_image_type":"default","twitter_image_url":null,"twitter_image_custom_url":null,"twitter_image_custom_fields":null,"twitter_title":null,"twitter_description":null,"schema":{"blockGraphs":[],"customGraphs":[],"default":{"data":{"Article":[],"Course":[],"Dataset":[],"FAQPage":[],"Movie":[],"Person":[],"Product":[],"ProductReview":[],"Car":[],"Recipe":[],"Service":[],"SoftwareApplication":[],"WebPage":[]},"graphName":"BlogPosting","isEnabled":true},"graphs":[]},"schema_type":"default","schema_type_options":null,"pillar_content":false,"robots_default":true,"robots_noindex":false,"robots_noarchive":false,"robots_nosnippet":false,"robots_nofollow":false,"robots_noimageindex":false,"robots_noodp":false,"robots_notranslate":false,"robots_max_snippet":"-1","robots_max_videopreview":"-1","robots_max_imagepreview":"large","priority":null,"frequency":"default","local_seo":null,"breadcrumb_settings":null,"limit_modified_date":false,"ai":{"faqs":[],"keyPoints":[],"titles":[],"descriptions":[],"socialPosts":{"email":[],"linkedin":[],"twitter":[],"facebook":[],"instagram":[]}},"created":"2025-11-03 16:46:55","updated":"2025-11-03 16:54:45","seo_analyzer_scan_date":null},"aioseo_breadcrumb":"<div class=\"aioseo-breadcrumbs\"><span class=\"aioseo-breadcrumb\">\n\t\t\t<a href=\"http:\/\/iai.pt\/web\" title=\"In\u00edcio\">In\u00edcio<\/a>\n\t\t<\/span><span class=\"aioseo-breadcrumb-separator\">\u00bb<\/span><span class=\"aioseo-breadcrumb\">\n\t\t\t<a href=\"http:\/\/iai.pt\/web\/arquivos\/category\/noticias\" title=\"Noticias\">Noticias<\/a>\n\t\t<\/span><span class=\"aioseo-breadcrumb-separator\">\u00bb<\/span><span class=\"aioseo-breadcrumb\">\n\t\t\tHalloween no IAI com cinema, criatividade e pr\u00e9mios inspirados em \u201cCoraline\u201d\n\t\t<\/span><\/div>","aioseo_breadcrumb_json":[{"label":"In\u00edcio","link":"http:\/\/iai.pt\/web"},{"label":"Noticias","link":"http:\/\/iai.pt\/web\/arquivos\/category\/noticias"},{"label":"Halloween no IAI com cinema, criatividade e pr\u00e9mios inspirados em &#8220;Coraline&#8221;","link":"http:\/\/iai.pt\/web\/arquivos\/17707"}],"_links":{"self":[{"href":"http:\/\/iai.pt\/web\/wp-json\/wp\/v2\/posts\/17707","targetHints":{"allow":["GET"]}}],"collection":[{"href":"http:\/\/iai.pt\/web\/wp-json\/wp\/v2\/posts"}],"about":[{"href":"http:\/\/iai.pt\/web\/wp-json\/wp\/v2\/types\/post"}],"author":[{"embeddable":true,"href":"http:\/\/iai.pt\/web\/wp-json\/wp\/v2\/users\/1"}],"replies":[{"embeddable":true,"href":"http:\/\/iai.pt\/web\/wp-json\/wp\/v2\/comments?post=17707"}],"version-history":[{"count":2,"href":"http:\/\/iai.pt\/web\/wp-json\/wp\/v2\/posts\/17707\/revisions"}],"predecessor-version":[{"id":17711,"href":"http:\/\/iai.pt\/web\/wp-json\/wp\/v2\/posts\/17707\/revisions\/17711"}],"wp:featuredmedia":[{"embeddable":true,"href":"http:\/\/iai.pt\/web\/wp-json\/wp\/v2\/media\/17709"}],"wp:attachment":[{"href":"http:\/\/iai.pt\/web\/wp-json\/wp\/v2\/media?parent=17707"}],"wp:term":[{"taxonomy":"category","embeddable":true,"href":"http:\/\/iai.pt\/web\/wp-json\/wp\/v2\/categories?post=17707"},{"taxonomy":"post_tag","embeddable":true,"href":"http:\/\/iai.pt\/web\/wp-json\/wp\/v2\/tags?post=17707"}],"curies":[{"name":"wp","href":"https:\/\/api.w.org\/{rel}","templated":true}]}}