{"id":17738,"date":"2025-11-06T09:52:22","date_gmt":"2025-11-06T09:52:22","guid":{"rendered":"https:\/\/iai.pt\/web\/?p=17738"},"modified":"2025-11-10T09:55:42","modified_gmt":"2025-11-10T09:55:42","slug":"alunos-do-iai-visitaram-a-concreta-e-exploraram-tendencias-do-design","status":"publish","type":"post","link":"http:\/\/iai.pt\/web\/arquivos\/17738","title":{"rendered":"Alunos do IAI visitaram a +Concreta e exploraram tend\u00eancias do Design"},"content":{"rendered":"<p>[et_pb_section fb_built=&#8221;1&#8243; _builder_version=&#8221;4.27.4&#8243; _module_preset=&#8221;default&#8221; global_colors_info=&#8221;{}&#8221; theme_builder_area=&#8221;post_content&#8221;][et_pb_row _builder_version=&#8221;4.27.4&#8243; _module_preset=&#8221;default&#8221; global_colors_info=&#8221;{}&#8221; theme_builder_area=&#8221;post_content&#8221;][et_pb_column type=&#8221;4_4&#8243; _builder_version=&#8221;4.27.4&#8243; _module_preset=&#8221;default&#8221; global_colors_info=&#8221;{}&#8221; theme_builder_area=&#8221;post_content&#8221;][et_pb_text _builder_version=&#8221;4.27.4&#8243; _module_preset=&#8221;default&#8221; global_colors_info=&#8221;{}&#8221; theme_builder_area=&#8221;post_content&#8221;]<\/p>\n<p data-start=\"210\" data-end=\"599\">Hoje, dia 6 de novembro, os alunos do 12.\u00ba ano dos Cursos Profissionais de Design de Equipamento e de Comunica\u00e7\u00e3o e Servi\u00e7o Digital visitaram a Feira +Concreta \u2014 Tend\u00eancias para a Arquitetura e Design, na Alf\u00e2ndega do Porto.<br \/>A visita, realizada no \u00e2mbito do desenvolvimento dos Projetos de Aptid\u00e3o Profissional (PAP), teve como objetivo a explora\u00e7\u00e3o de novas ideias e fontes de inspira\u00e7\u00e3o para os trabalhos finais dos alunos.<br \/>Antes de chegarem \u00e0 feira, os alunos tiveram uma agrad\u00e1vel surpresa: uma viagem de el\u00e9trico pelas ruas do Porto, que se revelou uma aut\u00eantica viagem no tempo.<br \/>Durante a visita \u00e0 +Concreta, destaque para o contacto com a Flowco, uma marca portuguesa que aposta na sustentabilidade e no design circular. A Flowco transforma materiais descartados, como borrachas, solas de sapato e pneus, em solu\u00e7\u00f5es decorativas inovadoras para pisos e revestimentos, contribuindo para um futuro mais ecol\u00f3gico e criativo.<br \/>Foi uma manh\u00e3 inspiradora, repleta de arte, design e consci\u00eancia ambiental.<\/p>\n<p>[\/et_pb_text][et_pb_image src=&#8221;http:\/\/iai.pt\/web\/wp-content\/uploads\/2025\/11\/IMG_7595-scaled.jpg&#8221; title_text=&#8221;IMG_7595&#8243; _builder_version=&#8221;4.27.4&#8243; _module_preset=&#8221;default&#8221; hover_enabled=&#8221;0&#8243; global_colors_info=&#8221;{}&#8221; theme_builder_area=&#8221;post_content&#8221; sticky_enabled=&#8221;0&#8243;][\/et_pb_image][\/et_pb_column][\/et_pb_row][\/et_pb_section]<\/p>\n","protected":false},"excerpt":{"rendered":"<p>Hoje, dia 6 de novembro, os alunos do 12.\u00ba ano dos Cursos Profissionais de Design de Equipamento e de Comunica\u00e7\u00e3o e Servi\u00e7o Digital visitaram a Feira +Concreta \u2014 Tend\u00eancias para a Arquitetura e Design, na Alf\u00e2ndega do Porto.A visita, realizada no \u00e2mbito do desenvolvimento dos Projetos de Aptid\u00e3o Profissional (PAP), teve como objetivo a explora\u00e7\u00e3o [&hellip;]<\/p>\n","protected":false},"author":1,"featured_media":17716,"comment_status":"open","ping_status":"open","sticky":false,"template":"","format":"standard","meta":{"_et_pb_use_builder":"on","_et_pb_old_content":"","_et_gb_content_width":"","footnotes":""},"categories":[60],"tags":[],"class_list":["post-17738","post","type-post","status-publish","format-standard","has-post-thumbnail","hentry","category-noticias"],"aioseo_notices":[],"_links":{"self":[{"href":"http:\/\/iai.pt\/web\/wp-json\/wp\/v2\/posts\/17738","targetHints":{"allow":["GET"]}}],"collection":[{"href":"http:\/\/iai.pt\/web\/wp-json\/wp\/v2\/posts"}],"about":[{"href":"http:\/\/iai.pt\/web\/wp-json\/wp\/v2\/types\/post"}],"author":[{"embeddable":true,"href":"http:\/\/iai.pt\/web\/wp-json\/wp\/v2\/users\/1"}],"replies":[{"embeddable":true,"href":"http:\/\/iai.pt\/web\/wp-json\/wp\/v2\/comments?post=17738"}],"version-history":[{"count":2,"href":"http:\/\/iai.pt\/web\/wp-json\/wp\/v2\/posts\/17738\/revisions"}],"predecessor-version":[{"id":17740,"href":"http:\/\/iai.pt\/web\/wp-json\/wp\/v2\/posts\/17738\/revisions\/17740"}],"wp:featuredmedia":[{"embeddable":true,"href":"http:\/\/iai.pt\/web\/wp-json\/wp\/v2\/media\/17716"}],"wp:attachment":[{"href":"http:\/\/iai.pt\/web\/wp-json\/wp\/v2\/media?parent=17738"}],"wp:term":[{"taxonomy":"category","embeddable":true,"href":"http:\/\/iai.pt\/web\/wp-json\/wp\/v2\/categories?post=17738"},{"taxonomy":"post_tag","embeddable":true,"href":"http:\/\/iai.pt\/web\/wp-json\/wp\/v2\/tags?post=17738"}],"curies":[{"name":"wp","href":"https:\/\/api.w.org\/{rel}","templated":true}]}}