{"id":17741,"date":"2025-11-07T09:57:05","date_gmt":"2025-11-07T09:57:05","guid":{"rendered":"https:\/\/iai.pt\/web\/?p=17741"},"modified":"2025-11-10T10:02:13","modified_gmt":"2025-11-10T10:02:13","slug":"arte-romantica-e-naturalista-em-destaque-no-museu-soares-dos-reis","status":"publish","type":"post","link":"http:\/\/iai.pt\/web\/arquivos\/17741","title":{"rendered":"Arte rom\u00e2ntica e naturalista\u00a0em destaque no\u00a0Museu Soares dos Reis"},"content":{"rendered":"<p>[et_pb_section fb_built=&#8221;1&#8243; _builder_version=&#8221;4.27.4&#8243; _module_preset=&#8221;default&#8221; global_colors_info=&#8221;{}&#8221; theme_builder_area=&#8221;post_content&#8221;][et_pb_row _builder_version=&#8221;4.27.4&#8243; _module_preset=&#8221;default&#8221; global_colors_info=&#8221;{}&#8221; theme_builder_area=&#8221;post_content&#8221;][et_pb_column type=&#8221;4_4&#8243; _builder_version=&#8221;4.27.4&#8243; _module_preset=&#8221;default&#8221; global_colors_info=&#8221;{}&#8221; theme_builder_area=&#8221;post_content&#8221;][et_pb_text _builder_version=&#8221;4.27.4&#8243; _module_preset=&#8221;default&#8221; global_colors_info=&#8221;{}&#8221; theme_builder_area=&#8221;post_content&#8221;]<\/p>\n<p>No passado dia 07 de Novembro, os alunos das turmas 12.\u00baI e 12.\u00baA do Ensino Art\u00edstico Especializado realizaram uma enriquecedora visita de estudo ao Museu Nacional Soares dos Reis, no \u00e2mbito da disciplina de Hist\u00f3ria da Cultura e das Artes.<\/p>\n<p>A atividade teve como principal objetivo aprofundar o conhecimento sobre a pintura rom\u00e2ntica e naturalista portuguesa, atrav\u00e9s da observa\u00e7\u00e3o direta de obras representativas destes movimentos art\u00edsticos. Os alunos tiveram ainda a oportunidade de conhecer de perto a extraordin\u00e1ria escultura de Ant\u00f3nio Soares dos Reis, figura incontorn\u00e1vel da arte portuguesa, cuja sensibilidade e express\u00e3o continuam a inspirar gera\u00e7\u00f5es.<\/p>\n<p>Esta visita permitiu um contacto direto com o patrim\u00f3nio art\u00edstico nacional, promovendo a reflex\u00e3o cr\u00edtica e o enriquecimento cultural dos alunos \u2014 uma verdadeira aula viva de arte e hist\u00f3ria!<\/p>\n<p>[\/et_pb_text][et_pb_image src=&#8221;http:\/\/iai.pt\/web\/wp-content\/uploads\/2025\/11\/20251107_121715-scaled.jpg&#8221; title_text=&#8221;20251107_121715&#8243; _builder_version=&#8221;4.27.4&#8243; _module_preset=&#8221;default&#8221; hover_enabled=&#8221;0&#8243; global_colors_info=&#8221;{}&#8221; theme_builder_area=&#8221;post_content&#8221; sticky_enabled=&#8221;0&#8243;][\/et_pb_image][\/et_pb_column][\/et_pb_row][\/et_pb_section]<\/p>\n","protected":false},"excerpt":{"rendered":"<p>No passado dia 07 de Novembro, os alunos das turmas 12.\u00baI e 12.\u00baA do Ensino Art\u00edstico Especializado realizaram uma enriquecedora visita de estudo ao Museu Nacional Soares dos Reis, no \u00e2mbito da disciplina de Hist\u00f3ria da Cultura e das Artes. A atividade teve como principal objetivo aprofundar o conhecimento sobre a pintura rom\u00e2ntica e naturalista [&hellip;]<\/p>\n","protected":false},"author":1,"featured_media":17717,"comment_status":"open","ping_status":"open","sticky":false,"template":"","format":"standard","meta":{"_et_pb_use_builder":"on","_et_pb_old_content":"","_et_gb_content_width":"","footnotes":""},"categories":[60],"tags":[],"class_list":["post-17741","post","type-post","status-publish","format-standard","has-post-thumbnail","hentry","category-noticias"],"aioseo_notices":[],"_links":{"self":[{"href":"http:\/\/iai.pt\/web\/wp-json\/wp\/v2\/posts\/17741","targetHints":{"allow":["GET"]}}],"collection":[{"href":"http:\/\/iai.pt\/web\/wp-json\/wp\/v2\/posts"}],"about":[{"href":"http:\/\/iai.pt\/web\/wp-json\/wp\/v2\/types\/post"}],"author":[{"embeddable":true,"href":"http:\/\/iai.pt\/web\/wp-json\/wp\/v2\/users\/1"}],"replies":[{"embeddable":true,"href":"http:\/\/iai.pt\/web\/wp-json\/wp\/v2\/comments?post=17741"}],"version-history":[{"count":2,"href":"http:\/\/iai.pt\/web\/wp-json\/wp\/v2\/posts\/17741\/revisions"}],"predecessor-version":[{"id":17744,"href":"http:\/\/iai.pt\/web\/wp-json\/wp\/v2\/posts\/17741\/revisions\/17744"}],"wp:featuredmedia":[{"embeddable":true,"href":"http:\/\/iai.pt\/web\/wp-json\/wp\/v2\/media\/17717"}],"wp:attachment":[{"href":"http:\/\/iai.pt\/web\/wp-json\/wp\/v2\/media?parent=17741"}],"wp:term":[{"taxonomy":"category","embeddable":true,"href":"http:\/\/iai.pt\/web\/wp-json\/wp\/v2\/categories?post=17741"},{"taxonomy":"post_tag","embeddable":true,"href":"http:\/\/iai.pt\/web\/wp-json\/wp\/v2\/tags?post=17741"}],"curies":[{"name":"wp","href":"https:\/\/api.w.org\/{rel}","templated":true}]}}