{"id":17796,"date":"2025-11-21T13:05:20","date_gmt":"2025-11-21T13:05:20","guid":{"rendered":"https:\/\/iai.pt\/web\/?p=17796"},"modified":"2025-11-26T14:20:43","modified_gmt":"2025-11-26T14:20:43","slug":"exposicao-kengo-kuma-onomatopeia-inspira-visita-a-casa-da-arquitetura","status":"publish","type":"post","link":"http:\/\/iai.pt\/web\/arquivos\/17796","title":{"rendered":"Exposi\u00e7\u00e3o \u201cKengo Kuma: Onomatopeia\u201d\u00a0inspira visita \u00e0 Casa da Arquitetura"},"content":{"rendered":"\n[et_pb_section fb_built=&#8221;1&#8243; _builder_version=&#8221;4.27.4&#8243; _module_preset=&#8221;default&#8221; global_colors_info=&#8221;{}&#8221; theme_builder_area=&#8221;post_content&#8221;][et_pb_row _builder_version=&#8221;4.27.4&#8243; _module_preset=&#8221;default&#8221; global_colors_info=&#8221;{}&#8221; theme_builder_area=&#8221;post_content&#8221;][et_pb_column type=&#8221;4_4&#8243; _builder_version=&#8221;4.27.4&#8243; _module_preset=&#8221;default&#8221; global_colors_info=&#8221;{}&#8221; theme_builder_area=&#8221;post_content&#8221;][et_pb_text _builder_version=&#8221;4.27.4&#8243; _module_preset=&#8221;default&#8221; global_colors_info=&#8221;{}&#8221; theme_builder_area=&#8221;post_content&#8221;]<p data-start=\"123\" data-end=\"400\">No dia <strong data-start=\"130\" data-end=\"148\">21 de novembro<\/strong>, realizou-se uma visita \u00e0 exposi\u00e7\u00e3o <strong data-start=\"185\" data-end=\"214\">\u201cKengo Kuma: Onomatopeia\u201d<\/strong>, patente na Casa da Arquitetura at\u00e9 mar\u00e7o de 2026. A atividade permitiu explorar a obra do reconhecido arquiteto japon\u00eas, cujo trabalho se estende por v\u00e1rios pa\u00edses, incluindo Portugal.<\/p>\n<p data-start=\"402\" data-end=\"773\">Entre os projetos destacados est\u00e1 a renova\u00e7\u00e3o do <strong data-start=\"451\" data-end=\"488\">Centro de Arte Moderna Gulbenkian<\/strong>, desenvolvida por Kengo Kuma &amp; Associates em colabora\u00e7\u00e3o com os ateliers <strong data-start=\"562\" data-end=\"570\">OODA<\/strong> e <strong data-start=\"573\" data-end=\"581\">VDLA<\/strong>. No Porto, o arquiteto, novamente com os OODA, venceu o concurso de reconvers\u00e3o do <strong data-start=\"665\" data-end=\"697\">antigo Matadouro de Campanh\u00e3<\/strong>, um dos projetos mais emblem\u00e1ticos atualmente em desenvolvimento na cidade.<\/p>\n<p data-start=\"775\" data-end=\"1014\">A visita ganhou ainda mais significado por coincidir com o <strong data-start=\"834\" data-end=\"876\">8.\u00ba anivers\u00e1rio da Casa da Arquitetura<\/strong>, permitindo aos participantes celebrar esta institui\u00e7\u00e3o enquanto aprofundavam o seu contacto com o universo da arquitetura contempor\u00e2nea.<\/p>[\/et_pb_text][et_pb_image src=&#8221;http:\/\/iai.pt\/web\/wp-content\/uploads\/2025\/11\/WhatsApp-Image-2025-11-25-at-12.04.02-7.jpeg&#8221; title_text=&#8221;WhatsApp Image 2025-11-25 at 12.04.02 (7)&#8221; _builder_version=&#8221;4.27.4&#8243; _module_preset=&#8221;default&#8221; hover_enabled=&#8221;0&#8243; global_colors_info=&#8221;{}&#8221; theme_builder_area=&#8221;post_content&#8221; sticky_enabled=&#8221;0&#8243;][\/et_pb_image][\/et_pb_column][\/et_pb_row][\/et_pb_section]\n","protected":false},"excerpt":{"rendered":"<p>No dia 21 de novembro, realizou-se uma visita \u00e0 exposi\u00e7\u00e3o \u201cKengo Kuma: Onomatopeia\u201d, patente na Casa da Arquitetura at\u00e9 mar\u00e7o de 2026. A atividade permitiu explorar a obra do reconhecido arquiteto japon\u00eas, cujo trabalho se estende por v\u00e1rios pa\u00edses, incluindo Portugal. Entre os projetos destacados est\u00e1 a renova\u00e7\u00e3o do Centro de Arte Moderna Gulbenkian, desenvolvida [&hellip;]<\/p>\n","protected":false},"author":1,"featured_media":17788,"comment_status":"open","ping_status":"open","sticky":false,"template":"","format":"standard","meta":{"_et_pb_use_builder":"on","_et_pb_old_content":"","_et_gb_content_width":"","footnotes":"","_members_access_role":[],"_members_access_error":""},"categories":[60],"tags":[],"class_list":["post-17796","post","type-post","status-publish","format-standard","has-post-thumbnail","hentry","category-noticias"],"aioseo_notices":[],"aioseo_head":"\n\t\t<!-- All in One SEO 4.9.10 - aioseo.com -->\n\t<meta name=\"description\" content=\"No dia 21 de novembro, realizou-se uma visita \u00e0 exposi\u00e7\u00e3o \u201cKengo Kuma: Onomatopeia\u201d, patente na Casa da Arquitetura at\u00e9 mar\u00e7o de 2026. A atividade permitiu explorar a obra do reconhecido arquiteto japon\u00eas, cujo trabalho se estende por v\u00e1rios pa\u00edses, incluindo Portugal. Entre os projetos destacados est\u00e1 a renova\u00e7\u00e3o do Centro de Arte Moderna Gulbenkian, desenvolvida\" \/>\n\t<meta name=\"robots\" content=\"max-image-preview:large\" \/>\n\t<meta name=\"author\" content=\"admin\"\/>\n\t<link rel=\"canonical\" href=\"http:\/\/iai.pt\/web\/arquivos\/17796\" \/>\n\t<meta name=\"generator\" content=\"All in One SEO (AIOSEO) 4.9.10\" \/>\n\t\t<meta property=\"og:locale\" content=\"pt_PT\" \/>\n\t\t<meta property=\"og:site_name\" content=\"IAI - Escola Art\u00edstica\" \/>\n\t\t<meta property=\"og:type\" content=\"article\" \/>\n\t\t<meta property=\"og:title\" content=\"Exposi\u00e7\u00e3o \u201cKengo Kuma: Onomatopeia\u201d inspira visita \u00e0 Casa da Arquitetura - IAI\" \/>\n\t\t<meta property=\"og:description\" content=\"No dia 21 de novembro, realizou-se uma visita \u00e0 exposi\u00e7\u00e3o \u201cKengo Kuma: Onomatopeia\u201d, patente na Casa da Arquitetura at\u00e9 mar\u00e7o de 2026. A atividade permitiu explorar a obra do reconhecido arquiteto japon\u00eas, cujo trabalho se estende por v\u00e1rios pa\u00edses, incluindo Portugal. Entre os projetos destacados est\u00e1 a renova\u00e7\u00e3o do Centro de Arte Moderna Gulbenkian, desenvolvida\" \/>\n\t\t<meta property=\"og:url\" content=\"http:\/\/iai.pt\/web\/arquivos\/17796\" \/>\n\t\t<meta property=\"og:image\" content=\"http:\/\/iai.pt\/web\/wp-content\/uploads\/2023\/05\/seo-logo.png\" \/>\n\t\t<meta property=\"og:image:width\" content=\"105\" \/>\n\t\t<meta property=\"og:image:height\" content=\"112\" \/>\n\t\t<meta property=\"article:published_time\" content=\"2025-11-21T13:05:20+00:00\" \/>\n\t\t<meta property=\"article:modified_time\" content=\"2025-11-26T14:20:43+00:00\" \/>\n\t\t<meta property=\"article:publisher\" content=\"https:\/\/www.facebook.com\/instituto.das.artes.imagem\" \/>\n\t\t<meta name=\"twitter:card\" content=\"summary_large_image\" \/>\n\t\t<meta name=\"twitter:title\" content=\"Exposi\u00e7\u00e3o \u201cKengo Kuma: Onomatopeia\u201d inspira visita \u00e0 Casa da Arquitetura - IAI\" \/>\n\t\t<meta name=\"twitter:description\" content=\"No dia 21 de novembro, realizou-se uma visita \u00e0 exposi\u00e7\u00e3o \u201cKengo Kuma: Onomatopeia\u201d, patente na Casa da Arquitetura at\u00e9 mar\u00e7o de 2026. A atividade permitiu explorar a obra do reconhecido arquiteto japon\u00eas, cujo trabalho se estende por v\u00e1rios pa\u00edses, incluindo Portugal. Entre os projetos destacados est\u00e1 a renova\u00e7\u00e3o do Centro de Arte Moderna Gulbenkian, desenvolvida\" \/>\n\t\t<meta name=\"twitter:image\" content=\"http:\/\/iai.pt\/web\/wp-content\/uploads\/2023\/05\/seo-logo.png\" \/>\n\t\t<script type=\"application\/ld+json\" class=\"aioseo-schema\">\n\t\t\t{\"@context\":\"https:\\\/\\\/schema.org\",\"@graph\":[{\"@type\":\"BlogPosting\",\"@id\":\"http:\\\/\\\/iai.pt\\\/web\\\/arquivos\\\/17796#blogposting\",\"name\":\"Exposi\\u00e7\\u00e3o \\u201cKengo Kuma: Onomatopeia\\u201d inspira visita \\u00e0 Casa da Arquitetura - IAI\",\"headline\":\"Exposi\\u00e7\\u00e3o \\u201cKengo Kuma: Onomatopeia\\u201d\\u00a0inspira visita \\u00e0 Casa da Arquitetura\",\"author\":{\"@id\":\"http:\\\/\\\/iai.pt\\\/web\\\/arquivos\\\/author\\\/admin#author\"},\"publisher\":{\"@id\":\"http:\\\/\\\/iai.pt\\\/web\\\/#organization\"},\"image\":{\"@type\":\"ImageObject\",\"url\":\"http:\\\/\\\/iai.pt\\\/web\\\/wp-content\\\/uploads\\\/2025\\\/11\\\/WhatsApp-Image-2025-11-25-at-12.04.02-7.jpeg\",\"width\":1200,\"height\":1600},\"datePublished\":\"2025-11-21T13:05:20+00:00\",\"dateModified\":\"2025-11-26T14:20:43+00:00\",\"inLanguage\":\"pt-PT\",\"mainEntityOfPage\":{\"@id\":\"http:\\\/\\\/iai.pt\\\/web\\\/arquivos\\\/17796#webpage\"},\"isPartOf\":{\"@id\":\"http:\\\/\\\/iai.pt\\\/web\\\/arquivos\\\/17796#webpage\"},\"articleSection\":\"Noticias\"},{\"@type\":\"BreadcrumbList\",\"@id\":\"http:\\\/\\\/iai.pt\\\/web\\\/arquivos\\\/17796#breadcrumblist\",\"itemListElement\":[{\"@type\":\"ListItem\",\"@id\":\"http:\\\/\\\/iai.pt\\\/web#listItem\",\"position\":1,\"name\":\"In\\u00edcio\",\"item\":\"http:\\\/\\\/iai.pt\\\/web\",\"nextItem\":{\"@type\":\"ListItem\",\"@id\":\"http:\\\/\\\/iai.pt\\\/web\\\/arquivos\\\/category\\\/noticias#listItem\",\"name\":\"Noticias\"}},{\"@type\":\"ListItem\",\"@id\":\"http:\\\/\\\/iai.pt\\\/web\\\/arquivos\\\/category\\\/noticias#listItem\",\"position\":2,\"name\":\"Noticias\",\"item\":\"http:\\\/\\\/iai.pt\\\/web\\\/arquivos\\\/category\\\/noticias\",\"nextItem\":{\"@type\":\"ListItem\",\"@id\":\"http:\\\/\\\/iai.pt\\\/web\\\/arquivos\\\/17796#listItem\",\"name\":\"Exposi\\u00e7\\u00e3o \\u201cKengo Kuma: Onomatopeia\\u201d\\u00a0inspira visita \\u00e0 Casa da Arquitetura\"},\"previousItem\":{\"@type\":\"ListItem\",\"@id\":\"http:\\\/\\\/iai.pt\\\/web#listItem\",\"name\":\"In\\u00edcio\"}},{\"@type\":\"ListItem\",\"@id\":\"http:\\\/\\\/iai.pt\\\/web\\\/arquivos\\\/17796#listItem\",\"position\":3,\"name\":\"Exposi\\u00e7\\u00e3o \\u201cKengo Kuma: Onomatopeia\\u201d\\u00a0inspira visita \\u00e0 Casa da Arquitetura\",\"previousItem\":{\"@type\":\"ListItem\",\"@id\":\"http:\\\/\\\/iai.pt\\\/web\\\/arquivos\\\/category\\\/noticias#listItem\",\"name\":\"Noticias\"}}]},{\"@type\":\"Organization\",\"@id\":\"http:\\\/\\\/iai.pt\\\/web\\\/#organization\",\"name\":\"Instituto das Artes e da Imagem\",\"description\":\"Escola Art\\u00edstica\",\"url\":\"http:\\\/\\\/iai.pt\\\/web\\\/\",\"telephone\":\"+351222000757\",\"logo\":{\"@type\":\"ImageObject\",\"url\":\"http:\\\/\\\/iai.pt\\\/web\\\/wp-content\\\/uploads\\\/2023\\\/05\\\/seo-logo.png\",\"@id\":\"http:\\\/\\\/iai.pt\\\/web\\\/arquivos\\\/17796\\\/#organizationLogo\",\"width\":105,\"height\":112},\"image\":{\"@id\":\"http:\\\/\\\/iai.pt\\\/web\\\/arquivos\\\/17796\\\/#organizationLogo\"},\"sameAs\":[\"https:\\\/\\\/www.facebook.com\\\/instituto.das.artes.imagem\",\"https:\\\/\\\/www.instagram.com\\\/iai_escola_de_artes\\\/\",\"https:\\\/\\\/www.youtube.com\\\/iaiwebmaster\"]},{\"@type\":\"Person\",\"@id\":\"http:\\\/\\\/iai.pt\\\/web\\\/arquivos\\\/author\\\/admin#author\",\"url\":\"http:\\\/\\\/iai.pt\\\/web\\\/arquivos\\\/author\\\/admin\",\"name\":\"admin\",\"image\":{\"@type\":\"ImageObject\",\"@id\":\"http:\\\/\\\/iai.pt\\\/web\\\/arquivos\\\/17796#authorImage\",\"url\":\"https:\\\/\\\/secure.gravatar.com\\\/avatar\\\/bad9c1ed8261989cbd54cb5e8fc92988405a8dc9925b0838cc9c034113770b1e?s=96&d=mm&r=g\",\"width\":96,\"height\":96,\"caption\":\"admin\"}},{\"@type\":\"WebPage\",\"@id\":\"http:\\\/\\\/iai.pt\\\/web\\\/arquivos\\\/17796#webpage\",\"url\":\"http:\\\/\\\/iai.pt\\\/web\\\/arquivos\\\/17796\",\"name\":\"Exposi\\u00e7\\u00e3o \\u201cKengo Kuma: Onomatopeia\\u201d inspira visita \\u00e0 Casa da Arquitetura - IAI\",\"description\":\"No dia 21 de novembro, realizou-se uma visita \\u00e0 exposi\\u00e7\\u00e3o \\u201cKengo Kuma: Onomatopeia\\u201d, patente na Casa da Arquitetura at\\u00e9 mar\\u00e7o de 2026. A atividade permitiu explorar a obra do reconhecido arquiteto japon\\u00eas, cujo trabalho se estende por v\\u00e1rios pa\\u00edses, incluindo Portugal. Entre os projetos destacados est\\u00e1 a renova\\u00e7\\u00e3o do Centro de Arte Moderna Gulbenkian, desenvolvida\",\"inLanguage\":\"pt-PT\",\"isPartOf\":{\"@id\":\"http:\\\/\\\/iai.pt\\\/web\\\/#website\"},\"breadcrumb\":{\"@id\":\"http:\\\/\\\/iai.pt\\\/web\\\/arquivos\\\/17796#breadcrumblist\"},\"author\":{\"@id\":\"http:\\\/\\\/iai.pt\\\/web\\\/arquivos\\\/author\\\/admin#author\"},\"creator\":{\"@id\":\"http:\\\/\\\/iai.pt\\\/web\\\/arquivos\\\/author\\\/admin#author\"},\"image\":{\"@type\":\"ImageObject\",\"url\":\"http:\\\/\\\/iai.pt\\\/web\\\/wp-content\\\/uploads\\\/2025\\\/11\\\/WhatsApp-Image-2025-11-25-at-12.04.02-7.jpeg\",\"@id\":\"http:\\\/\\\/iai.pt\\\/web\\\/arquivos\\\/17796\\\/#mainImage\",\"width\":1200,\"height\":1600},\"primaryImageOfPage\":{\"@id\":\"http:\\\/\\\/iai.pt\\\/web\\\/arquivos\\\/17796#mainImage\"},\"datePublished\":\"2025-11-21T13:05:20+00:00\",\"dateModified\":\"2025-11-26T14:20:43+00:00\"},{\"@type\":\"WebSite\",\"@id\":\"http:\\\/\\\/iai.pt\\\/web\\\/#website\",\"url\":\"http:\\\/\\\/iai.pt\\\/web\\\/\",\"name\":\"IAI\",\"alternateName\":\"iai\",\"description\":\"Escola Art\\u00edstica\",\"inLanguage\":\"pt-PT\",\"publisher\":{\"@id\":\"http:\\\/\\\/iai.pt\\\/web\\\/#organization\"}}]}\n\t\t<\/script>\n\t\t<!-- All in One SEO -->\n\n","aioseo_head_json":{"title":"Exposi\u00e7\u00e3o \u201cKengo Kuma: Onomatopeia\u201d inspira visita \u00e0 Casa da Arquitetura - IAI","description":"No dia 21 de novembro, realizou-se uma visita \u00e0 exposi\u00e7\u00e3o \u201cKengo Kuma: Onomatopeia\u201d, patente na Casa da Arquitetura at\u00e9 mar\u00e7o de 2026. A atividade permitiu explorar a obra do reconhecido arquiteto japon\u00eas, cujo trabalho se estende por v\u00e1rios pa\u00edses, incluindo Portugal. Entre os projetos destacados est\u00e1 a renova\u00e7\u00e3o do Centro de Arte Moderna Gulbenkian, desenvolvida","canonical_url":"http:\/\/iai.pt\/web\/arquivos\/17796","robots":"max-image-preview:large","keywords":"","webmasterTools":{"miscellaneous":""},"schema":{"@context":"https:\/\/schema.org","@graph":[{"@type":"BlogPosting","@id":"http:\/\/iai.pt\/web\/arquivos\/17796#blogposting","name":"Exposi\u00e7\u00e3o \u201cKengo Kuma: Onomatopeia\u201d inspira visita \u00e0 Casa da Arquitetura - IAI","headline":"Exposi\u00e7\u00e3o \u201cKengo Kuma: Onomatopeia\u201d\u00a0inspira visita \u00e0 Casa da Arquitetura","author":{"@id":"http:\/\/iai.pt\/web\/arquivos\/author\/admin#author"},"publisher":{"@id":"http:\/\/iai.pt\/web\/#organization"},"image":{"@type":"ImageObject","url":"http:\/\/iai.pt\/web\/wp-content\/uploads\/2025\/11\/WhatsApp-Image-2025-11-25-at-12.04.02-7.jpeg","width":1200,"height":1600},"datePublished":"2025-11-21T13:05:20+00:00","dateModified":"2025-11-26T14:20:43+00:00","inLanguage":"pt-PT","mainEntityOfPage":{"@id":"http:\/\/iai.pt\/web\/arquivos\/17796#webpage"},"isPartOf":{"@id":"http:\/\/iai.pt\/web\/arquivos\/17796#webpage"},"articleSection":"Noticias"},{"@type":"BreadcrumbList","@id":"http:\/\/iai.pt\/web\/arquivos\/17796#breadcrumblist","itemListElement":[{"@type":"ListItem","@id":"http:\/\/iai.pt\/web#listItem","position":1,"name":"In\u00edcio","item":"http:\/\/iai.pt\/web","nextItem":{"@type":"ListItem","@id":"http:\/\/iai.pt\/web\/arquivos\/category\/noticias#listItem","name":"Noticias"}},{"@type":"ListItem","@id":"http:\/\/iai.pt\/web\/arquivos\/category\/noticias#listItem","position":2,"name":"Noticias","item":"http:\/\/iai.pt\/web\/arquivos\/category\/noticias","nextItem":{"@type":"ListItem","@id":"http:\/\/iai.pt\/web\/arquivos\/17796#listItem","name":"Exposi\u00e7\u00e3o \u201cKengo Kuma: Onomatopeia\u201d\u00a0inspira visita \u00e0 Casa da Arquitetura"},"previousItem":{"@type":"ListItem","@id":"http:\/\/iai.pt\/web#listItem","name":"In\u00edcio"}},{"@type":"ListItem","@id":"http:\/\/iai.pt\/web\/arquivos\/17796#listItem","position":3,"name":"Exposi\u00e7\u00e3o \u201cKengo Kuma: Onomatopeia\u201d\u00a0inspira visita \u00e0 Casa da Arquitetura","previousItem":{"@type":"ListItem","@id":"http:\/\/iai.pt\/web\/arquivos\/category\/noticias#listItem","name":"Noticias"}}]},{"@type":"Organization","@id":"http:\/\/iai.pt\/web\/#organization","name":"Instituto das Artes e da Imagem","description":"Escola Art\u00edstica","url":"http:\/\/iai.pt\/web\/","telephone":"+351222000757","logo":{"@type":"ImageObject","url":"http:\/\/iai.pt\/web\/wp-content\/uploads\/2023\/05\/seo-logo.png","@id":"http:\/\/iai.pt\/web\/arquivos\/17796\/#organizationLogo","width":105,"height":112},"image":{"@id":"http:\/\/iai.pt\/web\/arquivos\/17796\/#organizationLogo"},"sameAs":["https:\/\/www.facebook.com\/instituto.das.artes.imagem","https:\/\/www.instagram.com\/iai_escola_de_artes\/","https:\/\/www.youtube.com\/iaiwebmaster"]},{"@type":"Person","@id":"http:\/\/iai.pt\/web\/arquivos\/author\/admin#author","url":"http:\/\/iai.pt\/web\/arquivos\/author\/admin","name":"admin","image":{"@type":"ImageObject","@id":"http:\/\/iai.pt\/web\/arquivos\/17796#authorImage","url":"https:\/\/secure.gravatar.com\/avatar\/bad9c1ed8261989cbd54cb5e8fc92988405a8dc9925b0838cc9c034113770b1e?s=96&d=mm&r=g","width":96,"height":96,"caption":"admin"}},{"@type":"WebPage","@id":"http:\/\/iai.pt\/web\/arquivos\/17796#webpage","url":"http:\/\/iai.pt\/web\/arquivos\/17796","name":"Exposi\u00e7\u00e3o \u201cKengo Kuma: Onomatopeia\u201d inspira visita \u00e0 Casa da Arquitetura - IAI","description":"No dia 21 de novembro, realizou-se uma visita \u00e0 exposi\u00e7\u00e3o \u201cKengo Kuma: Onomatopeia\u201d, patente na Casa da Arquitetura at\u00e9 mar\u00e7o de 2026. A atividade permitiu explorar a obra do reconhecido arquiteto japon\u00eas, cujo trabalho se estende por v\u00e1rios pa\u00edses, incluindo Portugal. Entre os projetos destacados est\u00e1 a renova\u00e7\u00e3o do Centro de Arte Moderna Gulbenkian, desenvolvida","inLanguage":"pt-PT","isPartOf":{"@id":"http:\/\/iai.pt\/web\/#website"},"breadcrumb":{"@id":"http:\/\/iai.pt\/web\/arquivos\/17796#breadcrumblist"},"author":{"@id":"http:\/\/iai.pt\/web\/arquivos\/author\/admin#author"},"creator":{"@id":"http:\/\/iai.pt\/web\/arquivos\/author\/admin#author"},"image":{"@type":"ImageObject","url":"http:\/\/iai.pt\/web\/wp-content\/uploads\/2025\/11\/WhatsApp-Image-2025-11-25-at-12.04.02-7.jpeg","@id":"http:\/\/iai.pt\/web\/arquivos\/17796\/#mainImage","width":1200,"height":1600},"primaryImageOfPage":{"@id":"http:\/\/iai.pt\/web\/arquivos\/17796#mainImage"},"datePublished":"2025-11-21T13:05:20+00:00","dateModified":"2025-11-26T14:20:43+00:00"},{"@type":"WebSite","@id":"http:\/\/iai.pt\/web\/#website","url":"http:\/\/iai.pt\/web\/","name":"IAI","alternateName":"iai","description":"Escola Art\u00edstica","inLanguage":"pt-PT","publisher":{"@id":"http:\/\/iai.pt\/web\/#organization"}}]},"og:locale":"pt_PT","og:site_name":"IAI - Escola Art\u00edstica","og:type":"article","og:title":"Exposi\u00e7\u00e3o \u201cKengo Kuma: Onomatopeia\u201d inspira visita \u00e0 Casa da Arquitetura - IAI","og:description":"No dia 21 de novembro, realizou-se uma visita \u00e0 exposi\u00e7\u00e3o \u201cKengo Kuma: Onomatopeia\u201d, patente na Casa da Arquitetura at\u00e9 mar\u00e7o de 2026. A atividade permitiu explorar a obra do reconhecido arquiteto japon\u00eas, cujo trabalho se estende por v\u00e1rios pa\u00edses, incluindo Portugal. Entre os projetos destacados est\u00e1 a renova\u00e7\u00e3o do Centro de Arte Moderna Gulbenkian, desenvolvida","og:url":"http:\/\/iai.pt\/web\/arquivos\/17796","og:image":"http:\/\/iai.pt\/web\/wp-content\/uploads\/2023\/05\/seo-logo.png","og:image:width":105,"og:image:height":112,"article:published_time":"2025-11-21T13:05:20+00:00","article:modified_time":"2025-11-26T14:20:43+00:00","article:publisher":"https:\/\/www.facebook.com\/instituto.das.artes.imagem","twitter:card":"summary_large_image","twitter:title":"Exposi\u00e7\u00e3o \u201cKengo Kuma: Onomatopeia\u201d inspira visita \u00e0 Casa da Arquitetura - IAI","twitter:description":"No dia 21 de novembro, realizou-se uma visita \u00e0 exposi\u00e7\u00e3o \u201cKengo Kuma: Onomatopeia\u201d, patente na Casa da Arquitetura at\u00e9 mar\u00e7o de 2026. A atividade permitiu explorar a obra do reconhecido arquiteto japon\u00eas, cujo trabalho se estende por v\u00e1rios pa\u00edses, incluindo Portugal. Entre os projetos destacados est\u00e1 a renova\u00e7\u00e3o do Centro de Arte Moderna Gulbenkian, desenvolvida","twitter:image":"http:\/\/iai.pt\/web\/wp-content\/uploads\/2023\/05\/seo-logo.png"},"aioseo_meta_data":{"post_id":"17796","title":null,"description":null,"keywords":null,"keyphrases":{"focus":{"keyphrase":"","score":0,"analysis":{"keyphraseInTitle":{"score":0,"maxScore":9,"error":1}}},"additional":[]},"primary_term":null,"canonical_url":null,"og_title":null,"og_description":null,"og_object_type":"default","og_image_type":"default","og_image_url":null,"og_image_width":null,"og_image_height":null,"og_image_custom_url":null,"og_image_custom_fields":null,"og_video":"","og_custom_url":null,"og_article_section":null,"og_article_tags":null,"twitter_use_og":false,"twitter_card":"default","twitter_image_type":"default","twitter_image_url":null,"twitter_image_custom_url":null,"twitter_image_custom_fields":null,"twitter_title":null,"twitter_description":null,"schema":{"blockGraphs":[],"customGraphs":[],"default":{"data":{"Article":[],"Course":[],"Dataset":[],"FAQPage":[],"Movie":[],"Person":[],"Product":[],"ProductReview":[],"Car":[],"Recipe":[],"Service":[],"SoftwareApplication":[],"WebPage":[]},"graphName":"BlogPosting","isEnabled":true},"graphs":[]},"schema_type":"default","schema_type_options":null,"pillar_content":false,"robots_default":true,"robots_noindex":false,"robots_noarchive":false,"robots_nosnippet":false,"robots_nofollow":false,"robots_noimageindex":false,"robots_noodp":false,"robots_notranslate":false,"robots_max_snippet":"-1","robots_max_videopreview":"-1","robots_max_imagepreview":"large","priority":null,"frequency":"default","local_seo":null,"breadcrumb_settings":null,"limit_modified_date":false,"ai":{"faqs":[],"keyPoints":[],"titles":[],"descriptions":[],"socialPosts":{"email":[],"linkedin":[],"twitter":[],"facebook":[],"instagram":[]}},"created":"2025-11-26 13:05:59","updated":"2025-11-26 14:37:53","seo_analyzer_scan_date":null},"aioseo_breadcrumb":"<div class=\"aioseo-breadcrumbs\"><span class=\"aioseo-breadcrumb\">\n\t\t\t<a href=\"http:\/\/iai.pt\/web\" title=\"In\u00edcio\">In\u00edcio<\/a>\n\t\t<\/span><span class=\"aioseo-breadcrumb-separator\">\u00bb<\/span><span class=\"aioseo-breadcrumb\">\n\t\t\t<a href=\"http:\/\/iai.pt\/web\/arquivos\/category\/noticias\" title=\"Noticias\">Noticias<\/a>\n\t\t<\/span><span class=\"aioseo-breadcrumb-separator\">\u00bb<\/span><span class=\"aioseo-breadcrumb\">\n\t\t\tExposi\u00e7\u00e3o \u201cKengo Kuma: Onomatopeia\u201d inspira visita \u00e0 Casa da Arquitetura\n\t\t<\/span><\/div>","aioseo_breadcrumb_json":[{"label":"In\u00edcio","link":"http:\/\/iai.pt\/web"},{"label":"Noticias","link":"http:\/\/iai.pt\/web\/arquivos\/category\/noticias"},{"label":"Exposi\u00e7\u00e3o \u201cKengo Kuma: Onomatopeia\u201d\u00a0inspira visita \u00e0 Casa da Arquitetura","link":"http:\/\/iai.pt\/web\/arquivos\/17796"}],"_links":{"self":[{"href":"http:\/\/iai.pt\/web\/wp-json\/wp\/v2\/posts\/17796","targetHints":{"allow":["GET"]}}],"collection":[{"href":"http:\/\/iai.pt\/web\/wp-json\/wp\/v2\/posts"}],"about":[{"href":"http:\/\/iai.pt\/web\/wp-json\/wp\/v2\/types\/post"}],"author":[{"embeddable":true,"href":"http:\/\/iai.pt\/web\/wp-json\/wp\/v2\/users\/1"}],"replies":[{"embeddable":true,"href":"http:\/\/iai.pt\/web\/wp-json\/wp\/v2\/comments?post=17796"}],"version-history":[{"count":3,"href":"http:\/\/iai.pt\/web\/wp-json\/wp\/v2\/posts\/17796\/revisions"}],"predecessor-version":[{"id":17799,"href":"http:\/\/iai.pt\/web\/wp-json\/wp\/v2\/posts\/17796\/revisions\/17799"}],"wp:featuredmedia":[{"embeddable":true,"href":"http:\/\/iai.pt\/web\/wp-json\/wp\/v2\/media\/17788"}],"wp:attachment":[{"href":"http:\/\/iai.pt\/web\/wp-json\/wp\/v2\/media?parent=17796"}],"wp:term":[{"taxonomy":"category","embeddable":true,"href":"http:\/\/iai.pt\/web\/wp-json\/wp\/v2\/categories?post=17796"},{"taxonomy":"post_tag","embeddable":true,"href":"http:\/\/iai.pt\/web\/wp-json\/wp\/v2\/tags?post=17796"}],"curies":[{"name":"wp","href":"https:\/\/api.w.org\/{rel}","templated":true}]}}